{"id":20103,"date":"2020-09-28T19:38:23","date_gmt":"2020-09-28T17:38:23","guid":{"rendered":"https:\/\/blog.brand-architecture.at\/2020\/09\/28\/en-la-btk-josef-heis-asume-las-acciones-de-bernhard-reichert\/"},"modified":"2025-12-15T12:38:11","modified_gmt":"2025-12-15T11:38:11","slug":"en-la-btk-josef-heis-asume-las-acciones-de-bernhard-reichert","status":"publish","type":"post","link":"https:\/\/loginfo24.com\/es\/2020\/09\/28\/en-la-btk-josef-heis-asume-las-acciones-de-bernhard-reichert\/","title":{"rendered":"En la BTK, Josef Hei\u00df asume las acciones de Bernhard Reichert"},"content":{"rendered":"<p>Cambio de direcci\u00f3n en BTK Befrachtungs- und Transportkontor GmbH. Bernhard Reichert entrega puntualmente el control de BTK a Josef Hei\u00df en su 60 cumplea\u00f1os. Este asumir\u00e1 la direcci\u00f3n junto con Franz Wei\u00df.<\/p>\n<p>(Rosenheim) Bernhard Reichert (60) ha transferido sus acciones a Josef Hei\u00df a partir del 1 de septiembre de 2020. El hombre de 44 a\u00f1os ser\u00e1 responsable de BTK Befrachtungs- und Transportkontor GmbH en una direcci\u00f3n compartida con Franz Wei\u00df (58).<\/p>\n<p>Los socios poseen cada uno el 50 por ciento de las acciones y comparten la direcci\u00f3n. Josef Hei\u00df asumir\u00e1, adem\u00e1s de sus \u00e1reas anteriores de expedici\u00f3n, ventas y TI, la responsabilidad de log\u00edstica contractual, flota, as\u00ed como gesti\u00f3n de calidad y seguros. Franz Wei\u00df seguir\u00e1 siendo responsable de finanzas y personal. En la direcci\u00f3n ampliada, los experimentados apoderados Franz Neuner (37) como jefe de log\u00edstica de transporte y Peter Berger (38) como jefe de log\u00edstica contractual apoyan la gesti\u00f3n operativa de la empresa.<\/p>\n<h5><strong>Salida en el 60 cumplea\u00f1os<\/strong><\/h5>\n<p>Bernhard Reichert se ha retirado como socio exactamente en su 60 cumplea\u00f1os. Para asegurar una transici\u00f3n tranquila, permanecer\u00e1 en la direcci\u00f3n hasta finales de 2020. Recientemente ampli\u00f3 el centro log\u00edstico en Raubling a dos naves. Sus tareas operativas en el \u00e1rea de flota y la sucesi\u00f3n como director de tr\u00e1fico ser\u00e1n asumidas por Albert Kraus (55). \u00c9l es el jefe del departamento de flota, gesti\u00f3n de calidad y seguros. En log\u00edstica contractual, Peter Berger ha asumido la responsabilidad total con un nivel de liderazgo de equipo reforzado.<\/p>\n<p>\u00abCon la entrega de estas acciones, nos sentimos bien preparados para el futuro y, junto con el competente equipo de direcci\u00f3n, espero nuevos desaf\u00edos\u00bb, comenta el director general Josef Hei\u00df.<\/p>\n<h5><strong>Antecedentes<\/strong><\/h5>\n<p>La empresa familiar BTK Befrachtungs- und Transportkontor GmbH es una empresa de log\u00edstica con sede en Rosenheim, Baviera, y una sucursal en Heilbad Heiligenstadt (Turingia). 300 empleados realizan para clientes de la industria y el comercio transportes nacionales e internacionales, as\u00ed como una amplia gama de servicios de manipulaci\u00f3n, almacenamiento y valor a\u00f1adido. La empresa posee una flota de 158 tractores con 200 remolques y un centro log\u00edstico de 10,000 m\u00b2 en Raubling. Adem\u00e1s, cuenta con otros 9,000 m\u00b2 de espacios log\u00edsticos alquilados en la zona de Rosenheim. BTK es miembro de la Asociaci\u00f3n Europea de Carga de Transportistas Internacionales (ELVIS AG) y de la red de carga internacional (ILN).<\/p>\n<p>Foto: \u00a9 BTK \/ <strong><em>Descripci\u00f3n de la imagen:<\/em><\/strong><em> Josef Hei\u00df (izquierda) y Franz Wei\u00df (derecha) dirigen BTK junto con los apoderados Franz Neuner (centro\/izquierda) y Peter Berger (centro\/derecha).  <\/em><\/p>\n<p><a href=\"https:\/\/www.btk.de\" target=\"_blank\" rel=\"noopener noreferrer\">www.btk.de<\/a><\/p>\n","protected":false},"excerpt":{"rendered":"<p>Cambio de direcci\u00f3n en BTK Befrachtungs- und Transportkontor GmbH. Bernhard Reichert entrega puntualmente el control de BTK a Josef Hei\u00df en su 60 cumplea\u00f1os. Este asumir\u00e1<span class=\"excerpt-hellip\"> [\u2026]<\/span><\/p>\n","protected":false},"author":0,"featured_media":0,"comment_status":"open","ping_status":"open","sticky":false,"template":"","format":"standard","meta":{"_acf_changed":false,"footnotes":""},"categories":[1557,1556,1560,1561],"tags":[],"class_list":["post-20103","post","type-post","status-publish","format-standard","hentry","category-forwarding-logistics","category-intermodal-road","category-intralogistics","category-regions"],"acf":[],"yoast_head":"<!-- This site is optimized with the Yoast SEO plugin v27.3 - https:\/\/yoast.com\/product\/yoast-seo-wordpress\/ -->\n<title>En la BTK, Josef Hei\u00df asume las acciones de Bernhard Reichert - Loginfo24<\/title>\n<meta name=\"robots\" content=\"index, follow, max-snippet:-1, max-image-preview:large, max-video-preview:-1\" \/>\n<link rel=\"canonical\" href=\"https:\/\/loginfo24.com\/es\/2020\/09\/28\/en-la-btk-josef-heis-asume-las-acciones-de-bernhard-reichert\/\" \/>\n<meta property=\"og:locale\" content=\"es_ES\" \/>\n<meta property=\"og:type\" content=\"article\" \/>\n<meta property=\"og:title\" content=\"En la BTK, Josef Hei\u00df asume las acciones de Bernhard Reichert - Loginfo24\" \/>\n<meta property=\"og:description\" content=\"Cambio de direcci\u00f3n en BTK Befrachtungs- und Transportkontor GmbH. Bernhard Reichert entrega puntualmente el control de BTK a Josef Hei\u00df en su 60 cumplea\u00f1os. Este asumir\u00e1 [\u2026]\" \/>\n<meta property=\"og:url\" content=\"https:\/\/loginfo24.com\/es\/2020\/09\/28\/en-la-btk-josef-heis-asume-las-acciones-de-bernhard-reichert\/\" \/>\n<meta property=\"og:site_name\" content=\"Loginfo24\" \/>\n<meta property=\"article:publisher\" content=\"https:\/\/www.facebook.com\/people\/Loginfo24\/100057360583332\/\" \/>\n<meta property=\"article:published_time\" content=\"2020-09-28T17:38:23+00:00\" \/>\n<meta property=\"article:modified_time\" content=\"2025-12-15T11:38:11+00:00\" \/>\n<meta name=\"twitter:card\" content=\"summary_large_image\" \/>\n<meta name=\"twitter:label1\" content=\"Tiempo de lectura\" \/>\n\t<meta name=\"twitter:data1\" content=\"2 minuto\" \/>\n<script type=\"application\/ld+json\" class=\"yoast-schema-graph\">{\"@context\":\"https:\\\/\\\/schema.org\",\"@graph\":[{\"@type\":\"Article\",\"@id\":\"https:\\\/\\\/loginfo24.com\\\/es\\\/2020\\\/09\\\/28\\\/en-la-btk-josef-heis-asume-las-acciones-de-bernhard-reichert\\\/#article\",\"isPartOf\":{\"@id\":\"https:\\\/\\\/loginfo24.com\\\/es\\\/2020\\\/09\\\/28\\\/en-la-btk-josef-heis-asume-las-acciones-de-bernhard-reichert\\\/\"},\"author\":{\"name\":\"\",\"@id\":\"\"},\"headline\":\"En la BTK, Josef Hei\u00df asume las acciones de Bernhard Reichert\",\"datePublished\":\"2020-09-28T17:38:23+00:00\",\"dateModified\":\"2025-12-15T11:38:11+00:00\",\"mainEntityOfPage\":{\"@id\":\"https:\\\/\\\/loginfo24.com\\\/es\\\/2020\\\/09\\\/28\\\/en-la-btk-josef-heis-asume-las-acciones-de-bernhard-reichert\\\/\"},\"wordCount\":446,\"commentCount\":0,\"publisher\":{\"@id\":\"https:\\\/\\\/loginfo24.com\\\/es\\\/#organization\"},\"articleSection\":[\"Forwarding &amp; Logistics\",\"Intermodal \\\/ Road\",\"Intralogistics\",\"Regions\"],\"inLanguage\":\"es\",\"potentialAction\":[{\"@type\":\"CommentAction\",\"name\":\"Comment\",\"target\":[\"https:\\\/\\\/loginfo24.com\\\/es\\\/2020\\\/09\\\/28\\\/en-la-btk-josef-heis-asume-las-acciones-de-bernhard-reichert\\\/#respond\"]}]},{\"@type\":\"WebPage\",\"@id\":\"https:\\\/\\\/loginfo24.com\\\/es\\\/2020\\\/09\\\/28\\\/en-la-btk-josef-heis-asume-las-acciones-de-bernhard-reichert\\\/\",\"url\":\"https:\\\/\\\/loginfo24.com\\\/es\\\/2020\\\/09\\\/28\\\/en-la-btk-josef-heis-asume-las-acciones-de-bernhard-reichert\\\/\",\"name\":\"En la BTK, Josef Hei\u00df asume las acciones de Bernhard Reichert - Loginfo24\",\"isPartOf\":{\"@id\":\"https:\\\/\\\/loginfo24.com\\\/es\\\/#website\"},\"datePublished\":\"2020-09-28T17:38:23+00:00\",\"dateModified\":\"2025-12-15T11:38:11+00:00\",\"breadcrumb\":{\"@id\":\"https:\\\/\\\/loginfo24.com\\\/es\\\/2020\\\/09\\\/28\\\/en-la-btk-josef-heis-asume-las-acciones-de-bernhard-reichert\\\/#breadcrumb\"},\"inLanguage\":\"es\",\"potentialAction\":[{\"@type\":\"ReadAction\",\"target\":[\"https:\\\/\\\/loginfo24.com\\\/es\\\/2020\\\/09\\\/28\\\/en-la-btk-josef-heis-asume-las-acciones-de-bernhard-reichert\\\/\"]}]},{\"@type\":\"BreadcrumbList\",\"@id\":\"https:\\\/\\\/loginfo24.com\\\/es\\\/2020\\\/09\\\/28\\\/en-la-btk-josef-heis-asume-las-acciones-de-bernhard-reichert\\\/#breadcrumb\",\"itemListElement\":[{\"@type\":\"ListItem\",\"position\":1,\"name\":\"Startseite\",\"item\":\"https:\\\/\\\/loginfo24.com\\\/es\\\/\"},{\"@type\":\"ListItem\",\"position\":2,\"name\":\"En la BTK, Josef Hei\u00df asume las acciones de Bernhard Reichert\"}]},{\"@type\":\"WebSite\",\"@id\":\"https:\\\/\\\/loginfo24.com\\\/es\\\/#website\",\"url\":\"https:\\\/\\\/loginfo24.com\\\/es\\\/\",\"name\":\"Loginfo24\",\"description\":\"Loginfo24 es la plataforma dedicada a la log\u00edstica y las cadenas de suministro con informaci\u00f3n las 24 horas del d\u00eda.\",\"publisher\":{\"@id\":\"https:\\\/\\\/loginfo24.com\\\/es\\\/#organization\"},\"potentialAction\":[{\"@type\":\"SearchAction\",\"target\":{\"@type\":\"EntryPoint\",\"urlTemplate\":\"https:\\\/\\\/loginfo24.com\\\/es\\\/?s={search_term_string}\"},\"query-input\":{\"@type\":\"PropertyValueSpecification\",\"valueRequired\":true,\"valueName\":\"search_term_string\"}}],\"inLanguage\":\"es\"},{\"@type\":\"Organization\",\"@id\":\"https:\\\/\\\/loginfo24.com\\\/es\\\/#organization\",\"name\":\"Grupo Logismedia AG\",\"url\":\"https:\\\/\\\/loginfo24.com\\\/es\\\/\",\"logo\":{\"@type\":\"ImageObject\",\"inLanguage\":\"es\",\"@id\":\"https:\\\/\\\/loginfo24.com\\\/es\\\/#\\\/schema\\\/logo\\\/image\\\/\",\"url\":\"https:\\\/\\\/loginfo24.com\\\/wp-content\\\/uploads\\\/sites\\\/7\\\/2026\\\/01\\\/Logo_LogInfo24.png\",\"contentUrl\":\"https:\\\/\\\/loginfo24.com\\\/wp-content\\\/uploads\\\/sites\\\/7\\\/2026\\\/01\\\/Logo_LogInfo24.png\",\"width\":938,\"height\":351,\"caption\":\"Grupo Logismedia AG\"},\"image\":{\"@id\":\"https:\\\/\\\/loginfo24.com\\\/es\\\/#\\\/schema\\\/logo\\\/image\\\/\"},\"sameAs\":[\"https:\\\/\\\/www.facebook.com\\\/people\\\/Loginfo24\\\/100057360583332\\\/\",\"https:\\\/\\\/www.linkedin.com\\\/company\\\/lofinfo24\\\/\"]}]}<\/script>\n<!-- \/ Yoast SEO plugin. -->","yoast_head_json":{"title":"En la BTK, Josef Hei\u00df asume las acciones de Bernhard Reichert - Loginfo24","robots":{"index":"index","follow":"follow","max-snippet":"max-snippet:-1","max-image-preview":"max-image-preview:large","max-video-preview":"max-video-preview:-1"},"canonical":"https:\/\/loginfo24.com\/es\/2020\/09\/28\/en-la-btk-josef-heis-asume-las-acciones-de-bernhard-reichert\/","og_locale":"es_ES","og_type":"article","og_title":"En la BTK, Josef Hei\u00df asume las acciones de Bernhard Reichert - Loginfo24","og_description":"Cambio de direcci\u00f3n en BTK Befrachtungs- und Transportkontor GmbH. Bernhard Reichert entrega puntualmente el control de BTK a Josef Hei\u00df en su 60 cumplea\u00f1os. Este asumir\u00e1 [\u2026]","og_url":"https:\/\/loginfo24.com\/es\/2020\/09\/28\/en-la-btk-josef-heis-asume-las-acciones-de-bernhard-reichert\/","og_site_name":"Loginfo24","article_publisher":"https:\/\/www.facebook.com\/people\/Loginfo24\/100057360583332\/","article_published_time":"2020-09-28T17:38:23+00:00","article_modified_time":"2025-12-15T11:38:11+00:00","twitter_card":"summary_large_image","twitter_misc":{"Tiempo de lectura":"2 minuto"},"schema":{"@context":"https:\/\/schema.org","@graph":[{"@type":"Article","@id":"https:\/\/loginfo24.com\/es\/2020\/09\/28\/en-la-btk-josef-heis-asume-las-acciones-de-bernhard-reichert\/#article","isPartOf":{"@id":"https:\/\/loginfo24.com\/es\/2020\/09\/28\/en-la-btk-josef-heis-asume-las-acciones-de-bernhard-reichert\/"},"author":{"name":"","@id":""},"headline":"En la BTK, Josef Hei\u00df asume las acciones de Bernhard Reichert","datePublished":"2020-09-28T17:38:23+00:00","dateModified":"2025-12-15T11:38:11+00:00","mainEntityOfPage":{"@id":"https:\/\/loginfo24.com\/es\/2020\/09\/28\/en-la-btk-josef-heis-asume-las-acciones-de-bernhard-reichert\/"},"wordCount":446,"commentCount":0,"publisher":{"@id":"https:\/\/loginfo24.com\/es\/#organization"},"articleSection":["Forwarding &amp; Logistics","Intermodal \/ Road","Intralogistics","Regions"],"inLanguage":"es","potentialAction":[{"@type":"CommentAction","name":"Comment","target":["https:\/\/loginfo24.com\/es\/2020\/09\/28\/en-la-btk-josef-heis-asume-las-acciones-de-bernhard-reichert\/#respond"]}]},{"@type":"WebPage","@id":"https:\/\/loginfo24.com\/es\/2020\/09\/28\/en-la-btk-josef-heis-asume-las-acciones-de-bernhard-reichert\/","url":"https:\/\/loginfo24.com\/es\/2020\/09\/28\/en-la-btk-josef-heis-asume-las-acciones-de-bernhard-reichert\/","name":"En la BTK, Josef Hei\u00df asume las acciones de Bernhard Reichert - Loginfo24","isPartOf":{"@id":"https:\/\/loginfo24.com\/es\/#website"},"datePublished":"2020-09-28T17:38:23+00:00","dateModified":"2025-12-15T11:38:11+00:00","breadcrumb":{"@id":"https:\/\/loginfo24.com\/es\/2020\/09\/28\/en-la-btk-josef-heis-asume-las-acciones-de-bernhard-reichert\/#breadcrumb"},"inLanguage":"es","potentialAction":[{"@type":"ReadAction","target":["https:\/\/loginfo24.com\/es\/2020\/09\/28\/en-la-btk-josef-heis-asume-las-acciones-de-bernhard-reichert\/"]}]},{"@type":"BreadcrumbList","@id":"https:\/\/loginfo24.com\/es\/2020\/09\/28\/en-la-btk-josef-heis-asume-las-acciones-de-bernhard-reichert\/#breadcrumb","itemListElement":[{"@type":"ListItem","position":1,"name":"Startseite","item":"https:\/\/loginfo24.com\/es\/"},{"@type":"ListItem","position":2,"name":"En la BTK, Josef Hei\u00df asume las acciones de Bernhard Reichert"}]},{"@type":"WebSite","@id":"https:\/\/loginfo24.com\/es\/#website","url":"https:\/\/loginfo24.com\/es\/","name":"Loginfo24","description":"Loginfo24 es la plataforma dedicada a la log\u00edstica y las cadenas de suministro con informaci\u00f3n las 24 horas del d\u00eda.","publisher":{"@id":"https:\/\/loginfo24.com\/es\/#organization"},"potentialAction":[{"@type":"SearchAction","target":{"@type":"EntryPoint","urlTemplate":"https:\/\/loginfo24.com\/es\/?s={search_term_string}"},"query-input":{"@type":"PropertyValueSpecification","valueRequired":true,"valueName":"search_term_string"}}],"inLanguage":"es"},{"@type":"Organization","@id":"https:\/\/loginfo24.com\/es\/#organization","name":"Grupo Logismedia AG","url":"https:\/\/loginfo24.com\/es\/","logo":{"@type":"ImageObject","inLanguage":"es","@id":"https:\/\/loginfo24.com\/es\/#\/schema\/logo\/image\/","url":"https:\/\/loginfo24.com\/wp-content\/uploads\/sites\/7\/2026\/01\/Logo_LogInfo24.png","contentUrl":"https:\/\/loginfo24.com\/wp-content\/uploads\/sites\/7\/2026\/01\/Logo_LogInfo24.png","width":938,"height":351,"caption":"Grupo Logismedia AG"},"image":{"@id":"https:\/\/loginfo24.com\/es\/#\/schema\/logo\/image\/"},"sameAs":["https:\/\/www.facebook.com\/people\/Loginfo24\/100057360583332\/","https:\/\/www.linkedin.com\/company\/lofinfo24\/"]}]}},"_links":{"self":[{"href":"https:\/\/loginfo24.com\/es\/wp-json\/wp\/v2\/posts\/20103","targetHints":{"allow":["GET"]}}],"collection":[{"href":"https:\/\/loginfo24.com\/es\/wp-json\/wp\/v2\/posts"}],"about":[{"href":"https:\/\/loginfo24.com\/es\/wp-json\/wp\/v2\/types\/post"}],"replies":[{"embeddable":true,"href":"https:\/\/loginfo24.com\/es\/wp-json\/wp\/v2\/comments?post=20103"}],"version-history":[{"count":1,"href":"https:\/\/loginfo24.com\/es\/wp-json\/wp\/v2\/posts\/20103\/revisions"}],"predecessor-version":[{"id":36410,"href":"https:\/\/loginfo24.com\/es\/wp-json\/wp\/v2\/posts\/20103\/revisions\/36410"}],"wp:attachment":[{"href":"https:\/\/loginfo24.com\/es\/wp-json\/wp\/v2\/media?parent=20103"}],"wp:term":[{"taxonomy":"category","embeddable":true,"href":"https:\/\/loginfo24.com\/es\/wp-json\/wp\/v2\/categories?post=20103"},{"taxonomy":"post_tag","embeddable":true,"href":"https:\/\/loginfo24.com\/es\/wp-json\/wp\/v2\/tags?post=20103"}],"curies":[{"name":"wp","href":"https:\/\/api.w.org\/{rel}","templated":true}]}}