{"id":20007,"date":"2020-09-13T18:00:25","date_gmt":"2020-09-13T16:00:25","guid":{"rendered":"https:\/\/blog.brand-architecture.at\/2020\/09\/13\/tegut-inicia-la-construccion-de-un-nuevo-centro-logistico-en-hunfeld\/"},"modified":"2025-12-15T12:37:45","modified_gmt":"2025-12-15T11:37:45","slug":"tegut-inicia-la-construccion-de-un-nuevo-centro-logistico-en-hunfeld","status":"publish","type":"post","link":"https:\/\/loginfo24.com\/es\/2020\/09\/13\/tegut-inicia-la-construccion-de-un-nuevo-centro-logistico-en-hunfeld\/","title":{"rendered":"tegut inicia la construcci\u00f3n de un nuevo centro log\u00edstico en H\u00fcnfeld"},"content":{"rendered":"<p>El comerciante de alimentos tegut\u2026 celebra el inicio de la construcci\u00f3n de un nuevo centro log\u00edstico en H\u00fcnfeld-Michelsrombach. Se prev\u00e9 que la utilizaci\u00f3n final del centro sea en 2023. El terreno abarca 23 hect\u00e1reas y se encuentra cerca de la A7. La superficie \u00fatil es de 90,000 m2. El volumen de inversi\u00f3n se sit\u00faa en un rango de cientos de millones bajos.<\/p>\n<p>(Fulda\/H\u00fcnfeld) El comerciante de alimentos de Fulda, tegut\u2026 buena comida, dio hoy la se\u00f1al de inicio para la realizaci\u00f3n de la nueva construcci\u00f3n del nuevo centro log\u00edstico de tegut\u2026 en H\u00fcnfeld \u2013 Michelsrombach. En el parque log\u00edstico Hessisches Kegelspiel, cerca de la A7, se realiz\u00f3 el primer movimiento de tierra en el terreno de aproximadamente 23 hect\u00e1reas.<\/p>\n<h5><strong>tegut&#8230; se prepara para el futuro<\/strong><\/h5>\n<p>tegut\u2026 ha crecido de manera continua en los \u00faltimos a\u00f1os y sigue en curso de expansi\u00f3n. \u00abCon el centro log\u00edstico en H\u00fcnfeld-Michelsrombach, tegut\u2026 se prepara para el futuro. Estamos desarrollando y optimizando la infraestructura existente para abastecer de manera eficiente y confiable los mercados de tegut\u2026 y creando capacidades adicionales para asegurar el crecimiento de la empresa\u00bb, explica Michael Egerer, director de log\u00edstica\/gesti\u00f3n de la cadena de suministro de tegut\u2026. La empresa invertir\u00e1 un monto en el rango de cientos de millones bajos.<\/p>\n<h5><strong>La tecnolog\u00eda de automatizaci\u00f3n apoya los procesos futuros<\/strong><\/h5>\n<p>\u00abEn el nuevo centro log\u00edstico en H\u00fcnfeld-Michelsrombach, m\u00e1s de 800 empleados organizar\u00e1n la gesti\u00f3n y entrega de aproximadamente 17,000 art\u00edculos diferentes en una superficie de m\u00e1s de 90,000 metros cuadrados\u00bb, informa Kathrin Wendt, gerente de proyecto de log\u00edstica de tegut\u2026. La tecnolog\u00eda de automatizaci\u00f3n apoyar\u00e1 adicionalmente los procesos futuros: La empresa SSI Sch\u00e4fer de Giebelstadt realizar\u00e1 para tegut\u2026 un almac\u00e9n autom\u00e1tico de estanter\u00edas altas con aproximadamente 38,000 espacios para palets y un almac\u00e9n de contenedores con aproximadamente 85,000 espacios para contenedores.<\/p>\n<h5><strong><img loading=\"lazy\" decoding=\"async\" class=\"aligncenter wp-image-5425 size-full\" src=\"https:\/\/loginfo24.com\/wp-content\/uploads\/sites\/7\/2025\/12\/tegut_14.9.20_2.jpg\" alt=\"\" width=\"890\" height=\"395\" \/><\/strong><\/h5>\n<h5><strong>Ubicaci\u00f3n central es ideal<\/strong><\/h5>\n<p>En los pr\u00f3ximos meses, el subsuelo del terreno de aproximadamente 230,000 metros cuadrados se preparar\u00e1 para la construcci\u00f3n. As\u00ed, la pendiente del terreno se compensar\u00e1 mediante terraplenes y estructuras de soporte. La ubicaci\u00f3n en pendiente del terreno es un desaf\u00edo constructivo, pero la ubicaci\u00f3n central en el \u00e1rea de influencia de tegut\u2026 directamente en la autopista federal A7 y el tama\u00f1o del terreno son ideales para tegut\u2026\u00bb, explica Michael M\u00f6ller, gerente de proyecto de construcci\u00f3n de tegut\u2026.<\/p>\n<h5><strong>Se ha tenido en cuenta la sostenibilidad<\/strong><\/h5>\n<p>Durante el tiempo de construcci\u00f3n, se excavar\u00edan y reubicar\u00edan aproximadamente 570,000 toneladas de roca suelta y aproximadamente 480,000 toneladas de roca s\u00f3lida en el sitio de construcci\u00f3n. En la planificaci\u00f3n se ha tenido en cuenta la sostenibilidad, de modo que casi todas las masas de tierra en el sitio de construcci\u00f3n puedan ser reutilizadas. El inicio de la construcci\u00f3n est\u00e1 previsto para la primavera de 2021, y la utilizaci\u00f3n final est\u00e1 prevista para 2023. Una colaboraci\u00f3n temprana y cooperativa con la ciudad de H\u00fcnfeld, la oficina de construcci\u00f3n en Fulda y otras autoridades y oficinas competentes ha asegurado un proceso de planificaci\u00f3n fluido con buenos resultados.<\/p>\n<h5><strong>Una ganancia para la ciudad de H\u00fcnfeld y la regi\u00f3n<\/strong><\/h5>\n<p>Benjamin Tschesnok, alcalde de la ciudad de H\u00fcnfeld, dijo sobre el inicio de la construcci\u00f3n del nuevo tegut\u2026: \u00abEsto es una gran ganancia para nuestra ciudad, pero tambi\u00e9n toda la regi\u00f3n se beneficia de que los empleos existentes permanezcan en la regi\u00f3n y se creen muchos nuevos. Agradezco a tegut\u2026 por confiar en la din\u00e1mica de la ubicaci\u00f3n de H\u00fcnfeld. Hemos invertido juntos mucha energ\u00eda y trabajo en el desarrollo de esta ubicaci\u00f3n. Por eso es a\u00fan m\u00e1s hermoso que ahora podamos comenzar juntos a cosechar los frutos.\u00bb Michael Hohenhaus, gerente de proyecto responsable de Toll\u00e9 Planungsgesellschaft mbH &amp; Co. KG en Verden, expres\u00f3 su alegr\u00eda por el inicio de la construcci\u00f3n: \u00abEstoy muy feliz de que despu\u00e9s de un largo e intenso proceso de planificaci\u00f3n, ahora podamos comenzar con la realizaci\u00f3n del proyecto. Estamos emocionados y orgullosos del resultado alcanzado juntos.\u00bb Uwe Gl\u00fcck, apoderado de Bickhardt Bau AG, dio una perspectiva sobre los pr\u00f3ximos meses: \u00abAgradecemos la adjudicaci\u00f3n del contrato para la realizaci\u00f3n de los trabajos de tierra, construcci\u00f3n profunda y de carreteras, as\u00ed como de las prestaciones de ingenier\u00eda. Como proveedor completo regional, estamos emocionados de poder participar en este emocionante, sin duda uno de los proyectos m\u00e1s grandes en el distrito de Fulda, y de aportar nuestro know-how t\u00e9cnico.\u00bb Foto 1: \u00a9 UM-Werbephotographie Ulrich Mayer, tegut\u2026 \/ <strong><em>Descripci\u00f3n de la imagen:<\/em><\/strong><em> Inicio de la construcci\u00f3n del centro log\u00edstico de tegut de izquierda a derecha: Uwe Gl\u00fcck (apoderado de Bickhardt-Bau), Kathrin Wendt (gerente de proyecto de tegut\u2026 Log\u00edstica GmbH &amp; Co. KG), Michael Egerer (jefe de log\u00edstica y miembro de la direcci\u00f3n de tegut\u2026 buena comida GmbH &amp; Co. KG), Michael Hohenhaus (gerente de proyecto de la empresa Toll\u00e9), Michael M\u00f6ller (gerente de proyecto de construcci\u00f3n de tegut\u2026 buena comida GmbH &amp; Co. KG), Martina Sauerbier (concejala de la ciudad de H\u00fcnfeld)<\/em> Foto 2: \u00a9 UM-Werbephotographie Ulrich Mayer, tegut\u2026 \/ <strong><em>Descripci\u00f3n de la imagen: <\/em><\/strong><em>Simulaci\u00f3n del nuevo centro log\u00edstico de tegut\u2026 en H\u00fcnfeld<\/em><em> <\/em><a href=\"https:\/\/www.tegut.com\" target=\"_blank\" rel=\"noopener noreferrer\">www.tegut.com<\/a><\/p>\n","protected":false},"excerpt":{"rendered":"<p>El comerciante de alimentos tegut\u2026 celebra el inicio de la construcci\u00f3n de un nuevo centro log\u00edstico en H\u00fcnfeld-Michelsrombach. Se prev\u00e9 que la utilizaci\u00f3n final del centro<span class=\"excerpt-hellip\"> [\u2026]<\/span><\/p>\n","protected":false},"author":0,"featured_media":0,"comment_status":"open","ping_status":"open","sticky":false,"template":"","format":"standard","meta":{"_acf_changed":false,"footnotes":""},"categories":[1557,1560,1561],"tags":[],"class_list":["post-20007","post","type-post","status-publish","format-standard","hentry","category-forwarding-logistics","category-intralogistics","category-regions"],"acf":[],"yoast_head":"<!-- This site is optimized with the Yoast SEO plugin v27.3 - https:\/\/yoast.com\/product\/yoast-seo-wordpress\/ -->\n<title>tegut inicia la construcci\u00f3n de un nuevo centro log\u00edstico en H\u00fcnfeld - Loginfo24<\/title>\n<meta name=\"robots\" content=\"index, follow, max-snippet:-1, max-image-preview:large, max-video-preview:-1\" \/>\n<link rel=\"canonical\" href=\"https:\/\/loginfo24.com\/es\/2020\/09\/13\/tegut-inicia-la-construccion-de-un-nuevo-centro-logistico-en-hunfeld\/\" \/>\n<meta property=\"og:locale\" content=\"es_ES\" \/>\n<meta property=\"og:type\" content=\"article\" \/>\n<meta property=\"og:title\" content=\"tegut inicia la construcci\u00f3n de un nuevo centro log\u00edstico en H\u00fcnfeld - Loginfo24\" \/>\n<meta property=\"og:description\" content=\"El comerciante de alimentos tegut\u2026 celebra el inicio de la construcci\u00f3n de un nuevo centro log\u00edstico en H\u00fcnfeld-Michelsrombach. Se prev\u00e9 que la utilizaci\u00f3n final del centro [\u2026]\" \/>\n<meta property=\"og:url\" content=\"https:\/\/loginfo24.com\/es\/2020\/09\/13\/tegut-inicia-la-construccion-de-un-nuevo-centro-logistico-en-hunfeld\/\" \/>\n<meta property=\"og:site_name\" content=\"Loginfo24\" \/>\n<meta property=\"article:publisher\" content=\"https:\/\/www.facebook.com\/people\/Loginfo24\/100057360583332\/\" \/>\n<meta property=\"article:published_time\" content=\"2020-09-13T16:00:25+00:00\" \/>\n<meta property=\"article:modified_time\" content=\"2025-12-15T11:37:45+00:00\" \/>\n<meta property=\"og:image\" content=\"https:\/\/loginfo24.com\/wp-content\/uploads\/sites\/7\/2025\/12\/tegut_14.9.20_2.jpg\" \/>\n<meta name=\"twitter:card\" content=\"summary_large_image\" \/>\n<meta name=\"twitter:label1\" content=\"Tiempo de lectura\" \/>\n\t<meta name=\"twitter:data1\" content=\"5 minuto\" \/>\n<script type=\"application\/ld+json\" class=\"yoast-schema-graph\">{\"@context\":\"https:\\\/\\\/schema.org\",\"@graph\":[{\"@type\":\"Article\",\"@id\":\"https:\\\/\\\/loginfo24.com\\\/es\\\/2020\\\/09\\\/13\\\/tegut-inicia-la-construccion-de-un-nuevo-centro-logistico-en-hunfeld\\\/#article\",\"isPartOf\":{\"@id\":\"https:\\\/\\\/loginfo24.com\\\/es\\\/2020\\\/09\\\/13\\\/tegut-inicia-la-construccion-de-un-nuevo-centro-logistico-en-hunfeld\\\/\"},\"author\":{\"name\":\"\",\"@id\":\"\"},\"headline\":\"tegut inicia la construcci\u00f3n de un nuevo centro log\u00edstico en H\u00fcnfeld\",\"datePublished\":\"2020-09-13T16:00:25+00:00\",\"dateModified\":\"2025-12-15T11:37:45+00:00\",\"mainEntityOfPage\":{\"@id\":\"https:\\\/\\\/loginfo24.com\\\/es\\\/2020\\\/09\\\/13\\\/tegut-inicia-la-construccion-de-un-nuevo-centro-logistico-en-hunfeld\\\/\"},\"wordCount\":925,\"commentCount\":0,\"publisher\":{\"@id\":\"https:\\\/\\\/loginfo24.com\\\/es\\\/#organization\"},\"image\":{\"@id\":\"https:\\\/\\\/loginfo24.com\\\/es\\\/2020\\\/09\\\/13\\\/tegut-inicia-la-construccion-de-un-nuevo-centro-logistico-en-hunfeld\\\/#primaryimage\"},\"thumbnailUrl\":\"https:\\\/\\\/loginfo24.com\\\/wp-content\\\/uploads\\\/sites\\\/7\\\/2025\\\/12\\\/tegut_14.9.20_2.jpg\",\"articleSection\":[\"Forwarding &amp; Logistics\",\"Intralogistics\",\"Regions\"],\"inLanguage\":\"es\",\"potentialAction\":[{\"@type\":\"CommentAction\",\"name\":\"Comment\",\"target\":[\"https:\\\/\\\/loginfo24.com\\\/es\\\/2020\\\/09\\\/13\\\/tegut-inicia-la-construccion-de-un-nuevo-centro-logistico-en-hunfeld\\\/#respond\"]}]},{\"@type\":\"WebPage\",\"@id\":\"https:\\\/\\\/loginfo24.com\\\/es\\\/2020\\\/09\\\/13\\\/tegut-inicia-la-construccion-de-un-nuevo-centro-logistico-en-hunfeld\\\/\",\"url\":\"https:\\\/\\\/loginfo24.com\\\/es\\\/2020\\\/09\\\/13\\\/tegut-inicia-la-construccion-de-un-nuevo-centro-logistico-en-hunfeld\\\/\",\"name\":\"tegut inicia la construcci\u00f3n de un nuevo centro log\u00edstico en H\u00fcnfeld - Loginfo24\",\"isPartOf\":{\"@id\":\"https:\\\/\\\/loginfo24.com\\\/es\\\/#website\"},\"primaryImageOfPage\":{\"@id\":\"https:\\\/\\\/loginfo24.com\\\/es\\\/2020\\\/09\\\/13\\\/tegut-inicia-la-construccion-de-un-nuevo-centro-logistico-en-hunfeld\\\/#primaryimage\"},\"image\":{\"@id\":\"https:\\\/\\\/loginfo24.com\\\/es\\\/2020\\\/09\\\/13\\\/tegut-inicia-la-construccion-de-un-nuevo-centro-logistico-en-hunfeld\\\/#primaryimage\"},\"thumbnailUrl\":\"https:\\\/\\\/loginfo24.com\\\/wp-content\\\/uploads\\\/sites\\\/7\\\/2025\\\/12\\\/tegut_14.9.20_2.jpg\",\"datePublished\":\"2020-09-13T16:00:25+00:00\",\"dateModified\":\"2025-12-15T11:37:45+00:00\",\"breadcrumb\":{\"@id\":\"https:\\\/\\\/loginfo24.com\\\/es\\\/2020\\\/09\\\/13\\\/tegut-inicia-la-construccion-de-un-nuevo-centro-logistico-en-hunfeld\\\/#breadcrumb\"},\"inLanguage\":\"es\",\"potentialAction\":[{\"@type\":\"ReadAction\",\"target\":[\"https:\\\/\\\/loginfo24.com\\\/es\\\/2020\\\/09\\\/13\\\/tegut-inicia-la-construccion-de-un-nuevo-centro-logistico-en-hunfeld\\\/\"]}]},{\"@type\":\"ImageObject\",\"inLanguage\":\"es\",\"@id\":\"https:\\\/\\\/loginfo24.com\\\/es\\\/2020\\\/09\\\/13\\\/tegut-inicia-la-construccion-de-un-nuevo-centro-logistico-en-hunfeld\\\/#primaryimage\",\"url\":\"https:\\\/\\\/loginfo24.com\\\/wp-content\\\/uploads\\\/sites\\\/7\\\/2025\\\/12\\\/tegut_14.9.20_2.jpg\",\"contentUrl\":\"https:\\\/\\\/loginfo24.com\\\/wp-content\\\/uploads\\\/sites\\\/7\\\/2025\\\/12\\\/tegut_14.9.20_2.jpg\"},{\"@type\":\"BreadcrumbList\",\"@id\":\"https:\\\/\\\/loginfo24.com\\\/es\\\/2020\\\/09\\\/13\\\/tegut-inicia-la-construccion-de-un-nuevo-centro-logistico-en-hunfeld\\\/#breadcrumb\",\"itemListElement\":[{\"@type\":\"ListItem\",\"position\":1,\"name\":\"Startseite\",\"item\":\"https:\\\/\\\/loginfo24.com\\\/es\\\/\"},{\"@type\":\"ListItem\",\"position\":2,\"name\":\"tegut inicia la construcci\u00f3n de un nuevo centro log\u00edstico en H\u00fcnfeld\"}]},{\"@type\":\"WebSite\",\"@id\":\"https:\\\/\\\/loginfo24.com\\\/es\\\/#website\",\"url\":\"https:\\\/\\\/loginfo24.com\\\/es\\\/\",\"name\":\"Loginfo24\",\"description\":\"Loginfo24 es la plataforma dedicada a la log\u00edstica y las cadenas de suministro con informaci\u00f3n las 24 horas del d\u00eda.\",\"publisher\":{\"@id\":\"https:\\\/\\\/loginfo24.com\\\/es\\\/#organization\"},\"potentialAction\":[{\"@type\":\"SearchAction\",\"target\":{\"@type\":\"EntryPoint\",\"urlTemplate\":\"https:\\\/\\\/loginfo24.com\\\/es\\\/?s={search_term_string}\"},\"query-input\":{\"@type\":\"PropertyValueSpecification\",\"valueRequired\":true,\"valueName\":\"search_term_string\"}}],\"inLanguage\":\"es\"},{\"@type\":\"Organization\",\"@id\":\"https:\\\/\\\/loginfo24.com\\\/es\\\/#organization\",\"name\":\"Grupo Logismedia AG\",\"url\":\"https:\\\/\\\/loginfo24.com\\\/es\\\/\",\"logo\":{\"@type\":\"ImageObject\",\"inLanguage\":\"es\",\"@id\":\"https:\\\/\\\/loginfo24.com\\\/es\\\/#\\\/schema\\\/logo\\\/image\\\/\",\"url\":\"https:\\\/\\\/loginfo24.com\\\/wp-content\\\/uploads\\\/sites\\\/7\\\/2026\\\/01\\\/Logo_LogInfo24.png\",\"contentUrl\":\"https:\\\/\\\/loginfo24.com\\\/wp-content\\\/uploads\\\/sites\\\/7\\\/2026\\\/01\\\/Logo_LogInfo24.png\",\"width\":938,\"height\":351,\"caption\":\"Grupo Logismedia AG\"},\"image\":{\"@id\":\"https:\\\/\\\/loginfo24.com\\\/es\\\/#\\\/schema\\\/logo\\\/image\\\/\"},\"sameAs\":[\"https:\\\/\\\/www.facebook.com\\\/people\\\/Loginfo24\\\/100057360583332\\\/\",\"https:\\\/\\\/www.linkedin.com\\\/company\\\/lofinfo24\\\/\"]}]}<\/script>\n<!-- \/ Yoast SEO plugin. -->","yoast_head_json":{"title":"tegut inicia la construcci\u00f3n de un nuevo centro log\u00edstico en H\u00fcnfeld - Loginfo24","robots":{"index":"index","follow":"follow","max-snippet":"max-snippet:-1","max-image-preview":"max-image-preview:large","max-video-preview":"max-video-preview:-1"},"canonical":"https:\/\/loginfo24.com\/es\/2020\/09\/13\/tegut-inicia-la-construccion-de-un-nuevo-centro-logistico-en-hunfeld\/","og_locale":"es_ES","og_type":"article","og_title":"tegut inicia la construcci\u00f3n de un nuevo centro log\u00edstico en H\u00fcnfeld - Loginfo24","og_description":"El comerciante de alimentos tegut\u2026 celebra el inicio de la construcci\u00f3n de un nuevo centro log\u00edstico en H\u00fcnfeld-Michelsrombach. Se prev\u00e9 que la utilizaci\u00f3n final del centro [\u2026]","og_url":"https:\/\/loginfo24.com\/es\/2020\/09\/13\/tegut-inicia-la-construccion-de-un-nuevo-centro-logistico-en-hunfeld\/","og_site_name":"Loginfo24","article_publisher":"https:\/\/www.facebook.com\/people\/Loginfo24\/100057360583332\/","article_published_time":"2020-09-13T16:00:25+00:00","article_modified_time":"2025-12-15T11:37:45+00:00","og_image":[{"url":"https:\/\/loginfo24.com\/wp-content\/uploads\/sites\/7\/2025\/12\/tegut_14.9.20_2.jpg","type":"","width":"","height":""}],"twitter_card":"summary_large_image","twitter_misc":{"Tiempo de lectura":"5 minuto"},"schema":{"@context":"https:\/\/schema.org","@graph":[{"@type":"Article","@id":"https:\/\/loginfo24.com\/es\/2020\/09\/13\/tegut-inicia-la-construccion-de-un-nuevo-centro-logistico-en-hunfeld\/#article","isPartOf":{"@id":"https:\/\/loginfo24.com\/es\/2020\/09\/13\/tegut-inicia-la-construccion-de-un-nuevo-centro-logistico-en-hunfeld\/"},"author":{"name":"","@id":""},"headline":"tegut inicia la construcci\u00f3n de un nuevo centro log\u00edstico en H\u00fcnfeld","datePublished":"2020-09-13T16:00:25+00:00","dateModified":"2025-12-15T11:37:45+00:00","mainEntityOfPage":{"@id":"https:\/\/loginfo24.com\/es\/2020\/09\/13\/tegut-inicia-la-construccion-de-un-nuevo-centro-logistico-en-hunfeld\/"},"wordCount":925,"commentCount":0,"publisher":{"@id":"https:\/\/loginfo24.com\/es\/#organization"},"image":{"@id":"https:\/\/loginfo24.com\/es\/2020\/09\/13\/tegut-inicia-la-construccion-de-un-nuevo-centro-logistico-en-hunfeld\/#primaryimage"},"thumbnailUrl":"https:\/\/loginfo24.com\/wp-content\/uploads\/sites\/7\/2025\/12\/tegut_14.9.20_2.jpg","articleSection":["Forwarding &amp; Logistics","Intralogistics","Regions"],"inLanguage":"es","potentialAction":[{"@type":"CommentAction","name":"Comment","target":["https:\/\/loginfo24.com\/es\/2020\/09\/13\/tegut-inicia-la-construccion-de-un-nuevo-centro-logistico-en-hunfeld\/#respond"]}]},{"@type":"WebPage","@id":"https:\/\/loginfo24.com\/es\/2020\/09\/13\/tegut-inicia-la-construccion-de-un-nuevo-centro-logistico-en-hunfeld\/","url":"https:\/\/loginfo24.com\/es\/2020\/09\/13\/tegut-inicia-la-construccion-de-un-nuevo-centro-logistico-en-hunfeld\/","name":"tegut inicia la construcci\u00f3n de un nuevo centro log\u00edstico en H\u00fcnfeld - Loginfo24","isPartOf":{"@id":"https:\/\/loginfo24.com\/es\/#website"},"primaryImageOfPage":{"@id":"https:\/\/loginfo24.com\/es\/2020\/09\/13\/tegut-inicia-la-construccion-de-un-nuevo-centro-logistico-en-hunfeld\/#primaryimage"},"image":{"@id":"https:\/\/loginfo24.com\/es\/2020\/09\/13\/tegut-inicia-la-construccion-de-un-nuevo-centro-logistico-en-hunfeld\/#primaryimage"},"thumbnailUrl":"https:\/\/loginfo24.com\/wp-content\/uploads\/sites\/7\/2025\/12\/tegut_14.9.20_2.jpg","datePublished":"2020-09-13T16:00:25+00:00","dateModified":"2025-12-15T11:37:45+00:00","breadcrumb":{"@id":"https:\/\/loginfo24.com\/es\/2020\/09\/13\/tegut-inicia-la-construccion-de-un-nuevo-centro-logistico-en-hunfeld\/#breadcrumb"},"inLanguage":"es","potentialAction":[{"@type":"ReadAction","target":["https:\/\/loginfo24.com\/es\/2020\/09\/13\/tegut-inicia-la-construccion-de-un-nuevo-centro-logistico-en-hunfeld\/"]}]},{"@type":"ImageObject","inLanguage":"es","@id":"https:\/\/loginfo24.com\/es\/2020\/09\/13\/tegut-inicia-la-construccion-de-un-nuevo-centro-logistico-en-hunfeld\/#primaryimage","url":"https:\/\/loginfo24.com\/wp-content\/uploads\/sites\/7\/2025\/12\/tegut_14.9.20_2.jpg","contentUrl":"https:\/\/loginfo24.com\/wp-content\/uploads\/sites\/7\/2025\/12\/tegut_14.9.20_2.jpg"},{"@type":"BreadcrumbList","@id":"https:\/\/loginfo24.com\/es\/2020\/09\/13\/tegut-inicia-la-construccion-de-un-nuevo-centro-logistico-en-hunfeld\/#breadcrumb","itemListElement":[{"@type":"ListItem","position":1,"name":"Startseite","item":"https:\/\/loginfo24.com\/es\/"},{"@type":"ListItem","position":2,"name":"tegut inicia la construcci\u00f3n de un nuevo centro log\u00edstico en H\u00fcnfeld"}]},{"@type":"WebSite","@id":"https:\/\/loginfo24.com\/es\/#website","url":"https:\/\/loginfo24.com\/es\/","name":"Loginfo24","description":"Loginfo24 es la plataforma dedicada a la log\u00edstica y las cadenas de suministro con informaci\u00f3n las 24 horas del d\u00eda.","publisher":{"@id":"https:\/\/loginfo24.com\/es\/#organization"},"potentialAction":[{"@type":"SearchAction","target":{"@type":"EntryPoint","urlTemplate":"https:\/\/loginfo24.com\/es\/?s={search_term_string}"},"query-input":{"@type":"PropertyValueSpecification","valueRequired":true,"valueName":"search_term_string"}}],"inLanguage":"es"},{"@type":"Organization","@id":"https:\/\/loginfo24.com\/es\/#organization","name":"Grupo Logismedia AG","url":"https:\/\/loginfo24.com\/es\/","logo":{"@type":"ImageObject","inLanguage":"es","@id":"https:\/\/loginfo24.com\/es\/#\/schema\/logo\/image\/","url":"https:\/\/loginfo24.com\/wp-content\/uploads\/sites\/7\/2026\/01\/Logo_LogInfo24.png","contentUrl":"https:\/\/loginfo24.com\/wp-content\/uploads\/sites\/7\/2026\/01\/Logo_LogInfo24.png","width":938,"height":351,"caption":"Grupo Logismedia AG"},"image":{"@id":"https:\/\/loginfo24.com\/es\/#\/schema\/logo\/image\/"},"sameAs":["https:\/\/www.facebook.com\/people\/Loginfo24\/100057360583332\/","https:\/\/www.linkedin.com\/company\/lofinfo24\/"]}]}},"_links":{"self":[{"href":"https:\/\/loginfo24.com\/es\/wp-json\/wp\/v2\/posts\/20007","targetHints":{"allow":["GET"]}}],"collection":[{"href":"https:\/\/loginfo24.com\/es\/wp-json\/wp\/v2\/posts"}],"about":[{"href":"https:\/\/loginfo24.com\/es\/wp-json\/wp\/v2\/types\/post"}],"replies":[{"embeddable":true,"href":"https:\/\/loginfo24.com\/es\/wp-json\/wp\/v2\/comments?post=20007"}],"version-history":[{"count":1,"href":"https:\/\/loginfo24.com\/es\/wp-json\/wp\/v2\/posts\/20007\/revisions"}],"predecessor-version":[{"id":36218,"href":"https:\/\/loginfo24.com\/es\/wp-json\/wp\/v2\/posts\/20007\/revisions\/36218"}],"wp:attachment":[{"href":"https:\/\/loginfo24.com\/es\/wp-json\/wp\/v2\/media?parent=20007"}],"wp:term":[{"taxonomy":"category","embeddable":true,"href":"https:\/\/loginfo24.com\/es\/wp-json\/wp\/v2\/categories?post=20007"},{"taxonomy":"post_tag","embeddable":true,"href":"https:\/\/loginfo24.com\/es\/wp-json\/wp\/v2\/tags?post=20007"}],"curies":[{"name":"wp","href":"https:\/\/api.w.org\/{rel}","templated":true}]}}