{"id":19998,"date":"2020-07-10T06:03:58","date_gmt":"2020-07-10T04:03:58","guid":{"rendered":"https:\/\/blog.brand-architecture.at\/2020\/07\/10\/el-parlamento-de-la-ue-aprueba-una-gran-reforma-para-el-transporte-de-camiones\/"},"modified":"2025-12-15T12:37:43","modified_gmt":"2025-12-15T11:37:43","slug":"el-parlamento-de-la-ue-aprueba-una-gran-reforma-para-el-transporte-de-camiones","status":"publish","type":"post","link":"https:\/\/loginfo24.com\/es\/2020\/07\/10\/el-parlamento-de-la-ue-aprueba-una-gran-reforma-para-el-transporte-de-camiones\/","title":{"rendered":"El Parlamento de la UE aprueba una gran reforma para el transporte de camiones"},"content":{"rendered":"<p>El Parlamento de la UE ha aprobado una gran reforma del transporte de camiones en la UE. Esto significa una mejora de las condiciones laborales para los conductores y reglas claras para el env\u00edo de conductores. Adem\u00e1s, la decisi\u00f3n incluye una mejor aplicaci\u00f3n de las normas contra pr\u00e1cticas ilegales. A continuaci\u00f3n, las declaraciones de las asociaciones BGL y DSLV sobre esta decisi\u00f3n.<\/p>\n<p>El Parlamento se pronuncia a favor de las revisadas normas de transporte por carretera. Con ello se pretende mejorar las condiciones laborales de los conductores y eliminar distorsiones en la competencia.<\/p>\n<p>El mi\u00e9rcoles por la noche, los diputados aprobaron todos los tres actos legislativos que los <a href=\"https:\/\/www.consilium.europa.eu\/de\/press\/press-releases\/2020\/04\/07\/mobility-package-council-adopts-truck-drivers-reform\/\">ministros de la UE hab\u00edan adoptado en abril de 2020<\/a>, sin cambios. En diciembre de 2019, el Parlamento ya hab\u00eda alcanzado un acuerdo pol\u00edtico con el Consejo.<\/p>\n<p>Las normas revisadas deben garantizar mejoras en varios \u00e1mbitos: en el env\u00edo de conductores, sus tiempos de conducci\u00f3n y descanso, y la aplicaci\u00f3n de las normas sobre <em>cabotaje<\/em> (es decir, el transporte temporal de mercanc\u00edas en un estado miembro por transportistas de otro estado miembro). De este modo, se pretende eliminar distorsiones en la competencia en las carreteras y mejorar las condiciones de descanso de los conductores.<\/p>\n<h5><strong>Mejores condiciones laborales para los conductores<\/strong><\/h5>\n<p>Con las nuevas normas se garantizar\u00e1n mejores tiempos de descanso. Esto permitir\u00e1 a los conductores pasar m\u00e1s tiempo en casa. En el futuro, las empresas de transporte deber\u00e1n asegurarse de que los conductores que transportan mercanc\u00edas a nivel europeo puedan regresar a casa en intervalos regulares (dependiendo de la carga de trabajo, cada tres o cuatro semanas). El tiempo de descanso regular obligatorio por semana no puede pasarse en la cabina del cami\u00f3n. Si los conductores no pasan este tiempo de descanso en casa, las empresas deber\u00e1n pagar por el alojamiento.<\/p>\n<p>&nbsp;<\/p>\n<p>[poll id=\u00bb3&#8243;]<\/p>\n<p>&nbsp;<\/p>\n<h5><strong>Competencia m\u00e1s justa \u2013 Lucha contra pr\u00e1cticas ilegales<\/strong><\/h5>\n<p>Para prevenir el fraude, los viajes transfronterizos se registrar\u00e1n en el futuro con tac\u00f3grafos. Para evitar que el cabotaje, que solo se permite temporalmente, se aplique de manera sistem\u00e1tica, se permitir\u00e1 realizar m\u00e1s viajes de cabotaje en el mismo estado con el mismo veh\u00edculo solo despu\u00e9s de un per\u00edodo de espera de cuatro d\u00edas.<\/p>\n<p>Se cerrar\u00e1 el paso a las empresas ficticias, ya que las empresas de transporte de mercanc\u00edas deber\u00e1n demostrar que est\u00e1n operando de manera significativa en el estado miembro en el que est\u00e1n registradas. Seg\u00fan las nuevas normas, adem\u00e1s, los camiones deber\u00e1n regresar al centro de operaciones de la empresa cada ocho semanas. Las normas de la UE para las empresas de transporte tambi\u00e9n incluir\u00e1n el uso de veh\u00edculos comerciales ligeros de m\u00e1s de 2,5 t, que tambi\u00e9n deber\u00e1n estar equipados con un tac\u00f3grafo.<\/p>\n<h5><strong>Reglas claras para el env\u00edo de conductores \u2013 Sin diferencias salariales<\/strong><\/h5>\n<p>Las nuevas normas establecen un marco legal claro para que los estados miembros no prevean regulaciones diferentes en el futuro y para que los conductores sean remunerados de manera justa. Las normas de env\u00edo se aplican al cabotaje y al transporte internacional de mercanc\u00edas. Sin embargo, el tr\u00e1fico de tr\u00e1nsito, los transportes bilaterales de mercanc\u00edas y los transportes bilaterales de mercanc\u00edas con dos operaciones de carga o descarga adicionales est\u00e1n exentos de esto.<\/p>\n<h5><strong>Pr\u00f3ximos pasos<\/strong><\/h5>\n<p>Las normas ahora aprobadas entrar\u00e1n en vigor en pocas semanas, una vez que se publiquen en el Diario Oficial de la UE.<\/p>\n<p>La aplicaci\u00f3n de las normas de env\u00edo comenzar\u00e1 18 meses despu\u00e9s de la entrada en vigor del acto legislativo. La aplicaci\u00f3n de las normas sobre los tiempos de descanso y el regreso de los conductores comenzar\u00e1 20 d\u00edas despu\u00e9s de la entrada en vigor del acto legislativo. La aplicaci\u00f3n de las normas sobre el regreso de los camiones y otros cambios en las reglas de acceso al mercado comenzar\u00e1 18 meses despu\u00e9s de la entrada en vigor del acto legislativo sobre el acceso al mercado.<\/p>\n<p>Foto: \u00a9 Adobe Stock\/thomaslerchphoto<\/p>\n<h5><a href=\"https:\/\/www.europarl.europa.eu\/news\/de\/press-room\/20200706IPR82714\/parlament-beschliesst-grosse-reform-des-lkw-verkehrs\" target=\"_blank\" rel=\"noopener noreferrer\"><strong>Ver el comunicado del Parlamento de la UE<\/strong><\/a><\/h5>\n<p>&nbsp;<\/p>\n<h2>Declaraciones de las asociaciones<\/h2>\n<h5><strong>BGL<\/strong><\/h5>\n<p>Hoy, el Parlamento Europeo ha finalmente aprobado el paquete de movilidad tras dif\u00edciles y prolongadas negociaciones. Nuevas normas garantizar\u00e1n mejores condiciones de competencia, normas de la UE m\u00e1s claras y uniformes para el env\u00edo de conductores, una mejor lucha contra pr\u00e1cticas ilegales y normas m\u00e1s sociales para los tiempos de descanso de los conductores.<\/p>\n<p>\u00abEste es un d\u00eda muy positivo para el transporte de mercanc\u00edas por carretera en Europa. Este paquete pondr\u00e1 fin a las empresas ficticias, al dumping social y a las operaciones sistem\u00e1ticas de cabotaje. Los conductores trabajar\u00e1n ahora en mejores condiciones. Esto incluye la prohibici\u00f3n de pasar la regular semana de descanso en la cabina, v\u00e1lida en toda Europa. Adem\u00e1s, podr\u00e1n regresar a casa con m\u00e1s frecuencia, lo que permite una mejor conciliaci\u00f3n entre la vida laboral y familiar\u00bb, dice Erik \u00d8stergaard (presidente de la NLA y CEO de DTL).<\/p>\n<p>\u00abEste es el resultado de a\u00f1os de arduo trabajo y me alegra que nuestras tres asociaciones hayan contribuido a ello en una colaboraci\u00f3n fruct\u00edfera con la Comisi\u00f3n Europea, miembros del Parlamento Europeo y nuestros estados miembros\u00bb, dice Florence Berthelot (CEO de FNTR).<\/p>\n<p>\u00abEstamos satisfechos con el resultado de hoy y queremos agradecer a los responsables de la toma de decisiones por su arduo trabajo en los \u00faltimos tres a\u00f1os. La nueva legislaci\u00f3n tendr\u00e1 un impacto significativo y positivo en el mercado del transporte de mercanc\u00edas por carretera. Ahora debemos centrarnos en la implementaci\u00f3n y el control eficiente de las nuevas reglas\u00bb, subraya el Prof. Dr. Dirk Engelhardt (portavoz de la junta de BGL).<\/p>\n<p><a href=\"https:\/\/www.bgl-ev.de\" target=\"_blank\" rel=\"noopener noreferrer\">www.bgl-ev.de<\/a><\/p>\n<h5><\/h5>\n<h5><strong>DSLV<\/strong><\/h5>\n<p>La Asociaci\u00f3n Federal de Transporte y Log\u00edstica DSLV se muestra en general satisfecha de que el Parlamento Europeo haya podido llegar ahora a una posici\u00f3n final para un marco legal uniforme para el transporte de mercanc\u00edas por carretera en Europa. Si el compromiso alcanzado realmente conduce a una alineaci\u00f3n de las condiciones de competencia y las normas sociales, as\u00ed como a una clarificaci\u00f3n de las condiciones de acceso al mercado, depender\u00e1 en gran medida de la implementaci\u00f3n y la futura densidad de control en los estados miembros.<\/p>\n<p>Porque, en principio, hay que suponer que la competencia actual y las condiciones laborales en el transporte de mercanc\u00edas por carretera en Europa no solo se han agudizado por la explotaci\u00f3n de lagunas normativas en un mercado europeo libre, sino sobre todo por una sobrecarga de los controles estatales. \u00abBruselas y los estados miembros han tardado a\u00f1os en elaborar nuevas leyes, en lugar de crear las condiciones para que se aplique el derecho ya vigente. Si se convirtiera una prohibici\u00f3n de estacionamiento restringida en una prohibici\u00f3n de estacionamiento absoluta, esto no impedir\u00eda el estacionamiento ilegal si la prohibici\u00f3n no se supervisa regularmente\u00bb, advierte Frank Huster, director general de DSLV. \u00abSin embargo, es correcto que los estados de la UE en el futuro tendr\u00e1n mucho menos margen para regulaciones nacionales.\u00bb<\/p>\n<p>Las futuras regulaciones prev\u00e9n un derecho legal para que los conductores de camiones puedan regresar a su pa\u00eds de origen a m\u00e1s tardar despu\u00e9s de tres semanas. Adem\u00e1s, se obligar\u00e1 a las empresas de transporte a devolver sus veh\u00edculos al estado de registro cada ocho semanas.<\/p>\n<p>Con la posibilidad fundamental de lo que se llama cabotaje, se pretende prevenir los viajes vac\u00edos dentro de la UE y reducir las emisiones de CO<sub>2<\/sub>. El n\u00famero de transportes que una empresa de transporte extranjera puede realizar dentro de otro pa\u00eds de la UE se congelar\u00e1 ahora en tres. Adem\u00e1s, las empresas extranjeras deber\u00e1n abandonar el pa\u00eds despu\u00e9s de su \u00faltimo viaje de cabotaje durante al menos cuatro d\u00edas. Huster: \u00abLa decisi\u00f3n del Parlamento, aunque no corresponde al principio de mercados europeos libres, que tambi\u00e9n es significativo para la log\u00edstica, actualmente carece de las condiciones competitivas necesarias para una liberalizaci\u00f3n total del mercado en la UE desde el punto de vista alem\u00e1n.\u00bb<\/p>\n<p>Para una mayor distorsi\u00f3n de la competencia en relaci\u00f3n con las empresas de transporte nacionales, los conductores de empresas extranjeras deber\u00e1n ser remunerados con el salario m\u00ednimo local durante el cabotaje. Para ello, se ha creado un derecho de env\u00edo que, aunque se desv\u00eda de la norma general de env\u00edo de la UE, sigue siendo restrictivo, espec\u00edficamente para los conductores de camiones (&#8216;Lex Specialis&#8217;): el salario debe ser al menos igual al salario del pa\u00eds en el que el conductor est\u00e1 trabajando. De esto, en el futuro, solo se excluir\u00e1n los viajes de tr\u00e1nsito y los viajes de ida y vuelta desde el pa\u00eds de origen a otro pa\u00eds de la UE con un m\u00e1ximo de dos operaciones de carga o descarga durante un viaje. Huster: \u00abQue el Parlamento de la UE haya llegado a un compromiso aqu\u00ed es digno de reconocimiento. Sin embargo, la implementaci\u00f3n pr\u00e1ctica y la demostraci\u00f3n ser\u00e1n muy dif\u00edciles.\u00bb Dado que hay 27 normativas de salario m\u00ednimo diferentes en la UE, el esfuerzo administrativo para las empresas de transporte que operan internacionalmente y sus proveedores de servicios de transporte aumentar\u00e1 considerablemente.<\/p>\n<p>Bruselas, por lo tanto, tiene grandes expectativas en el tac\u00f3grafo inteligente, que deber\u00e1 estar instalado en todos los veh\u00edculos a m\u00e1s tardar en 2025, para poder supervisar digitalmente las nuevas normas de manera fiable. \u00abPara la aplicaci\u00f3n del nuevo derecho, se necesita tecnolog\u00eda confiable; de lo contrario, las buenas intenciones pol\u00edticas se desvanecer\u00e1n\u00bb, dice Huster. \u00abEs importante que la implementaci\u00f3n nacional se lleve a cabo de manera uniforme en todos los estados miembros.\u00bb<\/p>\n<p>El Parlamento Europeo decidi\u00f3 el 8 de julio de 2020 sobre el paquete de reformas para el transporte de mercanc\u00edas por carretera en Europa, la primera parte del llamado Paquete de Movilidad. Esto fue precedido por m\u00e1s de tres a\u00f1os de negociaciones entre los grupos del Parlamento, los estados miembros de la UE y la Comisi\u00f3n Europea sobre la configuraci\u00f3n de las futuras condiciones laborales, sociales y de competencia para el transporte de mercanc\u00edas por carretera.<\/p>\n<p><a href=\"https:\/\/www.dslv.org\" target=\"_blank\" rel=\"noopener noreferrer\">www.dslv.org<\/a><\/p>\n","protected":false},"excerpt":{"rendered":"<p>El Parlamento de la UE ha aprobado una gran reforma del transporte de camiones en la UE. Esto significa una mejora de las condiciones laborales para<span class=\"excerpt-hellip\"> [\u2026]<\/span><\/p>\n","protected":false},"author":0,"featured_media":0,"comment_status":"open","ping_status":"open","sticky":false,"template":"","format":"standard","meta":{"_acf_changed":false,"footnotes":""},"categories":[1557,1556,1561],"tags":[],"class_list":["post-19998","post","type-post","status-publish","format-standard","hentry","category-forwarding-logistics","category-intermodal-road","category-regions"],"acf":[],"yoast_head":"<!-- This site is optimized with the Yoast SEO plugin v27.3 - https:\/\/yoast.com\/product\/yoast-seo-wordpress\/ -->\n<title>El Parlamento de la UE aprueba una gran reforma para el transporte de camiones - Loginfo24<\/title>\n<meta name=\"robots\" content=\"index, follow, max-snippet:-1, max-image-preview:large, max-video-preview:-1\" \/>\n<link rel=\"canonical\" href=\"https:\/\/loginfo24.com\/es\/2020\/07\/10\/el-parlamento-de-la-ue-aprueba-una-gran-reforma-para-el-transporte-de-camiones\/\" \/>\n<meta property=\"og:locale\" content=\"es_ES\" \/>\n<meta property=\"og:type\" content=\"article\" \/>\n<meta property=\"og:title\" content=\"El Parlamento de la UE aprueba una gran reforma para el transporte de camiones - Loginfo24\" \/>\n<meta property=\"og:description\" content=\"El Parlamento de la UE ha aprobado una gran reforma del transporte de camiones en la UE. Esto significa una mejora de las condiciones laborales para [\u2026]\" \/>\n<meta property=\"og:url\" content=\"https:\/\/loginfo24.com\/es\/2020\/07\/10\/el-parlamento-de-la-ue-aprueba-una-gran-reforma-para-el-transporte-de-camiones\/\" \/>\n<meta property=\"og:site_name\" content=\"Loginfo24\" \/>\n<meta property=\"article:publisher\" content=\"https:\/\/www.facebook.com\/people\/Loginfo24\/100057360583332\/\" \/>\n<meta property=\"article:published_time\" content=\"2020-07-10T04:03:58+00:00\" \/>\n<meta property=\"article:modified_time\" content=\"2025-12-15T11:37:43+00:00\" \/>\n<meta name=\"twitter:card\" content=\"summary_large_image\" \/>\n<meta name=\"twitter:label1\" content=\"Tiempo de lectura\" \/>\n\t<meta name=\"twitter:data1\" content=\"9 minuto\" \/>\n<script type=\"application\/ld+json\" class=\"yoast-schema-graph\">{\"@context\":\"https:\\\/\\\/schema.org\",\"@graph\":[{\"@type\":\"Article\",\"@id\":\"https:\\\/\\\/loginfo24.com\\\/es\\\/2020\\\/07\\\/10\\\/el-parlamento-de-la-ue-aprueba-una-gran-reforma-para-el-transporte-de-camiones\\\/#article\",\"isPartOf\":{\"@id\":\"https:\\\/\\\/loginfo24.com\\\/es\\\/2020\\\/07\\\/10\\\/el-parlamento-de-la-ue-aprueba-una-gran-reforma-para-el-transporte-de-camiones\\\/\"},\"author\":{\"name\":\"\",\"@id\":\"\"},\"headline\":\"El Parlamento de la UE aprueba una gran reforma para el transporte de camiones\",\"datePublished\":\"2020-07-10T04:03:58+00:00\",\"dateModified\":\"2025-12-15T11:37:43+00:00\",\"mainEntityOfPage\":{\"@id\":\"https:\\\/\\\/loginfo24.com\\\/es\\\/2020\\\/07\\\/10\\\/el-parlamento-de-la-ue-aprueba-una-gran-reforma-para-el-transporte-de-camiones\\\/\"},\"wordCount\":1788,\"commentCount\":0,\"publisher\":{\"@id\":\"https:\\\/\\\/loginfo24.com\\\/es\\\/#organization\"},\"articleSection\":[\"Forwarding &amp; Logistics\",\"Intermodal \\\/ Road\",\"Regions\"],\"inLanguage\":\"es\",\"potentialAction\":[{\"@type\":\"CommentAction\",\"name\":\"Comment\",\"target\":[\"https:\\\/\\\/loginfo24.com\\\/es\\\/2020\\\/07\\\/10\\\/el-parlamento-de-la-ue-aprueba-una-gran-reforma-para-el-transporte-de-camiones\\\/#respond\"]}]},{\"@type\":\"WebPage\",\"@id\":\"https:\\\/\\\/loginfo24.com\\\/es\\\/2020\\\/07\\\/10\\\/el-parlamento-de-la-ue-aprueba-una-gran-reforma-para-el-transporte-de-camiones\\\/\",\"url\":\"https:\\\/\\\/loginfo24.com\\\/es\\\/2020\\\/07\\\/10\\\/el-parlamento-de-la-ue-aprueba-una-gran-reforma-para-el-transporte-de-camiones\\\/\",\"name\":\"El Parlamento de la UE aprueba una gran reforma para el transporte de camiones - Loginfo24\",\"isPartOf\":{\"@id\":\"https:\\\/\\\/loginfo24.com\\\/es\\\/#website\"},\"datePublished\":\"2020-07-10T04:03:58+00:00\",\"dateModified\":\"2025-12-15T11:37:43+00:00\",\"breadcrumb\":{\"@id\":\"https:\\\/\\\/loginfo24.com\\\/es\\\/2020\\\/07\\\/10\\\/el-parlamento-de-la-ue-aprueba-una-gran-reforma-para-el-transporte-de-camiones\\\/#breadcrumb\"},\"inLanguage\":\"es\",\"potentialAction\":[{\"@type\":\"ReadAction\",\"target\":[\"https:\\\/\\\/loginfo24.com\\\/es\\\/2020\\\/07\\\/10\\\/el-parlamento-de-la-ue-aprueba-una-gran-reforma-para-el-transporte-de-camiones\\\/\"]}]},{\"@type\":\"BreadcrumbList\",\"@id\":\"https:\\\/\\\/loginfo24.com\\\/es\\\/2020\\\/07\\\/10\\\/el-parlamento-de-la-ue-aprueba-una-gran-reforma-para-el-transporte-de-camiones\\\/#breadcrumb\",\"itemListElement\":[{\"@type\":\"ListItem\",\"position\":1,\"name\":\"Startseite\",\"item\":\"https:\\\/\\\/loginfo24.com\\\/es\\\/\"},{\"@type\":\"ListItem\",\"position\":2,\"name\":\"El Parlamento de la UE aprueba una gran reforma para el transporte de camiones\"}]},{\"@type\":\"WebSite\",\"@id\":\"https:\\\/\\\/loginfo24.com\\\/es\\\/#website\",\"url\":\"https:\\\/\\\/loginfo24.com\\\/es\\\/\",\"name\":\"Loginfo24\",\"description\":\"Loginfo24 es la plataforma dedicada a la log\u00edstica y las cadenas de suministro con informaci\u00f3n las 24 horas del d\u00eda.\",\"publisher\":{\"@id\":\"https:\\\/\\\/loginfo24.com\\\/es\\\/#organization\"},\"potentialAction\":[{\"@type\":\"SearchAction\",\"target\":{\"@type\":\"EntryPoint\",\"urlTemplate\":\"https:\\\/\\\/loginfo24.com\\\/es\\\/?s={search_term_string}\"},\"query-input\":{\"@type\":\"PropertyValueSpecification\",\"valueRequired\":true,\"valueName\":\"search_term_string\"}}],\"inLanguage\":\"es\"},{\"@type\":\"Organization\",\"@id\":\"https:\\\/\\\/loginfo24.com\\\/es\\\/#organization\",\"name\":\"Grupo Logismedia AG\",\"url\":\"https:\\\/\\\/loginfo24.com\\\/es\\\/\",\"logo\":{\"@type\":\"ImageObject\",\"inLanguage\":\"es\",\"@id\":\"https:\\\/\\\/loginfo24.com\\\/es\\\/#\\\/schema\\\/logo\\\/image\\\/\",\"url\":\"https:\\\/\\\/loginfo24.com\\\/wp-content\\\/uploads\\\/sites\\\/7\\\/2026\\\/01\\\/Logo_LogInfo24.png\",\"contentUrl\":\"https:\\\/\\\/loginfo24.com\\\/wp-content\\\/uploads\\\/sites\\\/7\\\/2026\\\/01\\\/Logo_LogInfo24.png\",\"width\":938,\"height\":351,\"caption\":\"Grupo Logismedia AG\"},\"image\":{\"@id\":\"https:\\\/\\\/loginfo24.com\\\/es\\\/#\\\/schema\\\/logo\\\/image\\\/\"},\"sameAs\":[\"https:\\\/\\\/www.facebook.com\\\/people\\\/Loginfo24\\\/100057360583332\\\/\",\"https:\\\/\\\/www.linkedin.com\\\/company\\\/lofinfo24\\\/\"]}]}<\/script>\n<!-- \/ Yoast SEO plugin. -->","yoast_head_json":{"title":"El Parlamento de la UE aprueba una gran reforma para el transporte de camiones - Loginfo24","robots":{"index":"index","follow":"follow","max-snippet":"max-snippet:-1","max-image-preview":"max-image-preview:large","max-video-preview":"max-video-preview:-1"},"canonical":"https:\/\/loginfo24.com\/es\/2020\/07\/10\/el-parlamento-de-la-ue-aprueba-una-gran-reforma-para-el-transporte-de-camiones\/","og_locale":"es_ES","og_type":"article","og_title":"El Parlamento de la UE aprueba una gran reforma para el transporte de camiones - Loginfo24","og_description":"El Parlamento de la UE ha aprobado una gran reforma del transporte de camiones en la UE. Esto significa una mejora de las condiciones laborales para [\u2026]","og_url":"https:\/\/loginfo24.com\/es\/2020\/07\/10\/el-parlamento-de-la-ue-aprueba-una-gran-reforma-para-el-transporte-de-camiones\/","og_site_name":"Loginfo24","article_publisher":"https:\/\/www.facebook.com\/people\/Loginfo24\/100057360583332\/","article_published_time":"2020-07-10T04:03:58+00:00","article_modified_time":"2025-12-15T11:37:43+00:00","twitter_card":"summary_large_image","twitter_misc":{"Tiempo de lectura":"9 minuto"},"schema":{"@context":"https:\/\/schema.org","@graph":[{"@type":"Article","@id":"https:\/\/loginfo24.com\/es\/2020\/07\/10\/el-parlamento-de-la-ue-aprueba-una-gran-reforma-para-el-transporte-de-camiones\/#article","isPartOf":{"@id":"https:\/\/loginfo24.com\/es\/2020\/07\/10\/el-parlamento-de-la-ue-aprueba-una-gran-reforma-para-el-transporte-de-camiones\/"},"author":{"name":"","@id":""},"headline":"El Parlamento de la UE aprueba una gran reforma para el transporte de camiones","datePublished":"2020-07-10T04:03:58+00:00","dateModified":"2025-12-15T11:37:43+00:00","mainEntityOfPage":{"@id":"https:\/\/loginfo24.com\/es\/2020\/07\/10\/el-parlamento-de-la-ue-aprueba-una-gran-reforma-para-el-transporte-de-camiones\/"},"wordCount":1788,"commentCount":0,"publisher":{"@id":"https:\/\/loginfo24.com\/es\/#organization"},"articleSection":["Forwarding &amp; Logistics","Intermodal \/ Road","Regions"],"inLanguage":"es","potentialAction":[{"@type":"CommentAction","name":"Comment","target":["https:\/\/loginfo24.com\/es\/2020\/07\/10\/el-parlamento-de-la-ue-aprueba-una-gran-reforma-para-el-transporte-de-camiones\/#respond"]}]},{"@type":"WebPage","@id":"https:\/\/loginfo24.com\/es\/2020\/07\/10\/el-parlamento-de-la-ue-aprueba-una-gran-reforma-para-el-transporte-de-camiones\/","url":"https:\/\/loginfo24.com\/es\/2020\/07\/10\/el-parlamento-de-la-ue-aprueba-una-gran-reforma-para-el-transporte-de-camiones\/","name":"El Parlamento de la UE aprueba una gran reforma para el transporte de camiones - Loginfo24","isPartOf":{"@id":"https:\/\/loginfo24.com\/es\/#website"},"datePublished":"2020-07-10T04:03:58+00:00","dateModified":"2025-12-15T11:37:43+00:00","breadcrumb":{"@id":"https:\/\/loginfo24.com\/es\/2020\/07\/10\/el-parlamento-de-la-ue-aprueba-una-gran-reforma-para-el-transporte-de-camiones\/#breadcrumb"},"inLanguage":"es","potentialAction":[{"@type":"ReadAction","target":["https:\/\/loginfo24.com\/es\/2020\/07\/10\/el-parlamento-de-la-ue-aprueba-una-gran-reforma-para-el-transporte-de-camiones\/"]}]},{"@type":"BreadcrumbList","@id":"https:\/\/loginfo24.com\/es\/2020\/07\/10\/el-parlamento-de-la-ue-aprueba-una-gran-reforma-para-el-transporte-de-camiones\/#breadcrumb","itemListElement":[{"@type":"ListItem","position":1,"name":"Startseite","item":"https:\/\/loginfo24.com\/es\/"},{"@type":"ListItem","position":2,"name":"El Parlamento de la UE aprueba una gran reforma para el transporte de camiones"}]},{"@type":"WebSite","@id":"https:\/\/loginfo24.com\/es\/#website","url":"https:\/\/loginfo24.com\/es\/","name":"Loginfo24","description":"Loginfo24 es la plataforma dedicada a la log\u00edstica y las cadenas de suministro con informaci\u00f3n las 24 horas del d\u00eda.","publisher":{"@id":"https:\/\/loginfo24.com\/es\/#organization"},"potentialAction":[{"@type":"SearchAction","target":{"@type":"EntryPoint","urlTemplate":"https:\/\/loginfo24.com\/es\/?s={search_term_string}"},"query-input":{"@type":"PropertyValueSpecification","valueRequired":true,"valueName":"search_term_string"}}],"inLanguage":"es"},{"@type":"Organization","@id":"https:\/\/loginfo24.com\/es\/#organization","name":"Grupo Logismedia AG","url":"https:\/\/loginfo24.com\/es\/","logo":{"@type":"ImageObject","inLanguage":"es","@id":"https:\/\/loginfo24.com\/es\/#\/schema\/logo\/image\/","url":"https:\/\/loginfo24.com\/wp-content\/uploads\/sites\/7\/2026\/01\/Logo_LogInfo24.png","contentUrl":"https:\/\/loginfo24.com\/wp-content\/uploads\/sites\/7\/2026\/01\/Logo_LogInfo24.png","width":938,"height":351,"caption":"Grupo Logismedia AG"},"image":{"@id":"https:\/\/loginfo24.com\/es\/#\/schema\/logo\/image\/"},"sameAs":["https:\/\/www.facebook.com\/people\/Loginfo24\/100057360583332\/","https:\/\/www.linkedin.com\/company\/lofinfo24\/"]}]}},"_links":{"self":[{"href":"https:\/\/loginfo24.com\/es\/wp-json\/wp\/v2\/posts\/19998","targetHints":{"allow":["GET"]}}],"collection":[{"href":"https:\/\/loginfo24.com\/es\/wp-json\/wp\/v2\/posts"}],"about":[{"href":"https:\/\/loginfo24.com\/es\/wp-json\/wp\/v2\/types\/post"}],"replies":[{"embeddable":true,"href":"https:\/\/loginfo24.com\/es\/wp-json\/wp\/v2\/comments?post=19998"}],"version-history":[{"count":1,"href":"https:\/\/loginfo24.com\/es\/wp-json\/wp\/v2\/posts\/19998\/revisions"}],"predecessor-version":[{"id":36202,"href":"https:\/\/loginfo24.com\/es\/wp-json\/wp\/v2\/posts\/19998\/revisions\/36202"}],"wp:attachment":[{"href":"https:\/\/loginfo24.com\/es\/wp-json\/wp\/v2\/media?parent=19998"}],"wp:term":[{"taxonomy":"category","embeddable":true,"href":"https:\/\/loginfo24.com\/es\/wp-json\/wp\/v2\/categories?post=19998"},{"taxonomy":"post_tag","embeddable":true,"href":"https:\/\/loginfo24.com\/es\/wp-json\/wp\/v2\/tags?post=19998"}],"curies":[{"name":"wp","href":"https:\/\/api.w.org\/{rel}","templated":true}]}}