{"id":19783,"date":"2020-09-15T16:01:59","date_gmt":"2020-09-15T14:01:59","guid":{"rendered":"https:\/\/blog.brand-architecture.at\/2020\/09\/15\/nox-nachtexpress-nombra-a-dag-jessel-como-cfo-en-la-direccion\/"},"modified":"2025-12-15T12:36:52","modified_gmt":"2025-12-15T11:36:52","slug":"nox-nachtexpress-nombra-a-dag-jessel-como-cfo-en-la-direccion","status":"publish","type":"post","link":"https:\/\/loginfo24.com\/es\/2020\/09\/15\/nox-nachtexpress-nombra-a-dag-jessel-como-cfo-en-la-direccion\/","title":{"rendered":"nox NachtExpress nombra a Dag Jessel como CFO en la direcci\u00f3n"},"content":{"rendered":"<p>El proveedor de servicios nocturnos expr\u00e9s nox NachtExpress ha nombrado a Dag Jessel como nuevo director financiero. Jessel proviene de E.I.S. Aircraft, donde tambi\u00e9n ha trabajado como CFO desde 2015. Formar\u00e1 parte de la direcci\u00f3n de nox.<\/p>\n<p>(Langenfeld) Dag Jessel (50) es desde principios de septiembre de 2020 el nuevo Chief Financial Officer (CFO) de nox NachtExpress. El experimentado gerente aporta una larga trayectoria en la implementaci\u00f3n sostenible de optimizaciones de procesos y medidas de aumento de eficiencia en empresas medianas y grandes.<\/p>\n<p>\u00abDag Jessel complementar\u00e1 \u00f3ptimamente nuestra direcci\u00f3n. Con su experiencia en alinear procesos, objetivos estrat\u00e9gicos y finanzas, podremos enfocar a\u00fan m\u00e1s nuestros productos y servicios en los clientes y seguir ampliando nuestra posici\u00f3n en el mercado\u00bb, dice Donald Pilz, CEO del grupo nox. \u00abAgradezco a Hendrik Douwes, quien ha asumido el cargo de manera interina y ahora puede concentrarse nuevamente en su tarea como Chief Program Officer.\u00bb<\/p>\n<h5><strong>Diversos cargos de liderazgo<\/strong><\/h5>\n<p>Desde 2015 hasta su incorporaci\u00f3n a nox, Dag Jessel fue CFO en E.I.S. Aircraft, un proveedor mediano de la industria de la aviaci\u00f3n. Otras etapas de su carrera profesional incluyen ser CFO del grupo Gardien, un proveedor internacional de la industria electr\u00f3nica, as\u00ed como en el grupo Lufthansa, entre otros, como jefe de finanzas y personal para Asia del Norte.<\/p>\n<p>Dag Jessel comenz\u00f3 su carrera profesional con una formaci\u00f3n t\u00e9cnica y un estudio en ingenier\u00eda aeron\u00e1utica y espacial, y ha ocupado puestos de liderazgo en el \u00e1rea financiera durante los \u00faltimos 15 a\u00f1os. \u00abEstoy emocionado de contribuir a la estrategia y los procesos de nox NachtExpress y as\u00ed fortalecer a\u00fan m\u00e1s el perfil de la empresa\u00bb, dice Dag Jessel. El gerente est\u00e1 casado, tiene dos hijos y vive en Bonn.<\/p>\n<p>Foto: \u00a9 nox Nachtexpress<\/p>\n<p><a href=\"https:\/\/www.nox-nachtexpress.de\" target=\"_blank\" rel=\"noopener noreferrer\">www.nox-nachtexpress.de<\/a><\/p>\n","protected":false},"excerpt":{"rendered":"<p>El proveedor de servicios nocturnos expr\u00e9s nox NachtExpress ha nombrado a Dag Jessel como nuevo director financiero. Jessel proviene de E.I.S. Aircraft, donde tambi\u00e9n ha trabajado<span class=\"excerpt-hellip\"> [\u2026]<\/span><\/p>\n","protected":false},"author":0,"featured_media":0,"comment_status":"open","ping_status":"open","sticky":false,"template":"","format":"standard","meta":{"_acf_changed":false,"footnotes":""},"categories":[1559],"tags":[],"class_list":["post-19783","post","type-post","status-publish","format-standard","hentry","category-shipping-ports"],"acf":[],"yoast_head":"<!-- This site is optimized with the Yoast SEO plugin v27.3 - https:\/\/yoast.com\/product\/yoast-seo-wordpress\/ -->\n<title>nox NachtExpress nombra a Dag Jessel como CFO en la direcci\u00f3n - Loginfo24<\/title>\n<meta name=\"robots\" content=\"index, follow, max-snippet:-1, max-image-preview:large, max-video-preview:-1\" \/>\n<link rel=\"canonical\" href=\"https:\/\/loginfo24.com\/es\/2020\/09\/15\/nox-nachtexpress-nombra-a-dag-jessel-como-cfo-en-la-direccion\/\" \/>\n<meta property=\"og:locale\" content=\"es_ES\" \/>\n<meta property=\"og:type\" content=\"article\" \/>\n<meta property=\"og:title\" content=\"nox NachtExpress nombra a Dag Jessel como CFO en la direcci\u00f3n - Loginfo24\" \/>\n<meta property=\"og:description\" content=\"El proveedor de servicios nocturnos expr\u00e9s nox NachtExpress ha nombrado a Dag Jessel como nuevo director financiero. Jessel proviene de E.I.S. Aircraft, donde tambi\u00e9n ha trabajado [\u2026]\" \/>\n<meta property=\"og:url\" content=\"https:\/\/loginfo24.com\/es\/2020\/09\/15\/nox-nachtexpress-nombra-a-dag-jessel-como-cfo-en-la-direccion\/\" \/>\n<meta property=\"og:site_name\" content=\"Loginfo24\" \/>\n<meta property=\"article:publisher\" content=\"https:\/\/www.facebook.com\/people\/Loginfo24\/100057360583332\/\" \/>\n<meta property=\"article:published_time\" content=\"2020-09-15T14:01:59+00:00\" \/>\n<meta property=\"article:modified_time\" content=\"2025-12-15T11:36:52+00:00\" \/>\n<meta name=\"twitter:card\" content=\"summary_large_image\" \/>\n<meta name=\"twitter:label1\" content=\"Tiempo de lectura\" \/>\n\t<meta name=\"twitter:data1\" content=\"2 minuto\" \/>\n<script type=\"application\/ld+json\" class=\"yoast-schema-graph\">{\"@context\":\"https:\\\/\\\/schema.org\",\"@graph\":[{\"@type\":\"Article\",\"@id\":\"https:\\\/\\\/loginfo24.com\\\/es\\\/2020\\\/09\\\/15\\\/nox-nachtexpress-nombra-a-dag-jessel-como-cfo-en-la-direccion\\\/#article\",\"isPartOf\":{\"@id\":\"https:\\\/\\\/loginfo24.com\\\/es\\\/2020\\\/09\\\/15\\\/nox-nachtexpress-nombra-a-dag-jessel-como-cfo-en-la-direccion\\\/\"},\"author\":{\"name\":\"\",\"@id\":\"\"},\"headline\":\"nox NachtExpress nombra a Dag Jessel como CFO en la direcci\u00f3n\",\"datePublished\":\"2020-09-15T14:01:59+00:00\",\"dateModified\":\"2025-12-15T11:36:52+00:00\",\"mainEntityOfPage\":{\"@id\":\"https:\\\/\\\/loginfo24.com\\\/es\\\/2020\\\/09\\\/15\\\/nox-nachtexpress-nombra-a-dag-jessel-como-cfo-en-la-direccion\\\/\"},\"wordCount\":319,\"commentCount\":0,\"publisher\":{\"@id\":\"https:\\\/\\\/loginfo24.com\\\/es\\\/#organization\"},\"articleSection\":[\"Shipping &amp; Ports\"],\"inLanguage\":\"es\",\"potentialAction\":[{\"@type\":\"CommentAction\",\"name\":\"Comment\",\"target\":[\"https:\\\/\\\/loginfo24.com\\\/es\\\/2020\\\/09\\\/15\\\/nox-nachtexpress-nombra-a-dag-jessel-como-cfo-en-la-direccion\\\/#respond\"]}]},{\"@type\":\"WebPage\",\"@id\":\"https:\\\/\\\/loginfo24.com\\\/es\\\/2020\\\/09\\\/15\\\/nox-nachtexpress-nombra-a-dag-jessel-como-cfo-en-la-direccion\\\/\",\"url\":\"https:\\\/\\\/loginfo24.com\\\/es\\\/2020\\\/09\\\/15\\\/nox-nachtexpress-nombra-a-dag-jessel-como-cfo-en-la-direccion\\\/\",\"name\":\"nox NachtExpress nombra a Dag Jessel como CFO en la direcci\u00f3n - Loginfo24\",\"isPartOf\":{\"@id\":\"https:\\\/\\\/loginfo24.com\\\/es\\\/#website\"},\"datePublished\":\"2020-09-15T14:01:59+00:00\",\"dateModified\":\"2025-12-15T11:36:52+00:00\",\"breadcrumb\":{\"@id\":\"https:\\\/\\\/loginfo24.com\\\/es\\\/2020\\\/09\\\/15\\\/nox-nachtexpress-nombra-a-dag-jessel-como-cfo-en-la-direccion\\\/#breadcrumb\"},\"inLanguage\":\"es\",\"potentialAction\":[{\"@type\":\"ReadAction\",\"target\":[\"https:\\\/\\\/loginfo24.com\\\/es\\\/2020\\\/09\\\/15\\\/nox-nachtexpress-nombra-a-dag-jessel-como-cfo-en-la-direccion\\\/\"]}]},{\"@type\":\"BreadcrumbList\",\"@id\":\"https:\\\/\\\/loginfo24.com\\\/es\\\/2020\\\/09\\\/15\\\/nox-nachtexpress-nombra-a-dag-jessel-como-cfo-en-la-direccion\\\/#breadcrumb\",\"itemListElement\":[{\"@type\":\"ListItem\",\"position\":1,\"name\":\"Startseite\",\"item\":\"https:\\\/\\\/loginfo24.com\\\/es\\\/\"},{\"@type\":\"ListItem\",\"position\":2,\"name\":\"nox NachtExpress nombra a Dag Jessel como CFO en la direcci\u00f3n\"}]},{\"@type\":\"WebSite\",\"@id\":\"https:\\\/\\\/loginfo24.com\\\/es\\\/#website\",\"url\":\"https:\\\/\\\/loginfo24.com\\\/es\\\/\",\"name\":\"Loginfo24\",\"description\":\"Loginfo24 es la plataforma dedicada a la log\u00edstica y las cadenas de suministro con informaci\u00f3n las 24 horas del d\u00eda.\",\"publisher\":{\"@id\":\"https:\\\/\\\/loginfo24.com\\\/es\\\/#organization\"},\"potentialAction\":[{\"@type\":\"SearchAction\",\"target\":{\"@type\":\"EntryPoint\",\"urlTemplate\":\"https:\\\/\\\/loginfo24.com\\\/es\\\/?s={search_term_string}\"},\"query-input\":{\"@type\":\"PropertyValueSpecification\",\"valueRequired\":true,\"valueName\":\"search_term_string\"}}],\"inLanguage\":\"es\"},{\"@type\":\"Organization\",\"@id\":\"https:\\\/\\\/loginfo24.com\\\/es\\\/#organization\",\"name\":\"Grupo Logismedia AG\",\"url\":\"https:\\\/\\\/loginfo24.com\\\/es\\\/\",\"logo\":{\"@type\":\"ImageObject\",\"inLanguage\":\"es\",\"@id\":\"https:\\\/\\\/loginfo24.com\\\/es\\\/#\\\/schema\\\/logo\\\/image\\\/\",\"url\":\"https:\\\/\\\/loginfo24.com\\\/wp-content\\\/uploads\\\/sites\\\/7\\\/2026\\\/01\\\/Logo_LogInfo24.png\",\"contentUrl\":\"https:\\\/\\\/loginfo24.com\\\/wp-content\\\/uploads\\\/sites\\\/7\\\/2026\\\/01\\\/Logo_LogInfo24.png\",\"width\":938,\"height\":351,\"caption\":\"Grupo Logismedia AG\"},\"image\":{\"@id\":\"https:\\\/\\\/loginfo24.com\\\/es\\\/#\\\/schema\\\/logo\\\/image\\\/\"},\"sameAs\":[\"https:\\\/\\\/www.facebook.com\\\/people\\\/Loginfo24\\\/100057360583332\\\/\",\"https:\\\/\\\/www.linkedin.com\\\/company\\\/lofinfo24\\\/\"]}]}<\/script>\n<!-- \/ Yoast SEO plugin. -->","yoast_head_json":{"title":"nox NachtExpress nombra a Dag Jessel como CFO en la direcci\u00f3n - Loginfo24","robots":{"index":"index","follow":"follow","max-snippet":"max-snippet:-1","max-image-preview":"max-image-preview:large","max-video-preview":"max-video-preview:-1"},"canonical":"https:\/\/loginfo24.com\/es\/2020\/09\/15\/nox-nachtexpress-nombra-a-dag-jessel-como-cfo-en-la-direccion\/","og_locale":"es_ES","og_type":"article","og_title":"nox NachtExpress nombra a Dag Jessel como CFO en la direcci\u00f3n - Loginfo24","og_description":"El proveedor de servicios nocturnos expr\u00e9s nox NachtExpress ha nombrado a Dag Jessel como nuevo director financiero. Jessel proviene de E.I.S. Aircraft, donde tambi\u00e9n ha trabajado [\u2026]","og_url":"https:\/\/loginfo24.com\/es\/2020\/09\/15\/nox-nachtexpress-nombra-a-dag-jessel-como-cfo-en-la-direccion\/","og_site_name":"Loginfo24","article_publisher":"https:\/\/www.facebook.com\/people\/Loginfo24\/100057360583332\/","article_published_time":"2020-09-15T14:01:59+00:00","article_modified_time":"2025-12-15T11:36:52+00:00","twitter_card":"summary_large_image","twitter_misc":{"Tiempo de lectura":"2 minuto"},"schema":{"@context":"https:\/\/schema.org","@graph":[{"@type":"Article","@id":"https:\/\/loginfo24.com\/es\/2020\/09\/15\/nox-nachtexpress-nombra-a-dag-jessel-como-cfo-en-la-direccion\/#article","isPartOf":{"@id":"https:\/\/loginfo24.com\/es\/2020\/09\/15\/nox-nachtexpress-nombra-a-dag-jessel-como-cfo-en-la-direccion\/"},"author":{"name":"","@id":""},"headline":"nox NachtExpress nombra a Dag Jessel como CFO en la direcci\u00f3n","datePublished":"2020-09-15T14:01:59+00:00","dateModified":"2025-12-15T11:36:52+00:00","mainEntityOfPage":{"@id":"https:\/\/loginfo24.com\/es\/2020\/09\/15\/nox-nachtexpress-nombra-a-dag-jessel-como-cfo-en-la-direccion\/"},"wordCount":319,"commentCount":0,"publisher":{"@id":"https:\/\/loginfo24.com\/es\/#organization"},"articleSection":["Shipping &amp; Ports"],"inLanguage":"es","potentialAction":[{"@type":"CommentAction","name":"Comment","target":["https:\/\/loginfo24.com\/es\/2020\/09\/15\/nox-nachtexpress-nombra-a-dag-jessel-como-cfo-en-la-direccion\/#respond"]}]},{"@type":"WebPage","@id":"https:\/\/loginfo24.com\/es\/2020\/09\/15\/nox-nachtexpress-nombra-a-dag-jessel-como-cfo-en-la-direccion\/","url":"https:\/\/loginfo24.com\/es\/2020\/09\/15\/nox-nachtexpress-nombra-a-dag-jessel-como-cfo-en-la-direccion\/","name":"nox NachtExpress nombra a Dag Jessel como CFO en la direcci\u00f3n - Loginfo24","isPartOf":{"@id":"https:\/\/loginfo24.com\/es\/#website"},"datePublished":"2020-09-15T14:01:59+00:00","dateModified":"2025-12-15T11:36:52+00:00","breadcrumb":{"@id":"https:\/\/loginfo24.com\/es\/2020\/09\/15\/nox-nachtexpress-nombra-a-dag-jessel-como-cfo-en-la-direccion\/#breadcrumb"},"inLanguage":"es","potentialAction":[{"@type":"ReadAction","target":["https:\/\/loginfo24.com\/es\/2020\/09\/15\/nox-nachtexpress-nombra-a-dag-jessel-como-cfo-en-la-direccion\/"]}]},{"@type":"BreadcrumbList","@id":"https:\/\/loginfo24.com\/es\/2020\/09\/15\/nox-nachtexpress-nombra-a-dag-jessel-como-cfo-en-la-direccion\/#breadcrumb","itemListElement":[{"@type":"ListItem","position":1,"name":"Startseite","item":"https:\/\/loginfo24.com\/es\/"},{"@type":"ListItem","position":2,"name":"nox NachtExpress nombra a Dag Jessel como CFO en la direcci\u00f3n"}]},{"@type":"WebSite","@id":"https:\/\/loginfo24.com\/es\/#website","url":"https:\/\/loginfo24.com\/es\/","name":"Loginfo24","description":"Loginfo24 es la plataforma dedicada a la log\u00edstica y las cadenas de suministro con informaci\u00f3n las 24 horas del d\u00eda.","publisher":{"@id":"https:\/\/loginfo24.com\/es\/#organization"},"potentialAction":[{"@type":"SearchAction","target":{"@type":"EntryPoint","urlTemplate":"https:\/\/loginfo24.com\/es\/?s={search_term_string}"},"query-input":{"@type":"PropertyValueSpecification","valueRequired":true,"valueName":"search_term_string"}}],"inLanguage":"es"},{"@type":"Organization","@id":"https:\/\/loginfo24.com\/es\/#organization","name":"Grupo Logismedia AG","url":"https:\/\/loginfo24.com\/es\/","logo":{"@type":"ImageObject","inLanguage":"es","@id":"https:\/\/loginfo24.com\/es\/#\/schema\/logo\/image\/","url":"https:\/\/loginfo24.com\/wp-content\/uploads\/sites\/7\/2026\/01\/Logo_LogInfo24.png","contentUrl":"https:\/\/loginfo24.com\/wp-content\/uploads\/sites\/7\/2026\/01\/Logo_LogInfo24.png","width":938,"height":351,"caption":"Grupo Logismedia AG"},"image":{"@id":"https:\/\/loginfo24.com\/es\/#\/schema\/logo\/image\/"},"sameAs":["https:\/\/www.facebook.com\/people\/Loginfo24\/100057360583332\/","https:\/\/www.linkedin.com\/company\/lofinfo24\/"]}]}},"_links":{"self":[{"href":"https:\/\/loginfo24.com\/es\/wp-json\/wp\/v2\/posts\/19783","targetHints":{"allow":["GET"]}}],"collection":[{"href":"https:\/\/loginfo24.com\/es\/wp-json\/wp\/v2\/posts"}],"about":[{"href":"https:\/\/loginfo24.com\/es\/wp-json\/wp\/v2\/types\/post"}],"replies":[{"embeddable":true,"href":"https:\/\/loginfo24.com\/es\/wp-json\/wp\/v2\/comments?post=19783"}],"version-history":[{"count":1,"href":"https:\/\/loginfo24.com\/es\/wp-json\/wp\/v2\/posts\/19783\/revisions"}],"predecessor-version":[{"id":35828,"href":"https:\/\/loginfo24.com\/es\/wp-json\/wp\/v2\/posts\/19783\/revisions\/35828"}],"wp:attachment":[{"href":"https:\/\/loginfo24.com\/es\/wp-json\/wp\/v2\/media?parent=19783"}],"wp:term":[{"taxonomy":"category","embeddable":true,"href":"https:\/\/loginfo24.com\/es\/wp-json\/wp\/v2\/categories?post=19783"},{"taxonomy":"post_tag","embeddable":true,"href":"https:\/\/loginfo24.com\/es\/wp-json\/wp\/v2\/tags?post=19783"}],"curies":[{"name":"wp","href":"https:\/\/api.w.org\/{rel}","templated":true}]}}