{"id":19399,"date":"2020-08-31T07:00:55","date_gmt":"2020-08-31T05:00:55","guid":{"rendered":"https:\/\/blog.brand-architecture.at\/2020\/08\/31\/bremenports-con-luces-y-sombras-en-el-primer-semestre-de-2020\/"},"modified":"2025-12-15T12:35:12","modified_gmt":"2025-12-15T11:35:12","slug":"bremenports-con-luces-y-sombras-en-el-primer-semestre-de-2020","status":"publish","type":"post","link":"https:\/\/loginfo24.com\/es\/2020\/08\/31\/bremenports-con-luces-y-sombras-en-el-primer-semestre-de-2020\/","title":{"rendered":"bremenports con luces y sombras en el primer semestre de 2020"},"content":{"rendered":"<p>bremenports ha superado la pandemia de Corona mejor de lo que se tem\u00eda. El volumen total de carga disminuy\u00f3 un 4,3 por ciento en el primer semestre, pero Bremerhaven pudo aumentar ligeramente el volumen de carga mar\u00edtima en un 0,8 por ciento.<\/p>\n<p>(Bremen\/Bremerhaven) Luces y sombras en los puertos de Bremen. A pesar de la pandemia de Covid-19, los puertos de Bremen pudieron mantenerse estables en el mercado y registraron disminuciones de carga significativamente menores de lo que se tem\u00eda al inicio de la pandemia. Aunque el volumen total de carga en el primer semestre de 2020 disminuy\u00f3 un 4,3 por ciento en comparaci\u00f3n con el mismo per\u00edodo del a\u00f1o anterior, Bremerhaven, sin embargo, pudo aumentar ligeramente el volumen de carga mar\u00edtima en un 0,8 por ciento a pesar de la situaci\u00f3n desafiante.<\/p>\n<p>La senadora de Ciencia y Puertos, Dra. Claudia Schilling: \u00abSi analizamos los n\u00fameros en detalle, vemos una imagen muy diferenciada. Mientras que el volumen de carga de autom\u00f3viles disminuye dr\u00e1sticamente debido a la pandemia, la disminuci\u00f3n en el volumen de carga de contenedores es, por ejemplo, significativamente menor de lo esperado. Sin embargo, los n\u00fameros tambi\u00e9n muestran que nuestros puertos est\u00e1n en un estado robusto en general. Ahora es importante mantener la capacidad de los puertos a trav\u00e9s de inversiones en la infraestructura portuaria y mejorarla a\u00fan m\u00e1s.\u00bb<\/p>\n<h5>El volumen de carga de autom\u00f3viles debe soportar<\/h5>\n<p>El volumen de carga de contenedores fue de 2,3 millones de TEU en el primer semestre. En comparaci\u00f3n con los primeros seis meses del a\u00f1o pasado, esto representa una disminuci\u00f3n del 4,8 por ciento. El volumen de carga de autom\u00f3viles se qued\u00f3 atr\u00e1s con 695,000 veh\u00edculos manipulados (lo que equivale a una disminuci\u00f3n del 36,3 por ciento) en comparaci\u00f3n con el a\u00f1o anterior.<\/p>\n<p>Los n\u00fameros tambi\u00e9n deben considerarse de manera diferenciada en el sector de granel. Aunque el granel registr\u00f3 una disminuci\u00f3n del 18,2 por ciento a 3,9 millones de toneladas, el volumen de carga de granel l\u00edquido aument\u00f3 un 6,8 por ciento a 1,07 millones de toneladas, as\u00ed como la descarga de cereales y piensos en un 8,8 por ciento a 271,000 toneladas. Tambi\u00e9n hubo un ligero aumento del 1,6 por ciento en los buques de carga. En el primer semestre, 2691 cargueros visitaron los puertos de Bremen.<\/p>\n<h4><strong><a href=\"https:\/\/bremenports.de\/statistiken\/\" target=\"_blank\" rel=\"noopener noreferrer\">El primer semestre de 2020 de bremenports en detalle<\/a><\/strong><\/h4>\n<p>Foto: \u00a9 bremenports<\/p>\n<p><a href=\"https:\/\/www.bremenports.de\" target=\"_blank\" rel=\"noopener noreferrer\">www.bremenports.de<\/a><\/p>\n","protected":false},"excerpt":{"rendered":"<p>bremenports ha superado la pandemia de Corona mejor de lo que se tem\u00eda. El volumen total de carga disminuy\u00f3 un 4,3 por ciento en el primer<span class=\"excerpt-hellip\"> [\u2026]<\/span><\/p>\n","protected":false},"author":0,"featured_media":0,"comment_status":"open","ping_status":"open","sticky":false,"template":"","format":"standard","meta":{"_acf_changed":false,"footnotes":""},"categories":[1557,1561,1559],"tags":[],"class_list":["post-19399","post","type-post","status-publish","format-standard","hentry","category-forwarding-logistics","category-regions","category-shipping-ports"],"acf":[],"yoast_head":"<!-- This site is optimized with the Yoast SEO plugin v27.3 - https:\/\/yoast.com\/product\/yoast-seo-wordpress\/ -->\n<title>bremenports con luces y sombras en el primer semestre de 2020 - Loginfo24<\/title>\n<meta name=\"robots\" content=\"index, follow, max-snippet:-1, max-image-preview:large, max-video-preview:-1\" \/>\n<link rel=\"canonical\" href=\"https:\/\/loginfo24.com\/es\/2020\/08\/31\/bremenports-con-luces-y-sombras-en-el-primer-semestre-de-2020\/\" \/>\n<meta property=\"og:locale\" content=\"es_ES\" \/>\n<meta property=\"og:type\" content=\"article\" \/>\n<meta property=\"og:title\" content=\"bremenports con luces y sombras en el primer semestre de 2020 - Loginfo24\" \/>\n<meta property=\"og:description\" content=\"bremenports ha superado la pandemia de Corona mejor de lo que se tem\u00eda. El volumen total de carga disminuy\u00f3 un 4,3 por ciento en el primer [\u2026]\" \/>\n<meta property=\"og:url\" content=\"https:\/\/loginfo24.com\/es\/2020\/08\/31\/bremenports-con-luces-y-sombras-en-el-primer-semestre-de-2020\/\" \/>\n<meta property=\"og:site_name\" content=\"Loginfo24\" \/>\n<meta property=\"article:publisher\" content=\"https:\/\/www.facebook.com\/people\/Loginfo24\/100057360583332\/\" \/>\n<meta property=\"article:published_time\" content=\"2020-08-31T05:00:55+00:00\" \/>\n<meta property=\"article:modified_time\" content=\"2025-12-15T11:35:12+00:00\" \/>\n<meta name=\"twitter:card\" content=\"summary_large_image\" \/>\n<meta name=\"twitter:label1\" content=\"Tiempo de lectura\" \/>\n\t<meta name=\"twitter:data1\" content=\"2 minuto\" \/>\n<script type=\"application\/ld+json\" class=\"yoast-schema-graph\">{\"@context\":\"https:\\\/\\\/schema.org\",\"@graph\":[{\"@type\":\"Article\",\"@id\":\"https:\\\/\\\/loginfo24.com\\\/es\\\/2020\\\/08\\\/31\\\/bremenports-con-luces-y-sombras-en-el-primer-semestre-de-2020\\\/#article\",\"isPartOf\":{\"@id\":\"https:\\\/\\\/loginfo24.com\\\/es\\\/2020\\\/08\\\/31\\\/bremenports-con-luces-y-sombras-en-el-primer-semestre-de-2020\\\/\"},\"author\":{\"name\":\"\",\"@id\":\"\"},\"headline\":\"bremenports con luces y sombras en el primer semestre de 2020\",\"datePublished\":\"2020-08-31T05:00:55+00:00\",\"dateModified\":\"2025-12-15T11:35:12+00:00\",\"mainEntityOfPage\":{\"@id\":\"https:\\\/\\\/loginfo24.com\\\/es\\\/2020\\\/08\\\/31\\\/bremenports-con-luces-y-sombras-en-el-primer-semestre-de-2020\\\/\"},\"wordCount\":418,\"commentCount\":0,\"publisher\":{\"@id\":\"https:\\\/\\\/loginfo24.com\\\/es\\\/#organization\"},\"articleSection\":[\"Forwarding &amp; Logistics\",\"Regions\",\"Shipping &amp; Ports\"],\"inLanguage\":\"es\",\"potentialAction\":[{\"@type\":\"CommentAction\",\"name\":\"Comment\",\"target\":[\"https:\\\/\\\/loginfo24.com\\\/es\\\/2020\\\/08\\\/31\\\/bremenports-con-luces-y-sombras-en-el-primer-semestre-de-2020\\\/#respond\"]}]},{\"@type\":\"WebPage\",\"@id\":\"https:\\\/\\\/loginfo24.com\\\/es\\\/2020\\\/08\\\/31\\\/bremenports-con-luces-y-sombras-en-el-primer-semestre-de-2020\\\/\",\"url\":\"https:\\\/\\\/loginfo24.com\\\/es\\\/2020\\\/08\\\/31\\\/bremenports-con-luces-y-sombras-en-el-primer-semestre-de-2020\\\/\",\"name\":\"bremenports con luces y sombras en el primer semestre de 2020 - Loginfo24\",\"isPartOf\":{\"@id\":\"https:\\\/\\\/loginfo24.com\\\/es\\\/#website\"},\"datePublished\":\"2020-08-31T05:00:55+00:00\",\"dateModified\":\"2025-12-15T11:35:12+00:00\",\"breadcrumb\":{\"@id\":\"https:\\\/\\\/loginfo24.com\\\/es\\\/2020\\\/08\\\/31\\\/bremenports-con-luces-y-sombras-en-el-primer-semestre-de-2020\\\/#breadcrumb\"},\"inLanguage\":\"es\",\"potentialAction\":[{\"@type\":\"ReadAction\",\"target\":[\"https:\\\/\\\/loginfo24.com\\\/es\\\/2020\\\/08\\\/31\\\/bremenports-con-luces-y-sombras-en-el-primer-semestre-de-2020\\\/\"]}]},{\"@type\":\"BreadcrumbList\",\"@id\":\"https:\\\/\\\/loginfo24.com\\\/es\\\/2020\\\/08\\\/31\\\/bremenports-con-luces-y-sombras-en-el-primer-semestre-de-2020\\\/#breadcrumb\",\"itemListElement\":[{\"@type\":\"ListItem\",\"position\":1,\"name\":\"Startseite\",\"item\":\"https:\\\/\\\/loginfo24.com\\\/es\\\/\"},{\"@type\":\"ListItem\",\"position\":2,\"name\":\"bremenports con luces y sombras en el primer semestre de 2020\"}]},{\"@type\":\"WebSite\",\"@id\":\"https:\\\/\\\/loginfo24.com\\\/es\\\/#website\",\"url\":\"https:\\\/\\\/loginfo24.com\\\/es\\\/\",\"name\":\"Loginfo24\",\"description\":\"Loginfo24 es la plataforma dedicada a la log\u00edstica y las cadenas de suministro con informaci\u00f3n las 24 horas del d\u00eda.\",\"publisher\":{\"@id\":\"https:\\\/\\\/loginfo24.com\\\/es\\\/#organization\"},\"potentialAction\":[{\"@type\":\"SearchAction\",\"target\":{\"@type\":\"EntryPoint\",\"urlTemplate\":\"https:\\\/\\\/loginfo24.com\\\/es\\\/?s={search_term_string}\"},\"query-input\":{\"@type\":\"PropertyValueSpecification\",\"valueRequired\":true,\"valueName\":\"search_term_string\"}}],\"inLanguage\":\"es\"},{\"@type\":\"Organization\",\"@id\":\"https:\\\/\\\/loginfo24.com\\\/es\\\/#organization\",\"name\":\"Grupo Logismedia AG\",\"url\":\"https:\\\/\\\/loginfo24.com\\\/es\\\/\",\"logo\":{\"@type\":\"ImageObject\",\"inLanguage\":\"es\",\"@id\":\"https:\\\/\\\/loginfo24.com\\\/es\\\/#\\\/schema\\\/logo\\\/image\\\/\",\"url\":\"https:\\\/\\\/loginfo24.com\\\/wp-content\\\/uploads\\\/sites\\\/7\\\/2026\\\/01\\\/Logo_LogInfo24.png\",\"contentUrl\":\"https:\\\/\\\/loginfo24.com\\\/wp-content\\\/uploads\\\/sites\\\/7\\\/2026\\\/01\\\/Logo_LogInfo24.png\",\"width\":938,\"height\":351,\"caption\":\"Grupo Logismedia AG\"},\"image\":{\"@id\":\"https:\\\/\\\/loginfo24.com\\\/es\\\/#\\\/schema\\\/logo\\\/image\\\/\"},\"sameAs\":[\"https:\\\/\\\/www.facebook.com\\\/people\\\/Loginfo24\\\/100057360583332\\\/\",\"https:\\\/\\\/www.linkedin.com\\\/company\\\/lofinfo24\\\/\"]}]}<\/script>\n<!-- \/ Yoast SEO plugin. -->","yoast_head_json":{"title":"bremenports con luces y sombras en el primer semestre de 2020 - Loginfo24","robots":{"index":"index","follow":"follow","max-snippet":"max-snippet:-1","max-image-preview":"max-image-preview:large","max-video-preview":"max-video-preview:-1"},"canonical":"https:\/\/loginfo24.com\/es\/2020\/08\/31\/bremenports-con-luces-y-sombras-en-el-primer-semestre-de-2020\/","og_locale":"es_ES","og_type":"article","og_title":"bremenports con luces y sombras en el primer semestre de 2020 - Loginfo24","og_description":"bremenports ha superado la pandemia de Corona mejor de lo que se tem\u00eda. El volumen total de carga disminuy\u00f3 un 4,3 por ciento en el primer [\u2026]","og_url":"https:\/\/loginfo24.com\/es\/2020\/08\/31\/bremenports-con-luces-y-sombras-en-el-primer-semestre-de-2020\/","og_site_name":"Loginfo24","article_publisher":"https:\/\/www.facebook.com\/people\/Loginfo24\/100057360583332\/","article_published_time":"2020-08-31T05:00:55+00:00","article_modified_time":"2025-12-15T11:35:12+00:00","twitter_card":"summary_large_image","twitter_misc":{"Tiempo de lectura":"2 minuto"},"schema":{"@context":"https:\/\/schema.org","@graph":[{"@type":"Article","@id":"https:\/\/loginfo24.com\/es\/2020\/08\/31\/bremenports-con-luces-y-sombras-en-el-primer-semestre-de-2020\/#article","isPartOf":{"@id":"https:\/\/loginfo24.com\/es\/2020\/08\/31\/bremenports-con-luces-y-sombras-en-el-primer-semestre-de-2020\/"},"author":{"name":"","@id":""},"headline":"bremenports con luces y sombras en el primer semestre de 2020","datePublished":"2020-08-31T05:00:55+00:00","dateModified":"2025-12-15T11:35:12+00:00","mainEntityOfPage":{"@id":"https:\/\/loginfo24.com\/es\/2020\/08\/31\/bremenports-con-luces-y-sombras-en-el-primer-semestre-de-2020\/"},"wordCount":418,"commentCount":0,"publisher":{"@id":"https:\/\/loginfo24.com\/es\/#organization"},"articleSection":["Forwarding &amp; Logistics","Regions","Shipping &amp; Ports"],"inLanguage":"es","potentialAction":[{"@type":"CommentAction","name":"Comment","target":["https:\/\/loginfo24.com\/es\/2020\/08\/31\/bremenports-con-luces-y-sombras-en-el-primer-semestre-de-2020\/#respond"]}]},{"@type":"WebPage","@id":"https:\/\/loginfo24.com\/es\/2020\/08\/31\/bremenports-con-luces-y-sombras-en-el-primer-semestre-de-2020\/","url":"https:\/\/loginfo24.com\/es\/2020\/08\/31\/bremenports-con-luces-y-sombras-en-el-primer-semestre-de-2020\/","name":"bremenports con luces y sombras en el primer semestre de 2020 - Loginfo24","isPartOf":{"@id":"https:\/\/loginfo24.com\/es\/#website"},"datePublished":"2020-08-31T05:00:55+00:00","dateModified":"2025-12-15T11:35:12+00:00","breadcrumb":{"@id":"https:\/\/loginfo24.com\/es\/2020\/08\/31\/bremenports-con-luces-y-sombras-en-el-primer-semestre-de-2020\/#breadcrumb"},"inLanguage":"es","potentialAction":[{"@type":"ReadAction","target":["https:\/\/loginfo24.com\/es\/2020\/08\/31\/bremenports-con-luces-y-sombras-en-el-primer-semestre-de-2020\/"]}]},{"@type":"BreadcrumbList","@id":"https:\/\/loginfo24.com\/es\/2020\/08\/31\/bremenports-con-luces-y-sombras-en-el-primer-semestre-de-2020\/#breadcrumb","itemListElement":[{"@type":"ListItem","position":1,"name":"Startseite","item":"https:\/\/loginfo24.com\/es\/"},{"@type":"ListItem","position":2,"name":"bremenports con luces y sombras en el primer semestre de 2020"}]},{"@type":"WebSite","@id":"https:\/\/loginfo24.com\/es\/#website","url":"https:\/\/loginfo24.com\/es\/","name":"Loginfo24","description":"Loginfo24 es la plataforma dedicada a la log\u00edstica y las cadenas de suministro con informaci\u00f3n las 24 horas del d\u00eda.","publisher":{"@id":"https:\/\/loginfo24.com\/es\/#organization"},"potentialAction":[{"@type":"SearchAction","target":{"@type":"EntryPoint","urlTemplate":"https:\/\/loginfo24.com\/es\/?s={search_term_string}"},"query-input":{"@type":"PropertyValueSpecification","valueRequired":true,"valueName":"search_term_string"}}],"inLanguage":"es"},{"@type":"Organization","@id":"https:\/\/loginfo24.com\/es\/#organization","name":"Grupo Logismedia AG","url":"https:\/\/loginfo24.com\/es\/","logo":{"@type":"ImageObject","inLanguage":"es","@id":"https:\/\/loginfo24.com\/es\/#\/schema\/logo\/image\/","url":"https:\/\/loginfo24.com\/wp-content\/uploads\/sites\/7\/2026\/01\/Logo_LogInfo24.png","contentUrl":"https:\/\/loginfo24.com\/wp-content\/uploads\/sites\/7\/2026\/01\/Logo_LogInfo24.png","width":938,"height":351,"caption":"Grupo Logismedia AG"},"image":{"@id":"https:\/\/loginfo24.com\/es\/#\/schema\/logo\/image\/"},"sameAs":["https:\/\/www.facebook.com\/people\/Loginfo24\/100057360583332\/","https:\/\/www.linkedin.com\/company\/lofinfo24\/"]}]}},"_links":{"self":[{"href":"https:\/\/loginfo24.com\/es\/wp-json\/wp\/v2\/posts\/19399","targetHints":{"allow":["GET"]}}],"collection":[{"href":"https:\/\/loginfo24.com\/es\/wp-json\/wp\/v2\/posts"}],"about":[{"href":"https:\/\/loginfo24.com\/es\/wp-json\/wp\/v2\/types\/post"}],"replies":[{"embeddable":true,"href":"https:\/\/loginfo24.com\/es\/wp-json\/wp\/v2\/comments?post=19399"}],"version-history":[{"count":1,"href":"https:\/\/loginfo24.com\/es\/wp-json\/wp\/v2\/posts\/19399\/revisions"}],"predecessor-version":[{"id":35086,"href":"https:\/\/loginfo24.com\/es\/wp-json\/wp\/v2\/posts\/19399\/revisions\/35086"}],"wp:attachment":[{"href":"https:\/\/loginfo24.com\/es\/wp-json\/wp\/v2\/media?parent=19399"}],"wp:term":[{"taxonomy":"category","embeddable":true,"href":"https:\/\/loginfo24.com\/es\/wp-json\/wp\/v2\/categories?post=19399"},{"taxonomy":"post_tag","embeddable":true,"href":"https:\/\/loginfo24.com\/es\/wp-json\/wp\/v2\/tags?post=19399"}],"curies":[{"name":"wp","href":"https:\/\/api.w.org\/{rel}","templated":true}]}}