{"id":19302,"date":"2020-08-25T07:59:55","date_gmt":"2020-08-25T05:59:55","guid":{"rendered":"https:\/\/blog.brand-architecture.at\/2020\/08\/25\/biek-exige-la-correccion-del-ultimo-aumento-de-tarifas-de-cartas-de-deutsche-post\/"},"modified":"2025-12-15T12:34:51","modified_gmt":"2025-12-15T11:34:51","slug":"biek-exige-la-correccion-del-ultimo-aumento-de-tarifas-de-cartas-de-deutsche-post","status":"publish","type":"post","link":"https:\/\/loginfo24.com\/es\/2020\/08\/25\/biek-exige-la-correccion-del-ultimo-aumento-de-tarifas-de-cartas-de-deutsche-post\/","title":{"rendered":"BIEK exige la correcci\u00f3n del \u00faltimo aumento de tarifas de cartas de Deutsche Post"},"content":{"rendered":"<p>El sindicato de paquetes BIEK (Asociaci\u00f3n Federal de Paquetes y Log\u00edstica Expr\u00e9s) considera que la tarifa de cartas de Deutsche Post es demasiado alta y, por lo tanto, ha solicitado a la Agencia Federal de Redes (BNetzA) que corrija el \u00faltimo aumento de tarifas de cartas.<\/p>\n<p>(Berl\u00edn) El sindicato de paquetes BIEK (Asociaci\u00f3n Federal de Paquetes y Log\u00edstica Expr\u00e9s) ha solicitado a la Agencia Federal de Redes (BNetzA) que corrija el \u00faltimo aumento de tarifas de cartas. La base es un fallo del Tribunal Administrativo Federal del 27.05.2020, que BIEK logr\u00f3. En este fallo, el tribunal administrativo m\u00e1s alto de Alemania declar\u00f3 ilegal el aumento de tarifas para el per\u00edodo de 2016 a 2018. La BNetzA es responsable de la aprobaci\u00f3n de los aumentos de tarifas de Deutsche Post (DPAG). Esta hab\u00eda establecido, por orden del gobierno federal, criterios inapropiados para la aprobaci\u00f3n. As\u00ed, para determinar la ganancia considerada de DPAG, se bas\u00f3 en los altos m\u00e1rgenes de beneficio de empresas monopolistas estatales extranjeras anteriores. En cambio, habr\u00eda sido correcto medir la ganancia de DPAG seg\u00fan el bajo riesgo empresarial que enfrenta. <\/p>\n<h5>Tarifa de cartas actual ilegal<\/h5>\n<p> \u00abDespu\u00e9s del fallo, est\u00e1 claro que la tarifa de cartas actual tambi\u00e9n es ilegal\u00bb, dice Marten Bosselmann, presidente de BIEK. El aumento de tarifas para el per\u00edodo de 2019 a 2021 se aprob\u00f3 sobre una base comparable a la anterior. BIEK exige a BNetzA que retire la aprobaci\u00f3n vigente y ajuste la tarifa de cartas. \u00abNo puede ser\u00bb, dice Bosselmann, \u00abque los consumidores sigan pagando hasta 2021 una tarifa ilegal que est\u00e1 comprobadamente sobrevalorada.\u00bb <\/p>\n<h5>Financiaci\u00f3n de productos de paquetes a trav\u00e9s de tarifas de cartas<\/h5>\n<p> Otro error que BIEK hab\u00eda se\u00f1alado en el marco de su demanda debe corregirse: la aprobaci\u00f3n de tarifas vigente permite a DPAG financiar los costos de sus productos de paquetes a trav\u00e9s de las tarifas de cartas. De este modo, Deutsche Post puede reducir los precios de los paquetes y distorsionar la competencia en los mercados de paquetes. El fallo del Tribunal Administrativo Federal muestra, dice Marten Bosselmann, que el marco legal y regulatorio para el mercado postal debe adaptarse urgentemente: \u00abPor un lado, BNetzA debe ajustar de inmediato la aprobaci\u00f3n de tarifas para aliviar a los consumidores y garantizar un trato equitativo en el mercado de paquetes. Por otro lado, el gobierno federal tiene la responsabilidad de modernizar finalmente la ley postal y fortalecer la competencia, tambi\u00e9n en inter\u00e9s de servicios m\u00e1s amigables para los consumidores.\u00bb Foto: \u00a9 Adobe Stock <a href=\"https:\/\/www.biek.de\" target=\"_blank\" rel=\"noopener noreferrer\">www.biek.de<\/a><\/p>\n","protected":false},"excerpt":{"rendered":"<p>El sindicato de paquetes BIEK (Asociaci\u00f3n Federal de Paquetes y Log\u00edstica Expr\u00e9s) considera que la tarifa de cartas de Deutsche Post es demasiado alta y, por<span class=\"excerpt-hellip\"> [\u2026]<\/span><\/p>\n","protected":false},"author":0,"featured_media":0,"comment_status":"open","ping_status":"open","sticky":false,"template":"","format":"standard","meta":{"_acf_changed":false,"footnotes":""},"categories":[1557,1561],"tags":[],"class_list":["post-19302","post","type-post","status-publish","format-standard","hentry","category-forwarding-logistics","category-regions"],"acf":[],"yoast_head":"<!-- This site is optimized with the Yoast SEO plugin v27.3 - https:\/\/yoast.com\/product\/yoast-seo-wordpress\/ -->\n<title>BIEK exige la correcci\u00f3n del \u00faltimo aumento de tarifas de cartas de Deutsche Post - Loginfo24<\/title>\n<meta name=\"robots\" content=\"index, follow, max-snippet:-1, max-image-preview:large, max-video-preview:-1\" \/>\n<link rel=\"canonical\" href=\"https:\/\/loginfo24.com\/es\/2020\/08\/25\/biek-exige-la-correccion-del-ultimo-aumento-de-tarifas-de-cartas-de-deutsche-post\/\" \/>\n<meta property=\"og:locale\" content=\"es_ES\" \/>\n<meta property=\"og:type\" content=\"article\" \/>\n<meta property=\"og:title\" content=\"BIEK exige la correcci\u00f3n del \u00faltimo aumento de tarifas de cartas de Deutsche Post - Loginfo24\" \/>\n<meta property=\"og:description\" content=\"El sindicato de paquetes BIEK (Asociaci\u00f3n Federal de Paquetes y Log\u00edstica Expr\u00e9s) considera que la tarifa de cartas de Deutsche Post es demasiado alta y, por [\u2026]\" \/>\n<meta property=\"og:url\" content=\"https:\/\/loginfo24.com\/es\/2020\/08\/25\/biek-exige-la-correccion-del-ultimo-aumento-de-tarifas-de-cartas-de-deutsche-post\/\" \/>\n<meta property=\"og:site_name\" content=\"Loginfo24\" \/>\n<meta property=\"article:publisher\" content=\"https:\/\/www.facebook.com\/people\/Loginfo24\/100057360583332\/\" \/>\n<meta property=\"article:published_time\" content=\"2020-08-25T05:59:55+00:00\" \/>\n<meta property=\"article:modified_time\" content=\"2025-12-15T11:34:51+00:00\" \/>\n<meta name=\"twitter:card\" content=\"summary_large_image\" \/>\n<meta name=\"twitter:label1\" content=\"Tiempo de lectura\" \/>\n\t<meta name=\"twitter:data1\" content=\"2 minuto\" \/>\n<script type=\"application\/ld+json\" class=\"yoast-schema-graph\">{\"@context\":\"https:\\\/\\\/schema.org\",\"@graph\":[{\"@type\":\"Article\",\"@id\":\"https:\\\/\\\/loginfo24.com\\\/es\\\/2020\\\/08\\\/25\\\/biek-exige-la-correccion-del-ultimo-aumento-de-tarifas-de-cartas-de-deutsche-post\\\/#article\",\"isPartOf\":{\"@id\":\"https:\\\/\\\/loginfo24.com\\\/es\\\/2020\\\/08\\\/25\\\/biek-exige-la-correccion-del-ultimo-aumento-de-tarifas-de-cartas-de-deutsche-post\\\/\"},\"author\":{\"name\":\"\",\"@id\":\"\"},\"headline\":\"BIEK exige la correcci\u00f3n del \u00faltimo aumento de tarifas de cartas de Deutsche Post\",\"datePublished\":\"2020-08-25T05:59:55+00:00\",\"dateModified\":\"2025-12-15T11:34:51+00:00\",\"mainEntityOfPage\":{\"@id\":\"https:\\\/\\\/loginfo24.com\\\/es\\\/2020\\\/08\\\/25\\\/biek-exige-la-correccion-del-ultimo-aumento-de-tarifas-de-cartas-de-deutsche-post\\\/\"},\"wordCount\":453,\"commentCount\":0,\"publisher\":{\"@id\":\"https:\\\/\\\/loginfo24.com\\\/es\\\/#organization\"},\"articleSection\":[\"Forwarding &amp; Logistics\",\"Regions\"],\"inLanguage\":\"es\",\"potentialAction\":[{\"@type\":\"CommentAction\",\"name\":\"Comment\",\"target\":[\"https:\\\/\\\/loginfo24.com\\\/es\\\/2020\\\/08\\\/25\\\/biek-exige-la-correccion-del-ultimo-aumento-de-tarifas-de-cartas-de-deutsche-post\\\/#respond\"]}]},{\"@type\":\"WebPage\",\"@id\":\"https:\\\/\\\/loginfo24.com\\\/es\\\/2020\\\/08\\\/25\\\/biek-exige-la-correccion-del-ultimo-aumento-de-tarifas-de-cartas-de-deutsche-post\\\/\",\"url\":\"https:\\\/\\\/loginfo24.com\\\/es\\\/2020\\\/08\\\/25\\\/biek-exige-la-correccion-del-ultimo-aumento-de-tarifas-de-cartas-de-deutsche-post\\\/\",\"name\":\"BIEK exige la correcci\u00f3n del \u00faltimo aumento de tarifas de cartas de Deutsche Post - Loginfo24\",\"isPartOf\":{\"@id\":\"https:\\\/\\\/loginfo24.com\\\/es\\\/#website\"},\"datePublished\":\"2020-08-25T05:59:55+00:00\",\"dateModified\":\"2025-12-15T11:34:51+00:00\",\"breadcrumb\":{\"@id\":\"https:\\\/\\\/loginfo24.com\\\/es\\\/2020\\\/08\\\/25\\\/biek-exige-la-correccion-del-ultimo-aumento-de-tarifas-de-cartas-de-deutsche-post\\\/#breadcrumb\"},\"inLanguage\":\"es\",\"potentialAction\":[{\"@type\":\"ReadAction\",\"target\":[\"https:\\\/\\\/loginfo24.com\\\/es\\\/2020\\\/08\\\/25\\\/biek-exige-la-correccion-del-ultimo-aumento-de-tarifas-de-cartas-de-deutsche-post\\\/\"]}]},{\"@type\":\"BreadcrumbList\",\"@id\":\"https:\\\/\\\/loginfo24.com\\\/es\\\/2020\\\/08\\\/25\\\/biek-exige-la-correccion-del-ultimo-aumento-de-tarifas-de-cartas-de-deutsche-post\\\/#breadcrumb\",\"itemListElement\":[{\"@type\":\"ListItem\",\"position\":1,\"name\":\"Startseite\",\"item\":\"https:\\\/\\\/loginfo24.com\\\/es\\\/\"},{\"@type\":\"ListItem\",\"position\":2,\"name\":\"BIEK exige la correcci\u00f3n del \u00faltimo aumento de tarifas de cartas de Deutsche Post\"}]},{\"@type\":\"WebSite\",\"@id\":\"https:\\\/\\\/loginfo24.com\\\/es\\\/#website\",\"url\":\"https:\\\/\\\/loginfo24.com\\\/es\\\/\",\"name\":\"Loginfo24\",\"description\":\"Loginfo24 es la plataforma dedicada a la log\u00edstica y las cadenas de suministro con informaci\u00f3n las 24 horas del d\u00eda.\",\"publisher\":{\"@id\":\"https:\\\/\\\/loginfo24.com\\\/es\\\/#organization\"},\"potentialAction\":[{\"@type\":\"SearchAction\",\"target\":{\"@type\":\"EntryPoint\",\"urlTemplate\":\"https:\\\/\\\/loginfo24.com\\\/es\\\/?s={search_term_string}\"},\"query-input\":{\"@type\":\"PropertyValueSpecification\",\"valueRequired\":true,\"valueName\":\"search_term_string\"}}],\"inLanguage\":\"es\"},{\"@type\":\"Organization\",\"@id\":\"https:\\\/\\\/loginfo24.com\\\/es\\\/#organization\",\"name\":\"Grupo Logismedia AG\",\"url\":\"https:\\\/\\\/loginfo24.com\\\/es\\\/\",\"logo\":{\"@type\":\"ImageObject\",\"inLanguage\":\"es\",\"@id\":\"https:\\\/\\\/loginfo24.com\\\/es\\\/#\\\/schema\\\/logo\\\/image\\\/\",\"url\":\"https:\\\/\\\/loginfo24.com\\\/wp-content\\\/uploads\\\/sites\\\/7\\\/2026\\\/01\\\/Logo_LogInfo24.png\",\"contentUrl\":\"https:\\\/\\\/loginfo24.com\\\/wp-content\\\/uploads\\\/sites\\\/7\\\/2026\\\/01\\\/Logo_LogInfo24.png\",\"width\":938,\"height\":351,\"caption\":\"Grupo Logismedia AG\"},\"image\":{\"@id\":\"https:\\\/\\\/loginfo24.com\\\/es\\\/#\\\/schema\\\/logo\\\/image\\\/\"},\"sameAs\":[\"https:\\\/\\\/www.facebook.com\\\/people\\\/Loginfo24\\\/100057360583332\\\/\",\"https:\\\/\\\/www.linkedin.com\\\/company\\\/lofinfo24\\\/\"]}]}<\/script>\n<!-- \/ Yoast SEO plugin. -->","yoast_head_json":{"title":"BIEK exige la correcci\u00f3n del \u00faltimo aumento de tarifas de cartas de Deutsche Post - Loginfo24","robots":{"index":"index","follow":"follow","max-snippet":"max-snippet:-1","max-image-preview":"max-image-preview:large","max-video-preview":"max-video-preview:-1"},"canonical":"https:\/\/loginfo24.com\/es\/2020\/08\/25\/biek-exige-la-correccion-del-ultimo-aumento-de-tarifas-de-cartas-de-deutsche-post\/","og_locale":"es_ES","og_type":"article","og_title":"BIEK exige la correcci\u00f3n del \u00faltimo aumento de tarifas de cartas de Deutsche Post - Loginfo24","og_description":"El sindicato de paquetes BIEK (Asociaci\u00f3n Federal de Paquetes y Log\u00edstica Expr\u00e9s) considera que la tarifa de cartas de Deutsche Post es demasiado alta y, por [\u2026]","og_url":"https:\/\/loginfo24.com\/es\/2020\/08\/25\/biek-exige-la-correccion-del-ultimo-aumento-de-tarifas-de-cartas-de-deutsche-post\/","og_site_name":"Loginfo24","article_publisher":"https:\/\/www.facebook.com\/people\/Loginfo24\/100057360583332\/","article_published_time":"2020-08-25T05:59:55+00:00","article_modified_time":"2025-12-15T11:34:51+00:00","twitter_card":"summary_large_image","twitter_misc":{"Tiempo de lectura":"2 minuto"},"schema":{"@context":"https:\/\/schema.org","@graph":[{"@type":"Article","@id":"https:\/\/loginfo24.com\/es\/2020\/08\/25\/biek-exige-la-correccion-del-ultimo-aumento-de-tarifas-de-cartas-de-deutsche-post\/#article","isPartOf":{"@id":"https:\/\/loginfo24.com\/es\/2020\/08\/25\/biek-exige-la-correccion-del-ultimo-aumento-de-tarifas-de-cartas-de-deutsche-post\/"},"author":{"name":"","@id":""},"headline":"BIEK exige la correcci\u00f3n del \u00faltimo aumento de tarifas de cartas de Deutsche Post","datePublished":"2020-08-25T05:59:55+00:00","dateModified":"2025-12-15T11:34:51+00:00","mainEntityOfPage":{"@id":"https:\/\/loginfo24.com\/es\/2020\/08\/25\/biek-exige-la-correccion-del-ultimo-aumento-de-tarifas-de-cartas-de-deutsche-post\/"},"wordCount":453,"commentCount":0,"publisher":{"@id":"https:\/\/loginfo24.com\/es\/#organization"},"articleSection":["Forwarding &amp; Logistics","Regions"],"inLanguage":"es","potentialAction":[{"@type":"CommentAction","name":"Comment","target":["https:\/\/loginfo24.com\/es\/2020\/08\/25\/biek-exige-la-correccion-del-ultimo-aumento-de-tarifas-de-cartas-de-deutsche-post\/#respond"]}]},{"@type":"WebPage","@id":"https:\/\/loginfo24.com\/es\/2020\/08\/25\/biek-exige-la-correccion-del-ultimo-aumento-de-tarifas-de-cartas-de-deutsche-post\/","url":"https:\/\/loginfo24.com\/es\/2020\/08\/25\/biek-exige-la-correccion-del-ultimo-aumento-de-tarifas-de-cartas-de-deutsche-post\/","name":"BIEK exige la correcci\u00f3n del \u00faltimo aumento de tarifas de cartas de Deutsche Post - Loginfo24","isPartOf":{"@id":"https:\/\/loginfo24.com\/es\/#website"},"datePublished":"2020-08-25T05:59:55+00:00","dateModified":"2025-12-15T11:34:51+00:00","breadcrumb":{"@id":"https:\/\/loginfo24.com\/es\/2020\/08\/25\/biek-exige-la-correccion-del-ultimo-aumento-de-tarifas-de-cartas-de-deutsche-post\/#breadcrumb"},"inLanguage":"es","potentialAction":[{"@type":"ReadAction","target":["https:\/\/loginfo24.com\/es\/2020\/08\/25\/biek-exige-la-correccion-del-ultimo-aumento-de-tarifas-de-cartas-de-deutsche-post\/"]}]},{"@type":"BreadcrumbList","@id":"https:\/\/loginfo24.com\/es\/2020\/08\/25\/biek-exige-la-correccion-del-ultimo-aumento-de-tarifas-de-cartas-de-deutsche-post\/#breadcrumb","itemListElement":[{"@type":"ListItem","position":1,"name":"Startseite","item":"https:\/\/loginfo24.com\/es\/"},{"@type":"ListItem","position":2,"name":"BIEK exige la correcci\u00f3n del \u00faltimo aumento de tarifas de cartas de Deutsche Post"}]},{"@type":"WebSite","@id":"https:\/\/loginfo24.com\/es\/#website","url":"https:\/\/loginfo24.com\/es\/","name":"Loginfo24","description":"Loginfo24 es la plataforma dedicada a la log\u00edstica y las cadenas de suministro con informaci\u00f3n las 24 horas del d\u00eda.","publisher":{"@id":"https:\/\/loginfo24.com\/es\/#organization"},"potentialAction":[{"@type":"SearchAction","target":{"@type":"EntryPoint","urlTemplate":"https:\/\/loginfo24.com\/es\/?s={search_term_string}"},"query-input":{"@type":"PropertyValueSpecification","valueRequired":true,"valueName":"search_term_string"}}],"inLanguage":"es"},{"@type":"Organization","@id":"https:\/\/loginfo24.com\/es\/#organization","name":"Grupo Logismedia AG","url":"https:\/\/loginfo24.com\/es\/","logo":{"@type":"ImageObject","inLanguage":"es","@id":"https:\/\/loginfo24.com\/es\/#\/schema\/logo\/image\/","url":"https:\/\/loginfo24.com\/wp-content\/uploads\/sites\/7\/2026\/01\/Logo_LogInfo24.png","contentUrl":"https:\/\/loginfo24.com\/wp-content\/uploads\/sites\/7\/2026\/01\/Logo_LogInfo24.png","width":938,"height":351,"caption":"Grupo Logismedia AG"},"image":{"@id":"https:\/\/loginfo24.com\/es\/#\/schema\/logo\/image\/"},"sameAs":["https:\/\/www.facebook.com\/people\/Loginfo24\/100057360583332\/","https:\/\/www.linkedin.com\/company\/lofinfo24\/"]}]}},"_links":{"self":[{"href":"https:\/\/loginfo24.com\/es\/wp-json\/wp\/v2\/posts\/19302","targetHints":{"allow":["GET"]}}],"collection":[{"href":"https:\/\/loginfo24.com\/es\/wp-json\/wp\/v2\/posts"}],"about":[{"href":"https:\/\/loginfo24.com\/es\/wp-json\/wp\/v2\/types\/post"}],"replies":[{"embeddable":true,"href":"https:\/\/loginfo24.com\/es\/wp-json\/wp\/v2\/comments?post=19302"}],"version-history":[{"count":1,"href":"https:\/\/loginfo24.com\/es\/wp-json\/wp\/v2\/posts\/19302\/revisions"}],"predecessor-version":[{"id":34892,"href":"https:\/\/loginfo24.com\/es\/wp-json\/wp\/v2\/posts\/19302\/revisions\/34892"}],"wp:attachment":[{"href":"https:\/\/loginfo24.com\/es\/wp-json\/wp\/v2\/media?parent=19302"}],"wp:term":[{"taxonomy":"category","embeddable":true,"href":"https:\/\/loginfo24.com\/es\/wp-json\/wp\/v2\/categories?post=19302"},{"taxonomy":"post_tag","embeddable":true,"href":"https:\/\/loginfo24.com\/es\/wp-json\/wp\/v2\/tags?post=19302"}],"curies":[{"name":"wp","href":"https:\/\/api.w.org\/{rel}","templated":true}]}}