{"id":19176,"date":"2020-08-14T07:05:41","date_gmt":"2020-08-14T05:05:41","guid":{"rendered":"https:\/\/blog.brand-architecture.at\/2020\/08\/14\/imbach-logistica-con-la-primera-piedra-para-un-nuevo-centro-logistico\/"},"modified":"2025-12-15T12:34:20","modified_gmt":"2025-12-15T11:34:20","slug":"imbach-logistica-con-la-primera-piedra-para-un-nuevo-centro-logistico","status":"publish","type":"post","link":"https:\/\/loginfo24.com\/es\/2020\/08\/14\/imbach-logistica-con-la-primera-piedra-para-un-nuevo-centro-logistico\/","title":{"rendered":"Imbach Log\u00edstica con la primera piedra para un nuevo centro log\u00edstico"},"content":{"rendered":"<p>En Littauerboden, cerca de Lucerna, se llev\u00f3 a cabo la primera piedra para el centro log\u00edstico de Imbach Logistik AG. La nueva construcci\u00f3n ofrece alrededor de 30,000 metros cuadrados de espacio de trabajo. En total, se crear\u00e1n 60 puestos de trabajo. Con el proyecto, Imbach env\u00eda una se\u00f1al clara en un entorno econ\u00f3mico dif\u00edcil.<\/p>\n<p>(Schachen\/Littauerboden) En Littauerboden, cerca de Lucerna, se est\u00e1 construyendo un nuevo centro log\u00edstico para Imbach Logistik AG en aproximadamente 30,000 m2. Entre otras cosas, se construir\u00e1 un almac\u00e9n de estanter\u00edas altas totalmente automatizado con 6,500 espacios para paletas y un almac\u00e9n de peque\u00f1as piezas totalmente automatizado para hasta 130,000 contenedores. Adem\u00e1s, se instalar\u00e1 una planta fotovoltaica con una capacidad m\u00e1xima de 1,000 kilovatios hora; la producci\u00f3n anual ser\u00e1 de 950,000 kilovatios hora, lo que ser\u00eda suficiente para 210 hogares. Todo esto demuestra: El nuevo centro log\u00edstico de Imbach Logistik AG tiene mucho que ofrecer. Hoy, jueves, se llev\u00f3 a cabo la primera piedra. \u00abCon la construcci\u00f3n, estamos preparados para las necesidades del mercado del futuro\u00bb, dice Christian Kempter-Imbach, director general de Imbach Logistik AG con sede en Schachen LU. \u00abEl nuevo edificio proporciona la base para servicios log\u00edsticos modernos, personalizados, eficientes y ecol\u00f3gicos.\u00bb La gesti\u00f3n de mercanc\u00edas para los clientes es central, abarcando desde el almacenamiento de productos hasta la preparaci\u00f3n de pedidos y el env\u00edo a los destinatarios.<\/p>\n<h5><img loading=\"lazy\" decoding=\"async\" class=\"aligncenter wp-image-4879 size-large\" src=\"https:\/\/loginfo24.com\/wp-content\/uploads\/sites\/7\/2025\/12\/Imbach_Littau_14.8.20_2.jpg\" alt=\"\" width=\"1024\" height=\"681\" \/><\/h5>\n<h5><strong>60 nuevos puestos de trabajo<\/strong><\/h5>\n<p>Imbach ya est\u00e1 operando en el sitio mencionado. El nuevo centro log\u00edstico se construir\u00e1 en dos etapas. La primera debe completarse para finales del verano de 2022. La segunda se extender\u00e1 hasta el oto\u00f1o de 2024, durante la cual los edificios existentes ser\u00e1n reemplazados por la nueva construcci\u00f3n. Este contar\u00e1 con alrededor de 60 puestos de trabajo. La superficie total en todos los pisos es de 30,000 metros cuadrados, lo que equivale a cuatro campos de f\u00fatbol. Lo notable es la disposici\u00f3n del almac\u00e9n de estanter\u00edas altas y el almac\u00e9n de peque\u00f1as piezas: en la parte inferior del edificio se encuentra el almac\u00e9n de estanter\u00edas altas, y encima de \u00e9l, el almac\u00e9n de peque\u00f1as piezas. En Europa, tal construcci\u00f3n es a\u00fan extremadamente rara. Esto se debe a la enorme carga del suelo que genera el almac\u00e9n de peque\u00f1as piezas, que es de 5 toneladas por metro cuadrado; en t\u00e9rminos puramente matem\u00e1ticos, el suelo podr\u00eda soportar 77 aviones Jumbo. La nueva construcci\u00f3n se est\u00e1 llevando a cabo en el distrito de Littau, en la ciudad de Lucerna. \u00abLa ubicaci\u00f3n es ideal por varias razones\u00bb, explica Christian Kempter-Imbach. Debido a la ubicaci\u00f3n central con la mejor conexi\u00f3n de transporte y la cercan\u00eda a varias empresas productivas en un radio de 20 kil\u00f3metros. \u00abDe este modo, podemos ofrecer una log\u00edstica de producci\u00f3n \u00f3ptima y ecol\u00f3gica.\u00bb<\/p>\n<h5><strong>Calefacci\u00f3n y refrigeraci\u00f3n mediante agua subterr\u00e1nea<\/strong><\/h5>\n<p>Al igual que en otros lugares, Imbach se basa de manera coherente en la \u00abLog\u00edstica Verde\u00bb en Littauerboden. As\u00ed, se aprovecha la energ\u00eda del sol y la energ\u00eda de la tierra: el nuevo edificio se calentar\u00e1 y enfriar\u00e1 al 100% con agua subterr\u00e1nea. Para el calentamiento se utilizan bombas de calor, y para el enfriamiento, un sistema de freecooling. La crisis del coronavirus ha dejado huellas significativas en la econom\u00eda. Sin embargo, Imbach Logistik AG est\u00e1 invirtiendo en este tiempo desafiante: la nueva construcci\u00f3n costar\u00e1 alrededor de 60 millones de francos. Esto es una se\u00f1al clara. \u00abCreemos en el futuro y estamos invirtiendo en \u00e9l\u00bb, dice Christian Kempter-Imbach. De todos modos, la pandemia ha demostrado una vez m\u00e1s cu\u00e1n importantes son los sistemas log\u00edsticos y de transporte funcionales. La nueva construcci\u00f3n en Littauerboden contribuir\u00e1 en el futuro a ello.<\/p>\n<p>Foto: \u00a9 Galliker \/ Imbach<\/p>\n<p><strong><em>Legendas de las im\u00e1genes<\/em><\/strong><em>Foto 1: <\/em><em>(de izq. a der.) Marco Fent (Fent AG) - Peter Galliker, Peter Galliker sen., Esther Studer, Rolf Galliker (todos Galliker Transport AG) - Christian Kempter-Imbach (Imbach Logistik AG) \u2013 Ivan Buck (Promoci\u00f3n Econ\u00f3mica Lucerna) Foto 2: Visualizaci\u00f3n del nuevo centro (direcci\u00f3n de vista hacia Malters)<\/em><\/p>\n","protected":false},"excerpt":{"rendered":"<p>En Littauerboden, cerca de Lucerna, se llev\u00f3 a cabo la primera piedra para el centro log\u00edstico de Imbach Logistik AG. La nueva construcci\u00f3n ofrece alrededor de<span class=\"excerpt-hellip\"> [\u2026]<\/span><\/p>\n","protected":false},"author":0,"featured_media":0,"comment_status":"open","ping_status":"open","sticky":false,"template":"","format":"standard","meta":{"_acf_changed":false,"footnotes":""},"categories":[1557,1556,1560,1561],"tags":[],"class_list":["post-19176","post","type-post","status-publish","format-standard","hentry","category-forwarding-logistics","category-intermodal-road","category-intralogistics","category-regions"],"acf":[],"yoast_head":"<!-- This site is optimized with the Yoast SEO plugin v27.3 - https:\/\/yoast.com\/product\/yoast-seo-wordpress\/ -->\n<title>Imbach Log\u00edstica con la primera piedra para un nuevo centro log\u00edstico - Loginfo24<\/title>\n<meta name=\"robots\" content=\"index, follow, max-snippet:-1, max-image-preview:large, max-video-preview:-1\" \/>\n<link rel=\"canonical\" href=\"https:\/\/loginfo24.com\/es\/2020\/08\/14\/imbach-logistica-con-la-primera-piedra-para-un-nuevo-centro-logistico\/\" \/>\n<meta property=\"og:locale\" content=\"es_ES\" \/>\n<meta property=\"og:type\" content=\"article\" \/>\n<meta property=\"og:title\" content=\"Imbach Log\u00edstica con la primera piedra para un nuevo centro log\u00edstico - Loginfo24\" \/>\n<meta property=\"og:description\" content=\"En Littauerboden, cerca de Lucerna, se llev\u00f3 a cabo la primera piedra para el centro log\u00edstico de Imbach Logistik AG. La nueva construcci\u00f3n ofrece alrededor de [\u2026]\" \/>\n<meta property=\"og:url\" content=\"https:\/\/loginfo24.com\/es\/2020\/08\/14\/imbach-logistica-con-la-primera-piedra-para-un-nuevo-centro-logistico\/\" \/>\n<meta property=\"og:site_name\" content=\"Loginfo24\" \/>\n<meta property=\"article:publisher\" content=\"https:\/\/www.facebook.com\/people\/Loginfo24\/100057360583332\/\" \/>\n<meta property=\"article:published_time\" content=\"2020-08-14T05:05:41+00:00\" \/>\n<meta property=\"article:modified_time\" content=\"2025-12-15T11:34:20+00:00\" \/>\n<meta property=\"og:image\" content=\"https:\/\/loginfo24.com\/wp-content\/uploads\/sites\/7\/2025\/12\/Imbach_Littau_14.8.20_2.jpg\" \/>\n<meta name=\"twitter:card\" content=\"summary_large_image\" \/>\n<meta name=\"twitter:label1\" content=\"Tiempo de lectura\" \/>\n\t<meta name=\"twitter:data1\" content=\"3 minuto\" \/>\n<script type=\"application\/ld+json\" class=\"yoast-schema-graph\">{\"@context\":\"https:\\\/\\\/schema.org\",\"@graph\":[{\"@type\":\"Article\",\"@id\":\"https:\\\/\\\/loginfo24.com\\\/es\\\/2020\\\/08\\\/14\\\/imbach-logistica-con-la-primera-piedra-para-un-nuevo-centro-logistico\\\/#article\",\"isPartOf\":{\"@id\":\"https:\\\/\\\/loginfo24.com\\\/es\\\/2020\\\/08\\\/14\\\/imbach-logistica-con-la-primera-piedra-para-un-nuevo-centro-logistico\\\/\"},\"author\":{\"name\":\"\",\"@id\":\"\"},\"headline\":\"Imbach Log\u00edstica con la primera piedra para un nuevo centro log\u00edstico\",\"datePublished\":\"2020-08-14T05:05:41+00:00\",\"dateModified\":\"2025-12-15T11:34:20+00:00\",\"mainEntityOfPage\":{\"@id\":\"https:\\\/\\\/loginfo24.com\\\/es\\\/2020\\\/08\\\/14\\\/imbach-logistica-con-la-primera-piedra-para-un-nuevo-centro-logistico\\\/\"},\"wordCount\":715,\"commentCount\":0,\"publisher\":{\"@id\":\"https:\\\/\\\/loginfo24.com\\\/es\\\/#organization\"},\"image\":{\"@id\":\"https:\\\/\\\/loginfo24.com\\\/es\\\/2020\\\/08\\\/14\\\/imbach-logistica-con-la-primera-piedra-para-un-nuevo-centro-logistico\\\/#primaryimage\"},\"thumbnailUrl\":\"https:\\\/\\\/loginfo24.com\\\/wp-content\\\/uploads\\\/sites\\\/7\\\/2025\\\/12\\\/Imbach_Littau_14.8.20_2.jpg\",\"articleSection\":[\"Forwarding &amp; Logistics\",\"Intermodal \\\/ Road\",\"Intralogistics\",\"Regions\"],\"inLanguage\":\"es\",\"potentialAction\":[{\"@type\":\"CommentAction\",\"name\":\"Comment\",\"target\":[\"https:\\\/\\\/loginfo24.com\\\/es\\\/2020\\\/08\\\/14\\\/imbach-logistica-con-la-primera-piedra-para-un-nuevo-centro-logistico\\\/#respond\"]}]},{\"@type\":\"WebPage\",\"@id\":\"https:\\\/\\\/loginfo24.com\\\/es\\\/2020\\\/08\\\/14\\\/imbach-logistica-con-la-primera-piedra-para-un-nuevo-centro-logistico\\\/\",\"url\":\"https:\\\/\\\/loginfo24.com\\\/es\\\/2020\\\/08\\\/14\\\/imbach-logistica-con-la-primera-piedra-para-un-nuevo-centro-logistico\\\/\",\"name\":\"Imbach Log\u00edstica con la primera piedra para un nuevo centro log\u00edstico - Loginfo24\",\"isPartOf\":{\"@id\":\"https:\\\/\\\/loginfo24.com\\\/es\\\/#website\"},\"primaryImageOfPage\":{\"@id\":\"https:\\\/\\\/loginfo24.com\\\/es\\\/2020\\\/08\\\/14\\\/imbach-logistica-con-la-primera-piedra-para-un-nuevo-centro-logistico\\\/#primaryimage\"},\"image\":{\"@id\":\"https:\\\/\\\/loginfo24.com\\\/es\\\/2020\\\/08\\\/14\\\/imbach-logistica-con-la-primera-piedra-para-un-nuevo-centro-logistico\\\/#primaryimage\"},\"thumbnailUrl\":\"https:\\\/\\\/loginfo24.com\\\/wp-content\\\/uploads\\\/sites\\\/7\\\/2025\\\/12\\\/Imbach_Littau_14.8.20_2.jpg\",\"datePublished\":\"2020-08-14T05:05:41+00:00\",\"dateModified\":\"2025-12-15T11:34:20+00:00\",\"breadcrumb\":{\"@id\":\"https:\\\/\\\/loginfo24.com\\\/es\\\/2020\\\/08\\\/14\\\/imbach-logistica-con-la-primera-piedra-para-un-nuevo-centro-logistico\\\/#breadcrumb\"},\"inLanguage\":\"es\",\"potentialAction\":[{\"@type\":\"ReadAction\",\"target\":[\"https:\\\/\\\/loginfo24.com\\\/es\\\/2020\\\/08\\\/14\\\/imbach-logistica-con-la-primera-piedra-para-un-nuevo-centro-logistico\\\/\"]}]},{\"@type\":\"ImageObject\",\"inLanguage\":\"es\",\"@id\":\"https:\\\/\\\/loginfo24.com\\\/es\\\/2020\\\/08\\\/14\\\/imbach-logistica-con-la-primera-piedra-para-un-nuevo-centro-logistico\\\/#primaryimage\",\"url\":\"https:\\\/\\\/loginfo24.com\\\/wp-content\\\/uploads\\\/sites\\\/7\\\/2025\\\/12\\\/Imbach_Littau_14.8.20_2.jpg\",\"contentUrl\":\"https:\\\/\\\/loginfo24.com\\\/wp-content\\\/uploads\\\/sites\\\/7\\\/2025\\\/12\\\/Imbach_Littau_14.8.20_2.jpg\"},{\"@type\":\"BreadcrumbList\",\"@id\":\"https:\\\/\\\/loginfo24.com\\\/es\\\/2020\\\/08\\\/14\\\/imbach-logistica-con-la-primera-piedra-para-un-nuevo-centro-logistico\\\/#breadcrumb\",\"itemListElement\":[{\"@type\":\"ListItem\",\"position\":1,\"name\":\"Startseite\",\"item\":\"https:\\\/\\\/loginfo24.com\\\/es\\\/\"},{\"@type\":\"ListItem\",\"position\":2,\"name\":\"Imbach Log\u00edstica con la primera piedra para un nuevo centro log\u00edstico\"}]},{\"@type\":\"WebSite\",\"@id\":\"https:\\\/\\\/loginfo24.com\\\/es\\\/#website\",\"url\":\"https:\\\/\\\/loginfo24.com\\\/es\\\/\",\"name\":\"Loginfo24\",\"description\":\"Loginfo24 es la plataforma dedicada a la log\u00edstica y las cadenas de suministro con informaci\u00f3n las 24 horas del d\u00eda.\",\"publisher\":{\"@id\":\"https:\\\/\\\/loginfo24.com\\\/es\\\/#organization\"},\"potentialAction\":[{\"@type\":\"SearchAction\",\"target\":{\"@type\":\"EntryPoint\",\"urlTemplate\":\"https:\\\/\\\/loginfo24.com\\\/es\\\/?s={search_term_string}\"},\"query-input\":{\"@type\":\"PropertyValueSpecification\",\"valueRequired\":true,\"valueName\":\"search_term_string\"}}],\"inLanguage\":\"es\"},{\"@type\":\"Organization\",\"@id\":\"https:\\\/\\\/loginfo24.com\\\/es\\\/#organization\",\"name\":\"Grupo Logismedia AG\",\"url\":\"https:\\\/\\\/loginfo24.com\\\/es\\\/\",\"logo\":{\"@type\":\"ImageObject\",\"inLanguage\":\"es\",\"@id\":\"https:\\\/\\\/loginfo24.com\\\/es\\\/#\\\/schema\\\/logo\\\/image\\\/\",\"url\":\"https:\\\/\\\/loginfo24.com\\\/wp-content\\\/uploads\\\/sites\\\/7\\\/2026\\\/01\\\/Logo_LogInfo24.png\",\"contentUrl\":\"https:\\\/\\\/loginfo24.com\\\/wp-content\\\/uploads\\\/sites\\\/7\\\/2026\\\/01\\\/Logo_LogInfo24.png\",\"width\":938,\"height\":351,\"caption\":\"Grupo Logismedia AG\"},\"image\":{\"@id\":\"https:\\\/\\\/loginfo24.com\\\/es\\\/#\\\/schema\\\/logo\\\/image\\\/\"},\"sameAs\":[\"https:\\\/\\\/www.facebook.com\\\/people\\\/Loginfo24\\\/100057360583332\\\/\",\"https:\\\/\\\/www.linkedin.com\\\/company\\\/lofinfo24\\\/\"]}]}<\/script>\n<!-- \/ Yoast SEO plugin. -->","yoast_head_json":{"title":"Imbach Log\u00edstica con la primera piedra para un nuevo centro log\u00edstico - Loginfo24","robots":{"index":"index","follow":"follow","max-snippet":"max-snippet:-1","max-image-preview":"max-image-preview:large","max-video-preview":"max-video-preview:-1"},"canonical":"https:\/\/loginfo24.com\/es\/2020\/08\/14\/imbach-logistica-con-la-primera-piedra-para-un-nuevo-centro-logistico\/","og_locale":"es_ES","og_type":"article","og_title":"Imbach Log\u00edstica con la primera piedra para un nuevo centro log\u00edstico - Loginfo24","og_description":"En Littauerboden, cerca de Lucerna, se llev\u00f3 a cabo la primera piedra para el centro log\u00edstico de Imbach Logistik AG. La nueva construcci\u00f3n ofrece alrededor de [\u2026]","og_url":"https:\/\/loginfo24.com\/es\/2020\/08\/14\/imbach-logistica-con-la-primera-piedra-para-un-nuevo-centro-logistico\/","og_site_name":"Loginfo24","article_publisher":"https:\/\/www.facebook.com\/people\/Loginfo24\/100057360583332\/","article_published_time":"2020-08-14T05:05:41+00:00","article_modified_time":"2025-12-15T11:34:20+00:00","og_image":[{"url":"https:\/\/loginfo24.com\/wp-content\/uploads\/sites\/7\/2025\/12\/Imbach_Littau_14.8.20_2.jpg","type":"","width":"","height":""}],"twitter_card":"summary_large_image","twitter_misc":{"Tiempo de lectura":"3 minuto"},"schema":{"@context":"https:\/\/schema.org","@graph":[{"@type":"Article","@id":"https:\/\/loginfo24.com\/es\/2020\/08\/14\/imbach-logistica-con-la-primera-piedra-para-un-nuevo-centro-logistico\/#article","isPartOf":{"@id":"https:\/\/loginfo24.com\/es\/2020\/08\/14\/imbach-logistica-con-la-primera-piedra-para-un-nuevo-centro-logistico\/"},"author":{"name":"","@id":""},"headline":"Imbach Log\u00edstica con la primera piedra para un nuevo centro log\u00edstico","datePublished":"2020-08-14T05:05:41+00:00","dateModified":"2025-12-15T11:34:20+00:00","mainEntityOfPage":{"@id":"https:\/\/loginfo24.com\/es\/2020\/08\/14\/imbach-logistica-con-la-primera-piedra-para-un-nuevo-centro-logistico\/"},"wordCount":715,"commentCount":0,"publisher":{"@id":"https:\/\/loginfo24.com\/es\/#organization"},"image":{"@id":"https:\/\/loginfo24.com\/es\/2020\/08\/14\/imbach-logistica-con-la-primera-piedra-para-un-nuevo-centro-logistico\/#primaryimage"},"thumbnailUrl":"https:\/\/loginfo24.com\/wp-content\/uploads\/sites\/7\/2025\/12\/Imbach_Littau_14.8.20_2.jpg","articleSection":["Forwarding &amp; Logistics","Intermodal \/ Road","Intralogistics","Regions"],"inLanguage":"es","potentialAction":[{"@type":"CommentAction","name":"Comment","target":["https:\/\/loginfo24.com\/es\/2020\/08\/14\/imbach-logistica-con-la-primera-piedra-para-un-nuevo-centro-logistico\/#respond"]}]},{"@type":"WebPage","@id":"https:\/\/loginfo24.com\/es\/2020\/08\/14\/imbach-logistica-con-la-primera-piedra-para-un-nuevo-centro-logistico\/","url":"https:\/\/loginfo24.com\/es\/2020\/08\/14\/imbach-logistica-con-la-primera-piedra-para-un-nuevo-centro-logistico\/","name":"Imbach Log\u00edstica con la primera piedra para un nuevo centro log\u00edstico - Loginfo24","isPartOf":{"@id":"https:\/\/loginfo24.com\/es\/#website"},"primaryImageOfPage":{"@id":"https:\/\/loginfo24.com\/es\/2020\/08\/14\/imbach-logistica-con-la-primera-piedra-para-un-nuevo-centro-logistico\/#primaryimage"},"image":{"@id":"https:\/\/loginfo24.com\/es\/2020\/08\/14\/imbach-logistica-con-la-primera-piedra-para-un-nuevo-centro-logistico\/#primaryimage"},"thumbnailUrl":"https:\/\/loginfo24.com\/wp-content\/uploads\/sites\/7\/2025\/12\/Imbach_Littau_14.8.20_2.jpg","datePublished":"2020-08-14T05:05:41+00:00","dateModified":"2025-12-15T11:34:20+00:00","breadcrumb":{"@id":"https:\/\/loginfo24.com\/es\/2020\/08\/14\/imbach-logistica-con-la-primera-piedra-para-un-nuevo-centro-logistico\/#breadcrumb"},"inLanguage":"es","potentialAction":[{"@type":"ReadAction","target":["https:\/\/loginfo24.com\/es\/2020\/08\/14\/imbach-logistica-con-la-primera-piedra-para-un-nuevo-centro-logistico\/"]}]},{"@type":"ImageObject","inLanguage":"es","@id":"https:\/\/loginfo24.com\/es\/2020\/08\/14\/imbach-logistica-con-la-primera-piedra-para-un-nuevo-centro-logistico\/#primaryimage","url":"https:\/\/loginfo24.com\/wp-content\/uploads\/sites\/7\/2025\/12\/Imbach_Littau_14.8.20_2.jpg","contentUrl":"https:\/\/loginfo24.com\/wp-content\/uploads\/sites\/7\/2025\/12\/Imbach_Littau_14.8.20_2.jpg"},{"@type":"BreadcrumbList","@id":"https:\/\/loginfo24.com\/es\/2020\/08\/14\/imbach-logistica-con-la-primera-piedra-para-un-nuevo-centro-logistico\/#breadcrumb","itemListElement":[{"@type":"ListItem","position":1,"name":"Startseite","item":"https:\/\/loginfo24.com\/es\/"},{"@type":"ListItem","position":2,"name":"Imbach Log\u00edstica con la primera piedra para un nuevo centro log\u00edstico"}]},{"@type":"WebSite","@id":"https:\/\/loginfo24.com\/es\/#website","url":"https:\/\/loginfo24.com\/es\/","name":"Loginfo24","description":"Loginfo24 es la plataforma dedicada a la log\u00edstica y las cadenas de suministro con informaci\u00f3n las 24 horas del d\u00eda.","publisher":{"@id":"https:\/\/loginfo24.com\/es\/#organization"},"potentialAction":[{"@type":"SearchAction","target":{"@type":"EntryPoint","urlTemplate":"https:\/\/loginfo24.com\/es\/?s={search_term_string}"},"query-input":{"@type":"PropertyValueSpecification","valueRequired":true,"valueName":"search_term_string"}}],"inLanguage":"es"},{"@type":"Organization","@id":"https:\/\/loginfo24.com\/es\/#organization","name":"Grupo Logismedia AG","url":"https:\/\/loginfo24.com\/es\/","logo":{"@type":"ImageObject","inLanguage":"es","@id":"https:\/\/loginfo24.com\/es\/#\/schema\/logo\/image\/","url":"https:\/\/loginfo24.com\/wp-content\/uploads\/sites\/7\/2026\/01\/Logo_LogInfo24.png","contentUrl":"https:\/\/loginfo24.com\/wp-content\/uploads\/sites\/7\/2026\/01\/Logo_LogInfo24.png","width":938,"height":351,"caption":"Grupo Logismedia AG"},"image":{"@id":"https:\/\/loginfo24.com\/es\/#\/schema\/logo\/image\/"},"sameAs":["https:\/\/www.facebook.com\/people\/Loginfo24\/100057360583332\/","https:\/\/www.linkedin.com\/company\/lofinfo24\/"]}]}},"_links":{"self":[{"href":"https:\/\/loginfo24.com\/es\/wp-json\/wp\/v2\/posts\/19176","targetHints":{"allow":["GET"]}}],"collection":[{"href":"https:\/\/loginfo24.com\/es\/wp-json\/wp\/v2\/posts"}],"about":[{"href":"https:\/\/loginfo24.com\/es\/wp-json\/wp\/v2\/types\/post"}],"replies":[{"embeddable":true,"href":"https:\/\/loginfo24.com\/es\/wp-json\/wp\/v2\/comments?post=19176"}],"version-history":[{"count":1,"href":"https:\/\/loginfo24.com\/es\/wp-json\/wp\/v2\/posts\/19176\/revisions"}],"predecessor-version":[{"id":34640,"href":"https:\/\/loginfo24.com\/es\/wp-json\/wp\/v2\/posts\/19176\/revisions\/34640"}],"wp:attachment":[{"href":"https:\/\/loginfo24.com\/es\/wp-json\/wp\/v2\/media?parent=19176"}],"wp:term":[{"taxonomy":"category","embeddable":true,"href":"https:\/\/loginfo24.com\/es\/wp-json\/wp\/v2\/categories?post=19176"},{"taxonomy":"post_tag","embeddable":true,"href":"https:\/\/loginfo24.com\/es\/wp-json\/wp\/v2\/tags?post=19176"}],"curies":[{"name":"wp","href":"https:\/\/api.w.org\/{rel}","templated":true}]}}