{"id":19122,"date":"2020-08-12T07:00:49","date_gmt":"2020-08-12T05:00:49","guid":{"rendered":"https:\/\/blog.brand-architecture.at\/2020\/08\/12\/fuso-presenta-el-camion-conceptual-para-la-gestion-de-residuos-ecologica\/"},"modified":"2025-12-15T12:34:07","modified_gmt":"2025-12-15T11:34:07","slug":"fuso-presenta-el-camion-conceptual-para-la-gestion-de-residuos-ecologica","status":"publish","type":"post","link":"https:\/\/loginfo24.com\/es\/2020\/08\/12\/fuso-presenta-el-camion-conceptual-para-la-gestion-de-residuos-ecologica\/","title":{"rendered":"FUSO presenta el cami\u00f3n conceptual para la gesti\u00f3n de residuos ecol\u00f3gica"},"content":{"rendered":"<p>El fabricante japon\u00e9s de camiones FUSO, que forma parte del grupo Daimler, presenta el veh\u00edculo conceptual eCanter SensorCollect con estructura de recolecci\u00f3n de basura. La presentaci\u00f3n tuvo lugar en el marco del &#8216;FUSO Future Innovation Lab&#8217;. Con este veh\u00edculo, se busca hacer la log\u00edstica de residuos m\u00e1s eficiente y ecol\u00f3gica en el futuro.<\/p>\n<p>(Stuttgart\/Tokio) FUSO, la filial japonesa de veh\u00edculos comerciales de Daimler Truck, demuestra una vez m\u00e1s su papel de liderazgo en el desarrollo de camiones innovadores con tecnolog\u00edas avanzadas. En el evento &#8216;FUSO Future Innovation Lab&#8217;, la empresa presenta el cami\u00f3n conceptual eCanter SensorCollect en una demostraci\u00f3n en su sede en Kawasaki.<\/p>\n<p>El FUSO eCanter SensorCollect es un veh\u00edculo conceptual con estructura de recolecci\u00f3n de basura basado en el FUSO eCanter totalmente el\u00e9ctrico. El concepto del veh\u00edculo tiene como objetivo hacer que la gesti\u00f3n de residuos municipal sea m\u00e1s eficiente y ecol\u00f3gica con un cami\u00f3n ligero sin emisiones locales. Para ello, el FUSO eCanter SensorCollect puede ser controlado de forma remota a trav\u00e9s de una interfaz HMI (Interfaz Hombre-M\u00e1quina) inal\u00e1mbrica por una persona acompa\u00f1ante. El cami\u00f3n, equipado con LiDAR, sensores ultras\u00f3nicos y GPS de alta precisi\u00f3n, puede ejecutar comandos transmitidos de forma remota de manera segura, reconociendo personas u objetos en su entorno. Estos comandos incluyen seguir al operador, esquivar obst\u00e1culos y detenerse inmediatamente cuando una persona u objeto se acerca al veh\u00edculo. Estas funcionalidades pueden ayudar a aumentar la eficiencia de la gesti\u00f3n de residuos municipal.<\/p>\n<h5>Resultado de un enfoque innovador<\/h5>\n<p>El veh\u00edculo conceptual FUSO eCanter SensorCollect es el resultado de un enfoque de desarrollo innovador. Adem\u00e1s de los procesos de desarrollo de productos convencionales, FUSO ha lanzado una serie de iniciativas dentro y fuera de la empresa para fomentar ideas de productos innovadores que aborden necesidades y desaf\u00edos sociales. FUSO organiz\u00f3 varios talleres y hackatones con universidades japonesas y extranjeras, as\u00ed como colaboraciones con startups, a las que tambi\u00e9n se invitaron participantes externos. Hasta ahora, de estos eventos han surgido m\u00e1s de 100 ideas.<\/p>\n<p>\u00abLa innovaci\u00f3n es uno de los pilares principales de la investigaci\u00f3n y el desarrollo en FUSO, ya que es crucial para el liderazgo en el mercado a largo plazo. Continuaremos desarrollando productos innovadores para satisfacer las necesidades de nuestros clientes y de la sociedad con nuestras tecnolog\u00edas avanzadas\u00bb, dijo Aydogan Cakmaz, Vicepresidente Senior y Jefe de Ingenier\u00eda de Producto en FUSO.<\/p>\n<p>Mientras tanto, el FUSO eCanter se presenta como un ligero cami\u00f3n de confianza, sin emisiones locales, con m\u00e1s de 160 veh\u00edculos en uso diario por clientes en Jap\u00f3n, Europa y Estados Unidos. En Europa, el eCanter ya est\u00e1 en funcionamiento en Alemania, Reino Unido, Francia, Portugal, Irlanda, Pa\u00edses Bajos y Dinamarca, en un total de once metr\u00f3polis europeas.<\/p>\n<p>Foto: \u00a9 Daimler\/Fuso<\/p>\n<p><a href=\"https:\/\/www.daimler.com\/produkte\/lkw\/\" target=\"_blank\" rel=\"noopener noreferrer\">https:\/\/www.daimler.com\/produkte\/lkw\/<\/a> \u00a0\u00a0\u00a0\u00a0\u00a0<a href=\"https:\/\/www.mitsubishi-fuso.com\" target=\"_blank\" rel=\"noopener noreferrer\">www.mitsubishi-fuso.com<\/a><\/p>\n","protected":false},"excerpt":{"rendered":"<p>El fabricante japon\u00e9s de camiones FUSO, que forma parte del grupo Daimler, presenta el veh\u00edculo conceptual eCanter SensorCollect con estructura de recolecci\u00f3n de basura. La presentaci\u00f3n<span class=\"excerpt-hellip\"> [\u2026]<\/span><\/p>\n","protected":false},"author":0,"featured_media":0,"comment_status":"open","ping_status":"open","sticky":false,"template":"","format":"standard","meta":{"_acf_changed":false,"footnotes":""},"categories":[1557,1556,1561],"tags":[],"class_list":["post-19122","post","type-post","status-publish","format-standard","hentry","category-forwarding-logistics","category-intermodal-road","category-regions"],"acf":[],"yoast_head":"<!-- This site is optimized with the Yoast SEO plugin v27.3 - https:\/\/yoast.com\/product\/yoast-seo-wordpress\/ -->\n<title>FUSO presenta el cami\u00f3n conceptual para la gesti\u00f3n de residuos ecol\u00f3gica - Loginfo24<\/title>\n<meta name=\"robots\" content=\"index, follow, max-snippet:-1, max-image-preview:large, max-video-preview:-1\" \/>\n<link rel=\"canonical\" href=\"https:\/\/loginfo24.com\/es\/2020\/08\/12\/fuso-presenta-el-camion-conceptual-para-la-gestion-de-residuos-ecologica\/\" \/>\n<meta property=\"og:locale\" content=\"es_ES\" \/>\n<meta property=\"og:type\" content=\"article\" \/>\n<meta property=\"og:title\" content=\"FUSO presenta el cami\u00f3n conceptual para la gesti\u00f3n de residuos ecol\u00f3gica - Loginfo24\" \/>\n<meta property=\"og:description\" content=\"El fabricante japon\u00e9s de camiones FUSO, que forma parte del grupo Daimler, presenta el veh\u00edculo conceptual eCanter SensorCollect con estructura de recolecci\u00f3n de basura. La presentaci\u00f3n [\u2026]\" \/>\n<meta property=\"og:url\" content=\"https:\/\/loginfo24.com\/es\/2020\/08\/12\/fuso-presenta-el-camion-conceptual-para-la-gestion-de-residuos-ecologica\/\" \/>\n<meta property=\"og:site_name\" content=\"Loginfo24\" \/>\n<meta property=\"article:publisher\" content=\"https:\/\/www.facebook.com\/people\/Loginfo24\/100057360583332\/\" \/>\n<meta property=\"article:published_time\" content=\"2020-08-12T05:00:49+00:00\" \/>\n<meta property=\"article:modified_time\" content=\"2025-12-15T11:34:07+00:00\" \/>\n<meta name=\"twitter:card\" content=\"summary_large_image\" \/>\n<meta name=\"twitter:label1\" content=\"Tiempo de lectura\" \/>\n\t<meta name=\"twitter:data1\" content=\"3 minuto\" \/>\n<script type=\"application\/ld+json\" class=\"yoast-schema-graph\">{\"@context\":\"https:\\\/\\\/schema.org\",\"@graph\":[{\"@type\":\"Article\",\"@id\":\"https:\\\/\\\/loginfo24.com\\\/es\\\/2020\\\/08\\\/12\\\/fuso-presenta-el-camion-conceptual-para-la-gestion-de-residuos-ecologica\\\/#article\",\"isPartOf\":{\"@id\":\"https:\\\/\\\/loginfo24.com\\\/es\\\/2020\\\/08\\\/12\\\/fuso-presenta-el-camion-conceptual-para-la-gestion-de-residuos-ecologica\\\/\"},\"author\":{\"name\":\"\",\"@id\":\"\"},\"headline\":\"FUSO presenta el cami\u00f3n conceptual para la gesti\u00f3n de residuos ecol\u00f3gica\",\"datePublished\":\"2020-08-12T05:00:49+00:00\",\"dateModified\":\"2025-12-15T11:34:07+00:00\",\"mainEntityOfPage\":{\"@id\":\"https:\\\/\\\/loginfo24.com\\\/es\\\/2020\\\/08\\\/12\\\/fuso-presenta-el-camion-conceptual-para-la-gestion-de-residuos-ecologica\\\/\"},\"wordCount\":518,\"commentCount\":0,\"publisher\":{\"@id\":\"https:\\\/\\\/loginfo24.com\\\/es\\\/#organization\"},\"articleSection\":[\"Forwarding &amp; Logistics\",\"Intermodal \\\/ Road\",\"Regions\"],\"inLanguage\":\"es\",\"potentialAction\":[{\"@type\":\"CommentAction\",\"name\":\"Comment\",\"target\":[\"https:\\\/\\\/loginfo24.com\\\/es\\\/2020\\\/08\\\/12\\\/fuso-presenta-el-camion-conceptual-para-la-gestion-de-residuos-ecologica\\\/#respond\"]}]},{\"@type\":\"WebPage\",\"@id\":\"https:\\\/\\\/loginfo24.com\\\/es\\\/2020\\\/08\\\/12\\\/fuso-presenta-el-camion-conceptual-para-la-gestion-de-residuos-ecologica\\\/\",\"url\":\"https:\\\/\\\/loginfo24.com\\\/es\\\/2020\\\/08\\\/12\\\/fuso-presenta-el-camion-conceptual-para-la-gestion-de-residuos-ecologica\\\/\",\"name\":\"FUSO presenta el cami\u00f3n conceptual para la gesti\u00f3n de residuos ecol\u00f3gica - Loginfo24\",\"isPartOf\":{\"@id\":\"https:\\\/\\\/loginfo24.com\\\/es\\\/#website\"},\"datePublished\":\"2020-08-12T05:00:49+00:00\",\"dateModified\":\"2025-12-15T11:34:07+00:00\",\"breadcrumb\":{\"@id\":\"https:\\\/\\\/loginfo24.com\\\/es\\\/2020\\\/08\\\/12\\\/fuso-presenta-el-camion-conceptual-para-la-gestion-de-residuos-ecologica\\\/#breadcrumb\"},\"inLanguage\":\"es\",\"potentialAction\":[{\"@type\":\"ReadAction\",\"target\":[\"https:\\\/\\\/loginfo24.com\\\/es\\\/2020\\\/08\\\/12\\\/fuso-presenta-el-camion-conceptual-para-la-gestion-de-residuos-ecologica\\\/\"]}]},{\"@type\":\"BreadcrumbList\",\"@id\":\"https:\\\/\\\/loginfo24.com\\\/es\\\/2020\\\/08\\\/12\\\/fuso-presenta-el-camion-conceptual-para-la-gestion-de-residuos-ecologica\\\/#breadcrumb\",\"itemListElement\":[{\"@type\":\"ListItem\",\"position\":1,\"name\":\"Startseite\",\"item\":\"https:\\\/\\\/loginfo24.com\\\/es\\\/\"},{\"@type\":\"ListItem\",\"position\":2,\"name\":\"FUSO presenta el cami\u00f3n conceptual para la gesti\u00f3n de residuos ecol\u00f3gica\"}]},{\"@type\":\"WebSite\",\"@id\":\"https:\\\/\\\/loginfo24.com\\\/es\\\/#website\",\"url\":\"https:\\\/\\\/loginfo24.com\\\/es\\\/\",\"name\":\"Loginfo24\",\"description\":\"Loginfo24 es la plataforma dedicada a la log\u00edstica y las cadenas de suministro con informaci\u00f3n las 24 horas del d\u00eda.\",\"publisher\":{\"@id\":\"https:\\\/\\\/loginfo24.com\\\/es\\\/#organization\"},\"potentialAction\":[{\"@type\":\"SearchAction\",\"target\":{\"@type\":\"EntryPoint\",\"urlTemplate\":\"https:\\\/\\\/loginfo24.com\\\/es\\\/?s={search_term_string}\"},\"query-input\":{\"@type\":\"PropertyValueSpecification\",\"valueRequired\":true,\"valueName\":\"search_term_string\"}}],\"inLanguage\":\"es\"},{\"@type\":\"Organization\",\"@id\":\"https:\\\/\\\/loginfo24.com\\\/es\\\/#organization\",\"name\":\"Grupo Logismedia AG\",\"url\":\"https:\\\/\\\/loginfo24.com\\\/es\\\/\",\"logo\":{\"@type\":\"ImageObject\",\"inLanguage\":\"es\",\"@id\":\"https:\\\/\\\/loginfo24.com\\\/es\\\/#\\\/schema\\\/logo\\\/image\\\/\",\"url\":\"https:\\\/\\\/loginfo24.com\\\/wp-content\\\/uploads\\\/sites\\\/7\\\/2026\\\/01\\\/Logo_LogInfo24.png\",\"contentUrl\":\"https:\\\/\\\/loginfo24.com\\\/wp-content\\\/uploads\\\/sites\\\/7\\\/2026\\\/01\\\/Logo_LogInfo24.png\",\"width\":938,\"height\":351,\"caption\":\"Grupo Logismedia AG\"},\"image\":{\"@id\":\"https:\\\/\\\/loginfo24.com\\\/es\\\/#\\\/schema\\\/logo\\\/image\\\/\"},\"sameAs\":[\"https:\\\/\\\/www.facebook.com\\\/people\\\/Loginfo24\\\/100057360583332\\\/\",\"https:\\\/\\\/www.linkedin.com\\\/company\\\/lofinfo24\\\/\"]}]}<\/script>\n<!-- \/ Yoast SEO plugin. -->","yoast_head_json":{"title":"FUSO presenta el cami\u00f3n conceptual para la gesti\u00f3n de residuos ecol\u00f3gica - Loginfo24","robots":{"index":"index","follow":"follow","max-snippet":"max-snippet:-1","max-image-preview":"max-image-preview:large","max-video-preview":"max-video-preview:-1"},"canonical":"https:\/\/loginfo24.com\/es\/2020\/08\/12\/fuso-presenta-el-camion-conceptual-para-la-gestion-de-residuos-ecologica\/","og_locale":"es_ES","og_type":"article","og_title":"FUSO presenta el cami\u00f3n conceptual para la gesti\u00f3n de residuos ecol\u00f3gica - Loginfo24","og_description":"El fabricante japon\u00e9s de camiones FUSO, que forma parte del grupo Daimler, presenta el veh\u00edculo conceptual eCanter SensorCollect con estructura de recolecci\u00f3n de basura. La presentaci\u00f3n [\u2026]","og_url":"https:\/\/loginfo24.com\/es\/2020\/08\/12\/fuso-presenta-el-camion-conceptual-para-la-gestion-de-residuos-ecologica\/","og_site_name":"Loginfo24","article_publisher":"https:\/\/www.facebook.com\/people\/Loginfo24\/100057360583332\/","article_published_time":"2020-08-12T05:00:49+00:00","article_modified_time":"2025-12-15T11:34:07+00:00","twitter_card":"summary_large_image","twitter_misc":{"Tiempo de lectura":"3 minuto"},"schema":{"@context":"https:\/\/schema.org","@graph":[{"@type":"Article","@id":"https:\/\/loginfo24.com\/es\/2020\/08\/12\/fuso-presenta-el-camion-conceptual-para-la-gestion-de-residuos-ecologica\/#article","isPartOf":{"@id":"https:\/\/loginfo24.com\/es\/2020\/08\/12\/fuso-presenta-el-camion-conceptual-para-la-gestion-de-residuos-ecologica\/"},"author":{"name":"","@id":""},"headline":"FUSO presenta el cami\u00f3n conceptual para la gesti\u00f3n de residuos ecol\u00f3gica","datePublished":"2020-08-12T05:00:49+00:00","dateModified":"2025-12-15T11:34:07+00:00","mainEntityOfPage":{"@id":"https:\/\/loginfo24.com\/es\/2020\/08\/12\/fuso-presenta-el-camion-conceptual-para-la-gestion-de-residuos-ecologica\/"},"wordCount":518,"commentCount":0,"publisher":{"@id":"https:\/\/loginfo24.com\/es\/#organization"},"articleSection":["Forwarding &amp; Logistics","Intermodal \/ Road","Regions"],"inLanguage":"es","potentialAction":[{"@type":"CommentAction","name":"Comment","target":["https:\/\/loginfo24.com\/es\/2020\/08\/12\/fuso-presenta-el-camion-conceptual-para-la-gestion-de-residuos-ecologica\/#respond"]}]},{"@type":"WebPage","@id":"https:\/\/loginfo24.com\/es\/2020\/08\/12\/fuso-presenta-el-camion-conceptual-para-la-gestion-de-residuos-ecologica\/","url":"https:\/\/loginfo24.com\/es\/2020\/08\/12\/fuso-presenta-el-camion-conceptual-para-la-gestion-de-residuos-ecologica\/","name":"FUSO presenta el cami\u00f3n conceptual para la gesti\u00f3n de residuos ecol\u00f3gica - Loginfo24","isPartOf":{"@id":"https:\/\/loginfo24.com\/es\/#website"},"datePublished":"2020-08-12T05:00:49+00:00","dateModified":"2025-12-15T11:34:07+00:00","breadcrumb":{"@id":"https:\/\/loginfo24.com\/es\/2020\/08\/12\/fuso-presenta-el-camion-conceptual-para-la-gestion-de-residuos-ecologica\/#breadcrumb"},"inLanguage":"es","potentialAction":[{"@type":"ReadAction","target":["https:\/\/loginfo24.com\/es\/2020\/08\/12\/fuso-presenta-el-camion-conceptual-para-la-gestion-de-residuos-ecologica\/"]}]},{"@type":"BreadcrumbList","@id":"https:\/\/loginfo24.com\/es\/2020\/08\/12\/fuso-presenta-el-camion-conceptual-para-la-gestion-de-residuos-ecologica\/#breadcrumb","itemListElement":[{"@type":"ListItem","position":1,"name":"Startseite","item":"https:\/\/loginfo24.com\/es\/"},{"@type":"ListItem","position":2,"name":"FUSO presenta el cami\u00f3n conceptual para la gesti\u00f3n de residuos ecol\u00f3gica"}]},{"@type":"WebSite","@id":"https:\/\/loginfo24.com\/es\/#website","url":"https:\/\/loginfo24.com\/es\/","name":"Loginfo24","description":"Loginfo24 es la plataforma dedicada a la log\u00edstica y las cadenas de suministro con informaci\u00f3n las 24 horas del d\u00eda.","publisher":{"@id":"https:\/\/loginfo24.com\/es\/#organization"},"potentialAction":[{"@type":"SearchAction","target":{"@type":"EntryPoint","urlTemplate":"https:\/\/loginfo24.com\/es\/?s={search_term_string}"},"query-input":{"@type":"PropertyValueSpecification","valueRequired":true,"valueName":"search_term_string"}}],"inLanguage":"es"},{"@type":"Organization","@id":"https:\/\/loginfo24.com\/es\/#organization","name":"Grupo Logismedia AG","url":"https:\/\/loginfo24.com\/es\/","logo":{"@type":"ImageObject","inLanguage":"es","@id":"https:\/\/loginfo24.com\/es\/#\/schema\/logo\/image\/","url":"https:\/\/loginfo24.com\/wp-content\/uploads\/sites\/7\/2026\/01\/Logo_LogInfo24.png","contentUrl":"https:\/\/loginfo24.com\/wp-content\/uploads\/sites\/7\/2026\/01\/Logo_LogInfo24.png","width":938,"height":351,"caption":"Grupo Logismedia AG"},"image":{"@id":"https:\/\/loginfo24.com\/es\/#\/schema\/logo\/image\/"},"sameAs":["https:\/\/www.facebook.com\/people\/Loginfo24\/100057360583332\/","https:\/\/www.linkedin.com\/company\/lofinfo24\/"]}]}},"_links":{"self":[{"href":"https:\/\/loginfo24.com\/es\/wp-json\/wp\/v2\/posts\/19122","targetHints":{"allow":["GET"]}}],"collection":[{"href":"https:\/\/loginfo24.com\/es\/wp-json\/wp\/v2\/posts"}],"about":[{"href":"https:\/\/loginfo24.com\/es\/wp-json\/wp\/v2\/types\/post"}],"replies":[{"embeddable":true,"href":"https:\/\/loginfo24.com\/es\/wp-json\/wp\/v2\/comments?post=19122"}],"version-history":[{"count":1,"href":"https:\/\/loginfo24.com\/es\/wp-json\/wp\/v2\/posts\/19122\/revisions"}],"predecessor-version":[{"id":34532,"href":"https:\/\/loginfo24.com\/es\/wp-json\/wp\/v2\/posts\/19122\/revisions\/34532"}],"wp:attachment":[{"href":"https:\/\/loginfo24.com\/es\/wp-json\/wp\/v2\/media?parent=19122"}],"wp:term":[{"taxonomy":"category","embeddable":true,"href":"https:\/\/loginfo24.com\/es\/wp-json\/wp\/v2\/categories?post=19122"},{"taxonomy":"post_tag","embeddable":true,"href":"https:\/\/loginfo24.com\/es\/wp-json\/wp\/v2\/tags?post=19122"}],"curies":[{"name":"wp","href":"https:\/\/api.w.org\/{rel}","templated":true}]}}