{"id":19068,"date":"2020-08-10T07:00:37","date_gmt":"2020-08-10T05:00:37","guid":{"rendered":"https:\/\/blog.brand-architecture.at\/2020\/08\/10\/j-muller-pone-en-funcionamiento-alrededor-de-30000-m2-de-espacio-de-almacen-en-el-puerto-de-brake\/"},"modified":"2025-12-15T12:33:52","modified_gmt":"2025-12-15T11:33:52","slug":"j-muller-pone-en-funcionamiento-alrededor-de-30000-m2-de-espacio-de-almacen-en-el-puerto-de-brake","status":"publish","type":"post","link":"https:\/\/loginfo24.com\/es\/2020\/08\/10\/j-muller-pone-en-funcionamiento-alrededor-de-30000-m2-de-espacio-de-almacen-en-el-puerto-de-brake\/","title":{"rendered":"J. M\u00fcller pone en funcionamiento alrededor de 30,000 m2 de espacio de almac\u00e9n en el puerto de Brake"},"content":{"rendered":"<p>La J. M\u00fcller AG pone en funcionamiento alrededor de 30,000 m2 de espacio de almac\u00e9n en el Niedersachsenquai en el puerto de Brake, a pesar de que la crisis del coronavirus tambi\u00e9n ha provocado una disminuci\u00f3n en el volumen de carga aqu\u00ed. En los nuevos almacenes, se pretende principalmente expandir las actividades con productos forestales.<\/p>\n<p>(Brake) Directamente en el agua de profundidad suficiente para buques de carga en el Niedersachsenkai, el grupo empresarial J. M\u00fcller ha puesto en funcionamiento dos nuevos edificios de almac\u00e9n. En total, se han creado casi 30,000 m2 de espacio de almacenamiento cubierto. Los almacenes son parte de una estrategia de crecimiento y eficiencia de la empresa; crecimiento en los grupos de productos de pulpa y madera. Rentabilidad y eficiencia a trav\u00e9s de procesos de trabajo mejorados, ya que el espacio de almacenamiento cubierto se encuentra directamente en la zona cercana al muelle, lo que permite que la mercanc\u00eda solo tenga que recorrer distancias cortas entre el buque de carga y los almacenes. Se han invertido 13.8 millones de euros.<\/p>\n<h5>Un claro compromiso con la ubicaci\u00f3n de Brake<\/h5>\n<p>\u00abLa inversi\u00f3n es un claro compromiso con la ubicaci\u00f3n en tiempos econ\u00f3micamente dif\u00edciles\u00bb, dice Jan M\u00fcller, presidente del consejo de administraci\u00f3n de J. M\u00fcller AG. Las cifras de carga hablan por s\u00ed mismas. A mediados de a\u00f1o, el volumen de carga mar\u00edtima ha disminuido m\u00e1s de un 17 % en comparaci\u00f3n con el a\u00f1o anterior, alcanzando los 2.8 millones de toneladas. Faltan especialmente las importaciones de cereales. \u00abEl negocio de carga del puerto vive del comercio. Este se ve restringido y obstaculizado por muchos desarrollos\u00bb, dice el director Thomas Bielefeld, responsable del \u00e1rea de productos agr\u00edcolas\/materiales a granel y personal. Las repercusiones de la pandemia de coronavirus, las tendencias de desglobalizaci\u00f3n, as\u00ed como influencias especiales en los importantes mercados agr\u00edcolas para la ubicaci\u00f3n de Brake, presentan desaf\u00edos significativos para la empresa. \u00abEstamos respondiendo a este desarrollo mediante inversiones espec\u00edficas y medidas organizativas fundamentales\u00bb, contin\u00faa Thomas Bielefeld. Proyectos importantes de reorganizaci\u00f3n han llevado a una notable simplificaci\u00f3n de la estructura de liderazgo, que tambi\u00e9n ha afectado al nivel del consejo de administraci\u00f3n. Sin embargo, en tiempos econ\u00f3micamente dif\u00edciles, el desarrollo del personal sigue recibiendo una gran atenci\u00f3n. Esto incluye que J. M\u00fcller contratar\u00e1 a 20 aprendices en 9 profesiones de formaci\u00f3n a partir del 1 de agosto. \u00abLa formaci\u00f3n dual sigue siendo el acceso m\u00e1s importante a personal cualificado\u00bb, dice Thomas Bielefeld.<\/p>\n<h5>Expandir el \u00e1rea de productos forestales<\/h5>\n<p>Gracias a una pol\u00edtica de personal previsora y la flexibilidad de los empleados, J. M\u00fcller ha logrado hasta ahora evitar el trabajo a tiempo parcial y otros instrumentos del mercado laboral, a pesar de la d\u00e9bil ocupaci\u00f3n. La empresa tiene grandes esperanzas en los almacenes reci\u00e9n terminados. En particular, se pretende seguir expandiendo el \u00e1rea de productos forestales. \u00abEl a\u00f1o pasado, ya pudimos manejar m\u00e1s de 1.0 mill\u00f3n de toneladas de pulpa en el puerto de Brake\u00bb, dice Jens Ripken, miembro del consejo para el \u00e1rea de productos Breakbulk y caf\u00e9. \u00abLos almacenes cumplen con todos los requisitos de productividad, dise\u00f1o de espacio y eficiencia que exigen nuestros clientes. Aqu\u00ed queremos seguir creciendo\u00bb, dice Ripken. Los nuevos almacenes cumplen con los m\u00e1s altos requisitos de seguridad en la carga portuaria y protecci\u00f3n contra inundaciones. Por lo tanto, no solo son adecuados para el almacenamiento de celulosa y papel, sino que tambi\u00e9n son aptos para el almacenamiento exigente de materiales a granel, gracias a sus paredes apilables. En la adjudicaci\u00f3n de los diferentes oficios de construcci\u00f3n, se prest\u00f3 atenci\u00f3n a utilizar, en la medida de lo posible, empresas de la regi\u00f3n. M\u00e1s de 20 oficios diferentes, de los cuales la mitad son de la regi\u00f3n, participaron en la construcci\u00f3n y completaron con \u00e9xito la construcci\u00f3n de los almacenes para J. M\u00fcller en un corto per\u00edodo de tiempo y bajo condiciones clim\u00e1ticas extremas a principios de a\u00f1o. Foto: \u00a9 J. M\u00fcller AG <a href=\"https:\/\/jmueller.de\/\" target=\"_blank\" rel=\"noopener noreferrer\">https:\/\/jmueller.de<\/a>   <a href=\"https:\/\/www.seaports.de\" target=\"_blank\" rel=\"noopener noreferrer\">www.seaports.de<\/a><\/p>\n","protected":false},"excerpt":{"rendered":"<p>La J. M\u00fcller AG pone en funcionamiento alrededor de 30,000 m2 de espacio de almac\u00e9n en el Niedersachsenquai en el puerto de Brake, a pesar de<span class=\"excerpt-hellip\"> [\u2026]<\/span><\/p>\n","protected":false},"author":0,"featured_media":0,"comment_status":"open","ping_status":"open","sticky":false,"template":"","format":"standard","meta":{"_acf_changed":false,"footnotes":""},"categories":[1557,1560,1561,1559],"tags":[],"class_list":["post-19068","post","type-post","status-publish","format-standard","hentry","category-forwarding-logistics","category-intralogistics","category-regions","category-shipping-ports"],"acf":[],"yoast_head":"<!-- This site is optimized with the Yoast SEO plugin v27.3 - https:\/\/yoast.com\/product\/yoast-seo-wordpress\/ -->\n<title>J. M\u00fcller pone en funcionamiento alrededor de 30,000 m2 de espacio de almac\u00e9n en el puerto de Brake - Loginfo24<\/title>\n<meta name=\"robots\" content=\"index, follow, max-snippet:-1, max-image-preview:large, max-video-preview:-1\" \/>\n<link rel=\"canonical\" href=\"https:\/\/loginfo24.com\/es\/2020\/08\/10\/j-muller-pone-en-funcionamiento-alrededor-de-30000-m2-de-espacio-de-almacen-en-el-puerto-de-brake\/\" \/>\n<meta property=\"og:locale\" content=\"es_ES\" \/>\n<meta property=\"og:type\" content=\"article\" \/>\n<meta property=\"og:title\" content=\"J. M\u00fcller pone en funcionamiento alrededor de 30,000 m2 de espacio de almac\u00e9n en el puerto de Brake - Loginfo24\" \/>\n<meta property=\"og:description\" content=\"La J. M\u00fcller AG pone en funcionamiento alrededor de 30,000 m2 de espacio de almac\u00e9n en el Niedersachsenquai en el puerto de Brake, a pesar de [\u2026]\" \/>\n<meta property=\"og:url\" content=\"https:\/\/loginfo24.com\/es\/2020\/08\/10\/j-muller-pone-en-funcionamiento-alrededor-de-30000-m2-de-espacio-de-almacen-en-el-puerto-de-brake\/\" \/>\n<meta property=\"og:site_name\" content=\"Loginfo24\" \/>\n<meta property=\"article:publisher\" content=\"https:\/\/www.facebook.com\/people\/Loginfo24\/100057360583332\/\" \/>\n<meta property=\"article:published_time\" content=\"2020-08-10T05:00:37+00:00\" \/>\n<meta property=\"article:modified_time\" content=\"2025-12-15T11:33:52+00:00\" \/>\n<meta name=\"twitter:card\" content=\"summary_large_image\" \/>\n<meta name=\"twitter:label1\" content=\"Tiempo de lectura\" \/>\n\t<meta name=\"twitter:data1\" content=\"4 minuto\" \/>\n<script type=\"application\/ld+json\" class=\"yoast-schema-graph\">{\"@context\":\"https:\\\/\\\/schema.org\",\"@graph\":[{\"@type\":\"Article\",\"@id\":\"https:\\\/\\\/loginfo24.com\\\/es\\\/2020\\\/08\\\/10\\\/j-muller-pone-en-funcionamiento-alrededor-de-30000-m2-de-espacio-de-almacen-en-el-puerto-de-brake\\\/#article\",\"isPartOf\":{\"@id\":\"https:\\\/\\\/loginfo24.com\\\/es\\\/2020\\\/08\\\/10\\\/j-muller-pone-en-funcionamiento-alrededor-de-30000-m2-de-espacio-de-almacen-en-el-puerto-de-brake\\\/\"},\"author\":{\"name\":\"\",\"@id\":\"\"},\"headline\":\"J. M\u00fcller pone en funcionamiento alrededor de 30,000 m2 de espacio de almac\u00e9n en el puerto de Brake\",\"datePublished\":\"2020-08-10T05:00:37+00:00\",\"dateModified\":\"2025-12-15T11:33:52+00:00\",\"mainEntityOfPage\":{\"@id\":\"https:\\\/\\\/loginfo24.com\\\/es\\\/2020\\\/08\\\/10\\\/j-muller-pone-en-funcionamiento-alrededor-de-30000-m2-de-espacio-de-almacen-en-el-puerto-de-brake\\\/\"},\"wordCount\":726,\"commentCount\":0,\"publisher\":{\"@id\":\"https:\\\/\\\/loginfo24.com\\\/es\\\/#organization\"},\"articleSection\":[\"Forwarding &amp; Logistics\",\"Intralogistics\",\"Regions\",\"Shipping &amp; Ports\"],\"inLanguage\":\"es\",\"potentialAction\":[{\"@type\":\"CommentAction\",\"name\":\"Comment\",\"target\":[\"https:\\\/\\\/loginfo24.com\\\/es\\\/2020\\\/08\\\/10\\\/j-muller-pone-en-funcionamiento-alrededor-de-30000-m2-de-espacio-de-almacen-en-el-puerto-de-brake\\\/#respond\"]}]},{\"@type\":\"WebPage\",\"@id\":\"https:\\\/\\\/loginfo24.com\\\/es\\\/2020\\\/08\\\/10\\\/j-muller-pone-en-funcionamiento-alrededor-de-30000-m2-de-espacio-de-almacen-en-el-puerto-de-brake\\\/\",\"url\":\"https:\\\/\\\/loginfo24.com\\\/es\\\/2020\\\/08\\\/10\\\/j-muller-pone-en-funcionamiento-alrededor-de-30000-m2-de-espacio-de-almacen-en-el-puerto-de-brake\\\/\",\"name\":\"J. M\u00fcller pone en funcionamiento alrededor de 30,000 m2 de espacio de almac\u00e9n en el puerto de Brake - Loginfo24\",\"isPartOf\":{\"@id\":\"https:\\\/\\\/loginfo24.com\\\/es\\\/#website\"},\"datePublished\":\"2020-08-10T05:00:37+00:00\",\"dateModified\":\"2025-12-15T11:33:52+00:00\",\"breadcrumb\":{\"@id\":\"https:\\\/\\\/loginfo24.com\\\/es\\\/2020\\\/08\\\/10\\\/j-muller-pone-en-funcionamiento-alrededor-de-30000-m2-de-espacio-de-almacen-en-el-puerto-de-brake\\\/#breadcrumb\"},\"inLanguage\":\"es\",\"potentialAction\":[{\"@type\":\"ReadAction\",\"target\":[\"https:\\\/\\\/loginfo24.com\\\/es\\\/2020\\\/08\\\/10\\\/j-muller-pone-en-funcionamiento-alrededor-de-30000-m2-de-espacio-de-almacen-en-el-puerto-de-brake\\\/\"]}]},{\"@type\":\"BreadcrumbList\",\"@id\":\"https:\\\/\\\/loginfo24.com\\\/es\\\/2020\\\/08\\\/10\\\/j-muller-pone-en-funcionamiento-alrededor-de-30000-m2-de-espacio-de-almacen-en-el-puerto-de-brake\\\/#breadcrumb\",\"itemListElement\":[{\"@type\":\"ListItem\",\"position\":1,\"name\":\"Startseite\",\"item\":\"https:\\\/\\\/loginfo24.com\\\/es\\\/\"},{\"@type\":\"ListItem\",\"position\":2,\"name\":\"J. M\u00fcller pone en funcionamiento alrededor de 30,000 m2 de espacio de almac\u00e9n en el puerto de Brake\"}]},{\"@type\":\"WebSite\",\"@id\":\"https:\\\/\\\/loginfo24.com\\\/es\\\/#website\",\"url\":\"https:\\\/\\\/loginfo24.com\\\/es\\\/\",\"name\":\"Loginfo24\",\"description\":\"Loginfo24 es la plataforma dedicada a la log\u00edstica y las cadenas de suministro con informaci\u00f3n las 24 horas del d\u00eda.\",\"publisher\":{\"@id\":\"https:\\\/\\\/loginfo24.com\\\/es\\\/#organization\"},\"potentialAction\":[{\"@type\":\"SearchAction\",\"target\":{\"@type\":\"EntryPoint\",\"urlTemplate\":\"https:\\\/\\\/loginfo24.com\\\/es\\\/?s={search_term_string}\"},\"query-input\":{\"@type\":\"PropertyValueSpecification\",\"valueRequired\":true,\"valueName\":\"search_term_string\"}}],\"inLanguage\":\"es\"},{\"@type\":\"Organization\",\"@id\":\"https:\\\/\\\/loginfo24.com\\\/es\\\/#organization\",\"name\":\"Grupo Logismedia AG\",\"url\":\"https:\\\/\\\/loginfo24.com\\\/es\\\/\",\"logo\":{\"@type\":\"ImageObject\",\"inLanguage\":\"es\",\"@id\":\"https:\\\/\\\/loginfo24.com\\\/es\\\/#\\\/schema\\\/logo\\\/image\\\/\",\"url\":\"https:\\\/\\\/loginfo24.com\\\/wp-content\\\/uploads\\\/sites\\\/7\\\/2026\\\/01\\\/Logo_LogInfo24.png\",\"contentUrl\":\"https:\\\/\\\/loginfo24.com\\\/wp-content\\\/uploads\\\/sites\\\/7\\\/2026\\\/01\\\/Logo_LogInfo24.png\",\"width\":938,\"height\":351,\"caption\":\"Grupo Logismedia AG\"},\"image\":{\"@id\":\"https:\\\/\\\/loginfo24.com\\\/es\\\/#\\\/schema\\\/logo\\\/image\\\/\"},\"sameAs\":[\"https:\\\/\\\/www.facebook.com\\\/people\\\/Loginfo24\\\/100057360583332\\\/\",\"https:\\\/\\\/www.linkedin.com\\\/company\\\/lofinfo24\\\/\"]}]}<\/script>\n<!-- \/ Yoast SEO plugin. -->","yoast_head_json":{"title":"J. M\u00fcller pone en funcionamiento alrededor de 30,000 m2 de espacio de almac\u00e9n en el puerto de Brake - Loginfo24","robots":{"index":"index","follow":"follow","max-snippet":"max-snippet:-1","max-image-preview":"max-image-preview:large","max-video-preview":"max-video-preview:-1"},"canonical":"https:\/\/loginfo24.com\/es\/2020\/08\/10\/j-muller-pone-en-funcionamiento-alrededor-de-30000-m2-de-espacio-de-almacen-en-el-puerto-de-brake\/","og_locale":"es_ES","og_type":"article","og_title":"J. M\u00fcller pone en funcionamiento alrededor de 30,000 m2 de espacio de almac\u00e9n en el puerto de Brake - Loginfo24","og_description":"La J. M\u00fcller AG pone en funcionamiento alrededor de 30,000 m2 de espacio de almac\u00e9n en el Niedersachsenquai en el puerto de Brake, a pesar de [\u2026]","og_url":"https:\/\/loginfo24.com\/es\/2020\/08\/10\/j-muller-pone-en-funcionamiento-alrededor-de-30000-m2-de-espacio-de-almacen-en-el-puerto-de-brake\/","og_site_name":"Loginfo24","article_publisher":"https:\/\/www.facebook.com\/people\/Loginfo24\/100057360583332\/","article_published_time":"2020-08-10T05:00:37+00:00","article_modified_time":"2025-12-15T11:33:52+00:00","twitter_card":"summary_large_image","twitter_misc":{"Tiempo de lectura":"4 minuto"},"schema":{"@context":"https:\/\/schema.org","@graph":[{"@type":"Article","@id":"https:\/\/loginfo24.com\/es\/2020\/08\/10\/j-muller-pone-en-funcionamiento-alrededor-de-30000-m2-de-espacio-de-almacen-en-el-puerto-de-brake\/#article","isPartOf":{"@id":"https:\/\/loginfo24.com\/es\/2020\/08\/10\/j-muller-pone-en-funcionamiento-alrededor-de-30000-m2-de-espacio-de-almacen-en-el-puerto-de-brake\/"},"author":{"name":"","@id":""},"headline":"J. M\u00fcller pone en funcionamiento alrededor de 30,000 m2 de espacio de almac\u00e9n en el puerto de Brake","datePublished":"2020-08-10T05:00:37+00:00","dateModified":"2025-12-15T11:33:52+00:00","mainEntityOfPage":{"@id":"https:\/\/loginfo24.com\/es\/2020\/08\/10\/j-muller-pone-en-funcionamiento-alrededor-de-30000-m2-de-espacio-de-almacen-en-el-puerto-de-brake\/"},"wordCount":726,"commentCount":0,"publisher":{"@id":"https:\/\/loginfo24.com\/es\/#organization"},"articleSection":["Forwarding &amp; Logistics","Intralogistics","Regions","Shipping &amp; Ports"],"inLanguage":"es","potentialAction":[{"@type":"CommentAction","name":"Comment","target":["https:\/\/loginfo24.com\/es\/2020\/08\/10\/j-muller-pone-en-funcionamiento-alrededor-de-30000-m2-de-espacio-de-almacen-en-el-puerto-de-brake\/#respond"]}]},{"@type":"WebPage","@id":"https:\/\/loginfo24.com\/es\/2020\/08\/10\/j-muller-pone-en-funcionamiento-alrededor-de-30000-m2-de-espacio-de-almacen-en-el-puerto-de-brake\/","url":"https:\/\/loginfo24.com\/es\/2020\/08\/10\/j-muller-pone-en-funcionamiento-alrededor-de-30000-m2-de-espacio-de-almacen-en-el-puerto-de-brake\/","name":"J. M\u00fcller pone en funcionamiento alrededor de 30,000 m2 de espacio de almac\u00e9n en el puerto de Brake - Loginfo24","isPartOf":{"@id":"https:\/\/loginfo24.com\/es\/#website"},"datePublished":"2020-08-10T05:00:37+00:00","dateModified":"2025-12-15T11:33:52+00:00","breadcrumb":{"@id":"https:\/\/loginfo24.com\/es\/2020\/08\/10\/j-muller-pone-en-funcionamiento-alrededor-de-30000-m2-de-espacio-de-almacen-en-el-puerto-de-brake\/#breadcrumb"},"inLanguage":"es","potentialAction":[{"@type":"ReadAction","target":["https:\/\/loginfo24.com\/es\/2020\/08\/10\/j-muller-pone-en-funcionamiento-alrededor-de-30000-m2-de-espacio-de-almacen-en-el-puerto-de-brake\/"]}]},{"@type":"BreadcrumbList","@id":"https:\/\/loginfo24.com\/es\/2020\/08\/10\/j-muller-pone-en-funcionamiento-alrededor-de-30000-m2-de-espacio-de-almacen-en-el-puerto-de-brake\/#breadcrumb","itemListElement":[{"@type":"ListItem","position":1,"name":"Startseite","item":"https:\/\/loginfo24.com\/es\/"},{"@type":"ListItem","position":2,"name":"J. M\u00fcller pone en funcionamiento alrededor de 30,000 m2 de espacio de almac\u00e9n en el puerto de Brake"}]},{"@type":"WebSite","@id":"https:\/\/loginfo24.com\/es\/#website","url":"https:\/\/loginfo24.com\/es\/","name":"Loginfo24","description":"Loginfo24 es la plataforma dedicada a la log\u00edstica y las cadenas de suministro con informaci\u00f3n las 24 horas del d\u00eda.","publisher":{"@id":"https:\/\/loginfo24.com\/es\/#organization"},"potentialAction":[{"@type":"SearchAction","target":{"@type":"EntryPoint","urlTemplate":"https:\/\/loginfo24.com\/es\/?s={search_term_string}"},"query-input":{"@type":"PropertyValueSpecification","valueRequired":true,"valueName":"search_term_string"}}],"inLanguage":"es"},{"@type":"Organization","@id":"https:\/\/loginfo24.com\/es\/#organization","name":"Grupo Logismedia AG","url":"https:\/\/loginfo24.com\/es\/","logo":{"@type":"ImageObject","inLanguage":"es","@id":"https:\/\/loginfo24.com\/es\/#\/schema\/logo\/image\/","url":"https:\/\/loginfo24.com\/wp-content\/uploads\/sites\/7\/2026\/01\/Logo_LogInfo24.png","contentUrl":"https:\/\/loginfo24.com\/wp-content\/uploads\/sites\/7\/2026\/01\/Logo_LogInfo24.png","width":938,"height":351,"caption":"Grupo Logismedia AG"},"image":{"@id":"https:\/\/loginfo24.com\/es\/#\/schema\/logo\/image\/"},"sameAs":["https:\/\/www.facebook.com\/people\/Loginfo24\/100057360583332\/","https:\/\/www.linkedin.com\/company\/lofinfo24\/"]}]}},"_links":{"self":[{"href":"https:\/\/loginfo24.com\/es\/wp-json\/wp\/v2\/posts\/19068","targetHints":{"allow":["GET"]}}],"collection":[{"href":"https:\/\/loginfo24.com\/es\/wp-json\/wp\/v2\/posts"}],"about":[{"href":"https:\/\/loginfo24.com\/es\/wp-json\/wp\/v2\/types\/post"}],"replies":[{"embeddable":true,"href":"https:\/\/loginfo24.com\/es\/wp-json\/wp\/v2\/comments?post=19068"}],"version-history":[{"count":1,"href":"https:\/\/loginfo24.com\/es\/wp-json\/wp\/v2\/posts\/19068\/revisions"}],"predecessor-version":[{"id":34430,"href":"https:\/\/loginfo24.com\/es\/wp-json\/wp\/v2\/posts\/19068\/revisions\/34430"}],"wp:attachment":[{"href":"https:\/\/loginfo24.com\/es\/wp-json\/wp\/v2\/media?parent=19068"}],"wp:term":[{"taxonomy":"category","embeddable":true,"href":"https:\/\/loginfo24.com\/es\/wp-json\/wp\/v2\/categories?post=19068"},{"taxonomy":"post_tag","embeddable":true,"href":"https:\/\/loginfo24.com\/es\/wp-json\/wp\/v2\/tags?post=19068"}],"curies":[{"name":"wp","href":"https:\/\/api.w.org\/{rel}","templated":true}]}}