{"id":18991,"date":"2020-08-06T07:00:18","date_gmt":"2020-08-06T05:00:18","guid":{"rendered":"https:\/\/blog.brand-architecture.at\/2020\/08\/06\/logistics-hall-of-fame-y-logistics-alliance-germany-establecen-una-asociacion\/"},"modified":"2025-12-15T12:33:32","modified_gmt":"2025-12-15T11:33:32","slug":"logistics-hall-of-fame-y-logistics-alliance-germany-establecen-una-asociacion","status":"publish","type":"post","link":"https:\/\/loginfo24.com\/es\/2020\/08\/06\/logistics-hall-of-fame-y-logistics-alliance-germany-establecen-una-asociacion\/","title":{"rendered":"Logistics Hall of Fame y Logistics Alliance Germany establecen una asociaci\u00f3n"},"content":{"rendered":"<p>La Logistics Hall of Fame y la Logistics Alliance Germany (LAG) marcan un hito en la capacidad y el poder de innovaci\u00f3n de la log\u00edstica y acuerdan una asociaci\u00f3n. Juntos quieren presentar la capacidad del lugar log\u00edstico Alemania a nivel mundial.<\/p>\n<p>(Ismaning\/Berl\u00edn) La Logistics Hall of Fame y la Logistics Alliance Germany (LAG) quieren establecer conjuntamente un hito en la capacidad y el poder de innovaci\u00f3n de la log\u00edstica. Por esta raz\u00f3n, la sala de la fama internacional de la log\u00edstica y la LAG han acordado una asociaci\u00f3n. A partir de ahora, la Logistics Alliance Germany es miembro del gran c\u00edrculo de apoyo de la Logistics Hall of Fame. Al mismo tiempo, la Logistics Hall of Fame ser\u00e1 uno de los apoyos en el trabajo de la Logistics Alliance Germany. Ambos socios quieren utilizar su gran red y el reconocimiento internacional de la Logistics Hall of Fame para presentar la capacidad del lugar log\u00edstico Alemania a nivel mundial, contribuir a la competitividad de toda la industria log\u00edstica y mejorar a\u00fan m\u00e1s la imagen de la log\u00edstica.<\/p>\n<h5>\u00abLogistics made in Germany\u00bb<\/h5>\n<p> La Logistics Alliance Germany es un proyecto de asociaci\u00f3n p\u00fablico-privada (\u00d6PP) del Ministerio Federal de Transporte e Infraestructura Digital (BMVI) y la industria log\u00edstica alemana, que tiene como objetivo comercializar el lugar log\u00edstico Alemania bajo el lema \u00abLogistics made in Germany\u00bb en el extranjero no europeo. La Logistics Hall of Fame documenta logros sobresalientes en la log\u00edstica, distingue a sus creadores y promueve innovaciones. Para el a\u00f1o 2020, los finalistas para ingresar en la sala de la fama mundial de la log\u00edstica 2020 ya est\u00e1n definidos. El Consejo de la Logistics Hall of Fame ha nominado recientemente a diez personalidades para su inclusi\u00f3n en la sala de la fama, as\u00ed como a cuatro candidatos para el premio \u00abTRATON Logistics Leader of the Year\u00bb. Anteriormente, se hab\u00edan recibido 22 propuestas v\u00e1lidas de Alemania, Europa y todo el mundo. Las listas de candidatos para ambos premios son tradicionalmente secretas y no se publican con antelaci\u00f3n. Los apoyos de la Logistics Hall of Fame son un grupo de personas, empresas e instituciones que se dedican a documentar los logros sobresalientes en la log\u00edstica.<\/p>\n<h5><strong>Antecedentes<\/strong><\/h5>\n<p> La Logistics Hall of Fame honra internacionalmente a personalidades que han hecho contribuciones excepcionales al desarrollo de la log\u00edstica y la gesti\u00f3n de la cadena de suministro. El objetivo de la Logistics Hall of Fame es documentar los hitos de la log\u00edstica como plataforma mundial y distinguir a sus creadores, subrayando as\u00ed la importancia de la log\u00edstica para la econom\u00eda y la sociedad. La iniciativa sin fines de lucro cuenta con el apoyo de la pol\u00edtica, asociaciones, medios de comunicaci\u00f3n, econom\u00eda y ciencia. La presidencia est\u00e1 a cargo de Andreas Scheuer MdB, Ministro Federal de Transporte e Infraestructura Digital. Foto: \u00a9 Logistics Hall of Fame <a href=\"https:\/\/www.logisticshalloffame.net\" target=\"_blank\" rel=\"noopener noreferrer\">www.logisticshalloffame.net<\/a>\u00a0\u00a0 <a href=\"https:\/\/www.logistics-alliance-germany.de\" target=\"_blank\" rel=\"noopener noreferrer\">www.logistics-alliance-germany.de<\/a><\/p>\n","protected":false},"excerpt":{"rendered":"<p>La Logistics Hall of Fame y la Logistics Alliance Germany (LAG) marcan un hito en la capacidad y el poder de innovaci\u00f3n de la log\u00edstica y<span class=\"excerpt-hellip\"> [\u2026]<\/span><\/p>\n","protected":false},"author":0,"featured_media":0,"comment_status":"open","ping_status":"open","sticky":false,"template":"","format":"standard","meta":{"_acf_changed":false,"footnotes":""},"categories":[1557,1561],"tags":[],"class_list":["post-18991","post","type-post","status-publish","format-standard","hentry","category-forwarding-logistics","category-regions"],"acf":[],"yoast_head":"<!-- This site is optimized with the Yoast SEO plugin v27.3 - https:\/\/yoast.com\/product\/yoast-seo-wordpress\/ -->\n<title>Logistics Hall of Fame y Logistics Alliance Germany establecen una asociaci\u00f3n - Loginfo24<\/title>\n<meta name=\"robots\" content=\"index, follow, max-snippet:-1, max-image-preview:large, max-video-preview:-1\" \/>\n<link rel=\"canonical\" href=\"https:\/\/loginfo24.com\/es\/2020\/08\/06\/logistics-hall-of-fame-y-logistics-alliance-germany-establecen-una-asociacion\/\" \/>\n<meta property=\"og:locale\" content=\"es_ES\" \/>\n<meta property=\"og:type\" content=\"article\" \/>\n<meta property=\"og:title\" content=\"Logistics Hall of Fame y Logistics Alliance Germany establecen una asociaci\u00f3n - Loginfo24\" \/>\n<meta property=\"og:description\" content=\"La Logistics Hall of Fame y la Logistics Alliance Germany (LAG) marcan un hito en la capacidad y el poder de innovaci\u00f3n de la log\u00edstica y [\u2026]\" \/>\n<meta property=\"og:url\" content=\"https:\/\/loginfo24.com\/es\/2020\/08\/06\/logistics-hall-of-fame-y-logistics-alliance-germany-establecen-una-asociacion\/\" \/>\n<meta property=\"og:site_name\" content=\"Loginfo24\" \/>\n<meta property=\"article:publisher\" content=\"https:\/\/www.facebook.com\/people\/Loginfo24\/100057360583332\/\" \/>\n<meta property=\"article:published_time\" content=\"2020-08-06T05:00:18+00:00\" \/>\n<meta property=\"article:modified_time\" content=\"2025-12-15T11:33:32+00:00\" \/>\n<meta name=\"twitter:card\" content=\"summary_large_image\" \/>\n<meta name=\"twitter:label1\" content=\"Tiempo de lectura\" \/>\n\t<meta name=\"twitter:data1\" content=\"3 minuto\" \/>\n<script type=\"application\/ld+json\" class=\"yoast-schema-graph\">{\"@context\":\"https:\\\/\\\/schema.org\",\"@graph\":[{\"@type\":\"Article\",\"@id\":\"https:\\\/\\\/loginfo24.com\\\/es\\\/2020\\\/08\\\/06\\\/logistics-hall-of-fame-y-logistics-alliance-germany-establecen-una-asociacion\\\/#article\",\"isPartOf\":{\"@id\":\"https:\\\/\\\/loginfo24.com\\\/es\\\/2020\\\/08\\\/06\\\/logistics-hall-of-fame-y-logistics-alliance-germany-establecen-una-asociacion\\\/\"},\"author\":{\"name\":\"\",\"@id\":\"\"},\"headline\":\"Logistics Hall of Fame y Logistics Alliance Germany establecen una asociaci\u00f3n\",\"datePublished\":\"2020-08-06T05:00:18+00:00\",\"dateModified\":\"2025-12-15T11:33:32+00:00\",\"mainEntityOfPage\":{\"@id\":\"https:\\\/\\\/loginfo24.com\\\/es\\\/2020\\\/08\\\/06\\\/logistics-hall-of-fame-y-logistics-alliance-germany-establecen-una-asociacion\\\/\"},\"wordCount\":518,\"commentCount\":0,\"publisher\":{\"@id\":\"https:\\\/\\\/loginfo24.com\\\/es\\\/#organization\"},\"articleSection\":[\"Forwarding &amp; Logistics\",\"Regions\"],\"inLanguage\":\"es\",\"potentialAction\":[{\"@type\":\"CommentAction\",\"name\":\"Comment\",\"target\":[\"https:\\\/\\\/loginfo24.com\\\/es\\\/2020\\\/08\\\/06\\\/logistics-hall-of-fame-y-logistics-alliance-germany-establecen-una-asociacion\\\/#respond\"]}]},{\"@type\":\"WebPage\",\"@id\":\"https:\\\/\\\/loginfo24.com\\\/es\\\/2020\\\/08\\\/06\\\/logistics-hall-of-fame-y-logistics-alliance-germany-establecen-una-asociacion\\\/\",\"url\":\"https:\\\/\\\/loginfo24.com\\\/es\\\/2020\\\/08\\\/06\\\/logistics-hall-of-fame-y-logistics-alliance-germany-establecen-una-asociacion\\\/\",\"name\":\"Logistics Hall of Fame y Logistics Alliance Germany establecen una asociaci\u00f3n - Loginfo24\",\"isPartOf\":{\"@id\":\"https:\\\/\\\/loginfo24.com\\\/es\\\/#website\"},\"datePublished\":\"2020-08-06T05:00:18+00:00\",\"dateModified\":\"2025-12-15T11:33:32+00:00\",\"breadcrumb\":{\"@id\":\"https:\\\/\\\/loginfo24.com\\\/es\\\/2020\\\/08\\\/06\\\/logistics-hall-of-fame-y-logistics-alliance-germany-establecen-una-asociacion\\\/#breadcrumb\"},\"inLanguage\":\"es\",\"potentialAction\":[{\"@type\":\"ReadAction\",\"target\":[\"https:\\\/\\\/loginfo24.com\\\/es\\\/2020\\\/08\\\/06\\\/logistics-hall-of-fame-y-logistics-alliance-germany-establecen-una-asociacion\\\/\"]}]},{\"@type\":\"BreadcrumbList\",\"@id\":\"https:\\\/\\\/loginfo24.com\\\/es\\\/2020\\\/08\\\/06\\\/logistics-hall-of-fame-y-logistics-alliance-germany-establecen-una-asociacion\\\/#breadcrumb\",\"itemListElement\":[{\"@type\":\"ListItem\",\"position\":1,\"name\":\"Startseite\",\"item\":\"https:\\\/\\\/loginfo24.com\\\/es\\\/\"},{\"@type\":\"ListItem\",\"position\":2,\"name\":\"Logistics Hall of Fame y Logistics Alliance Germany establecen una asociaci\u00f3n\"}]},{\"@type\":\"WebSite\",\"@id\":\"https:\\\/\\\/loginfo24.com\\\/es\\\/#website\",\"url\":\"https:\\\/\\\/loginfo24.com\\\/es\\\/\",\"name\":\"Loginfo24\",\"description\":\"Loginfo24 es la plataforma dedicada a la log\u00edstica y las cadenas de suministro con informaci\u00f3n las 24 horas del d\u00eda.\",\"publisher\":{\"@id\":\"https:\\\/\\\/loginfo24.com\\\/es\\\/#organization\"},\"potentialAction\":[{\"@type\":\"SearchAction\",\"target\":{\"@type\":\"EntryPoint\",\"urlTemplate\":\"https:\\\/\\\/loginfo24.com\\\/es\\\/?s={search_term_string}\"},\"query-input\":{\"@type\":\"PropertyValueSpecification\",\"valueRequired\":true,\"valueName\":\"search_term_string\"}}],\"inLanguage\":\"es\"},{\"@type\":\"Organization\",\"@id\":\"https:\\\/\\\/loginfo24.com\\\/es\\\/#organization\",\"name\":\"Grupo Logismedia AG\",\"url\":\"https:\\\/\\\/loginfo24.com\\\/es\\\/\",\"logo\":{\"@type\":\"ImageObject\",\"inLanguage\":\"es\",\"@id\":\"https:\\\/\\\/loginfo24.com\\\/es\\\/#\\\/schema\\\/logo\\\/image\\\/\",\"url\":\"https:\\\/\\\/loginfo24.com\\\/wp-content\\\/uploads\\\/sites\\\/7\\\/2026\\\/01\\\/Logo_LogInfo24.png\",\"contentUrl\":\"https:\\\/\\\/loginfo24.com\\\/wp-content\\\/uploads\\\/sites\\\/7\\\/2026\\\/01\\\/Logo_LogInfo24.png\",\"width\":938,\"height\":351,\"caption\":\"Grupo Logismedia AG\"},\"image\":{\"@id\":\"https:\\\/\\\/loginfo24.com\\\/es\\\/#\\\/schema\\\/logo\\\/image\\\/\"},\"sameAs\":[\"https:\\\/\\\/www.facebook.com\\\/people\\\/Loginfo24\\\/100057360583332\\\/\",\"https:\\\/\\\/www.linkedin.com\\\/company\\\/lofinfo24\\\/\"]}]}<\/script>\n<!-- \/ Yoast SEO plugin. -->","yoast_head_json":{"title":"Logistics Hall of Fame y Logistics Alliance Germany establecen una asociaci\u00f3n - Loginfo24","robots":{"index":"index","follow":"follow","max-snippet":"max-snippet:-1","max-image-preview":"max-image-preview:large","max-video-preview":"max-video-preview:-1"},"canonical":"https:\/\/loginfo24.com\/es\/2020\/08\/06\/logistics-hall-of-fame-y-logistics-alliance-germany-establecen-una-asociacion\/","og_locale":"es_ES","og_type":"article","og_title":"Logistics Hall of Fame y Logistics Alliance Germany establecen una asociaci\u00f3n - Loginfo24","og_description":"La Logistics Hall of Fame y la Logistics Alliance Germany (LAG) marcan un hito en la capacidad y el poder de innovaci\u00f3n de la log\u00edstica y [\u2026]","og_url":"https:\/\/loginfo24.com\/es\/2020\/08\/06\/logistics-hall-of-fame-y-logistics-alliance-germany-establecen-una-asociacion\/","og_site_name":"Loginfo24","article_publisher":"https:\/\/www.facebook.com\/people\/Loginfo24\/100057360583332\/","article_published_time":"2020-08-06T05:00:18+00:00","article_modified_time":"2025-12-15T11:33:32+00:00","twitter_card":"summary_large_image","twitter_misc":{"Tiempo de lectura":"3 minuto"},"schema":{"@context":"https:\/\/schema.org","@graph":[{"@type":"Article","@id":"https:\/\/loginfo24.com\/es\/2020\/08\/06\/logistics-hall-of-fame-y-logistics-alliance-germany-establecen-una-asociacion\/#article","isPartOf":{"@id":"https:\/\/loginfo24.com\/es\/2020\/08\/06\/logistics-hall-of-fame-y-logistics-alliance-germany-establecen-una-asociacion\/"},"author":{"name":"","@id":""},"headline":"Logistics Hall of Fame y Logistics Alliance Germany establecen una asociaci\u00f3n","datePublished":"2020-08-06T05:00:18+00:00","dateModified":"2025-12-15T11:33:32+00:00","mainEntityOfPage":{"@id":"https:\/\/loginfo24.com\/es\/2020\/08\/06\/logistics-hall-of-fame-y-logistics-alliance-germany-establecen-una-asociacion\/"},"wordCount":518,"commentCount":0,"publisher":{"@id":"https:\/\/loginfo24.com\/es\/#organization"},"articleSection":["Forwarding &amp; Logistics","Regions"],"inLanguage":"es","potentialAction":[{"@type":"CommentAction","name":"Comment","target":["https:\/\/loginfo24.com\/es\/2020\/08\/06\/logistics-hall-of-fame-y-logistics-alliance-germany-establecen-una-asociacion\/#respond"]}]},{"@type":"WebPage","@id":"https:\/\/loginfo24.com\/es\/2020\/08\/06\/logistics-hall-of-fame-y-logistics-alliance-germany-establecen-una-asociacion\/","url":"https:\/\/loginfo24.com\/es\/2020\/08\/06\/logistics-hall-of-fame-y-logistics-alliance-germany-establecen-una-asociacion\/","name":"Logistics Hall of Fame y Logistics Alliance Germany establecen una asociaci\u00f3n - Loginfo24","isPartOf":{"@id":"https:\/\/loginfo24.com\/es\/#website"},"datePublished":"2020-08-06T05:00:18+00:00","dateModified":"2025-12-15T11:33:32+00:00","breadcrumb":{"@id":"https:\/\/loginfo24.com\/es\/2020\/08\/06\/logistics-hall-of-fame-y-logistics-alliance-germany-establecen-una-asociacion\/#breadcrumb"},"inLanguage":"es","potentialAction":[{"@type":"ReadAction","target":["https:\/\/loginfo24.com\/es\/2020\/08\/06\/logistics-hall-of-fame-y-logistics-alliance-germany-establecen-una-asociacion\/"]}]},{"@type":"BreadcrumbList","@id":"https:\/\/loginfo24.com\/es\/2020\/08\/06\/logistics-hall-of-fame-y-logistics-alliance-germany-establecen-una-asociacion\/#breadcrumb","itemListElement":[{"@type":"ListItem","position":1,"name":"Startseite","item":"https:\/\/loginfo24.com\/es\/"},{"@type":"ListItem","position":2,"name":"Logistics Hall of Fame y Logistics Alliance Germany establecen una asociaci\u00f3n"}]},{"@type":"WebSite","@id":"https:\/\/loginfo24.com\/es\/#website","url":"https:\/\/loginfo24.com\/es\/","name":"Loginfo24","description":"Loginfo24 es la plataforma dedicada a la log\u00edstica y las cadenas de suministro con informaci\u00f3n las 24 horas del d\u00eda.","publisher":{"@id":"https:\/\/loginfo24.com\/es\/#organization"},"potentialAction":[{"@type":"SearchAction","target":{"@type":"EntryPoint","urlTemplate":"https:\/\/loginfo24.com\/es\/?s={search_term_string}"},"query-input":{"@type":"PropertyValueSpecification","valueRequired":true,"valueName":"search_term_string"}}],"inLanguage":"es"},{"@type":"Organization","@id":"https:\/\/loginfo24.com\/es\/#organization","name":"Grupo Logismedia AG","url":"https:\/\/loginfo24.com\/es\/","logo":{"@type":"ImageObject","inLanguage":"es","@id":"https:\/\/loginfo24.com\/es\/#\/schema\/logo\/image\/","url":"https:\/\/loginfo24.com\/wp-content\/uploads\/sites\/7\/2026\/01\/Logo_LogInfo24.png","contentUrl":"https:\/\/loginfo24.com\/wp-content\/uploads\/sites\/7\/2026\/01\/Logo_LogInfo24.png","width":938,"height":351,"caption":"Grupo Logismedia AG"},"image":{"@id":"https:\/\/loginfo24.com\/es\/#\/schema\/logo\/image\/"},"sameAs":["https:\/\/www.facebook.com\/people\/Loginfo24\/100057360583332\/","https:\/\/www.linkedin.com\/company\/lofinfo24\/"]}]}},"_links":{"self":[{"href":"https:\/\/loginfo24.com\/es\/wp-json\/wp\/v2\/posts\/18991","targetHints":{"allow":["GET"]}}],"collection":[{"href":"https:\/\/loginfo24.com\/es\/wp-json\/wp\/v2\/posts"}],"about":[{"href":"https:\/\/loginfo24.com\/es\/wp-json\/wp\/v2\/types\/post"}],"replies":[{"embeddable":true,"href":"https:\/\/loginfo24.com\/es\/wp-json\/wp\/v2\/comments?post=18991"}],"version-history":[{"count":1,"href":"https:\/\/loginfo24.com\/es\/wp-json\/wp\/v2\/posts\/18991\/revisions"}],"predecessor-version":[{"id":34276,"href":"https:\/\/loginfo24.com\/es\/wp-json\/wp\/v2\/posts\/18991\/revisions\/34276"}],"wp:attachment":[{"href":"https:\/\/loginfo24.com\/es\/wp-json\/wp\/v2\/media?parent=18991"}],"wp:term":[{"taxonomy":"category","embeddable":true,"href":"https:\/\/loginfo24.com\/es\/wp-json\/wp\/v2\/categories?post=18991"},{"taxonomy":"post_tag","embeddable":true,"href":"https:\/\/loginfo24.com\/es\/wp-json\/wp\/v2\/tags?post=18991"}],"curies":[{"name":"wp","href":"https:\/\/api.w.org\/{rel}","templated":true}]}}