{"id":18907,"date":"2020-08-03T07:00:42","date_gmt":"2020-08-03T05:00:42","guid":{"rendered":"https:\/\/blog.brand-architecture.at\/2020\/08\/03\/abb-invierte-en-italia-en-un-centro-de-produccion-para-estaciones-de-carga-electricas\/"},"modified":"2025-12-15T12:33:12","modified_gmt":"2025-12-15T11:33:12","slug":"abb-invierte-en-italia-en-un-centro-de-produccion-para-estaciones-de-carga-electricas","status":"publish","type":"post","link":"https:\/\/loginfo24.com\/es\/2020\/08\/03\/abb-invierte-en-italia-en-un-centro-de-produccion-para-estaciones-de-carga-electricas\/","title":{"rendered":"ABB invierte en Italia en un centro de producci\u00f3n para estaciones de carga el\u00e9ctricas"},"content":{"rendered":"<p>ABB ha puesto la primera piedra de una nueva ubicaci\u00f3n en San Giovanni Valdarno (Toscana) en Italia, que servir\u00e1 como un centro de competencia y producci\u00f3n global para la infraestructura de carga de veh\u00edculos el\u00e9ctricos. La instalaci\u00f3n de 16,000 metros cuadrados comenzar\u00e1 a operar a finales de 2021. La suma de la inversi\u00f3n es de aproximadamente 30 millones de d\u00f3lares estadounidenses.<\/p>\n<p>(PresseBox Baden\/Suiza) Como proveedor l\u00edder mundial de soluciones de electromovilidad, ABB subraya con la inversi\u00f3n de 30 millones de d\u00f3lares su compromiso de impulsar innovaciones en este sector en crecimiento. ABB ya ha invertido 10 millones de d\u00f3lares en la construcci\u00f3n de una sede sostenible, as\u00ed como en un centro de investigaci\u00f3n y desarrollo para sus actividades globales en el \u00e1mbito de la electromovilidad. Este se encuentra en el campus de la TU Delft en la Heertjeslaan de los Pa\u00edses Bajos y se inaugurar\u00e1 oficialmente a\u00fan este a\u00f1o.<\/p>\n<p>La nueva planta en Italia fabricar\u00e1 toda la cartera de estaciones de carga de corriente continua de ABB para veh\u00edculos el\u00e9ctricos, desde estaciones de carga para el hogar hasta sistemas para instalaci\u00f3n en espacios p\u00fablicos y para el transporte urbano. La nueva ubicaci\u00f3n impulsar\u00e1 a\u00fan m\u00e1s el crecimiento y la capacidad de innovaci\u00f3n de ABB en el \u00e1mbito de la electromovilidad.<\/p>\n<h5><strong>Hito para la electromovilidad en ABB<\/strong><\/h5>\n<p>Giampiero Frisio, director de la divisi\u00f3n Smart Power de ABB, dijo: \u00abHoy estamos marcando un hito importante para nuestro negocio de electromovilidad. ABB ha estado impulsando el progreso en este sector de manera decidida durante m\u00e1s de diez a\u00f1os. Con esta ubicaci\u00f3n de \u00faltima generaci\u00f3n, contribuimos significativamente a acelerar la transici\u00f3n mundial hacia la electromovilidad sin emisiones.\u00bb<br \/>\nLa planta estar\u00e1 equipada con diversas soluciones digitales de ABB AbilityTM. Estas permitir\u00e1n una transparencia total y una fabricaci\u00f3n optimizada para cada producto individual, y conectar\u00e1n sistemas de gesti\u00f3n de inventario automatizados con las \u00e1reas de producci\u00f3n. Adem\u00e1s, se conectar\u00e1n instalaciones automatizadas para el ensamblaje de placas de circuito y sistemas de monitoreo y prueba con el sistema inform\u00e1tico de la f\u00e1brica.<br \/>\nPara las actividades de I+D, habr\u00e1 un \u00e1rea separada de 3,200 metros cuadrados, que se centrar\u00e1 en el desarrollo y la creaci\u00f3n de prototipos. ABB se concentrar\u00e1 en la introducci\u00f3n de soluciones innovadoras, as\u00ed como en nuevos software y herramientas para la gesti\u00f3n del ciclo de vida de los productos, para integrar completamente las actividades de I+D en el proceso de fabricaci\u00f3n, tanto internamente como para servicios externos de desarrollo y fabricaci\u00f3n de electr\u00f3nica.<\/p>\n<h5><strong>Flota de coches el\u00e9ctricos para empleados<\/strong><\/h5>\n<p>Al mismo tiempo, la integraci\u00f3n de fuentes de energ\u00eda renovables como paneles solares en el techo, un sistema de calefacci\u00f3n y refrigeraci\u00f3n optimizado, y la introducci\u00f3n de una flota de coches el\u00e9ctricos para empleados, equipos de log\u00edstica, ventas y servicio, ayudar\u00e1n a mantener bajo el impacto ambiental de la planta.<\/p>\n<p>Frank M\u00fchlon, director del negocio global de ABB E-mobility Infrastructure Solutions, dijo: \u00abAnte la creciente demanda mundial de soluciones de transporte sostenibles, aseguramos con la nueva planta que ABB pueda satisfacer esta demanda y siga siendo el proveedor preferido de soluciones de electromovilidad integrales.\u00bb<\/p>\n<p>ABB tiene una amplia experiencia en el desarrollo de soluciones de transporte sostenibles. La empresa ha estado activa en el mercado de estaciones de carga el\u00e9ctricas durante m\u00e1s de diez a\u00f1os y ha vendido hasta la fecha m\u00e1s de 14,000 cargadores r\u00e1pidos de corriente continua en m\u00e1s de 80 pa\u00edses. Por su contribuci\u00f3n a la promoci\u00f3n de soluciones de transporte sostenibles a nivel internacional, ABB fue galardonada con el \u00abGlobal E-mobility Leader 2019 Award\u00bb.<br \/>\nComo la empresa anunci\u00f3 recientemente, suministrar\u00e1 la tecnolog\u00eda de carga para los coches de carrera Gen3 del Campeonato Mundial ABB FIA de F\u00f3rmula E, la primera serie de carreras de motorsport internacional completamente el\u00e9ctrica.<\/p>\n<p>Foto: \u00a9 ABB<\/p>\n<p><a href=\"https:\/\/www.abb.com\" target=\"_blank\" rel=\"noopener noreferrer\">www.abb.com<\/a><\/p>\n","protected":false},"excerpt":{"rendered":"<p>ABB ha puesto la primera piedra de una nueva ubicaci\u00f3n en San Giovanni Valdarno (Toscana) en Italia, que servir\u00e1 como un centro de competencia y producci\u00f3n<span class=\"excerpt-hellip\"> [\u2026]<\/span><\/p>\n","protected":false},"author":0,"featured_media":0,"comment_status":"open","ping_status":"open","sticky":false,"template":"","format":"standard","meta":{"_acf_changed":false,"footnotes":""},"categories":[1557,1561],"tags":[],"class_list":["post-18907","post","type-post","status-publish","format-standard","hentry","category-forwarding-logistics","category-regions"],"acf":[],"yoast_head":"<!-- This site is optimized with the Yoast SEO plugin v27.3 - https:\/\/yoast.com\/product\/yoast-seo-wordpress\/ -->\n<title>ABB invierte en Italia en un centro de producci\u00f3n para estaciones de carga el\u00e9ctricas - Loginfo24<\/title>\n<meta name=\"robots\" content=\"index, follow, max-snippet:-1, max-image-preview:large, max-video-preview:-1\" \/>\n<link rel=\"canonical\" href=\"https:\/\/loginfo24.com\/es\/2020\/08\/03\/abb-invierte-en-italia-en-un-centro-de-produccion-para-estaciones-de-carga-electricas\/\" \/>\n<meta property=\"og:locale\" content=\"es_ES\" \/>\n<meta property=\"og:type\" content=\"article\" \/>\n<meta property=\"og:title\" content=\"ABB invierte en Italia en un centro de producci\u00f3n para estaciones de carga el\u00e9ctricas - Loginfo24\" \/>\n<meta property=\"og:description\" content=\"ABB ha puesto la primera piedra de una nueva ubicaci\u00f3n en San Giovanni Valdarno (Toscana) en Italia, que servir\u00e1 como un centro de competencia y producci\u00f3n [\u2026]\" \/>\n<meta property=\"og:url\" content=\"https:\/\/loginfo24.com\/es\/2020\/08\/03\/abb-invierte-en-italia-en-un-centro-de-produccion-para-estaciones-de-carga-electricas\/\" \/>\n<meta property=\"og:site_name\" content=\"Loginfo24\" \/>\n<meta property=\"article:publisher\" content=\"https:\/\/www.facebook.com\/people\/Loginfo24\/100057360583332\/\" \/>\n<meta property=\"article:published_time\" content=\"2020-08-03T05:00:42+00:00\" \/>\n<meta property=\"article:modified_time\" content=\"2025-12-15T11:33:12+00:00\" \/>\n<meta name=\"twitter:card\" content=\"summary_large_image\" \/>\n<meta name=\"twitter:label1\" content=\"Tiempo de lectura\" \/>\n\t<meta name=\"twitter:data1\" content=\"3 minuto\" \/>\n<script type=\"application\/ld+json\" class=\"yoast-schema-graph\">{\"@context\":\"https:\\\/\\\/schema.org\",\"@graph\":[{\"@type\":\"Article\",\"@id\":\"https:\\\/\\\/loginfo24.com\\\/es\\\/2020\\\/08\\\/03\\\/abb-invierte-en-italia-en-un-centro-de-produccion-para-estaciones-de-carga-electricas\\\/#article\",\"isPartOf\":{\"@id\":\"https:\\\/\\\/loginfo24.com\\\/es\\\/2020\\\/08\\\/03\\\/abb-invierte-en-italia-en-un-centro-de-produccion-para-estaciones-de-carga-electricas\\\/\"},\"author\":{\"name\":\"\",\"@id\":\"\"},\"headline\":\"ABB invierte en Italia en un centro de producci\u00f3n para estaciones de carga el\u00e9ctricas\",\"datePublished\":\"2020-08-03T05:00:42+00:00\",\"dateModified\":\"2025-12-15T11:33:12+00:00\",\"mainEntityOfPage\":{\"@id\":\"https:\\\/\\\/loginfo24.com\\\/es\\\/2020\\\/08\\\/03\\\/abb-invierte-en-italia-en-un-centro-de-produccion-para-estaciones-de-carga-electricas\\\/\"},\"wordCount\":699,\"commentCount\":0,\"publisher\":{\"@id\":\"https:\\\/\\\/loginfo24.com\\\/es\\\/#organization\"},\"articleSection\":[\"Forwarding &amp; Logistics\",\"Regions\"],\"inLanguage\":\"es\",\"potentialAction\":[{\"@type\":\"CommentAction\",\"name\":\"Comment\",\"target\":[\"https:\\\/\\\/loginfo24.com\\\/es\\\/2020\\\/08\\\/03\\\/abb-invierte-en-italia-en-un-centro-de-produccion-para-estaciones-de-carga-electricas\\\/#respond\"]}]},{\"@type\":\"WebPage\",\"@id\":\"https:\\\/\\\/loginfo24.com\\\/es\\\/2020\\\/08\\\/03\\\/abb-invierte-en-italia-en-un-centro-de-produccion-para-estaciones-de-carga-electricas\\\/\",\"url\":\"https:\\\/\\\/loginfo24.com\\\/es\\\/2020\\\/08\\\/03\\\/abb-invierte-en-italia-en-un-centro-de-produccion-para-estaciones-de-carga-electricas\\\/\",\"name\":\"ABB invierte en Italia en un centro de producci\u00f3n para estaciones de carga el\u00e9ctricas - Loginfo24\",\"isPartOf\":{\"@id\":\"https:\\\/\\\/loginfo24.com\\\/es\\\/#website\"},\"datePublished\":\"2020-08-03T05:00:42+00:00\",\"dateModified\":\"2025-12-15T11:33:12+00:00\",\"breadcrumb\":{\"@id\":\"https:\\\/\\\/loginfo24.com\\\/es\\\/2020\\\/08\\\/03\\\/abb-invierte-en-italia-en-un-centro-de-produccion-para-estaciones-de-carga-electricas\\\/#breadcrumb\"},\"inLanguage\":\"es\",\"potentialAction\":[{\"@type\":\"ReadAction\",\"target\":[\"https:\\\/\\\/loginfo24.com\\\/es\\\/2020\\\/08\\\/03\\\/abb-invierte-en-italia-en-un-centro-de-produccion-para-estaciones-de-carga-electricas\\\/\"]}]},{\"@type\":\"BreadcrumbList\",\"@id\":\"https:\\\/\\\/loginfo24.com\\\/es\\\/2020\\\/08\\\/03\\\/abb-invierte-en-italia-en-un-centro-de-produccion-para-estaciones-de-carga-electricas\\\/#breadcrumb\",\"itemListElement\":[{\"@type\":\"ListItem\",\"position\":1,\"name\":\"Startseite\",\"item\":\"https:\\\/\\\/loginfo24.com\\\/es\\\/\"},{\"@type\":\"ListItem\",\"position\":2,\"name\":\"ABB invierte en Italia en un centro de producci\u00f3n para estaciones de carga el\u00e9ctricas\"}]},{\"@type\":\"WebSite\",\"@id\":\"https:\\\/\\\/loginfo24.com\\\/es\\\/#website\",\"url\":\"https:\\\/\\\/loginfo24.com\\\/es\\\/\",\"name\":\"Loginfo24\",\"description\":\"Loginfo24 es la plataforma dedicada a la log\u00edstica y las cadenas de suministro con informaci\u00f3n las 24 horas del d\u00eda.\",\"publisher\":{\"@id\":\"https:\\\/\\\/loginfo24.com\\\/es\\\/#organization\"},\"potentialAction\":[{\"@type\":\"SearchAction\",\"target\":{\"@type\":\"EntryPoint\",\"urlTemplate\":\"https:\\\/\\\/loginfo24.com\\\/es\\\/?s={search_term_string}\"},\"query-input\":{\"@type\":\"PropertyValueSpecification\",\"valueRequired\":true,\"valueName\":\"search_term_string\"}}],\"inLanguage\":\"es\"},{\"@type\":\"Organization\",\"@id\":\"https:\\\/\\\/loginfo24.com\\\/es\\\/#organization\",\"name\":\"Grupo Logismedia AG\",\"url\":\"https:\\\/\\\/loginfo24.com\\\/es\\\/\",\"logo\":{\"@type\":\"ImageObject\",\"inLanguage\":\"es\",\"@id\":\"https:\\\/\\\/loginfo24.com\\\/es\\\/#\\\/schema\\\/logo\\\/image\\\/\",\"url\":\"https:\\\/\\\/loginfo24.com\\\/wp-content\\\/uploads\\\/sites\\\/7\\\/2026\\\/01\\\/Logo_LogInfo24.png\",\"contentUrl\":\"https:\\\/\\\/loginfo24.com\\\/wp-content\\\/uploads\\\/sites\\\/7\\\/2026\\\/01\\\/Logo_LogInfo24.png\",\"width\":938,\"height\":351,\"caption\":\"Grupo Logismedia AG\"},\"image\":{\"@id\":\"https:\\\/\\\/loginfo24.com\\\/es\\\/#\\\/schema\\\/logo\\\/image\\\/\"},\"sameAs\":[\"https:\\\/\\\/www.facebook.com\\\/people\\\/Loginfo24\\\/100057360583332\\\/\",\"https:\\\/\\\/www.linkedin.com\\\/company\\\/lofinfo24\\\/\"]}]}<\/script>\n<!-- \/ Yoast SEO plugin. -->","yoast_head_json":{"title":"ABB invierte en Italia en un centro de producci\u00f3n para estaciones de carga el\u00e9ctricas - Loginfo24","robots":{"index":"index","follow":"follow","max-snippet":"max-snippet:-1","max-image-preview":"max-image-preview:large","max-video-preview":"max-video-preview:-1"},"canonical":"https:\/\/loginfo24.com\/es\/2020\/08\/03\/abb-invierte-en-italia-en-un-centro-de-produccion-para-estaciones-de-carga-electricas\/","og_locale":"es_ES","og_type":"article","og_title":"ABB invierte en Italia en un centro de producci\u00f3n para estaciones de carga el\u00e9ctricas - Loginfo24","og_description":"ABB ha puesto la primera piedra de una nueva ubicaci\u00f3n en San Giovanni Valdarno (Toscana) en Italia, que servir\u00e1 como un centro de competencia y producci\u00f3n [\u2026]","og_url":"https:\/\/loginfo24.com\/es\/2020\/08\/03\/abb-invierte-en-italia-en-un-centro-de-produccion-para-estaciones-de-carga-electricas\/","og_site_name":"Loginfo24","article_publisher":"https:\/\/www.facebook.com\/people\/Loginfo24\/100057360583332\/","article_published_time":"2020-08-03T05:00:42+00:00","article_modified_time":"2025-12-15T11:33:12+00:00","twitter_card":"summary_large_image","twitter_misc":{"Tiempo de lectura":"3 minuto"},"schema":{"@context":"https:\/\/schema.org","@graph":[{"@type":"Article","@id":"https:\/\/loginfo24.com\/es\/2020\/08\/03\/abb-invierte-en-italia-en-un-centro-de-produccion-para-estaciones-de-carga-electricas\/#article","isPartOf":{"@id":"https:\/\/loginfo24.com\/es\/2020\/08\/03\/abb-invierte-en-italia-en-un-centro-de-produccion-para-estaciones-de-carga-electricas\/"},"author":{"name":"","@id":""},"headline":"ABB invierte en Italia en un centro de producci\u00f3n para estaciones de carga el\u00e9ctricas","datePublished":"2020-08-03T05:00:42+00:00","dateModified":"2025-12-15T11:33:12+00:00","mainEntityOfPage":{"@id":"https:\/\/loginfo24.com\/es\/2020\/08\/03\/abb-invierte-en-italia-en-un-centro-de-produccion-para-estaciones-de-carga-electricas\/"},"wordCount":699,"commentCount":0,"publisher":{"@id":"https:\/\/loginfo24.com\/es\/#organization"},"articleSection":["Forwarding &amp; Logistics","Regions"],"inLanguage":"es","potentialAction":[{"@type":"CommentAction","name":"Comment","target":["https:\/\/loginfo24.com\/es\/2020\/08\/03\/abb-invierte-en-italia-en-un-centro-de-produccion-para-estaciones-de-carga-electricas\/#respond"]}]},{"@type":"WebPage","@id":"https:\/\/loginfo24.com\/es\/2020\/08\/03\/abb-invierte-en-italia-en-un-centro-de-produccion-para-estaciones-de-carga-electricas\/","url":"https:\/\/loginfo24.com\/es\/2020\/08\/03\/abb-invierte-en-italia-en-un-centro-de-produccion-para-estaciones-de-carga-electricas\/","name":"ABB invierte en Italia en un centro de producci\u00f3n para estaciones de carga el\u00e9ctricas - Loginfo24","isPartOf":{"@id":"https:\/\/loginfo24.com\/es\/#website"},"datePublished":"2020-08-03T05:00:42+00:00","dateModified":"2025-12-15T11:33:12+00:00","breadcrumb":{"@id":"https:\/\/loginfo24.com\/es\/2020\/08\/03\/abb-invierte-en-italia-en-un-centro-de-produccion-para-estaciones-de-carga-electricas\/#breadcrumb"},"inLanguage":"es","potentialAction":[{"@type":"ReadAction","target":["https:\/\/loginfo24.com\/es\/2020\/08\/03\/abb-invierte-en-italia-en-un-centro-de-produccion-para-estaciones-de-carga-electricas\/"]}]},{"@type":"BreadcrumbList","@id":"https:\/\/loginfo24.com\/es\/2020\/08\/03\/abb-invierte-en-italia-en-un-centro-de-produccion-para-estaciones-de-carga-electricas\/#breadcrumb","itemListElement":[{"@type":"ListItem","position":1,"name":"Startseite","item":"https:\/\/loginfo24.com\/es\/"},{"@type":"ListItem","position":2,"name":"ABB invierte en Italia en un centro de producci\u00f3n para estaciones de carga el\u00e9ctricas"}]},{"@type":"WebSite","@id":"https:\/\/loginfo24.com\/es\/#website","url":"https:\/\/loginfo24.com\/es\/","name":"Loginfo24","description":"Loginfo24 es la plataforma dedicada a la log\u00edstica y las cadenas de suministro con informaci\u00f3n las 24 horas del d\u00eda.","publisher":{"@id":"https:\/\/loginfo24.com\/es\/#organization"},"potentialAction":[{"@type":"SearchAction","target":{"@type":"EntryPoint","urlTemplate":"https:\/\/loginfo24.com\/es\/?s={search_term_string}"},"query-input":{"@type":"PropertyValueSpecification","valueRequired":true,"valueName":"search_term_string"}}],"inLanguage":"es"},{"@type":"Organization","@id":"https:\/\/loginfo24.com\/es\/#organization","name":"Grupo Logismedia AG","url":"https:\/\/loginfo24.com\/es\/","logo":{"@type":"ImageObject","inLanguage":"es","@id":"https:\/\/loginfo24.com\/es\/#\/schema\/logo\/image\/","url":"https:\/\/loginfo24.com\/wp-content\/uploads\/sites\/7\/2026\/01\/Logo_LogInfo24.png","contentUrl":"https:\/\/loginfo24.com\/wp-content\/uploads\/sites\/7\/2026\/01\/Logo_LogInfo24.png","width":938,"height":351,"caption":"Grupo Logismedia AG"},"image":{"@id":"https:\/\/loginfo24.com\/es\/#\/schema\/logo\/image\/"},"sameAs":["https:\/\/www.facebook.com\/people\/Loginfo24\/100057360583332\/","https:\/\/www.linkedin.com\/company\/lofinfo24\/"]}]}},"_links":{"self":[{"href":"https:\/\/loginfo24.com\/es\/wp-json\/wp\/v2\/posts\/18907","targetHints":{"allow":["GET"]}}],"collection":[{"href":"https:\/\/loginfo24.com\/es\/wp-json\/wp\/v2\/posts"}],"about":[{"href":"https:\/\/loginfo24.com\/es\/wp-json\/wp\/v2\/types\/post"}],"replies":[{"embeddable":true,"href":"https:\/\/loginfo24.com\/es\/wp-json\/wp\/v2\/comments?post=18907"}],"version-history":[{"count":1,"href":"https:\/\/loginfo24.com\/es\/wp-json\/wp\/v2\/posts\/18907\/revisions"}],"predecessor-version":[{"id":34119,"href":"https:\/\/loginfo24.com\/es\/wp-json\/wp\/v2\/posts\/18907\/revisions\/34119"}],"wp:attachment":[{"href":"https:\/\/loginfo24.com\/es\/wp-json\/wp\/v2\/media?parent=18907"}],"wp:term":[{"taxonomy":"category","embeddable":true,"href":"https:\/\/loginfo24.com\/es\/wp-json\/wp\/v2\/categories?post=18907"},{"taxonomy":"post_tag","embeddable":true,"href":"https:\/\/loginfo24.com\/es\/wp-json\/wp\/v2\/tags?post=18907"}],"curies":[{"name":"wp","href":"https:\/\/api.w.org\/{rel}","templated":true}]}}