{"id":18853,"date":"2020-07-30T07:02:51","date_gmt":"2020-07-30T05:02:51","guid":{"rendered":"https:\/\/blog.brand-architecture.at\/2020\/07\/30\/el-proveedor-logistico-dsv-amplia-su-red-de-charter-de-carga-aerea\/"},"modified":"2025-12-15T12:33:00","modified_gmt":"2025-12-15T11:33:00","slug":"el-proveedor-logistico-dsv-amplia-su-red-de-charter-de-carga-aerea","status":"publish","type":"post","link":"https:\/\/loginfo24.com\/es\/2020\/07\/30\/el-proveedor-logistico-dsv-amplia-su-red-de-charter-de-carga-aerea\/","title":{"rendered":"El proveedor log\u00edstico DSV ampl\u00eda su red de charter de carga a\u00e9rea"},"content":{"rendered":"<p>El proveedor log\u00edstico dan\u00e9s ampl\u00eda su red de charter de carga a\u00e9rea para seguir estabilizando la fiabilidad de sus servicios de carga a\u00e9rea. Esto ha demostrado ser efectivo durante la crisis del coronavirus. En Alemania, se a\u00f1aden rutas desde y hacia M\u00e9xico y Estados Unidos.<\/p>\n<p>(Bremen) Para poder controlar mejor las capacidades de carga en rutas comerciales clave en el futuro y seguir garantizando tiempos de tr\u00e1nsito fiables, DSV est\u00e1 ampliando su red de charter de carga a\u00e9rea.<\/p>\n<p>La red de charter de carga a\u00e9rea de DSV utiliza algunos de los aeropuertos m\u00e1s grandes del mundo, as\u00ed como aeropuertos menos congestionados como Luxemburgo, Huntsville (Alabama, EE. UU.) y Macao, para permitir un despacho m\u00e1s r\u00e1pido en tierra y reducir el riesgo de retrasos. DSV tambi\u00e9n planifica y supervisa el manejo en tierra para garantizar tiempos de tr\u00e1nsito cortos y un control completo de puerta a puerta.<\/p>\n<p>\u00abEn un momento de muchas incertidumbres y cancelaciones de vuelos debido al coronavirus, nuestra red de charter de carga a\u00e9rea ha proporcionado estabilidad a nuestros clientes y ha demostrado ser extremadamente valiosa\u00bb, explica Mads Ravn, jefe de adquisiciones a\u00e9reas en DSV. \u00abEstamos contentos de que los clientes ahora puedan utilizar este servicio premium en otras rutas comerciales importantes con nuestra reciente expansi\u00f3n\u00bb.<\/p>\n<p><strong>Los clientes alemanes tambi\u00e9n se benefician<\/strong><\/p>\n<p>Los clientes alemanes se benefician de capacidades de carga a\u00e9rea fiables desde el aeropuerto de Frankfurt hacia Chicago, Ciudad de M\u00e9xico y Guadalajara. Adem\u00e1s, la conexi\u00f3n Luxemburgo\/Bruselas \u2013 Nueva York y Atlanta ampl\u00eda la red de DSV. Tambi\u00e9n entre China y EE. UU., el proveedor dan\u00e9s de transporte y log\u00edstica est\u00e1 reforzando sus capacidades para m\u00e1s rutas.<\/p>\n<p>La red es ideal para el manejo de carga especial como productos farmac\u00e9uticos y dispositivos m\u00e9dicos, microchips, instalaciones de petr\u00f3leo y gas sobredimensionadas, mercanc\u00edas peligrosas y bienes de alto valor.<\/p>\n<p>DSV colabora con las principales aerol\u00edneas de carga globales para ampliar la red con las siguientes rutas:<\/p>\n<p>Macao (Hong Kong) a Ciudad de M\u00e9xico (tramo sencillo), Frankfurt a Ciudad de M\u00e9xico y Guadalajara (ida y vuelta), Frankfurt a Chicago (tramo sencillo), Hong Kong a Taip\u00e9i (tramo sencillo), Taip\u00e9i a Huntsville (tramo sencillo), Hong Kong a Se\u00fal (tramo sencillo), Se\u00fal a Sao Paulo (tramo sencillo)<\/p>\n<p><img loading=\"lazy\" decoding=\"async\" class=\"aligncenter wp-image-4526 size-large\" src=\"https:\/\/loginfo24.com\/wp-content\/uploads\/sites\/7\/2025\/12\/DSV_29.7.20_2.jpg\" alt=\"\" width=\"1024\" height=\"603\" \/><\/p>\n<p>Foto\/Grafik: \u00a9 DSV<\/p>\n<p><a href=\"https:\/\/www.dsv.com\" target=\"_blank\" rel=\"noopener noreferrer\">www.dsv.com<\/a><\/p>\n","protected":false},"excerpt":{"rendered":"<p>El proveedor log\u00edstico dan\u00e9s ampl\u00eda su red de charter de carga a\u00e9rea para seguir estabilizando la fiabilidad de sus servicios de carga a\u00e9rea. Esto ha demostrado<span class=\"excerpt-hellip\"> [\u2026]<\/span><\/p>\n","protected":false},"author":0,"featured_media":0,"comment_status":"open","ping_status":"open","sticky":false,"template":"","format":"standard","meta":{"_acf_changed":false,"footnotes":""},"categories":[1558,1561],"tags":[],"class_list":["post-18853","post","type-post","status-publish","format-standard","hentry","category-air-freight","category-regions"],"acf":[],"yoast_head":"<!-- This site is optimized with the Yoast SEO plugin v27.3 - https:\/\/yoast.com\/product\/yoast-seo-wordpress\/ -->\n<title>El proveedor log\u00edstico DSV ampl\u00eda su red de charter de carga a\u00e9rea - Loginfo24<\/title>\n<meta name=\"robots\" content=\"index, follow, max-snippet:-1, max-image-preview:large, max-video-preview:-1\" \/>\n<link rel=\"canonical\" href=\"https:\/\/loginfo24.com\/es\/2020\/07\/30\/el-proveedor-logistico-dsv-amplia-su-red-de-charter-de-carga-aerea\/\" \/>\n<meta property=\"og:locale\" content=\"es_ES\" \/>\n<meta property=\"og:type\" content=\"article\" \/>\n<meta property=\"og:title\" content=\"El proveedor log\u00edstico DSV ampl\u00eda su red de charter de carga a\u00e9rea - Loginfo24\" \/>\n<meta property=\"og:description\" content=\"El proveedor log\u00edstico dan\u00e9s ampl\u00eda su red de charter de carga a\u00e9rea para seguir estabilizando la fiabilidad de sus servicios de carga a\u00e9rea. Esto ha demostrado [\u2026]\" \/>\n<meta property=\"og:url\" content=\"https:\/\/loginfo24.com\/es\/2020\/07\/30\/el-proveedor-logistico-dsv-amplia-su-red-de-charter-de-carga-aerea\/\" \/>\n<meta property=\"og:site_name\" content=\"Loginfo24\" \/>\n<meta property=\"article:publisher\" content=\"https:\/\/www.facebook.com\/people\/Loginfo24\/100057360583332\/\" \/>\n<meta property=\"article:published_time\" content=\"2020-07-30T05:02:51+00:00\" \/>\n<meta property=\"article:modified_time\" content=\"2025-12-15T11:33:00+00:00\" \/>\n<meta property=\"og:image\" content=\"https:\/\/loginfo24.com\/wp-content\/uploads\/sites\/7\/2025\/12\/DSV_29.7.20_2.jpg\" \/>\n<meta name=\"twitter:card\" content=\"summary_large_image\" \/>\n<meta name=\"twitter:label1\" content=\"Tiempo de lectura\" \/>\n\t<meta name=\"twitter:data1\" content=\"2 minuto\" \/>\n<script type=\"application\/ld+json\" class=\"yoast-schema-graph\">{\"@context\":\"https:\\\/\\\/schema.org\",\"@graph\":[{\"@type\":\"Article\",\"@id\":\"https:\\\/\\\/loginfo24.com\\\/es\\\/2020\\\/07\\\/30\\\/el-proveedor-logistico-dsv-amplia-su-red-de-charter-de-carga-aerea\\\/#article\",\"isPartOf\":{\"@id\":\"https:\\\/\\\/loginfo24.com\\\/es\\\/2020\\\/07\\\/30\\\/el-proveedor-logistico-dsv-amplia-su-red-de-charter-de-carga-aerea\\\/\"},\"author\":{\"name\":\"\",\"@id\":\"\"},\"headline\":\"El proveedor log\u00edstico DSV ampl\u00eda su red de charter de carga a\u00e9rea\",\"datePublished\":\"2020-07-30T05:02:51+00:00\",\"dateModified\":\"2025-12-15T11:33:00+00:00\",\"mainEntityOfPage\":{\"@id\":\"https:\\\/\\\/loginfo24.com\\\/es\\\/2020\\\/07\\\/30\\\/el-proveedor-logistico-dsv-amplia-su-red-de-charter-de-carga-aerea\\\/\"},\"wordCount\":425,\"commentCount\":0,\"publisher\":{\"@id\":\"https:\\\/\\\/loginfo24.com\\\/es\\\/#organization\"},\"image\":{\"@id\":\"https:\\\/\\\/loginfo24.com\\\/es\\\/2020\\\/07\\\/30\\\/el-proveedor-logistico-dsv-amplia-su-red-de-charter-de-carga-aerea\\\/#primaryimage\"},\"thumbnailUrl\":\"https:\\\/\\\/loginfo24.com\\\/wp-content\\\/uploads\\\/sites\\\/7\\\/2025\\\/12\\\/DSV_29.7.20_2.jpg\",\"articleSection\":[\"Air Freight\",\"Regions\"],\"inLanguage\":\"es\",\"potentialAction\":[{\"@type\":\"CommentAction\",\"name\":\"Comment\",\"target\":[\"https:\\\/\\\/loginfo24.com\\\/es\\\/2020\\\/07\\\/30\\\/el-proveedor-logistico-dsv-amplia-su-red-de-charter-de-carga-aerea\\\/#respond\"]}]},{\"@type\":\"WebPage\",\"@id\":\"https:\\\/\\\/loginfo24.com\\\/es\\\/2020\\\/07\\\/30\\\/el-proveedor-logistico-dsv-amplia-su-red-de-charter-de-carga-aerea\\\/\",\"url\":\"https:\\\/\\\/loginfo24.com\\\/es\\\/2020\\\/07\\\/30\\\/el-proveedor-logistico-dsv-amplia-su-red-de-charter-de-carga-aerea\\\/\",\"name\":\"El proveedor log\u00edstico DSV ampl\u00eda su red de charter de carga a\u00e9rea - Loginfo24\",\"isPartOf\":{\"@id\":\"https:\\\/\\\/loginfo24.com\\\/es\\\/#website\"},\"primaryImageOfPage\":{\"@id\":\"https:\\\/\\\/loginfo24.com\\\/es\\\/2020\\\/07\\\/30\\\/el-proveedor-logistico-dsv-amplia-su-red-de-charter-de-carga-aerea\\\/#primaryimage\"},\"image\":{\"@id\":\"https:\\\/\\\/loginfo24.com\\\/es\\\/2020\\\/07\\\/30\\\/el-proveedor-logistico-dsv-amplia-su-red-de-charter-de-carga-aerea\\\/#primaryimage\"},\"thumbnailUrl\":\"https:\\\/\\\/loginfo24.com\\\/wp-content\\\/uploads\\\/sites\\\/7\\\/2025\\\/12\\\/DSV_29.7.20_2.jpg\",\"datePublished\":\"2020-07-30T05:02:51+00:00\",\"dateModified\":\"2025-12-15T11:33:00+00:00\",\"breadcrumb\":{\"@id\":\"https:\\\/\\\/loginfo24.com\\\/es\\\/2020\\\/07\\\/30\\\/el-proveedor-logistico-dsv-amplia-su-red-de-charter-de-carga-aerea\\\/#breadcrumb\"},\"inLanguage\":\"es\",\"potentialAction\":[{\"@type\":\"ReadAction\",\"target\":[\"https:\\\/\\\/loginfo24.com\\\/es\\\/2020\\\/07\\\/30\\\/el-proveedor-logistico-dsv-amplia-su-red-de-charter-de-carga-aerea\\\/\"]}]},{\"@type\":\"ImageObject\",\"inLanguage\":\"es\",\"@id\":\"https:\\\/\\\/loginfo24.com\\\/es\\\/2020\\\/07\\\/30\\\/el-proveedor-logistico-dsv-amplia-su-red-de-charter-de-carga-aerea\\\/#primaryimage\",\"url\":\"https:\\\/\\\/loginfo24.com\\\/wp-content\\\/uploads\\\/sites\\\/7\\\/2025\\\/12\\\/DSV_29.7.20_2.jpg\",\"contentUrl\":\"https:\\\/\\\/loginfo24.com\\\/wp-content\\\/uploads\\\/sites\\\/7\\\/2025\\\/12\\\/DSV_29.7.20_2.jpg\"},{\"@type\":\"BreadcrumbList\",\"@id\":\"https:\\\/\\\/loginfo24.com\\\/es\\\/2020\\\/07\\\/30\\\/el-proveedor-logistico-dsv-amplia-su-red-de-charter-de-carga-aerea\\\/#breadcrumb\",\"itemListElement\":[{\"@type\":\"ListItem\",\"position\":1,\"name\":\"Startseite\",\"item\":\"https:\\\/\\\/loginfo24.com\\\/es\\\/\"},{\"@type\":\"ListItem\",\"position\":2,\"name\":\"El proveedor log\u00edstico DSV ampl\u00eda su red de charter de carga a\u00e9rea\"}]},{\"@type\":\"WebSite\",\"@id\":\"https:\\\/\\\/loginfo24.com\\\/es\\\/#website\",\"url\":\"https:\\\/\\\/loginfo24.com\\\/es\\\/\",\"name\":\"Loginfo24\",\"description\":\"Loginfo24 es la plataforma dedicada a la log\u00edstica y las cadenas de suministro con informaci\u00f3n las 24 horas del d\u00eda.\",\"publisher\":{\"@id\":\"https:\\\/\\\/loginfo24.com\\\/es\\\/#organization\"},\"potentialAction\":[{\"@type\":\"SearchAction\",\"target\":{\"@type\":\"EntryPoint\",\"urlTemplate\":\"https:\\\/\\\/loginfo24.com\\\/es\\\/?s={search_term_string}\"},\"query-input\":{\"@type\":\"PropertyValueSpecification\",\"valueRequired\":true,\"valueName\":\"search_term_string\"}}],\"inLanguage\":\"es\"},{\"@type\":\"Organization\",\"@id\":\"https:\\\/\\\/loginfo24.com\\\/es\\\/#organization\",\"name\":\"Grupo Logismedia AG\",\"url\":\"https:\\\/\\\/loginfo24.com\\\/es\\\/\",\"logo\":{\"@type\":\"ImageObject\",\"inLanguage\":\"es\",\"@id\":\"https:\\\/\\\/loginfo24.com\\\/es\\\/#\\\/schema\\\/logo\\\/image\\\/\",\"url\":\"https:\\\/\\\/loginfo24.com\\\/wp-content\\\/uploads\\\/sites\\\/7\\\/2026\\\/01\\\/Logo_LogInfo24.png\",\"contentUrl\":\"https:\\\/\\\/loginfo24.com\\\/wp-content\\\/uploads\\\/sites\\\/7\\\/2026\\\/01\\\/Logo_LogInfo24.png\",\"width\":938,\"height\":351,\"caption\":\"Grupo Logismedia AG\"},\"image\":{\"@id\":\"https:\\\/\\\/loginfo24.com\\\/es\\\/#\\\/schema\\\/logo\\\/image\\\/\"},\"sameAs\":[\"https:\\\/\\\/www.facebook.com\\\/people\\\/Loginfo24\\\/100057360583332\\\/\",\"https:\\\/\\\/www.linkedin.com\\\/company\\\/lofinfo24\\\/\"]}]}<\/script>\n<!-- \/ Yoast SEO plugin. -->","yoast_head_json":{"title":"El proveedor log\u00edstico DSV ampl\u00eda su red de charter de carga a\u00e9rea - Loginfo24","robots":{"index":"index","follow":"follow","max-snippet":"max-snippet:-1","max-image-preview":"max-image-preview:large","max-video-preview":"max-video-preview:-1"},"canonical":"https:\/\/loginfo24.com\/es\/2020\/07\/30\/el-proveedor-logistico-dsv-amplia-su-red-de-charter-de-carga-aerea\/","og_locale":"es_ES","og_type":"article","og_title":"El proveedor log\u00edstico DSV ampl\u00eda su red de charter de carga a\u00e9rea - Loginfo24","og_description":"El proveedor log\u00edstico dan\u00e9s ampl\u00eda su red de charter de carga a\u00e9rea para seguir estabilizando la fiabilidad de sus servicios de carga a\u00e9rea. Esto ha demostrado [\u2026]","og_url":"https:\/\/loginfo24.com\/es\/2020\/07\/30\/el-proveedor-logistico-dsv-amplia-su-red-de-charter-de-carga-aerea\/","og_site_name":"Loginfo24","article_publisher":"https:\/\/www.facebook.com\/people\/Loginfo24\/100057360583332\/","article_published_time":"2020-07-30T05:02:51+00:00","article_modified_time":"2025-12-15T11:33:00+00:00","og_image":[{"url":"https:\/\/loginfo24.com\/wp-content\/uploads\/sites\/7\/2025\/12\/DSV_29.7.20_2.jpg","type":"","width":"","height":""}],"twitter_card":"summary_large_image","twitter_misc":{"Tiempo de lectura":"2 minuto"},"schema":{"@context":"https:\/\/schema.org","@graph":[{"@type":"Article","@id":"https:\/\/loginfo24.com\/es\/2020\/07\/30\/el-proveedor-logistico-dsv-amplia-su-red-de-charter-de-carga-aerea\/#article","isPartOf":{"@id":"https:\/\/loginfo24.com\/es\/2020\/07\/30\/el-proveedor-logistico-dsv-amplia-su-red-de-charter-de-carga-aerea\/"},"author":{"name":"","@id":""},"headline":"El proveedor log\u00edstico DSV ampl\u00eda su red de charter de carga a\u00e9rea","datePublished":"2020-07-30T05:02:51+00:00","dateModified":"2025-12-15T11:33:00+00:00","mainEntityOfPage":{"@id":"https:\/\/loginfo24.com\/es\/2020\/07\/30\/el-proveedor-logistico-dsv-amplia-su-red-de-charter-de-carga-aerea\/"},"wordCount":425,"commentCount":0,"publisher":{"@id":"https:\/\/loginfo24.com\/es\/#organization"},"image":{"@id":"https:\/\/loginfo24.com\/es\/2020\/07\/30\/el-proveedor-logistico-dsv-amplia-su-red-de-charter-de-carga-aerea\/#primaryimage"},"thumbnailUrl":"https:\/\/loginfo24.com\/wp-content\/uploads\/sites\/7\/2025\/12\/DSV_29.7.20_2.jpg","articleSection":["Air Freight","Regions"],"inLanguage":"es","potentialAction":[{"@type":"CommentAction","name":"Comment","target":["https:\/\/loginfo24.com\/es\/2020\/07\/30\/el-proveedor-logistico-dsv-amplia-su-red-de-charter-de-carga-aerea\/#respond"]}]},{"@type":"WebPage","@id":"https:\/\/loginfo24.com\/es\/2020\/07\/30\/el-proveedor-logistico-dsv-amplia-su-red-de-charter-de-carga-aerea\/","url":"https:\/\/loginfo24.com\/es\/2020\/07\/30\/el-proveedor-logistico-dsv-amplia-su-red-de-charter-de-carga-aerea\/","name":"El proveedor log\u00edstico DSV ampl\u00eda su red de charter de carga a\u00e9rea - Loginfo24","isPartOf":{"@id":"https:\/\/loginfo24.com\/es\/#website"},"primaryImageOfPage":{"@id":"https:\/\/loginfo24.com\/es\/2020\/07\/30\/el-proveedor-logistico-dsv-amplia-su-red-de-charter-de-carga-aerea\/#primaryimage"},"image":{"@id":"https:\/\/loginfo24.com\/es\/2020\/07\/30\/el-proveedor-logistico-dsv-amplia-su-red-de-charter-de-carga-aerea\/#primaryimage"},"thumbnailUrl":"https:\/\/loginfo24.com\/wp-content\/uploads\/sites\/7\/2025\/12\/DSV_29.7.20_2.jpg","datePublished":"2020-07-30T05:02:51+00:00","dateModified":"2025-12-15T11:33:00+00:00","breadcrumb":{"@id":"https:\/\/loginfo24.com\/es\/2020\/07\/30\/el-proveedor-logistico-dsv-amplia-su-red-de-charter-de-carga-aerea\/#breadcrumb"},"inLanguage":"es","potentialAction":[{"@type":"ReadAction","target":["https:\/\/loginfo24.com\/es\/2020\/07\/30\/el-proveedor-logistico-dsv-amplia-su-red-de-charter-de-carga-aerea\/"]}]},{"@type":"ImageObject","inLanguage":"es","@id":"https:\/\/loginfo24.com\/es\/2020\/07\/30\/el-proveedor-logistico-dsv-amplia-su-red-de-charter-de-carga-aerea\/#primaryimage","url":"https:\/\/loginfo24.com\/wp-content\/uploads\/sites\/7\/2025\/12\/DSV_29.7.20_2.jpg","contentUrl":"https:\/\/loginfo24.com\/wp-content\/uploads\/sites\/7\/2025\/12\/DSV_29.7.20_2.jpg"},{"@type":"BreadcrumbList","@id":"https:\/\/loginfo24.com\/es\/2020\/07\/30\/el-proveedor-logistico-dsv-amplia-su-red-de-charter-de-carga-aerea\/#breadcrumb","itemListElement":[{"@type":"ListItem","position":1,"name":"Startseite","item":"https:\/\/loginfo24.com\/es\/"},{"@type":"ListItem","position":2,"name":"El proveedor log\u00edstico DSV ampl\u00eda su red de charter de carga a\u00e9rea"}]},{"@type":"WebSite","@id":"https:\/\/loginfo24.com\/es\/#website","url":"https:\/\/loginfo24.com\/es\/","name":"Loginfo24","description":"Loginfo24 es la plataforma dedicada a la log\u00edstica y las cadenas de suministro con informaci\u00f3n las 24 horas del d\u00eda.","publisher":{"@id":"https:\/\/loginfo24.com\/es\/#organization"},"potentialAction":[{"@type":"SearchAction","target":{"@type":"EntryPoint","urlTemplate":"https:\/\/loginfo24.com\/es\/?s={search_term_string}"},"query-input":{"@type":"PropertyValueSpecification","valueRequired":true,"valueName":"search_term_string"}}],"inLanguage":"es"},{"@type":"Organization","@id":"https:\/\/loginfo24.com\/es\/#organization","name":"Grupo Logismedia AG","url":"https:\/\/loginfo24.com\/es\/","logo":{"@type":"ImageObject","inLanguage":"es","@id":"https:\/\/loginfo24.com\/es\/#\/schema\/logo\/image\/","url":"https:\/\/loginfo24.com\/wp-content\/uploads\/sites\/7\/2026\/01\/Logo_LogInfo24.png","contentUrl":"https:\/\/loginfo24.com\/wp-content\/uploads\/sites\/7\/2026\/01\/Logo_LogInfo24.png","width":938,"height":351,"caption":"Grupo Logismedia AG"},"image":{"@id":"https:\/\/loginfo24.com\/es\/#\/schema\/logo\/image\/"},"sameAs":["https:\/\/www.facebook.com\/people\/Loginfo24\/100057360583332\/","https:\/\/www.linkedin.com\/company\/lofinfo24\/"]}]}},"_links":{"self":[{"href":"https:\/\/loginfo24.com\/es\/wp-json\/wp\/v2\/posts\/18853","targetHints":{"allow":["GET"]}}],"collection":[{"href":"https:\/\/loginfo24.com\/es\/wp-json\/wp\/v2\/posts"}],"about":[{"href":"https:\/\/loginfo24.com\/es\/wp-json\/wp\/v2\/types\/post"}],"replies":[{"embeddable":true,"href":"https:\/\/loginfo24.com\/es\/wp-json\/wp\/v2\/comments?post=18853"}],"version-history":[{"count":1,"href":"https:\/\/loginfo24.com\/es\/wp-json\/wp\/v2\/posts\/18853\/revisions"}],"predecessor-version":[{"id":34011,"href":"https:\/\/loginfo24.com\/es\/wp-json\/wp\/v2\/posts\/18853\/revisions\/34011"}],"wp:attachment":[{"href":"https:\/\/loginfo24.com\/es\/wp-json\/wp\/v2\/media?parent=18853"}],"wp:term":[{"taxonomy":"category","embeddable":true,"href":"https:\/\/loginfo24.com\/es\/wp-json\/wp\/v2\/categories?post=18853"},{"taxonomy":"post_tag","embeddable":true,"href":"https:\/\/loginfo24.com\/es\/wp-json\/wp\/v2\/tags?post=18853"}],"curies":[{"name":"wp","href":"https:\/\/api.w.org\/{rel}","templated":true}]}}