{"id":18579,"date":"2020-07-16T08:05:16","date_gmt":"2020-07-16T06:05:16","guid":{"rendered":"https:\/\/blog.brand-architecture.at\/2020\/07\/16\/retrato-logistico-del-dia-jorg-arnold\/"},"modified":"2025-12-15T12:31:53","modified_gmt":"2025-12-15T11:31:53","slug":"retrato-logistico-del-dia-jorg-arnold","status":"publish","type":"post","link":"https:\/\/loginfo24.com\/es\/2020\/07\/16\/retrato-logistico-del-dia-jorg-arnold\/","title":{"rendered":"Retrato log\u00edstico del d\u00eda: J\u00f6rg Arnold"},"content":{"rendered":"<p>En el retrato del d\u00eda, personas de todos los \u00e1mbitos, sectores y niveles de la log\u00edstica se presentan. Con breves palabras describen por qu\u00e9 les gusta su trabajo en esta diversa industria.<\/p>\n<p>&nbsp;<\/p>\n<h3><strong>Hoy: J\u00f6rg Arnold, HHLA Hamburger Hafen und Logistik AG<\/strong><\/h3>\n<p>&nbsp;<\/p>\n<table>\n<tbody>\n<tr>\n<td colspan=\"2\" width=\"605\">\n<h5><strong>Mi actividad en la log\u00edstica:<\/strong><\/h5>\n<p>Ventas de centro de empaquetado y servicio \/ Proyectos y despacho de carga fraccionada<\/p>\n<p>&nbsp;<\/td>\n<\/tr>\n<tr>\n<td width=\"170\"><strong>Nombre:<\/strong><\/td>\n<td width=\"435\">J\u00f6rg Arnold<\/td>\n<\/tr>\n<tr>\n<td width=\"170\"><strong>A\u00f1o de nacimiento:<\/strong><\/td>\n<td width=\"435\">1960<\/td>\n<\/tr>\n<tr>\n<td width=\"170\"><strong>Empresa:<\/strong><\/td>\n<td width=\"435\">Hamburger Hafen u. Logistik AG<\/td>\n<\/tr>\n<tr>\n<td width=\"170\"><strong>Pa\u00eds:<\/strong><\/td>\n<td width=\"435\">Alemania<\/td>\n<\/tr>\n<tr>\n<td width=\"170\"><strong>Funci\u00f3n:<\/strong><\/td>\n<td width=\"435\">Empleado de ventas<\/td>\n<\/tr>\n<tr>\n<td width=\"170\"><strong>En la log\u00edstica desde:<\/strong><\/td>\n<td width=\"435\">1976<\/td>\n<\/tr>\n<tr>\n<td width=\"170\"><strong>Formaci\u00f3n:<\/strong><\/td>\n<td width=\"435\">Comerciante de expediciones en carga portuaria<\/td>\n<\/tr>\n<tr>\n<td width=\"170\"><strong>Sitio web:<\/strong><\/td>\n<td width=\"435\"><a href=\"https:\/\/www.hhla.de\" target=\"_blank\" rel=\"noopener noreferrer\">www.hhla.de<\/a><\/td>\n<\/tr>\n<tr>\n<td width=\"170\"><strong>Perfil de LinkedIn:<\/strong><\/td>\n<td width=\"435\"><a href=\"https:\/\/www.linkinedin.com.\/messaging\/thread\/668904360192131681\" target=\"_blank\" rel=\"noopener noreferrer\">https:\/\/www.linkinedin.com.\/messaging\/thread\/668904360192131681<\/a><\/td>\n<\/tr>\n<tr>\n<td colspan=\"2\" width=\"605\">\n<h5><\/h5>\n<h5><strong>Lo que me gusta de mi trabajo y de la log\u00edstica:<\/strong><\/h5>\n<p>Siempre nuevos desaf\u00edos con el uso de nueva tecnolog\u00eda y eso todos los d\u00edas. Tambi\u00e9n es importante el trato y la colaboraci\u00f3n con clientes y proveedores nacionales e internacionales. En el \u00e1rea de proyectos se puede hablar de un equipo familiar internacional que se intercambia regularmente en ferias o noches de puerto.<\/p>\n<p>&nbsp;<\/td>\n<\/tr>\n<\/tbody>\n<\/table>\n","protected":false},"excerpt":{"rendered":"<p>En el retrato del d\u00eda, personas de todos los \u00e1mbitos, sectores y niveles de la log\u00edstica se presentan. Con breves palabras describen por qu\u00e9 les gusta<span class=\"excerpt-hellip\"> [\u2026]<\/span><\/p>\n","protected":false},"author":0,"featured_media":0,"comment_status":"open","ping_status":"open","sticky":false,"template":"","format":"standard","meta":{"_acf_changed":false,"footnotes":""},"categories":[1665,1557,1561,1559],"tags":[],"class_list":["post-18579","post","type-post","status-publish","format-standard","hentry","category-categories","category-forwarding-logistics","category-regions","category-shipping-ports"],"acf":[],"yoast_head":"<!-- This site is optimized with the Yoast SEO plugin v27.3 - https:\/\/yoast.com\/product\/yoast-seo-wordpress\/ -->\n<title>Retrato log\u00edstico del d\u00eda: J\u00f6rg Arnold - Loginfo24<\/title>\n<meta name=\"robots\" content=\"index, follow, max-snippet:-1, max-image-preview:large, max-video-preview:-1\" \/>\n<link rel=\"canonical\" href=\"https:\/\/loginfo24.com\/es\/2020\/07\/16\/retrato-logistico-del-dia-jorg-arnold\/\" \/>\n<meta property=\"og:locale\" content=\"es_ES\" \/>\n<meta property=\"og:type\" content=\"article\" \/>\n<meta property=\"og:title\" content=\"Retrato log\u00edstico del d\u00eda: J\u00f6rg Arnold - Loginfo24\" \/>\n<meta property=\"og:description\" content=\"En el retrato del d\u00eda, personas de todos los \u00e1mbitos, sectores y niveles de la log\u00edstica se presentan. Con breves palabras describen por qu\u00e9 les gusta [\u2026]\" \/>\n<meta property=\"og:url\" content=\"https:\/\/loginfo24.com\/es\/2020\/07\/16\/retrato-logistico-del-dia-jorg-arnold\/\" \/>\n<meta property=\"og:site_name\" content=\"Loginfo24\" \/>\n<meta property=\"article:publisher\" content=\"https:\/\/www.facebook.com\/people\/Loginfo24\/100057360583332\/\" \/>\n<meta property=\"article:published_time\" content=\"2020-07-16T06:05:16+00:00\" \/>\n<meta property=\"article:modified_time\" content=\"2025-12-15T11:31:53+00:00\" \/>\n<meta name=\"twitter:card\" content=\"summary_large_image\" \/>\n<meta name=\"twitter:label1\" content=\"Tiempo de lectura\" \/>\n\t<meta name=\"twitter:data1\" content=\"1 minuto\" \/>\n<script type=\"application\/ld+json\" class=\"yoast-schema-graph\">{\"@context\":\"https:\\\/\\\/schema.org\",\"@graph\":[{\"@type\":\"Article\",\"@id\":\"https:\\\/\\\/loginfo24.com\\\/es\\\/2020\\\/07\\\/16\\\/retrato-logistico-del-dia-jorg-arnold\\\/#article\",\"isPartOf\":{\"@id\":\"https:\\\/\\\/loginfo24.com\\\/es\\\/2020\\\/07\\\/16\\\/retrato-logistico-del-dia-jorg-arnold\\\/\"},\"author\":{\"name\":\"\",\"@id\":\"\"},\"headline\":\"Retrato log\u00edstico del d\u00eda: J\u00f6rg Arnold\",\"datePublished\":\"2020-07-16T06:05:16+00:00\",\"dateModified\":\"2025-12-15T11:31:53+00:00\",\"mainEntityOfPage\":{\"@id\":\"https:\\\/\\\/loginfo24.com\\\/es\\\/2020\\\/07\\\/16\\\/retrato-logistico-del-dia-jorg-arnold\\\/\"},\"wordCount\":194,\"commentCount\":0,\"publisher\":{\"@id\":\"https:\\\/\\\/loginfo24.com\\\/es\\\/#organization\"},\"articleSection\":[\"Categories\",\"Forwarding &amp; Logistics\",\"Regions\",\"Shipping &amp; Ports\"],\"inLanguage\":\"es\",\"potentialAction\":[{\"@type\":\"CommentAction\",\"name\":\"Comment\",\"target\":[\"https:\\\/\\\/loginfo24.com\\\/es\\\/2020\\\/07\\\/16\\\/retrato-logistico-del-dia-jorg-arnold\\\/#respond\"]}]},{\"@type\":\"WebPage\",\"@id\":\"https:\\\/\\\/loginfo24.com\\\/es\\\/2020\\\/07\\\/16\\\/retrato-logistico-del-dia-jorg-arnold\\\/\",\"url\":\"https:\\\/\\\/loginfo24.com\\\/es\\\/2020\\\/07\\\/16\\\/retrato-logistico-del-dia-jorg-arnold\\\/\",\"name\":\"Retrato log\u00edstico del d\u00eda: J\u00f6rg Arnold - Loginfo24\",\"isPartOf\":{\"@id\":\"https:\\\/\\\/loginfo24.com\\\/es\\\/#website\"},\"datePublished\":\"2020-07-16T06:05:16+00:00\",\"dateModified\":\"2025-12-15T11:31:53+00:00\",\"breadcrumb\":{\"@id\":\"https:\\\/\\\/loginfo24.com\\\/es\\\/2020\\\/07\\\/16\\\/retrato-logistico-del-dia-jorg-arnold\\\/#breadcrumb\"},\"inLanguage\":\"es\",\"potentialAction\":[{\"@type\":\"ReadAction\",\"target\":[\"https:\\\/\\\/loginfo24.com\\\/es\\\/2020\\\/07\\\/16\\\/retrato-logistico-del-dia-jorg-arnold\\\/\"]}]},{\"@type\":\"BreadcrumbList\",\"@id\":\"https:\\\/\\\/loginfo24.com\\\/es\\\/2020\\\/07\\\/16\\\/retrato-logistico-del-dia-jorg-arnold\\\/#breadcrumb\",\"itemListElement\":[{\"@type\":\"ListItem\",\"position\":1,\"name\":\"Startseite\",\"item\":\"https:\\\/\\\/loginfo24.com\\\/es\\\/\"},{\"@type\":\"ListItem\",\"position\":2,\"name\":\"Retrato log\u00edstico del d\u00eda: J\u00f6rg Arnold\"}]},{\"@type\":\"WebSite\",\"@id\":\"https:\\\/\\\/loginfo24.com\\\/es\\\/#website\",\"url\":\"https:\\\/\\\/loginfo24.com\\\/es\\\/\",\"name\":\"Loginfo24\",\"description\":\"Loginfo24 es la plataforma dedicada a la log\u00edstica y las cadenas de suministro con informaci\u00f3n las 24 horas del d\u00eda.\",\"publisher\":{\"@id\":\"https:\\\/\\\/loginfo24.com\\\/es\\\/#organization\"},\"potentialAction\":[{\"@type\":\"SearchAction\",\"target\":{\"@type\":\"EntryPoint\",\"urlTemplate\":\"https:\\\/\\\/loginfo24.com\\\/es\\\/?s={search_term_string}\"},\"query-input\":{\"@type\":\"PropertyValueSpecification\",\"valueRequired\":true,\"valueName\":\"search_term_string\"}}],\"inLanguage\":\"es\"},{\"@type\":\"Organization\",\"@id\":\"https:\\\/\\\/loginfo24.com\\\/es\\\/#organization\",\"name\":\"Grupo Logismedia AG\",\"url\":\"https:\\\/\\\/loginfo24.com\\\/es\\\/\",\"logo\":{\"@type\":\"ImageObject\",\"inLanguage\":\"es\",\"@id\":\"https:\\\/\\\/loginfo24.com\\\/es\\\/#\\\/schema\\\/logo\\\/image\\\/\",\"url\":\"https:\\\/\\\/loginfo24.com\\\/wp-content\\\/uploads\\\/sites\\\/7\\\/2026\\\/01\\\/Logo_LogInfo24.png\",\"contentUrl\":\"https:\\\/\\\/loginfo24.com\\\/wp-content\\\/uploads\\\/sites\\\/7\\\/2026\\\/01\\\/Logo_LogInfo24.png\",\"width\":938,\"height\":351,\"caption\":\"Grupo Logismedia AG\"},\"image\":{\"@id\":\"https:\\\/\\\/loginfo24.com\\\/es\\\/#\\\/schema\\\/logo\\\/image\\\/\"},\"sameAs\":[\"https:\\\/\\\/www.facebook.com\\\/people\\\/Loginfo24\\\/100057360583332\\\/\",\"https:\\\/\\\/www.linkedin.com\\\/company\\\/lofinfo24\\\/\"]}]}<\/script>\n<!-- \/ Yoast SEO plugin. -->","yoast_head_json":{"title":"Retrato log\u00edstico del d\u00eda: J\u00f6rg Arnold - Loginfo24","robots":{"index":"index","follow":"follow","max-snippet":"max-snippet:-1","max-image-preview":"max-image-preview:large","max-video-preview":"max-video-preview:-1"},"canonical":"https:\/\/loginfo24.com\/es\/2020\/07\/16\/retrato-logistico-del-dia-jorg-arnold\/","og_locale":"es_ES","og_type":"article","og_title":"Retrato log\u00edstico del d\u00eda: J\u00f6rg Arnold - Loginfo24","og_description":"En el retrato del d\u00eda, personas de todos los \u00e1mbitos, sectores y niveles de la log\u00edstica se presentan. Con breves palabras describen por qu\u00e9 les gusta [\u2026]","og_url":"https:\/\/loginfo24.com\/es\/2020\/07\/16\/retrato-logistico-del-dia-jorg-arnold\/","og_site_name":"Loginfo24","article_publisher":"https:\/\/www.facebook.com\/people\/Loginfo24\/100057360583332\/","article_published_time":"2020-07-16T06:05:16+00:00","article_modified_time":"2025-12-15T11:31:53+00:00","twitter_card":"summary_large_image","twitter_misc":{"Tiempo de lectura":"1 minuto"},"schema":{"@context":"https:\/\/schema.org","@graph":[{"@type":"Article","@id":"https:\/\/loginfo24.com\/es\/2020\/07\/16\/retrato-logistico-del-dia-jorg-arnold\/#article","isPartOf":{"@id":"https:\/\/loginfo24.com\/es\/2020\/07\/16\/retrato-logistico-del-dia-jorg-arnold\/"},"author":{"name":"","@id":""},"headline":"Retrato log\u00edstico del d\u00eda: J\u00f6rg Arnold","datePublished":"2020-07-16T06:05:16+00:00","dateModified":"2025-12-15T11:31:53+00:00","mainEntityOfPage":{"@id":"https:\/\/loginfo24.com\/es\/2020\/07\/16\/retrato-logistico-del-dia-jorg-arnold\/"},"wordCount":194,"commentCount":0,"publisher":{"@id":"https:\/\/loginfo24.com\/es\/#organization"},"articleSection":["Categories","Forwarding &amp; Logistics","Regions","Shipping &amp; Ports"],"inLanguage":"es","potentialAction":[{"@type":"CommentAction","name":"Comment","target":["https:\/\/loginfo24.com\/es\/2020\/07\/16\/retrato-logistico-del-dia-jorg-arnold\/#respond"]}]},{"@type":"WebPage","@id":"https:\/\/loginfo24.com\/es\/2020\/07\/16\/retrato-logistico-del-dia-jorg-arnold\/","url":"https:\/\/loginfo24.com\/es\/2020\/07\/16\/retrato-logistico-del-dia-jorg-arnold\/","name":"Retrato log\u00edstico del d\u00eda: J\u00f6rg Arnold - Loginfo24","isPartOf":{"@id":"https:\/\/loginfo24.com\/es\/#website"},"datePublished":"2020-07-16T06:05:16+00:00","dateModified":"2025-12-15T11:31:53+00:00","breadcrumb":{"@id":"https:\/\/loginfo24.com\/es\/2020\/07\/16\/retrato-logistico-del-dia-jorg-arnold\/#breadcrumb"},"inLanguage":"es","potentialAction":[{"@type":"ReadAction","target":["https:\/\/loginfo24.com\/es\/2020\/07\/16\/retrato-logistico-del-dia-jorg-arnold\/"]}]},{"@type":"BreadcrumbList","@id":"https:\/\/loginfo24.com\/es\/2020\/07\/16\/retrato-logistico-del-dia-jorg-arnold\/#breadcrumb","itemListElement":[{"@type":"ListItem","position":1,"name":"Startseite","item":"https:\/\/loginfo24.com\/es\/"},{"@type":"ListItem","position":2,"name":"Retrato log\u00edstico del d\u00eda: J\u00f6rg Arnold"}]},{"@type":"WebSite","@id":"https:\/\/loginfo24.com\/es\/#website","url":"https:\/\/loginfo24.com\/es\/","name":"Loginfo24","description":"Loginfo24 es la plataforma dedicada a la log\u00edstica y las cadenas de suministro con informaci\u00f3n las 24 horas del d\u00eda.","publisher":{"@id":"https:\/\/loginfo24.com\/es\/#organization"},"potentialAction":[{"@type":"SearchAction","target":{"@type":"EntryPoint","urlTemplate":"https:\/\/loginfo24.com\/es\/?s={search_term_string}"},"query-input":{"@type":"PropertyValueSpecification","valueRequired":true,"valueName":"search_term_string"}}],"inLanguage":"es"},{"@type":"Organization","@id":"https:\/\/loginfo24.com\/es\/#organization","name":"Grupo Logismedia AG","url":"https:\/\/loginfo24.com\/es\/","logo":{"@type":"ImageObject","inLanguage":"es","@id":"https:\/\/loginfo24.com\/es\/#\/schema\/logo\/image\/","url":"https:\/\/loginfo24.com\/wp-content\/uploads\/sites\/7\/2026\/01\/Logo_LogInfo24.png","contentUrl":"https:\/\/loginfo24.com\/wp-content\/uploads\/sites\/7\/2026\/01\/Logo_LogInfo24.png","width":938,"height":351,"caption":"Grupo Logismedia AG"},"image":{"@id":"https:\/\/loginfo24.com\/es\/#\/schema\/logo\/image\/"},"sameAs":["https:\/\/www.facebook.com\/people\/Loginfo24\/100057360583332\/","https:\/\/www.linkedin.com\/company\/lofinfo24\/"]}]}},"_links":{"self":[{"href":"https:\/\/loginfo24.com\/es\/wp-json\/wp\/v2\/posts\/18579","targetHints":{"allow":["GET"]}}],"collection":[{"href":"https:\/\/loginfo24.com\/es\/wp-json\/wp\/v2\/posts"}],"about":[{"href":"https:\/\/loginfo24.com\/es\/wp-json\/wp\/v2\/types\/post"}],"replies":[{"embeddable":true,"href":"https:\/\/loginfo24.com\/es\/wp-json\/wp\/v2\/comments?post=18579"}],"version-history":[{"count":1,"href":"https:\/\/loginfo24.com\/es\/wp-json\/wp\/v2\/posts\/18579\/revisions"}],"predecessor-version":[{"id":33480,"href":"https:\/\/loginfo24.com\/es\/wp-json\/wp\/v2\/posts\/18579\/revisions\/33480"}],"wp:attachment":[{"href":"https:\/\/loginfo24.com\/es\/wp-json\/wp\/v2\/media?parent=18579"}],"wp:term":[{"taxonomy":"category","embeddable":true,"href":"https:\/\/loginfo24.com\/es\/wp-json\/wp\/v2\/categories?post=18579"},{"taxonomy":"post_tag","embeddable":true,"href":"https:\/\/loginfo24.com\/es\/wp-json\/wp\/v2\/tags?post=18579"}],"curies":[{"name":"wp","href":"https:\/\/api.w.org\/{rel}","templated":true}]}}