{"id":18465,"date":"2020-07-10T06:02:10","date_gmt":"2020-07-10T04:02:10","guid":{"rendered":"https:\/\/blog.brand-architecture.at\/2020\/07\/10\/retrato-logistico-del-dia-christina-scheib\/"},"modified":"2025-12-15T12:31:25","modified_gmt":"2025-12-15T11:31:25","slug":"retrato-logistico-del-dia-christina-scheib","status":"publish","type":"post","link":"https:\/\/loginfo24.com\/es\/2020\/07\/10\/retrato-logistico-del-dia-christina-scheib\/","title":{"rendered":"Retrato log\u00edstico del d\u00eda: Christina Scheib"},"content":{"rendered":"<p>En el retrato del d\u00eda, personas de todos los \u00e1mbitos, sectores y niveles de la log\u00edstica se presentan. Con breves palabras describen por qu\u00e9 les gusta su trabajo en esta diversa industria.<\/p>\n<h5><\/h5>\n<h4><\/h4>\n<h4><\/h4>\n<h4><strong>Hoy: Christina Scheib, empresaria y embajadora de mujeres en BGL-S\u00fcd<\/strong><\/h4>\n<table>\n<tbody>\n<tr>\n<td colspan=\"2\" width=\"605\"><strong>Mi actividad en la log\u00edstica:<\/strong><\/p>\n<p>Empresaria aut\u00f3noma, embajadora de mujeres y embajadora del sector en BGL-S\u00fcd.<\/p>\n<p>Ayudo a las mujeres en todos los aspectos. Pueden ser temas como la seguridad en las \u00e1reas de descanso, problemas con el empleador (donde act\u00fao como mediadora neutral). Trabajo en estrecha colaboraci\u00f3n con la polic\u00eda y el BAG. Adem\u00e1s, soy la voz de los asuntos de las mujeres en la direcci\u00f3n de la asociaci\u00f3n BGL y en la pol\u00edtica. Estas son solo algunas de las muchas tareas de una embajadora de mujeres y del sector en la log\u00edstica.<\/p>\n<p>&nbsp;<\/td>\n<\/tr>\n<tr>\n<td width=\"212\"><strong>Nombre:<\/strong><\/td>\n<td width=\"392\">Christina Scheib<\/td>\n<\/tr>\n<tr>\n<td width=\"212\"><strong>A\u00f1o de nacimiento:<\/strong><\/td>\n<td width=\"392\">1985<\/td>\n<\/tr>\n<tr>\n<td width=\"212\"><strong>Empresa:<\/strong><\/td>\n<td width=\"392\">BGL-S\u00fcd, Christina Scheib Transporte<\/td>\n<\/tr>\n<tr>\n<td width=\"212\"><strong>Pa\u00eds:<\/strong><\/td>\n<td width=\"392\">Alemania<\/td>\n<\/tr>\n<tr>\n<td width=\"212\"><strong>Funci\u00f3n:<\/strong><\/td>\n<td width=\"392\">Embajadora de mujeres \/ Embajadora del sector<\/td>\n<\/tr>\n<tr>\n<td width=\"212\"><strong>En la log\u00edstica desde:<\/strong><\/td>\n<td width=\"392\">2011<\/td>\n<\/tr>\n<tr>\n<td width=\"212\"><strong>Formaci\u00f3n:<\/strong><\/td>\n<td width=\"392\">Asistente m\u00e9dico \/ Conductora profesional<\/td>\n<\/tr>\n<tr>\n<td width=\"212\"><strong>Sitio web:<\/strong><\/td>\n<td width=\"392\"><a href=\"https:\/\/www.bgl-sued.de\" target=\"_blank\" rel=\"noopener noreferrer\">www.bgl-sued.de<\/a><\/td>\n<\/tr>\n<tr>\n<td width=\"212\"><strong>Perfil de LinkedIn:<\/strong><\/td>\n<td width=\"392\"><a href=\"https:\/\/www.linkedin.com\/in\/christina-scheib-3597a01a9\/\" target=\"_blank\" rel=\"noopener noreferrer\">https:\/\/www.linkedin.com\/in\/christina-scheib-3597a01a9\/<\/a><\/td>\n<\/tr>\n<tr>\n<td colspan=\"2\" width=\"605\">&nbsp;<\/p>\n<p><strong>Lo que me gusta de mi trabajo y de la log\u00edstica:<\/strong><\/p>\n<p>Que es una profesi\u00f3n muy variada. Una de las profesiones m\u00e1s importantes - conductor\/a de cami\u00f3n. Sin nosotros no habr\u00eda comida, bebida, ropa, casas y mucho m\u00e1s. Se llega a muchos lugares diferentes. La log\u00edstica conecta.<\/p>\n<p>&nbsp;<\/td>\n<\/tr>\n<\/tbody>\n<\/table>\n","protected":false},"excerpt":{"rendered":"<p>En el retrato del d\u00eda, personas de todos los \u00e1mbitos, sectores y niveles de la log\u00edstica se presentan. Con breves palabras describen por qu\u00e9 les gusta<span class=\"excerpt-hellip\"> [\u2026]<\/span><\/p>\n","protected":false},"author":0,"featured_media":0,"comment_status":"open","ping_status":"open","sticky":false,"template":"","format":"standard","meta":{"_acf_changed":false,"footnotes":""},"categories":[1665,1561],"tags":[],"class_list":["post-18465","post","type-post","status-publish","format-standard","hentry","category-categories","category-regions"],"acf":[],"yoast_head":"<!-- This site is optimized with the Yoast SEO plugin v27.3 - https:\/\/yoast.com\/product\/yoast-seo-wordpress\/ -->\n<title>Retrato log\u00edstico del d\u00eda: Christina Scheib - Loginfo24<\/title>\n<meta name=\"robots\" content=\"index, follow, max-snippet:-1, max-image-preview:large, max-video-preview:-1\" \/>\n<link rel=\"canonical\" href=\"https:\/\/loginfo24.com\/es\/2020\/07\/10\/retrato-logistico-del-dia-christina-scheib\/\" \/>\n<meta property=\"og:locale\" content=\"es_ES\" \/>\n<meta property=\"og:type\" content=\"article\" \/>\n<meta property=\"og:title\" content=\"Retrato log\u00edstico del d\u00eda: Christina Scheib - Loginfo24\" \/>\n<meta property=\"og:description\" content=\"En el retrato del d\u00eda, personas de todos los \u00e1mbitos, sectores y niveles de la log\u00edstica se presentan. Con breves palabras describen por qu\u00e9 les gusta [\u2026]\" \/>\n<meta property=\"og:url\" content=\"https:\/\/loginfo24.com\/es\/2020\/07\/10\/retrato-logistico-del-dia-christina-scheib\/\" \/>\n<meta property=\"og:site_name\" content=\"Loginfo24\" \/>\n<meta property=\"article:publisher\" content=\"https:\/\/www.facebook.com\/people\/Loginfo24\/100057360583332\/\" \/>\n<meta property=\"article:published_time\" content=\"2020-07-10T04:02:10+00:00\" \/>\n<meta property=\"article:modified_time\" content=\"2025-12-15T11:31:25+00:00\" \/>\n<meta name=\"twitter:card\" content=\"summary_large_image\" \/>\n<meta name=\"twitter:label1\" content=\"Tiempo de lectura\" \/>\n\t<meta name=\"twitter:data1\" content=\"1 minuto\" \/>\n<script type=\"application\/ld+json\" class=\"yoast-schema-graph\">{\"@context\":\"https:\\\/\\\/schema.org\",\"@graph\":[{\"@type\":\"Article\",\"@id\":\"https:\\\/\\\/loginfo24.com\\\/es\\\/2020\\\/07\\\/10\\\/retrato-logistico-del-dia-christina-scheib\\\/#article\",\"isPartOf\":{\"@id\":\"https:\\\/\\\/loginfo24.com\\\/es\\\/2020\\\/07\\\/10\\\/retrato-logistico-del-dia-christina-scheib\\\/\"},\"author\":{\"name\":\"\",\"@id\":\"\"},\"headline\":\"Retrato log\u00edstico del d\u00eda: Christina Scheib\",\"datePublished\":\"2020-07-10T04:02:10+00:00\",\"dateModified\":\"2025-12-15T11:31:25+00:00\",\"mainEntityOfPage\":{\"@id\":\"https:\\\/\\\/loginfo24.com\\\/es\\\/2020\\\/07\\\/10\\\/retrato-logistico-del-dia-christina-scheib\\\/\"},\"wordCount\":268,\"commentCount\":0,\"publisher\":{\"@id\":\"https:\\\/\\\/loginfo24.com\\\/es\\\/#organization\"},\"articleSection\":[\"Categories\",\"Regions\"],\"inLanguage\":\"es\",\"potentialAction\":[{\"@type\":\"CommentAction\",\"name\":\"Comment\",\"target\":[\"https:\\\/\\\/loginfo24.com\\\/es\\\/2020\\\/07\\\/10\\\/retrato-logistico-del-dia-christina-scheib\\\/#respond\"]}]},{\"@type\":\"WebPage\",\"@id\":\"https:\\\/\\\/loginfo24.com\\\/es\\\/2020\\\/07\\\/10\\\/retrato-logistico-del-dia-christina-scheib\\\/\",\"url\":\"https:\\\/\\\/loginfo24.com\\\/es\\\/2020\\\/07\\\/10\\\/retrato-logistico-del-dia-christina-scheib\\\/\",\"name\":\"Retrato log\u00edstico del d\u00eda: Christina Scheib - Loginfo24\",\"isPartOf\":{\"@id\":\"https:\\\/\\\/loginfo24.com\\\/es\\\/#website\"},\"datePublished\":\"2020-07-10T04:02:10+00:00\",\"dateModified\":\"2025-12-15T11:31:25+00:00\",\"breadcrumb\":{\"@id\":\"https:\\\/\\\/loginfo24.com\\\/es\\\/2020\\\/07\\\/10\\\/retrato-logistico-del-dia-christina-scheib\\\/#breadcrumb\"},\"inLanguage\":\"es\",\"potentialAction\":[{\"@type\":\"ReadAction\",\"target\":[\"https:\\\/\\\/loginfo24.com\\\/es\\\/2020\\\/07\\\/10\\\/retrato-logistico-del-dia-christina-scheib\\\/\"]}]},{\"@type\":\"BreadcrumbList\",\"@id\":\"https:\\\/\\\/loginfo24.com\\\/es\\\/2020\\\/07\\\/10\\\/retrato-logistico-del-dia-christina-scheib\\\/#breadcrumb\",\"itemListElement\":[{\"@type\":\"ListItem\",\"position\":1,\"name\":\"Startseite\",\"item\":\"https:\\\/\\\/loginfo24.com\\\/es\\\/\"},{\"@type\":\"ListItem\",\"position\":2,\"name\":\"Retrato log\u00edstico del d\u00eda: Christina Scheib\"}]},{\"@type\":\"WebSite\",\"@id\":\"https:\\\/\\\/loginfo24.com\\\/es\\\/#website\",\"url\":\"https:\\\/\\\/loginfo24.com\\\/es\\\/\",\"name\":\"Loginfo24\",\"description\":\"Loginfo24 es la plataforma dedicada a la log\u00edstica y las cadenas de suministro con informaci\u00f3n las 24 horas del d\u00eda.\",\"publisher\":{\"@id\":\"https:\\\/\\\/loginfo24.com\\\/es\\\/#organization\"},\"potentialAction\":[{\"@type\":\"SearchAction\",\"target\":{\"@type\":\"EntryPoint\",\"urlTemplate\":\"https:\\\/\\\/loginfo24.com\\\/es\\\/?s={search_term_string}\"},\"query-input\":{\"@type\":\"PropertyValueSpecification\",\"valueRequired\":true,\"valueName\":\"search_term_string\"}}],\"inLanguage\":\"es\"},{\"@type\":\"Organization\",\"@id\":\"https:\\\/\\\/loginfo24.com\\\/es\\\/#organization\",\"name\":\"Grupo Logismedia AG\",\"url\":\"https:\\\/\\\/loginfo24.com\\\/es\\\/\",\"logo\":{\"@type\":\"ImageObject\",\"inLanguage\":\"es\",\"@id\":\"https:\\\/\\\/loginfo24.com\\\/es\\\/#\\\/schema\\\/logo\\\/image\\\/\",\"url\":\"https:\\\/\\\/loginfo24.com\\\/wp-content\\\/uploads\\\/sites\\\/7\\\/2026\\\/01\\\/Logo_LogInfo24.png\",\"contentUrl\":\"https:\\\/\\\/loginfo24.com\\\/wp-content\\\/uploads\\\/sites\\\/7\\\/2026\\\/01\\\/Logo_LogInfo24.png\",\"width\":938,\"height\":351,\"caption\":\"Grupo Logismedia AG\"},\"image\":{\"@id\":\"https:\\\/\\\/loginfo24.com\\\/es\\\/#\\\/schema\\\/logo\\\/image\\\/\"},\"sameAs\":[\"https:\\\/\\\/www.facebook.com\\\/people\\\/Loginfo24\\\/100057360583332\\\/\",\"https:\\\/\\\/www.linkedin.com\\\/company\\\/lofinfo24\\\/\"]}]}<\/script>\n<!-- \/ Yoast SEO plugin. -->","yoast_head_json":{"title":"Retrato log\u00edstico del d\u00eda: Christina Scheib - Loginfo24","robots":{"index":"index","follow":"follow","max-snippet":"max-snippet:-1","max-image-preview":"max-image-preview:large","max-video-preview":"max-video-preview:-1"},"canonical":"https:\/\/loginfo24.com\/es\/2020\/07\/10\/retrato-logistico-del-dia-christina-scheib\/","og_locale":"es_ES","og_type":"article","og_title":"Retrato log\u00edstico del d\u00eda: Christina Scheib - Loginfo24","og_description":"En el retrato del d\u00eda, personas de todos los \u00e1mbitos, sectores y niveles de la log\u00edstica se presentan. Con breves palabras describen por qu\u00e9 les gusta [\u2026]","og_url":"https:\/\/loginfo24.com\/es\/2020\/07\/10\/retrato-logistico-del-dia-christina-scheib\/","og_site_name":"Loginfo24","article_publisher":"https:\/\/www.facebook.com\/people\/Loginfo24\/100057360583332\/","article_published_time":"2020-07-10T04:02:10+00:00","article_modified_time":"2025-12-15T11:31:25+00:00","twitter_card":"summary_large_image","twitter_misc":{"Tiempo de lectura":"1 minuto"},"schema":{"@context":"https:\/\/schema.org","@graph":[{"@type":"Article","@id":"https:\/\/loginfo24.com\/es\/2020\/07\/10\/retrato-logistico-del-dia-christina-scheib\/#article","isPartOf":{"@id":"https:\/\/loginfo24.com\/es\/2020\/07\/10\/retrato-logistico-del-dia-christina-scheib\/"},"author":{"name":"","@id":""},"headline":"Retrato log\u00edstico del d\u00eda: Christina Scheib","datePublished":"2020-07-10T04:02:10+00:00","dateModified":"2025-12-15T11:31:25+00:00","mainEntityOfPage":{"@id":"https:\/\/loginfo24.com\/es\/2020\/07\/10\/retrato-logistico-del-dia-christina-scheib\/"},"wordCount":268,"commentCount":0,"publisher":{"@id":"https:\/\/loginfo24.com\/es\/#organization"},"articleSection":["Categories","Regions"],"inLanguage":"es","potentialAction":[{"@type":"CommentAction","name":"Comment","target":["https:\/\/loginfo24.com\/es\/2020\/07\/10\/retrato-logistico-del-dia-christina-scheib\/#respond"]}]},{"@type":"WebPage","@id":"https:\/\/loginfo24.com\/es\/2020\/07\/10\/retrato-logistico-del-dia-christina-scheib\/","url":"https:\/\/loginfo24.com\/es\/2020\/07\/10\/retrato-logistico-del-dia-christina-scheib\/","name":"Retrato log\u00edstico del d\u00eda: Christina Scheib - Loginfo24","isPartOf":{"@id":"https:\/\/loginfo24.com\/es\/#website"},"datePublished":"2020-07-10T04:02:10+00:00","dateModified":"2025-12-15T11:31:25+00:00","breadcrumb":{"@id":"https:\/\/loginfo24.com\/es\/2020\/07\/10\/retrato-logistico-del-dia-christina-scheib\/#breadcrumb"},"inLanguage":"es","potentialAction":[{"@type":"ReadAction","target":["https:\/\/loginfo24.com\/es\/2020\/07\/10\/retrato-logistico-del-dia-christina-scheib\/"]}]},{"@type":"BreadcrumbList","@id":"https:\/\/loginfo24.com\/es\/2020\/07\/10\/retrato-logistico-del-dia-christina-scheib\/#breadcrumb","itemListElement":[{"@type":"ListItem","position":1,"name":"Startseite","item":"https:\/\/loginfo24.com\/es\/"},{"@type":"ListItem","position":2,"name":"Retrato log\u00edstico del d\u00eda: Christina Scheib"}]},{"@type":"WebSite","@id":"https:\/\/loginfo24.com\/es\/#website","url":"https:\/\/loginfo24.com\/es\/","name":"Loginfo24","description":"Loginfo24 es la plataforma dedicada a la log\u00edstica y las cadenas de suministro con informaci\u00f3n las 24 horas del d\u00eda.","publisher":{"@id":"https:\/\/loginfo24.com\/es\/#organization"},"potentialAction":[{"@type":"SearchAction","target":{"@type":"EntryPoint","urlTemplate":"https:\/\/loginfo24.com\/es\/?s={search_term_string}"},"query-input":{"@type":"PropertyValueSpecification","valueRequired":true,"valueName":"search_term_string"}}],"inLanguage":"es"},{"@type":"Organization","@id":"https:\/\/loginfo24.com\/es\/#organization","name":"Grupo Logismedia AG","url":"https:\/\/loginfo24.com\/es\/","logo":{"@type":"ImageObject","inLanguage":"es","@id":"https:\/\/loginfo24.com\/es\/#\/schema\/logo\/image\/","url":"https:\/\/loginfo24.com\/wp-content\/uploads\/sites\/7\/2026\/01\/Logo_LogInfo24.png","contentUrl":"https:\/\/loginfo24.com\/wp-content\/uploads\/sites\/7\/2026\/01\/Logo_LogInfo24.png","width":938,"height":351,"caption":"Grupo Logismedia AG"},"image":{"@id":"https:\/\/loginfo24.com\/es\/#\/schema\/logo\/image\/"},"sameAs":["https:\/\/www.facebook.com\/people\/Loginfo24\/100057360583332\/","https:\/\/www.linkedin.com\/company\/lofinfo24\/"]}]}},"_links":{"self":[{"href":"https:\/\/loginfo24.com\/es\/wp-json\/wp\/v2\/posts\/18465","targetHints":{"allow":["GET"]}}],"collection":[{"href":"https:\/\/loginfo24.com\/es\/wp-json\/wp\/v2\/posts"}],"about":[{"href":"https:\/\/loginfo24.com\/es\/wp-json\/wp\/v2\/types\/post"}],"replies":[{"embeddable":true,"href":"https:\/\/loginfo24.com\/es\/wp-json\/wp\/v2\/comments?post=18465"}],"version-history":[{"count":1,"href":"https:\/\/loginfo24.com\/es\/wp-json\/wp\/v2\/posts\/18465\/revisions"}],"predecessor-version":[{"id":33258,"href":"https:\/\/loginfo24.com\/es\/wp-json\/wp\/v2\/posts\/18465\/revisions\/33258"}],"wp:attachment":[{"href":"https:\/\/loginfo24.com\/es\/wp-json\/wp\/v2\/media?parent=18465"}],"wp:term":[{"taxonomy":"category","embeddable":true,"href":"https:\/\/loginfo24.com\/es\/wp-json\/wp\/v2\/categories?post=18465"},{"taxonomy":"post_tag","embeddable":true,"href":"https:\/\/loginfo24.com\/es\/wp-json\/wp\/v2\/tags?post=18465"}],"curies":[{"name":"wp","href":"https:\/\/api.w.org\/{rel}","templated":true}]}}