{"id":18405,"date":"2020-07-08T06:02:05","date_gmt":"2020-07-08T04:02:05","guid":{"rendered":"https:\/\/blog.brand-architecture.at\/2020\/07\/08\/la-iniciativa-kiel-canal-da-la-bienvenida-a-la-suspension-de-tasas-para-el-canal-de-kiel-baltico\/"},"modified":"2025-12-15T12:31:11","modified_gmt":"2025-12-15T11:31:11","slug":"la-iniciativa-kiel-canal-da-la-bienvenida-a-la-suspension-de-tasas-para-el-canal-de-kiel-baltico","status":"publish","type":"post","link":"https:\/\/loginfo24.com\/es\/2020\/07\/08\/la-iniciativa-kiel-canal-da-la-bienvenida-a-la-suspension-de-tasas-para-el-canal-de-kiel-baltico\/","title":{"rendered":"La iniciativa Kiel-Canal da la bienvenida a la suspensi\u00f3n de tasas para el Canal de Kiel-B\u00e1ltico"},"content":{"rendered":"<p>La iniciativa Kiel-Canal da la bienvenida a la suspensi\u00f3n de tasas para el Canal de Kiel-B\u00e1ltico por parte de la pol\u00edtica. Con esto se ha dado un paso importante para la competitividad del canal. Tambi\u00e9n se evita que los barcos elijan el camino m\u00e1s largo y menos ecol\u00f3gico alrededor de Dinamarca.<\/p>\n<p>(Kiel) La iniciativa Kiel-Canal ha estado trabajando en los \u00faltimos meses, con el apoyo de los cinco estados federados del norte de Alemania y la Asociaci\u00f3n Central de Agentes Mar\u00edtimos Alemanes, para la suspensi\u00f3n de las tasas de navegaci\u00f3n para el Canal de Kiel-B\u00e1ltico y da la bienvenida a la decisi\u00f3n tomada hoy por el gobierno federal de renunciar a estas tasas hasta el 31 de diciembre de 2020.<\/p>\n<p>\u00abProvocada por la crisis del coronavirus, la econom\u00eda mar\u00edtima est\u00e1 bajo una presi\u00f3n de costos masiva y el tr\u00e1fico en el Canal de Kiel-B\u00e1ltico est\u00e1 experimentando una disminuci\u00f3n sin precedentes\u00bb, enfatiza Jens Broder Knudsen, presidente de la iniciativa Kiel-Canal. Esta disminuci\u00f3n se basa principalmente en los actualmente hist\u00f3ricamente bajos precios del combustible, que representar\u00edan una desventaja competitiva significativa para el Canal de Kiel-B\u00e1ltico en comparaci\u00f3n con el desv\u00edo alrededor de Skagen. La ruta alrededor de Dinamarca es m\u00e1s larga y menos ecol\u00f3gica, pero est\u00e1 libre de tasas de navegaci\u00f3n.<\/p>\n<h5><strong><img loading=\"lazy\" decoding=\"async\" class=\"aligncenter wp-image-3973 size-large\" src=\"https:\/\/loginfo24.com\/wp-content\/uploads\/sites\/7\/2025\/12\/Nordostsee_8.7.20.jpg\" alt=\"\" width=\"1024\" height=\"680\" \/><\/strong><\/h5>\n<h5><\/h5>\n<h5><\/h5>\n<h5><strong>Impactos tambi\u00e9n en el puerto de Hamburgo<\/strong><\/h5>\n<p>\u00abLa suspensi\u00f3n de las tasas de navegaci\u00f3n es un paso importante para restaurar la competitividad del Canal de Kiel-B\u00e1ltico. Esto refleja la importancia del Canal de Kiel-B\u00e1ltico, ya que asegura m\u00e1s de 3,000 empleos en la regi\u00f3n y solo en el puerto de Hamburgo maneja alrededor de 51 millones de toneladas de carga total\u00bb, destaca Knudsen. Knudsen se\u00f1ala que tambi\u00e9n estados federados orientados a la exportaci\u00f3n como Baviera y Baden-Wurtemberg dependen del puerto de Hamburgo y de un Canal de Kiel-B\u00e1ltico funcional, ya que este es un \u00abcentro log\u00edstico\u00bb de vital importancia para las exportaciones hacia el \u00e1rea b\u00e1ltica y la conexi\u00f3n con cadenas de transporte internacionales.<\/p>\n<p>Seg\u00fan Knudsen, ahora ser\u00eda necesario examinar si la suspensi\u00f3n temporal de las tasas es suficiente o si una suspensi\u00f3n permanente representar\u00eda una mejor soluci\u00f3n desde el punto de vista econ\u00f3mico. En este contexto, se\u00f1ala que el a\u00f1o pasado el gobierno federal renunci\u00f3 de manera permanente a ingresos anuales de 350 millones de euros en el ferrocarril y 35 millones de euros en tasas de navegaci\u00f3n para las v\u00edas fluviales interiores del sur y norte de Alemania, con la excepci\u00f3n del Canal de Kiel-B\u00e1ltico y el Mosela.<\/p>\n<h5><strong>La iniciativa Kiel-Canal e.V.<\/strong><\/h5>\n<p>La iniciativa Kiel-Canal e.V., fundada a finales de 2012, agrupa voces comprometidas por el Canal de Kiel-B\u00e1ltico y aboga ante la econom\u00eda, la pol\u00edtica y las autoridades por el mantenimiento funcional y la viabilidad futura del canal. Entre los miembros se encuentran numerosas empresas, as\u00ed como varias c\u00e1maras de comercio, corporaciones de derecho p\u00fablico, instituciones, asociaciones, clubes y entidades locales.<\/p>\n<p>Foto 1: \u00a9 Loginfo24 \/ Foto 2: \u00a9 Iniciativa Kiel-Canal e.V.<\/p>\n<p><a href=\"https:\/\/initiative-kiel-canal.de\" target=\"_blank\" rel=\"noopener noreferrer\">https:\/\/initiative-kiel-canal.de<\/a><\/p>\n","protected":false},"excerpt":{"rendered":"<p>La iniciativa Kiel-Canal da la bienvenida a la suspensi\u00f3n de tasas para el Canal de Kiel-B\u00e1ltico por parte de la pol\u00edtica. Con esto se ha dado<span class=\"excerpt-hellip\"> [\u2026]<\/span><\/p>\n","protected":false},"author":0,"featured_media":0,"comment_status":"open","ping_status":"open","sticky":false,"template":"","format":"standard","meta":{"_acf_changed":false,"footnotes":""},"categories":[1557,1561,1559],"tags":[],"class_list":["post-18405","post","type-post","status-publish","format-standard","hentry","category-forwarding-logistics","category-regions","category-shipping-ports"],"acf":[],"yoast_head":"<!-- This site is optimized with the Yoast SEO plugin v27.3 - https:\/\/yoast.com\/product\/yoast-seo-wordpress\/ -->\n<title>La iniciativa Kiel-Canal da la bienvenida a la suspensi\u00f3n de tasas para el Canal de Kiel-B\u00e1ltico - Loginfo24<\/title>\n<meta name=\"robots\" content=\"index, follow, max-snippet:-1, max-image-preview:large, max-video-preview:-1\" \/>\n<link rel=\"canonical\" href=\"https:\/\/loginfo24.com\/es\/2020\/07\/08\/la-iniciativa-kiel-canal-da-la-bienvenida-a-la-suspension-de-tasas-para-el-canal-de-kiel-baltico\/\" \/>\n<meta property=\"og:locale\" content=\"es_ES\" \/>\n<meta property=\"og:type\" content=\"article\" \/>\n<meta property=\"og:title\" content=\"La iniciativa Kiel-Canal da la bienvenida a la suspensi\u00f3n de tasas para el Canal de Kiel-B\u00e1ltico - Loginfo24\" \/>\n<meta property=\"og:description\" content=\"La iniciativa Kiel-Canal da la bienvenida a la suspensi\u00f3n de tasas para el Canal de Kiel-B\u00e1ltico por parte de la pol\u00edtica. Con esto se ha dado [\u2026]\" \/>\n<meta property=\"og:url\" content=\"https:\/\/loginfo24.com\/es\/2020\/07\/08\/la-iniciativa-kiel-canal-da-la-bienvenida-a-la-suspension-de-tasas-para-el-canal-de-kiel-baltico\/\" \/>\n<meta property=\"og:site_name\" content=\"Loginfo24\" \/>\n<meta property=\"article:publisher\" content=\"https:\/\/www.facebook.com\/people\/Loginfo24\/100057360583332\/\" \/>\n<meta property=\"article:published_time\" content=\"2020-07-08T04:02:05+00:00\" \/>\n<meta property=\"article:modified_time\" content=\"2025-12-15T11:31:11+00:00\" \/>\n<meta property=\"og:image\" content=\"https:\/\/loginfo24.com\/wp-content\/uploads\/sites\/7\/2025\/12\/Nordostsee_8.7.20.jpg\" \/>\n<meta name=\"twitter:card\" content=\"summary_large_image\" \/>\n<meta name=\"twitter:label1\" content=\"Tiempo de lectura\" \/>\n\t<meta name=\"twitter:data1\" content=\"3 minuto\" \/>\n<script type=\"application\/ld+json\" class=\"yoast-schema-graph\">{\"@context\":\"https:\\\/\\\/schema.org\",\"@graph\":[{\"@type\":\"Article\",\"@id\":\"https:\\\/\\\/loginfo24.com\\\/es\\\/2020\\\/07\\\/08\\\/la-iniciativa-kiel-canal-da-la-bienvenida-a-la-suspension-de-tasas-para-el-canal-de-kiel-baltico\\\/#article\",\"isPartOf\":{\"@id\":\"https:\\\/\\\/loginfo24.com\\\/es\\\/2020\\\/07\\\/08\\\/la-iniciativa-kiel-canal-da-la-bienvenida-a-la-suspension-de-tasas-para-el-canal-de-kiel-baltico\\\/\"},\"author\":{\"name\":\"\",\"@id\":\"\"},\"headline\":\"La iniciativa Kiel-Canal da la bienvenida a la suspensi\u00f3n de tasas para el Canal de Kiel-B\u00e1ltico\",\"datePublished\":\"2020-07-08T04:02:05+00:00\",\"dateModified\":\"2025-12-15T11:31:11+00:00\",\"mainEntityOfPage\":{\"@id\":\"https:\\\/\\\/loginfo24.com\\\/es\\\/2020\\\/07\\\/08\\\/la-iniciativa-kiel-canal-da-la-bienvenida-a-la-suspension-de-tasas-para-el-canal-de-kiel-baltico\\\/\"},\"wordCount\":555,\"commentCount\":0,\"publisher\":{\"@id\":\"https:\\\/\\\/loginfo24.com\\\/es\\\/#organization\"},\"image\":{\"@id\":\"https:\\\/\\\/loginfo24.com\\\/es\\\/2020\\\/07\\\/08\\\/la-iniciativa-kiel-canal-da-la-bienvenida-a-la-suspension-de-tasas-para-el-canal-de-kiel-baltico\\\/#primaryimage\"},\"thumbnailUrl\":\"https:\\\/\\\/loginfo24.com\\\/wp-content\\\/uploads\\\/sites\\\/7\\\/2025\\\/12\\\/Nordostsee_8.7.20.jpg\",\"articleSection\":[\"Forwarding &amp; Logistics\",\"Regions\",\"Shipping &amp; Ports\"],\"inLanguage\":\"es\",\"potentialAction\":[{\"@type\":\"CommentAction\",\"name\":\"Comment\",\"target\":[\"https:\\\/\\\/loginfo24.com\\\/es\\\/2020\\\/07\\\/08\\\/la-iniciativa-kiel-canal-da-la-bienvenida-a-la-suspension-de-tasas-para-el-canal-de-kiel-baltico\\\/#respond\"]}]},{\"@type\":\"WebPage\",\"@id\":\"https:\\\/\\\/loginfo24.com\\\/es\\\/2020\\\/07\\\/08\\\/la-iniciativa-kiel-canal-da-la-bienvenida-a-la-suspension-de-tasas-para-el-canal-de-kiel-baltico\\\/\",\"url\":\"https:\\\/\\\/loginfo24.com\\\/es\\\/2020\\\/07\\\/08\\\/la-iniciativa-kiel-canal-da-la-bienvenida-a-la-suspension-de-tasas-para-el-canal-de-kiel-baltico\\\/\",\"name\":\"La iniciativa Kiel-Canal da la bienvenida a la suspensi\u00f3n de tasas para el Canal de Kiel-B\u00e1ltico - Loginfo24\",\"isPartOf\":{\"@id\":\"https:\\\/\\\/loginfo24.com\\\/es\\\/#website\"},\"primaryImageOfPage\":{\"@id\":\"https:\\\/\\\/loginfo24.com\\\/es\\\/2020\\\/07\\\/08\\\/la-iniciativa-kiel-canal-da-la-bienvenida-a-la-suspension-de-tasas-para-el-canal-de-kiel-baltico\\\/#primaryimage\"},\"image\":{\"@id\":\"https:\\\/\\\/loginfo24.com\\\/es\\\/2020\\\/07\\\/08\\\/la-iniciativa-kiel-canal-da-la-bienvenida-a-la-suspension-de-tasas-para-el-canal-de-kiel-baltico\\\/#primaryimage\"},\"thumbnailUrl\":\"https:\\\/\\\/loginfo24.com\\\/wp-content\\\/uploads\\\/sites\\\/7\\\/2025\\\/12\\\/Nordostsee_8.7.20.jpg\",\"datePublished\":\"2020-07-08T04:02:05+00:00\",\"dateModified\":\"2025-12-15T11:31:11+00:00\",\"breadcrumb\":{\"@id\":\"https:\\\/\\\/loginfo24.com\\\/es\\\/2020\\\/07\\\/08\\\/la-iniciativa-kiel-canal-da-la-bienvenida-a-la-suspension-de-tasas-para-el-canal-de-kiel-baltico\\\/#breadcrumb\"},\"inLanguage\":\"es\",\"potentialAction\":[{\"@type\":\"ReadAction\",\"target\":[\"https:\\\/\\\/loginfo24.com\\\/es\\\/2020\\\/07\\\/08\\\/la-iniciativa-kiel-canal-da-la-bienvenida-a-la-suspension-de-tasas-para-el-canal-de-kiel-baltico\\\/\"]}]},{\"@type\":\"ImageObject\",\"inLanguage\":\"es\",\"@id\":\"https:\\\/\\\/loginfo24.com\\\/es\\\/2020\\\/07\\\/08\\\/la-iniciativa-kiel-canal-da-la-bienvenida-a-la-suspension-de-tasas-para-el-canal-de-kiel-baltico\\\/#primaryimage\",\"url\":\"https:\\\/\\\/loginfo24.com\\\/wp-content\\\/uploads\\\/sites\\\/7\\\/2025\\\/12\\\/Nordostsee_8.7.20.jpg\",\"contentUrl\":\"https:\\\/\\\/loginfo24.com\\\/wp-content\\\/uploads\\\/sites\\\/7\\\/2025\\\/12\\\/Nordostsee_8.7.20.jpg\"},{\"@type\":\"BreadcrumbList\",\"@id\":\"https:\\\/\\\/loginfo24.com\\\/es\\\/2020\\\/07\\\/08\\\/la-iniciativa-kiel-canal-da-la-bienvenida-a-la-suspension-de-tasas-para-el-canal-de-kiel-baltico\\\/#breadcrumb\",\"itemListElement\":[{\"@type\":\"ListItem\",\"position\":1,\"name\":\"Startseite\",\"item\":\"https:\\\/\\\/loginfo24.com\\\/es\\\/\"},{\"@type\":\"ListItem\",\"position\":2,\"name\":\"La iniciativa Kiel-Canal da la bienvenida a la suspensi\u00f3n de tasas para el Canal de Kiel-B\u00e1ltico\"}]},{\"@type\":\"WebSite\",\"@id\":\"https:\\\/\\\/loginfo24.com\\\/es\\\/#website\",\"url\":\"https:\\\/\\\/loginfo24.com\\\/es\\\/\",\"name\":\"Loginfo24\",\"description\":\"Loginfo24 es la plataforma dedicada a la log\u00edstica y las cadenas de suministro con informaci\u00f3n las 24 horas del d\u00eda.\",\"publisher\":{\"@id\":\"https:\\\/\\\/loginfo24.com\\\/es\\\/#organization\"},\"potentialAction\":[{\"@type\":\"SearchAction\",\"target\":{\"@type\":\"EntryPoint\",\"urlTemplate\":\"https:\\\/\\\/loginfo24.com\\\/es\\\/?s={search_term_string}\"},\"query-input\":{\"@type\":\"PropertyValueSpecification\",\"valueRequired\":true,\"valueName\":\"search_term_string\"}}],\"inLanguage\":\"es\"},{\"@type\":\"Organization\",\"@id\":\"https:\\\/\\\/loginfo24.com\\\/es\\\/#organization\",\"name\":\"Grupo Logismedia AG\",\"url\":\"https:\\\/\\\/loginfo24.com\\\/es\\\/\",\"logo\":{\"@type\":\"ImageObject\",\"inLanguage\":\"es\",\"@id\":\"https:\\\/\\\/loginfo24.com\\\/es\\\/#\\\/schema\\\/logo\\\/image\\\/\",\"url\":\"https:\\\/\\\/loginfo24.com\\\/wp-content\\\/uploads\\\/sites\\\/7\\\/2026\\\/01\\\/Logo_LogInfo24.png\",\"contentUrl\":\"https:\\\/\\\/loginfo24.com\\\/wp-content\\\/uploads\\\/sites\\\/7\\\/2026\\\/01\\\/Logo_LogInfo24.png\",\"width\":938,\"height\":351,\"caption\":\"Grupo Logismedia AG\"},\"image\":{\"@id\":\"https:\\\/\\\/loginfo24.com\\\/es\\\/#\\\/schema\\\/logo\\\/image\\\/\"},\"sameAs\":[\"https:\\\/\\\/www.facebook.com\\\/people\\\/Loginfo24\\\/100057360583332\\\/\",\"https:\\\/\\\/www.linkedin.com\\\/company\\\/lofinfo24\\\/\"]}]}<\/script>\n<!-- \/ Yoast SEO plugin. -->","yoast_head_json":{"title":"La iniciativa Kiel-Canal da la bienvenida a la suspensi\u00f3n de tasas para el Canal de Kiel-B\u00e1ltico - Loginfo24","robots":{"index":"index","follow":"follow","max-snippet":"max-snippet:-1","max-image-preview":"max-image-preview:large","max-video-preview":"max-video-preview:-1"},"canonical":"https:\/\/loginfo24.com\/es\/2020\/07\/08\/la-iniciativa-kiel-canal-da-la-bienvenida-a-la-suspension-de-tasas-para-el-canal-de-kiel-baltico\/","og_locale":"es_ES","og_type":"article","og_title":"La iniciativa Kiel-Canal da la bienvenida a la suspensi\u00f3n de tasas para el Canal de Kiel-B\u00e1ltico - Loginfo24","og_description":"La iniciativa Kiel-Canal da la bienvenida a la suspensi\u00f3n de tasas para el Canal de Kiel-B\u00e1ltico por parte de la pol\u00edtica. Con esto se ha dado [\u2026]","og_url":"https:\/\/loginfo24.com\/es\/2020\/07\/08\/la-iniciativa-kiel-canal-da-la-bienvenida-a-la-suspension-de-tasas-para-el-canal-de-kiel-baltico\/","og_site_name":"Loginfo24","article_publisher":"https:\/\/www.facebook.com\/people\/Loginfo24\/100057360583332\/","article_published_time":"2020-07-08T04:02:05+00:00","article_modified_time":"2025-12-15T11:31:11+00:00","og_image":[{"url":"https:\/\/loginfo24.com\/wp-content\/uploads\/sites\/7\/2025\/12\/Nordostsee_8.7.20.jpg","type":"","width":"","height":""}],"twitter_card":"summary_large_image","twitter_misc":{"Tiempo de lectura":"3 minuto"},"schema":{"@context":"https:\/\/schema.org","@graph":[{"@type":"Article","@id":"https:\/\/loginfo24.com\/es\/2020\/07\/08\/la-iniciativa-kiel-canal-da-la-bienvenida-a-la-suspension-de-tasas-para-el-canal-de-kiel-baltico\/#article","isPartOf":{"@id":"https:\/\/loginfo24.com\/es\/2020\/07\/08\/la-iniciativa-kiel-canal-da-la-bienvenida-a-la-suspension-de-tasas-para-el-canal-de-kiel-baltico\/"},"author":{"name":"","@id":""},"headline":"La iniciativa Kiel-Canal da la bienvenida a la suspensi\u00f3n de tasas para el Canal de Kiel-B\u00e1ltico","datePublished":"2020-07-08T04:02:05+00:00","dateModified":"2025-12-15T11:31:11+00:00","mainEntityOfPage":{"@id":"https:\/\/loginfo24.com\/es\/2020\/07\/08\/la-iniciativa-kiel-canal-da-la-bienvenida-a-la-suspension-de-tasas-para-el-canal-de-kiel-baltico\/"},"wordCount":555,"commentCount":0,"publisher":{"@id":"https:\/\/loginfo24.com\/es\/#organization"},"image":{"@id":"https:\/\/loginfo24.com\/es\/2020\/07\/08\/la-iniciativa-kiel-canal-da-la-bienvenida-a-la-suspension-de-tasas-para-el-canal-de-kiel-baltico\/#primaryimage"},"thumbnailUrl":"https:\/\/loginfo24.com\/wp-content\/uploads\/sites\/7\/2025\/12\/Nordostsee_8.7.20.jpg","articleSection":["Forwarding &amp; Logistics","Regions","Shipping &amp; Ports"],"inLanguage":"es","potentialAction":[{"@type":"CommentAction","name":"Comment","target":["https:\/\/loginfo24.com\/es\/2020\/07\/08\/la-iniciativa-kiel-canal-da-la-bienvenida-a-la-suspension-de-tasas-para-el-canal-de-kiel-baltico\/#respond"]}]},{"@type":"WebPage","@id":"https:\/\/loginfo24.com\/es\/2020\/07\/08\/la-iniciativa-kiel-canal-da-la-bienvenida-a-la-suspension-de-tasas-para-el-canal-de-kiel-baltico\/","url":"https:\/\/loginfo24.com\/es\/2020\/07\/08\/la-iniciativa-kiel-canal-da-la-bienvenida-a-la-suspension-de-tasas-para-el-canal-de-kiel-baltico\/","name":"La iniciativa Kiel-Canal da la bienvenida a la suspensi\u00f3n de tasas para el Canal de Kiel-B\u00e1ltico - Loginfo24","isPartOf":{"@id":"https:\/\/loginfo24.com\/es\/#website"},"primaryImageOfPage":{"@id":"https:\/\/loginfo24.com\/es\/2020\/07\/08\/la-iniciativa-kiel-canal-da-la-bienvenida-a-la-suspension-de-tasas-para-el-canal-de-kiel-baltico\/#primaryimage"},"image":{"@id":"https:\/\/loginfo24.com\/es\/2020\/07\/08\/la-iniciativa-kiel-canal-da-la-bienvenida-a-la-suspension-de-tasas-para-el-canal-de-kiel-baltico\/#primaryimage"},"thumbnailUrl":"https:\/\/loginfo24.com\/wp-content\/uploads\/sites\/7\/2025\/12\/Nordostsee_8.7.20.jpg","datePublished":"2020-07-08T04:02:05+00:00","dateModified":"2025-12-15T11:31:11+00:00","breadcrumb":{"@id":"https:\/\/loginfo24.com\/es\/2020\/07\/08\/la-iniciativa-kiel-canal-da-la-bienvenida-a-la-suspension-de-tasas-para-el-canal-de-kiel-baltico\/#breadcrumb"},"inLanguage":"es","potentialAction":[{"@type":"ReadAction","target":["https:\/\/loginfo24.com\/es\/2020\/07\/08\/la-iniciativa-kiel-canal-da-la-bienvenida-a-la-suspension-de-tasas-para-el-canal-de-kiel-baltico\/"]}]},{"@type":"ImageObject","inLanguage":"es","@id":"https:\/\/loginfo24.com\/es\/2020\/07\/08\/la-iniciativa-kiel-canal-da-la-bienvenida-a-la-suspension-de-tasas-para-el-canal-de-kiel-baltico\/#primaryimage","url":"https:\/\/loginfo24.com\/wp-content\/uploads\/sites\/7\/2025\/12\/Nordostsee_8.7.20.jpg","contentUrl":"https:\/\/loginfo24.com\/wp-content\/uploads\/sites\/7\/2025\/12\/Nordostsee_8.7.20.jpg"},{"@type":"BreadcrumbList","@id":"https:\/\/loginfo24.com\/es\/2020\/07\/08\/la-iniciativa-kiel-canal-da-la-bienvenida-a-la-suspension-de-tasas-para-el-canal-de-kiel-baltico\/#breadcrumb","itemListElement":[{"@type":"ListItem","position":1,"name":"Startseite","item":"https:\/\/loginfo24.com\/es\/"},{"@type":"ListItem","position":2,"name":"La iniciativa Kiel-Canal da la bienvenida a la suspensi\u00f3n de tasas para el Canal de Kiel-B\u00e1ltico"}]},{"@type":"WebSite","@id":"https:\/\/loginfo24.com\/es\/#website","url":"https:\/\/loginfo24.com\/es\/","name":"Loginfo24","description":"Loginfo24 es la plataforma dedicada a la log\u00edstica y las cadenas de suministro con informaci\u00f3n las 24 horas del d\u00eda.","publisher":{"@id":"https:\/\/loginfo24.com\/es\/#organization"},"potentialAction":[{"@type":"SearchAction","target":{"@type":"EntryPoint","urlTemplate":"https:\/\/loginfo24.com\/es\/?s={search_term_string}"},"query-input":{"@type":"PropertyValueSpecification","valueRequired":true,"valueName":"search_term_string"}}],"inLanguage":"es"},{"@type":"Organization","@id":"https:\/\/loginfo24.com\/es\/#organization","name":"Grupo Logismedia AG","url":"https:\/\/loginfo24.com\/es\/","logo":{"@type":"ImageObject","inLanguage":"es","@id":"https:\/\/loginfo24.com\/es\/#\/schema\/logo\/image\/","url":"https:\/\/loginfo24.com\/wp-content\/uploads\/sites\/7\/2026\/01\/Logo_LogInfo24.png","contentUrl":"https:\/\/loginfo24.com\/wp-content\/uploads\/sites\/7\/2026\/01\/Logo_LogInfo24.png","width":938,"height":351,"caption":"Grupo Logismedia AG"},"image":{"@id":"https:\/\/loginfo24.com\/es\/#\/schema\/logo\/image\/"},"sameAs":["https:\/\/www.facebook.com\/people\/Loginfo24\/100057360583332\/","https:\/\/www.linkedin.com\/company\/lofinfo24\/"]}]}},"_links":{"self":[{"href":"https:\/\/loginfo24.com\/es\/wp-json\/wp\/v2\/posts\/18405","targetHints":{"allow":["GET"]}}],"collection":[{"href":"https:\/\/loginfo24.com\/es\/wp-json\/wp\/v2\/posts"}],"about":[{"href":"https:\/\/loginfo24.com\/es\/wp-json\/wp\/v2\/types\/post"}],"replies":[{"embeddable":true,"href":"https:\/\/loginfo24.com\/es\/wp-json\/wp\/v2\/comments?post=18405"}],"version-history":[{"count":1,"href":"https:\/\/loginfo24.com\/es\/wp-json\/wp\/v2\/posts\/18405\/revisions"}],"predecessor-version":[{"id":33138,"href":"https:\/\/loginfo24.com\/es\/wp-json\/wp\/v2\/posts\/18405\/revisions\/33138"}],"wp:attachment":[{"href":"https:\/\/loginfo24.com\/es\/wp-json\/wp\/v2\/media?parent=18405"}],"wp:term":[{"taxonomy":"category","embeddable":true,"href":"https:\/\/loginfo24.com\/es\/wp-json\/wp\/v2\/categories?post=18405"},{"taxonomy":"post_tag","embeddable":true,"href":"https:\/\/loginfo24.com\/es\/wp-json\/wp\/v2\/tags?post=18405"}],"curies":[{"name":"wp","href":"https:\/\/api.w.org\/{rel}","templated":true}]}}