{"id":18318,"date":"2020-07-03T07:02:16","date_gmt":"2020-07-03T05:02:16","guid":{"rendered":"https:\/\/blog.brand-architecture.at\/2020\/07\/03\/la-marca-de-moda-esprit-cierra-50-tiendas-y-elimina-1-200-puestos-de-trabajo\/"},"modified":"2025-12-15T12:30:48","modified_gmt":"2025-12-15T11:30:48","slug":"la-marca-de-moda-esprit-cierra-50-tiendas-y-elimina-1-200-puestos-de-trabajo","status":"publish","type":"post","link":"https:\/\/loginfo24.com\/es\/2020\/07\/03\/la-marca-de-moda-esprit-cierra-50-tiendas-y-elimina-1-200-puestos-de-trabajo\/","title":{"rendered":"La marca de moda Esprit cierra 50 tiendas y elimina 1.200 puestos de trabajo"},"content":{"rendered":"<p>La marca de moda Esprit, que se encuentra bajo el paraguas de protecci\u00f3n de Corona, puede comenzar con la reestructuraci\u00f3n. El tribunal de distrito de D\u00fcsseldorf aprob\u00f3 el plan de reestructuraci\u00f3n. Para noviembre de 2020, se cerrar\u00e1n alrededor de 50 tiendas en Alemania y se eliminar\u00e1n aproximadamente 1.200 puestos de trabajo.<\/p>\n<p>(Ratingen) Esprit ha alcanzado otro hito importante en el proceso de transformaci\u00f3n. Hoy, el tribunal de distrito de D\u00fcsseldorf dio luz verde para el inicio de la fase de reestructuraci\u00f3n. La direcci\u00f3n de Esprit quiere aprovechar los pr\u00f3ximos tres meses para implementar de manera efectiva las medidas de reestructuraci\u00f3n y acelerar la implementaci\u00f3n de la estrategia ya aprobada a finales de 2018. Los elementos esenciales del plan de reestructuraci\u00f3n se centran en la rentabilidad sostenible y la concentraci\u00f3n regional en Europa. Esto incluye: <\/p>\n<h5><strong>Optimizaci\u00f3n del portafolio de tiendas<\/strong><\/h5>\n<p> El objetivo es cerrar alrededor de 50 tiendas en Alemania para finales de noviembre de 2020. Esto representa aproximadamente el 50% de las tiendas minoristas alemanas. Esta optimizaci\u00f3n se lleva a cabo adem\u00e1s de la decisi\u00f3n ya tomada en abril durante el cierre de cerrar 56 tiendas minoristas en Asia fuera de China. <\/p>\n<h5><strong>Reducci\u00f3n de personal y recortes salariales<\/strong><\/h5>\n<p> La reducci\u00f3n de personal afectar\u00e1 a aproximadamente 1.200 empleados (alrededor del 20% de la plantilla), de los cuales 800 son empleados de tienda y 300 son empleados administrativos en Alemania, as\u00ed como 100 empleados en la ubicaci\u00f3n de Hong Kong. La reducci\u00f3n de personal prevista se est\u00e1 negociando actualmente con los comit\u00e9s de empresa correspondientes. Adem\u00e1s, se est\u00e1n discutiendo m\u00e1s recortes salariales y de beneficios para los empleados administrativos. <\/p>\n<h5><strong>Reducci\u00f3n de costos<\/strong><\/h5>\n<p> En concreto, todos los gastos se revisar\u00e1n cuidadosamente y se implementar\u00e1 un programa integral de reducci\u00f3n de costos, en el que se renegociar\u00e1n los contratos con todos los proveedores clave y se ajustar\u00e1n las estructuras y procesos internos. La implementaci\u00f3n de las medidas mencionadas anteriormente dar\u00e1 lugar a ahorros anuales de m\u00e1s de 100 millones de euros. Los costos de implementaci\u00f3n \u00fanicos ascienden a aproximadamente 55 millones de euros. Anders Kristiansen, CEO del grupo Esprit, se muestra optimista: \u00abLos efectos de COVID-19 han golpeado duramente a la industria de la moda. Esta situaci\u00f3n extraordinaria ha sido un gran desaf\u00edo para nosotros, que hemos manejado muy bien hasta ahora. Con nuestro paquete de medidas aprobado, mantendremos nuestra gran marca y nos vemos bien preparados para el futuro.\u00bb M\u00e1s detalles sobre la implementaci\u00f3n del plan de reestructuraci\u00f3n y las iniciativas estrat\u00e9gicas se dar\u00e1n a conocer a finales de septiembre con la presentaci\u00f3n de los resultados anuales. Foto: \u00a9 Adobe Stock <a href=\"https:\/\/www.esprit.com\" target=\"_blank\" rel=\"noopener noreferrer\">www.esprit.com<\/a> &nbsp; <\/p>\n<h5><\/h5>\n","protected":false},"excerpt":{"rendered":"<p>La marca de moda Esprit, que se encuentra bajo el paraguas de protecci\u00f3n de Corona, puede comenzar con la reestructuraci\u00f3n. El tribunal de distrito de D\u00fcsseldorf<span class=\"excerpt-hellip\"> [\u2026]<\/span><\/p>\n","protected":false},"author":0,"featured_media":0,"comment_status":"open","ping_status":"open","sticky":false,"template":"","format":"standard","meta":{"_acf_changed":false,"footnotes":""},"categories":[1557,1561],"tags":[],"class_list":["post-18318","post","type-post","status-publish","format-standard","hentry","category-forwarding-logistics","category-regions"],"acf":[],"yoast_head":"<!-- This site is optimized with the Yoast SEO plugin v27.3 - https:\/\/yoast.com\/product\/yoast-seo-wordpress\/ -->\n<title>La marca de moda Esprit cierra 50 tiendas y elimina 1.200 puestos de trabajo - Loginfo24<\/title>\n<meta name=\"robots\" content=\"index, follow, max-snippet:-1, max-image-preview:large, max-video-preview:-1\" \/>\n<link rel=\"canonical\" href=\"https:\/\/loginfo24.com\/es\/2020\/07\/03\/la-marca-de-moda-esprit-cierra-50-tiendas-y-elimina-1-200-puestos-de-trabajo\/\" \/>\n<meta property=\"og:locale\" content=\"es_ES\" \/>\n<meta property=\"og:type\" content=\"article\" \/>\n<meta property=\"og:title\" content=\"La marca de moda Esprit cierra 50 tiendas y elimina 1.200 puestos de trabajo - Loginfo24\" \/>\n<meta property=\"og:description\" content=\"La marca de moda Esprit, que se encuentra bajo el paraguas de protecci\u00f3n de Corona, puede comenzar con la reestructuraci\u00f3n. El tribunal de distrito de D\u00fcsseldorf [\u2026]\" \/>\n<meta property=\"og:url\" content=\"https:\/\/loginfo24.com\/es\/2020\/07\/03\/la-marca-de-moda-esprit-cierra-50-tiendas-y-elimina-1-200-puestos-de-trabajo\/\" \/>\n<meta property=\"og:site_name\" content=\"Loginfo24\" \/>\n<meta property=\"article:publisher\" content=\"https:\/\/www.facebook.com\/people\/Loginfo24\/100057360583332\/\" \/>\n<meta property=\"article:published_time\" content=\"2020-07-03T05:02:16+00:00\" \/>\n<meta property=\"article:modified_time\" content=\"2025-12-15T11:30:48+00:00\" \/>\n<meta name=\"twitter:card\" content=\"summary_large_image\" \/>\n<meta name=\"twitter:label1\" content=\"Tiempo de lectura\" \/>\n\t<meta name=\"twitter:data1\" content=\"2 minuto\" \/>\n<script type=\"application\/ld+json\" class=\"yoast-schema-graph\">{\"@context\":\"https:\\\/\\\/schema.org\",\"@graph\":[{\"@type\":\"Article\",\"@id\":\"https:\\\/\\\/loginfo24.com\\\/es\\\/2020\\\/07\\\/03\\\/la-marca-de-moda-esprit-cierra-50-tiendas-y-elimina-1-200-puestos-de-trabajo\\\/#article\",\"isPartOf\":{\"@id\":\"https:\\\/\\\/loginfo24.com\\\/es\\\/2020\\\/07\\\/03\\\/la-marca-de-moda-esprit-cierra-50-tiendas-y-elimina-1-200-puestos-de-trabajo\\\/\"},\"author\":{\"name\":\"\",\"@id\":\"\"},\"headline\":\"La marca de moda Esprit cierra 50 tiendas y elimina 1.200 puestos de trabajo\",\"datePublished\":\"2020-07-03T05:02:16+00:00\",\"dateModified\":\"2025-12-15T11:30:48+00:00\",\"mainEntityOfPage\":{\"@id\":\"https:\\\/\\\/loginfo24.com\\\/es\\\/2020\\\/07\\\/03\\\/la-marca-de-moda-esprit-cierra-50-tiendas-y-elimina-1-200-puestos-de-trabajo\\\/\"},\"wordCount\":471,\"commentCount\":0,\"publisher\":{\"@id\":\"https:\\\/\\\/loginfo24.com\\\/es\\\/#organization\"},\"articleSection\":[\"Forwarding &amp; Logistics\",\"Regions\"],\"inLanguage\":\"es\",\"potentialAction\":[{\"@type\":\"CommentAction\",\"name\":\"Comment\",\"target\":[\"https:\\\/\\\/loginfo24.com\\\/es\\\/2020\\\/07\\\/03\\\/la-marca-de-moda-esprit-cierra-50-tiendas-y-elimina-1-200-puestos-de-trabajo\\\/#respond\"]}]},{\"@type\":\"WebPage\",\"@id\":\"https:\\\/\\\/loginfo24.com\\\/es\\\/2020\\\/07\\\/03\\\/la-marca-de-moda-esprit-cierra-50-tiendas-y-elimina-1-200-puestos-de-trabajo\\\/\",\"url\":\"https:\\\/\\\/loginfo24.com\\\/es\\\/2020\\\/07\\\/03\\\/la-marca-de-moda-esprit-cierra-50-tiendas-y-elimina-1-200-puestos-de-trabajo\\\/\",\"name\":\"La marca de moda Esprit cierra 50 tiendas y elimina 1.200 puestos de trabajo - Loginfo24\",\"isPartOf\":{\"@id\":\"https:\\\/\\\/loginfo24.com\\\/es\\\/#website\"},\"datePublished\":\"2020-07-03T05:02:16+00:00\",\"dateModified\":\"2025-12-15T11:30:48+00:00\",\"breadcrumb\":{\"@id\":\"https:\\\/\\\/loginfo24.com\\\/es\\\/2020\\\/07\\\/03\\\/la-marca-de-moda-esprit-cierra-50-tiendas-y-elimina-1-200-puestos-de-trabajo\\\/#breadcrumb\"},\"inLanguage\":\"es\",\"potentialAction\":[{\"@type\":\"ReadAction\",\"target\":[\"https:\\\/\\\/loginfo24.com\\\/es\\\/2020\\\/07\\\/03\\\/la-marca-de-moda-esprit-cierra-50-tiendas-y-elimina-1-200-puestos-de-trabajo\\\/\"]}]},{\"@type\":\"BreadcrumbList\",\"@id\":\"https:\\\/\\\/loginfo24.com\\\/es\\\/2020\\\/07\\\/03\\\/la-marca-de-moda-esprit-cierra-50-tiendas-y-elimina-1-200-puestos-de-trabajo\\\/#breadcrumb\",\"itemListElement\":[{\"@type\":\"ListItem\",\"position\":1,\"name\":\"Startseite\",\"item\":\"https:\\\/\\\/loginfo24.com\\\/es\\\/\"},{\"@type\":\"ListItem\",\"position\":2,\"name\":\"La marca de moda Esprit cierra 50 tiendas y elimina 1.200 puestos de trabajo\"}]},{\"@type\":\"WebSite\",\"@id\":\"https:\\\/\\\/loginfo24.com\\\/es\\\/#website\",\"url\":\"https:\\\/\\\/loginfo24.com\\\/es\\\/\",\"name\":\"Loginfo24\",\"description\":\"Loginfo24 es la plataforma dedicada a la log\u00edstica y las cadenas de suministro con informaci\u00f3n las 24 horas del d\u00eda.\",\"publisher\":{\"@id\":\"https:\\\/\\\/loginfo24.com\\\/es\\\/#organization\"},\"potentialAction\":[{\"@type\":\"SearchAction\",\"target\":{\"@type\":\"EntryPoint\",\"urlTemplate\":\"https:\\\/\\\/loginfo24.com\\\/es\\\/?s={search_term_string}\"},\"query-input\":{\"@type\":\"PropertyValueSpecification\",\"valueRequired\":true,\"valueName\":\"search_term_string\"}}],\"inLanguage\":\"es\"},{\"@type\":\"Organization\",\"@id\":\"https:\\\/\\\/loginfo24.com\\\/es\\\/#organization\",\"name\":\"Grupo Logismedia AG\",\"url\":\"https:\\\/\\\/loginfo24.com\\\/es\\\/\",\"logo\":{\"@type\":\"ImageObject\",\"inLanguage\":\"es\",\"@id\":\"https:\\\/\\\/loginfo24.com\\\/es\\\/#\\\/schema\\\/logo\\\/image\\\/\",\"url\":\"https:\\\/\\\/loginfo24.com\\\/wp-content\\\/uploads\\\/sites\\\/7\\\/2026\\\/01\\\/Logo_LogInfo24.png\",\"contentUrl\":\"https:\\\/\\\/loginfo24.com\\\/wp-content\\\/uploads\\\/sites\\\/7\\\/2026\\\/01\\\/Logo_LogInfo24.png\",\"width\":938,\"height\":351,\"caption\":\"Grupo Logismedia AG\"},\"image\":{\"@id\":\"https:\\\/\\\/loginfo24.com\\\/es\\\/#\\\/schema\\\/logo\\\/image\\\/\"},\"sameAs\":[\"https:\\\/\\\/www.facebook.com\\\/people\\\/Loginfo24\\\/100057360583332\\\/\",\"https:\\\/\\\/www.linkedin.com\\\/company\\\/lofinfo24\\\/\"]}]}<\/script>\n<!-- \/ Yoast SEO plugin. -->","yoast_head_json":{"title":"La marca de moda Esprit cierra 50 tiendas y elimina 1.200 puestos de trabajo - Loginfo24","robots":{"index":"index","follow":"follow","max-snippet":"max-snippet:-1","max-image-preview":"max-image-preview:large","max-video-preview":"max-video-preview:-1"},"canonical":"https:\/\/loginfo24.com\/es\/2020\/07\/03\/la-marca-de-moda-esprit-cierra-50-tiendas-y-elimina-1-200-puestos-de-trabajo\/","og_locale":"es_ES","og_type":"article","og_title":"La marca de moda Esprit cierra 50 tiendas y elimina 1.200 puestos de trabajo - Loginfo24","og_description":"La marca de moda Esprit, que se encuentra bajo el paraguas de protecci\u00f3n de Corona, puede comenzar con la reestructuraci\u00f3n. El tribunal de distrito de D\u00fcsseldorf [\u2026]","og_url":"https:\/\/loginfo24.com\/es\/2020\/07\/03\/la-marca-de-moda-esprit-cierra-50-tiendas-y-elimina-1-200-puestos-de-trabajo\/","og_site_name":"Loginfo24","article_publisher":"https:\/\/www.facebook.com\/people\/Loginfo24\/100057360583332\/","article_published_time":"2020-07-03T05:02:16+00:00","article_modified_time":"2025-12-15T11:30:48+00:00","twitter_card":"summary_large_image","twitter_misc":{"Tiempo de lectura":"2 minuto"},"schema":{"@context":"https:\/\/schema.org","@graph":[{"@type":"Article","@id":"https:\/\/loginfo24.com\/es\/2020\/07\/03\/la-marca-de-moda-esprit-cierra-50-tiendas-y-elimina-1-200-puestos-de-trabajo\/#article","isPartOf":{"@id":"https:\/\/loginfo24.com\/es\/2020\/07\/03\/la-marca-de-moda-esprit-cierra-50-tiendas-y-elimina-1-200-puestos-de-trabajo\/"},"author":{"name":"","@id":""},"headline":"La marca de moda Esprit cierra 50 tiendas y elimina 1.200 puestos de trabajo","datePublished":"2020-07-03T05:02:16+00:00","dateModified":"2025-12-15T11:30:48+00:00","mainEntityOfPage":{"@id":"https:\/\/loginfo24.com\/es\/2020\/07\/03\/la-marca-de-moda-esprit-cierra-50-tiendas-y-elimina-1-200-puestos-de-trabajo\/"},"wordCount":471,"commentCount":0,"publisher":{"@id":"https:\/\/loginfo24.com\/es\/#organization"},"articleSection":["Forwarding &amp; Logistics","Regions"],"inLanguage":"es","potentialAction":[{"@type":"CommentAction","name":"Comment","target":["https:\/\/loginfo24.com\/es\/2020\/07\/03\/la-marca-de-moda-esprit-cierra-50-tiendas-y-elimina-1-200-puestos-de-trabajo\/#respond"]}]},{"@type":"WebPage","@id":"https:\/\/loginfo24.com\/es\/2020\/07\/03\/la-marca-de-moda-esprit-cierra-50-tiendas-y-elimina-1-200-puestos-de-trabajo\/","url":"https:\/\/loginfo24.com\/es\/2020\/07\/03\/la-marca-de-moda-esprit-cierra-50-tiendas-y-elimina-1-200-puestos-de-trabajo\/","name":"La marca de moda Esprit cierra 50 tiendas y elimina 1.200 puestos de trabajo - Loginfo24","isPartOf":{"@id":"https:\/\/loginfo24.com\/es\/#website"},"datePublished":"2020-07-03T05:02:16+00:00","dateModified":"2025-12-15T11:30:48+00:00","breadcrumb":{"@id":"https:\/\/loginfo24.com\/es\/2020\/07\/03\/la-marca-de-moda-esprit-cierra-50-tiendas-y-elimina-1-200-puestos-de-trabajo\/#breadcrumb"},"inLanguage":"es","potentialAction":[{"@type":"ReadAction","target":["https:\/\/loginfo24.com\/es\/2020\/07\/03\/la-marca-de-moda-esprit-cierra-50-tiendas-y-elimina-1-200-puestos-de-trabajo\/"]}]},{"@type":"BreadcrumbList","@id":"https:\/\/loginfo24.com\/es\/2020\/07\/03\/la-marca-de-moda-esprit-cierra-50-tiendas-y-elimina-1-200-puestos-de-trabajo\/#breadcrumb","itemListElement":[{"@type":"ListItem","position":1,"name":"Startseite","item":"https:\/\/loginfo24.com\/es\/"},{"@type":"ListItem","position":2,"name":"La marca de moda Esprit cierra 50 tiendas y elimina 1.200 puestos de trabajo"}]},{"@type":"WebSite","@id":"https:\/\/loginfo24.com\/es\/#website","url":"https:\/\/loginfo24.com\/es\/","name":"Loginfo24","description":"Loginfo24 es la plataforma dedicada a la log\u00edstica y las cadenas de suministro con informaci\u00f3n las 24 horas del d\u00eda.","publisher":{"@id":"https:\/\/loginfo24.com\/es\/#organization"},"potentialAction":[{"@type":"SearchAction","target":{"@type":"EntryPoint","urlTemplate":"https:\/\/loginfo24.com\/es\/?s={search_term_string}"},"query-input":{"@type":"PropertyValueSpecification","valueRequired":true,"valueName":"search_term_string"}}],"inLanguage":"es"},{"@type":"Organization","@id":"https:\/\/loginfo24.com\/es\/#organization","name":"Grupo Logismedia AG","url":"https:\/\/loginfo24.com\/es\/","logo":{"@type":"ImageObject","inLanguage":"es","@id":"https:\/\/loginfo24.com\/es\/#\/schema\/logo\/image\/","url":"https:\/\/loginfo24.com\/wp-content\/uploads\/sites\/7\/2026\/01\/Logo_LogInfo24.png","contentUrl":"https:\/\/loginfo24.com\/wp-content\/uploads\/sites\/7\/2026\/01\/Logo_LogInfo24.png","width":938,"height":351,"caption":"Grupo Logismedia AG"},"image":{"@id":"https:\/\/loginfo24.com\/es\/#\/schema\/logo\/image\/"},"sameAs":["https:\/\/www.facebook.com\/people\/Loginfo24\/100057360583332\/","https:\/\/www.linkedin.com\/company\/lofinfo24\/"]}]}},"_links":{"self":[{"href":"https:\/\/loginfo24.com\/es\/wp-json\/wp\/v2\/posts\/18318","targetHints":{"allow":["GET"]}}],"collection":[{"href":"https:\/\/loginfo24.com\/es\/wp-json\/wp\/v2\/posts"}],"about":[{"href":"https:\/\/loginfo24.com\/es\/wp-json\/wp\/v2\/types\/post"}],"replies":[{"embeddable":true,"href":"https:\/\/loginfo24.com\/es\/wp-json\/wp\/v2\/comments?post=18318"}],"version-history":[{"count":1,"href":"https:\/\/loginfo24.com\/es\/wp-json\/wp\/v2\/posts\/18318\/revisions"}],"predecessor-version":[{"id":32972,"href":"https:\/\/loginfo24.com\/es\/wp-json\/wp\/v2\/posts\/18318\/revisions\/32972"}],"wp:attachment":[{"href":"https:\/\/loginfo24.com\/es\/wp-json\/wp\/v2\/media?parent=18318"}],"wp:term":[{"taxonomy":"category","embeddable":true,"href":"https:\/\/loginfo24.com\/es\/wp-json\/wp\/v2\/categories?post=18318"},{"taxonomy":"post_tag","embeddable":true,"href":"https:\/\/loginfo24.com\/es\/wp-json\/wp\/v2\/tags?post=18318"}],"curies":[{"name":"wp","href":"https:\/\/api.w.org\/{rel}","templated":true}]}}