{"id":18306,"date":"2020-07-02T08:30:26","date_gmt":"2020-07-02T06:30:26","guid":{"rendered":"https:\/\/blog.brand-architecture.at\/2020\/07\/02\/se-convertira-la-tienda-del-pueblo-en-un-centro-para-la-logistica-autonoma-en-el-campo\/"},"modified":"2025-12-15T12:30:46","modified_gmt":"2025-12-15T11:30:46","slug":"se-convertira-la-tienda-del-pueblo-en-un-centro-para-la-logistica-autonoma-en-el-campo","status":"publish","type":"post","link":"https:\/\/loginfo24.com\/es\/2020\/07\/02\/se-convertira-la-tienda-del-pueblo-en-un-centro-para-la-logistica-autonoma-en-el-campo\/","title":{"rendered":"\u00bfSe convertir\u00e1 la tienda del pueblo en un centro para la log\u00edstica aut\u00f3noma en el campo?"},"content":{"rendered":"<p>La KLU, K\u00fchne Logistics University, participa como socio cient\u00edfico en la reci\u00e9n creada red &#8216;Log\u00edstica Aut\u00f3noma en el Espacio Rural&#8217;. La red est\u00e1 coordinada por Evermind GmbH de Leipzig. Como punto de partida, la tienda del pueblo podr\u00eda resurgir en una versi\u00f3n 4.0.<\/p>\n<p>(Hamburgo\/Leipzig) Los veh\u00edculos aut\u00f3nomos recogen la basura, entregan paquetes en casa o transportan leche fresca a la lecher\u00eda: as\u00ed podr\u00eda ser la log\u00edstica del futuro en el campo. Mientras en las ciudades hay escasez de vivienda, vastas \u00e1reas rurales se despueblan. Se requieren soluciones digitales para llevar bienes y servicios a los clientes a costos aceptables, incluso en regiones poco pobladas. Como socio cient\u00edfico en la reci\u00e9n creada red &#8216;Log\u00edstica Aut\u00f3noma en el Espacio Rural&#8217;, la KLU participa en el desarrollo de sistemas log\u00edsticos innovadores.<\/p>\n<p>\u00abPara la llamada \u00faltima milla en la ciudad ya existen t\u00e9cnicas y modelos de negocio prometedores, como han demostrado los eventos <a href=\"https:\/\/www.the-klu.org\/article\/die-smarte-zukunft-des-einzelhandels\/\" target=\"_blank\" rel=\"noopener noreferrer\">&#8216;Smart Urban Retail Day&#8217; (SURday)<\/a> y <a href=\"https:\/\/www.the-klu.org\/article\/surnight-2020-herausforderungen-des-omnichannel-handels\/\" target=\"_blank\" rel=\"noopener noreferrer\">&#8216;Smart Urban Retail Night&#8217; (SURnight)<\/a> en el marco del proyecto de investigaci\u00f3n de la KLU <a href=\"https:\/\/surtrade.org\/\" target=\"_blank\" rel=\"noopener noreferrer\">SURTRADE (Smart Urban Retail Services)<\/a>. Sin embargo, mi preocupaci\u00f3n se centra en el \u00e1rea rural con sus bajos flujos de mercanc\u00edas. Las tiendas del pueblo est\u00e1n cerrando, los servicios de paqueter\u00eda circulan con veh\u00edculos medio vac\u00edos: abastecer regiones poco pobladas apenas es rentable\u00bb, dice el Dr. Andr\u00e9 Ludwig, profesor asociado de inform\u00e1tica en log\u00edstica, responsable de la red en la KLU.<\/p>\n<h5><strong>Entrega de paquetes en la tienda del pueblo 4.0<\/strong><\/h5>\n<p><img loading=\"lazy\" decoding=\"async\" class=\"wp-image-3847 alignleft\" src=\"https:\/\/loginfo24.com\/wp-content\/uploads\/sites\/7\/2025\/12\/KLU_1a-300x300.png\" alt=\"\" width=\"254\" height=\"254\" \/>La red ha identificado los primeros casos de uso: la tienda del pueblo podr\u00eda revitalizarse en una versi\u00f3n 4.0. \u00abLa tienda del pueblo sigue cumpliendo su funci\u00f3n como centro social, pero adem\u00e1s se convertir\u00e1 en un punto de conexi\u00f3n para la log\u00edstica aut\u00f3noma\u00bb, explica el Prof. Dr. Ludwig. Los servicios de paqueter\u00eda ya no entregan la mercanc\u00eda al cliente final, sino a la tienda del pueblo. Los empleados la entregan directamente o la env\u00edan a trav\u00e9s de un sistema de entrega aut\u00f3nomo a los destinatarios. Tambi\u00e9n es concebible el uso de drones, seg\u00fan el Prof. Dr. Ludwig. \u00abLa implementaci\u00f3n de drones en el campo es mucho m\u00e1s f\u00e1cil que en la ciudad. All\u00ed est\u00e1 mayormente prohibido por buenas razones.\u00bb<\/p>\n<h5><\/h5>\n<h5><\/h5>\n<p>&nbsp;<\/p>\n<h5><\/h5>\n<h5><\/h5>\n<h5><\/h5>\n<h5><\/h5>\n<h5><\/h5>\n<h5><\/h5>\n<h5><\/h5>\n<h5><\/h5>\n<h5><strong>Flujos de mercanc\u00edas, materiales y energ\u00eda aut\u00f3nomos<\/strong><\/h5>\n<p><img loading=\"lazy\" decoding=\"async\" class=\"wp-image-3848 alignleft\" src=\"https:\/\/loginfo24.com\/wp-content\/uploads\/sites\/7\/2025\/12\/KLU_1-300x300.png\" alt=\"\" width=\"253\" height=\"253\" \/>Una segunda idea es desarrollar un tren de carga aut\u00f3nomo y flexible. Contenedores aut\u00f3nomos se convertir\u00edan en parte de la vida cotidiana en las carreteras rurales: impulsados el\u00e9ctricamente, dirigidos de forma aut\u00f3noma y capaces de acoplarse autom\u00e1ticamente a otros trenes. La aplicaci\u00f3n para flujos locales de mercanc\u00edas, materiales y energ\u00eda es diversa. En lugar de grandes camiones de basura con largas rutas, un enjambre de veh\u00edculos aut\u00f3nomos podr\u00eda intercambiar los contenedores. Un ejemplo para la agricultura: veh\u00edculos aut\u00f3nomos transportan la leche fresca directamente a la lecher\u00eda. Tambi\u00e9n hay escenarios de aplicaci\u00f3n para la red de gas y electricidad, y m\u00e1s all\u00e1 de eso, la red est\u00e1 abierta a ideas y enfoques que sirvan a un objetivo com\u00fan: hacer que las regiones rurales sean econ\u00f3micamente fuertes y habitables con la ayuda de la log\u00edstica aut\u00f3noma.<\/p>\n<p>&nbsp;<\/p>\n<h5><strong>Red &#8216;Log\u00edstica Aut\u00f3noma en el Espacio Rural&#8217;<\/strong><\/h5>\n<p>La red &#8216;Log\u00edstica Aut\u00f3noma en el Espacio Rural&#8217; cuenta con veinte socios y est\u00e1 financiada por el &#8216;Programa Central de Innovaci\u00f3n para la Peque\u00f1a y Mediana Empresa&#8217;. Las empresas medianas y las instituciones de investigaci\u00f3n reciben subvenciones para proyectos de investigaci\u00f3n y desarrollo exigentes que conducen a nuevos productos, servicios t\u00e9cnicos o mejores procesos de producci\u00f3n.<\/p>\n<p><strong>Evermind GmbH<\/strong><\/p>\n<p>El nombre de la empresa evermind GmbH de Leipzig est\u00e1 asociado desde su fundaci\u00f3n en 1999 con la digitalizaci\u00f3n de modelos de negocio. Nuestro portafolio abarca desde consultor\u00eda hasta investigaci\u00f3n y desarrollo, as\u00ed como desarrollo de software. Evermind es iniciador y gestor de numerosas redes de cooperaci\u00f3n y proyectos de investigaci\u00f3n. Las \u00e1reas tem\u00e1ticas se centran en infraestructuras econ\u00f3micas, seguras y sostenibles, especialmente sistemas energ\u00e9ticos, atenci\u00f3n sanitaria, electromovilidad y, recientemente, log\u00edstica aut\u00f3noma.<\/p>\n<p>Autor: KLU\/PR<\/p>\n<p>Foto\/Graficos: \u00ae Evermind<\/p>\n<p><a href=\"https:\/\/www.the-klu.org\" target=\"_blank\" rel=\"noopener noreferrer\">www.the-klu.org<\/a> - <a href=\"https:\/\/www.evermind.de\" target=\"_blank\" rel=\"noopener noreferrer\">www.evermind.de<\/a><\/p>\n<h5><\/h5>\n<h5><\/h5>\n<h5><\/h5>\n<h5><\/h5>\n<h5><\/h5>\n<h5><\/h5>\n<h5><\/h5>\n<h5><\/h5>\n<h5><\/h5>\n<h5><\/h5>\n<h5><\/h5>\n<h5><\/h5>\n<h5><\/h5>\n<h5><\/h5>\n","protected":false},"excerpt":{"rendered":"<p>La KLU, K\u00fchne Logistics University, participa como socio cient\u00edfico en la reci\u00e9n creada red &#8216;Log\u00edstica Aut\u00f3noma en el Espacio Rural&#8217;. La red est\u00e1 coordinada por Evermind<span class=\"excerpt-hellip\"> [\u2026]<\/span><\/p>\n","protected":false},"author":0,"featured_media":0,"comment_status":"open","ping_status":"open","sticky":false,"template":"","format":"standard","meta":{"_acf_changed":false,"footnotes":""},"categories":[1665,1557,1561],"tags":[],"class_list":["post-18306","post","type-post","status-publish","format-standard","hentry","category-categories","category-forwarding-logistics","category-regions"],"acf":[],"yoast_head":"<!-- This site is optimized with the Yoast SEO plugin v27.3 - https:\/\/yoast.com\/product\/yoast-seo-wordpress\/ -->\n<title>\u00bfSe convertir\u00e1 la tienda del pueblo en un centro para la log\u00edstica aut\u00f3noma en el campo? - Loginfo24<\/title>\n<meta name=\"robots\" content=\"index, follow, max-snippet:-1, max-image-preview:large, max-video-preview:-1\" \/>\n<link rel=\"canonical\" href=\"https:\/\/loginfo24.com\/es\/2020\/07\/02\/se-convertira-la-tienda-del-pueblo-en-un-centro-para-la-logistica-autonoma-en-el-campo\/\" \/>\n<meta property=\"og:locale\" content=\"es_ES\" \/>\n<meta property=\"og:type\" content=\"article\" \/>\n<meta property=\"og:title\" content=\"\u00bfSe convertir\u00e1 la tienda del pueblo en un centro para la log\u00edstica aut\u00f3noma en el campo? - Loginfo24\" \/>\n<meta property=\"og:description\" content=\"La KLU, K\u00fchne Logistics University, participa como socio cient\u00edfico en la reci\u00e9n creada red &#8216;Log\u00edstica Aut\u00f3noma en el Espacio Rural&#8217;. La red est\u00e1 coordinada por Evermind [\u2026]\" \/>\n<meta property=\"og:url\" content=\"https:\/\/loginfo24.com\/es\/2020\/07\/02\/se-convertira-la-tienda-del-pueblo-en-un-centro-para-la-logistica-autonoma-en-el-campo\/\" \/>\n<meta property=\"og:site_name\" content=\"Loginfo24\" \/>\n<meta property=\"article:publisher\" content=\"https:\/\/www.facebook.com\/people\/Loginfo24\/100057360583332\/\" \/>\n<meta property=\"article:published_time\" content=\"2020-07-02T06:30:26+00:00\" \/>\n<meta property=\"article:modified_time\" content=\"2025-12-15T11:30:46+00:00\" \/>\n<meta property=\"og:image\" content=\"https:\/\/loginfo24.com\/wp-content\/uploads\/sites\/7\/2025\/12\/KLU_1a-300x300.png\" \/>\n<meta name=\"twitter:card\" content=\"summary_large_image\" \/>\n<meta name=\"twitter:label1\" content=\"Tiempo de lectura\" \/>\n\t<meta name=\"twitter:data1\" content=\"4 minuto\" \/>\n<script type=\"application\/ld+json\" class=\"yoast-schema-graph\">{\"@context\":\"https:\\\/\\\/schema.org\",\"@graph\":[{\"@type\":\"Article\",\"@id\":\"https:\\\/\\\/loginfo24.com\\\/es\\\/2020\\\/07\\\/02\\\/se-convertira-la-tienda-del-pueblo-en-un-centro-para-la-logistica-autonoma-en-el-campo\\\/#article\",\"isPartOf\":{\"@id\":\"https:\\\/\\\/loginfo24.com\\\/es\\\/2020\\\/07\\\/02\\\/se-convertira-la-tienda-del-pueblo-en-un-centro-para-la-logistica-autonoma-en-el-campo\\\/\"},\"author\":{\"name\":\"\",\"@id\":\"\"},\"headline\":\"\u00bfSe convertir\u00e1 la tienda del pueblo en un centro para la log\u00edstica aut\u00f3noma en el campo?\",\"datePublished\":\"2020-07-02T06:30:26+00:00\",\"dateModified\":\"2025-12-15T11:30:46+00:00\",\"mainEntityOfPage\":{\"@id\":\"https:\\\/\\\/loginfo24.com\\\/es\\\/2020\\\/07\\\/02\\\/se-convertira-la-tienda-del-pueblo-en-un-centro-para-la-logistica-autonoma-en-el-campo\\\/\"},\"wordCount\":758,\"commentCount\":0,\"publisher\":{\"@id\":\"https:\\\/\\\/loginfo24.com\\\/es\\\/#organization\"},\"image\":{\"@id\":\"https:\\\/\\\/loginfo24.com\\\/es\\\/2020\\\/07\\\/02\\\/se-convertira-la-tienda-del-pueblo-en-un-centro-para-la-logistica-autonoma-en-el-campo\\\/#primaryimage\"},\"thumbnailUrl\":\"https:\\\/\\\/loginfo24.com\\\/wp-content\\\/uploads\\\/sites\\\/7\\\/2025\\\/12\\\/KLU_1a-300x300.png\",\"articleSection\":[\"Categories\",\"Forwarding &amp; Logistics\",\"Regions\"],\"inLanguage\":\"es\",\"potentialAction\":[{\"@type\":\"CommentAction\",\"name\":\"Comment\",\"target\":[\"https:\\\/\\\/loginfo24.com\\\/es\\\/2020\\\/07\\\/02\\\/se-convertira-la-tienda-del-pueblo-en-un-centro-para-la-logistica-autonoma-en-el-campo\\\/#respond\"]}]},{\"@type\":\"WebPage\",\"@id\":\"https:\\\/\\\/loginfo24.com\\\/es\\\/2020\\\/07\\\/02\\\/se-convertira-la-tienda-del-pueblo-en-un-centro-para-la-logistica-autonoma-en-el-campo\\\/\",\"url\":\"https:\\\/\\\/loginfo24.com\\\/es\\\/2020\\\/07\\\/02\\\/se-convertira-la-tienda-del-pueblo-en-un-centro-para-la-logistica-autonoma-en-el-campo\\\/\",\"name\":\"\u00bfSe convertir\u00e1 la tienda del pueblo en un centro para la log\u00edstica aut\u00f3noma en el campo? - Loginfo24\",\"isPartOf\":{\"@id\":\"https:\\\/\\\/loginfo24.com\\\/es\\\/#website\"},\"primaryImageOfPage\":{\"@id\":\"https:\\\/\\\/loginfo24.com\\\/es\\\/2020\\\/07\\\/02\\\/se-convertira-la-tienda-del-pueblo-en-un-centro-para-la-logistica-autonoma-en-el-campo\\\/#primaryimage\"},\"image\":{\"@id\":\"https:\\\/\\\/loginfo24.com\\\/es\\\/2020\\\/07\\\/02\\\/se-convertira-la-tienda-del-pueblo-en-un-centro-para-la-logistica-autonoma-en-el-campo\\\/#primaryimage\"},\"thumbnailUrl\":\"https:\\\/\\\/loginfo24.com\\\/wp-content\\\/uploads\\\/sites\\\/7\\\/2025\\\/12\\\/KLU_1a-300x300.png\",\"datePublished\":\"2020-07-02T06:30:26+00:00\",\"dateModified\":\"2025-12-15T11:30:46+00:00\",\"breadcrumb\":{\"@id\":\"https:\\\/\\\/loginfo24.com\\\/es\\\/2020\\\/07\\\/02\\\/se-convertira-la-tienda-del-pueblo-en-un-centro-para-la-logistica-autonoma-en-el-campo\\\/#breadcrumb\"},\"inLanguage\":\"es\",\"potentialAction\":[{\"@type\":\"ReadAction\",\"target\":[\"https:\\\/\\\/loginfo24.com\\\/es\\\/2020\\\/07\\\/02\\\/se-convertira-la-tienda-del-pueblo-en-un-centro-para-la-logistica-autonoma-en-el-campo\\\/\"]}]},{\"@type\":\"ImageObject\",\"inLanguage\":\"es\",\"@id\":\"https:\\\/\\\/loginfo24.com\\\/es\\\/2020\\\/07\\\/02\\\/se-convertira-la-tienda-del-pueblo-en-un-centro-para-la-logistica-autonoma-en-el-campo\\\/#primaryimage\",\"url\":\"https:\\\/\\\/loginfo24.com\\\/wp-content\\\/uploads\\\/sites\\\/7\\\/2025\\\/12\\\/KLU_1a-300x300.png\",\"contentUrl\":\"https:\\\/\\\/loginfo24.com\\\/wp-content\\\/uploads\\\/sites\\\/7\\\/2025\\\/12\\\/KLU_1a-300x300.png\"},{\"@type\":\"BreadcrumbList\",\"@id\":\"https:\\\/\\\/loginfo24.com\\\/es\\\/2020\\\/07\\\/02\\\/se-convertira-la-tienda-del-pueblo-en-un-centro-para-la-logistica-autonoma-en-el-campo\\\/#breadcrumb\",\"itemListElement\":[{\"@type\":\"ListItem\",\"position\":1,\"name\":\"Startseite\",\"item\":\"https:\\\/\\\/loginfo24.com\\\/es\\\/\"},{\"@type\":\"ListItem\",\"position\":2,\"name\":\"\u00bfSe convertir\u00e1 la tienda del pueblo en un centro para la log\u00edstica aut\u00f3noma en el campo?\"}]},{\"@type\":\"WebSite\",\"@id\":\"https:\\\/\\\/loginfo24.com\\\/es\\\/#website\",\"url\":\"https:\\\/\\\/loginfo24.com\\\/es\\\/\",\"name\":\"Loginfo24\",\"description\":\"Loginfo24 es la plataforma dedicada a la log\u00edstica y las cadenas de suministro con informaci\u00f3n las 24 horas del d\u00eda.\",\"publisher\":{\"@id\":\"https:\\\/\\\/loginfo24.com\\\/es\\\/#organization\"},\"potentialAction\":[{\"@type\":\"SearchAction\",\"target\":{\"@type\":\"EntryPoint\",\"urlTemplate\":\"https:\\\/\\\/loginfo24.com\\\/es\\\/?s={search_term_string}\"},\"query-input\":{\"@type\":\"PropertyValueSpecification\",\"valueRequired\":true,\"valueName\":\"search_term_string\"}}],\"inLanguage\":\"es\"},{\"@type\":\"Organization\",\"@id\":\"https:\\\/\\\/loginfo24.com\\\/es\\\/#organization\",\"name\":\"Grupo Logismedia AG\",\"url\":\"https:\\\/\\\/loginfo24.com\\\/es\\\/\",\"logo\":{\"@type\":\"ImageObject\",\"inLanguage\":\"es\",\"@id\":\"https:\\\/\\\/loginfo24.com\\\/es\\\/#\\\/schema\\\/logo\\\/image\\\/\",\"url\":\"https:\\\/\\\/loginfo24.com\\\/wp-content\\\/uploads\\\/sites\\\/7\\\/2026\\\/01\\\/Logo_LogInfo24.png\",\"contentUrl\":\"https:\\\/\\\/loginfo24.com\\\/wp-content\\\/uploads\\\/sites\\\/7\\\/2026\\\/01\\\/Logo_LogInfo24.png\",\"width\":938,\"height\":351,\"caption\":\"Grupo Logismedia AG\"},\"image\":{\"@id\":\"https:\\\/\\\/loginfo24.com\\\/es\\\/#\\\/schema\\\/logo\\\/image\\\/\"},\"sameAs\":[\"https:\\\/\\\/www.facebook.com\\\/people\\\/Loginfo24\\\/100057360583332\\\/\",\"https:\\\/\\\/www.linkedin.com\\\/company\\\/lofinfo24\\\/\"]}]}<\/script>\n<!-- \/ Yoast SEO plugin. -->","yoast_head_json":{"title":"\u00bfSe convertir\u00e1 la tienda del pueblo en un centro para la log\u00edstica aut\u00f3noma en el campo? - Loginfo24","robots":{"index":"index","follow":"follow","max-snippet":"max-snippet:-1","max-image-preview":"max-image-preview:large","max-video-preview":"max-video-preview:-1"},"canonical":"https:\/\/loginfo24.com\/es\/2020\/07\/02\/se-convertira-la-tienda-del-pueblo-en-un-centro-para-la-logistica-autonoma-en-el-campo\/","og_locale":"es_ES","og_type":"article","og_title":"\u00bfSe convertir\u00e1 la tienda del pueblo en un centro para la log\u00edstica aut\u00f3noma en el campo? - Loginfo24","og_description":"La KLU, K\u00fchne Logistics University, participa como socio cient\u00edfico en la reci\u00e9n creada red &#8216;Log\u00edstica Aut\u00f3noma en el Espacio Rural&#8217;. La red est\u00e1 coordinada por Evermind [\u2026]","og_url":"https:\/\/loginfo24.com\/es\/2020\/07\/02\/se-convertira-la-tienda-del-pueblo-en-un-centro-para-la-logistica-autonoma-en-el-campo\/","og_site_name":"Loginfo24","article_publisher":"https:\/\/www.facebook.com\/people\/Loginfo24\/100057360583332\/","article_published_time":"2020-07-02T06:30:26+00:00","article_modified_time":"2025-12-15T11:30:46+00:00","og_image":[{"url":"https:\/\/loginfo24.com\/wp-content\/uploads\/sites\/7\/2025\/12\/KLU_1a-300x300.png","type":"","width":"","height":""}],"twitter_card":"summary_large_image","twitter_misc":{"Tiempo de lectura":"4 minuto"},"schema":{"@context":"https:\/\/schema.org","@graph":[{"@type":"Article","@id":"https:\/\/loginfo24.com\/es\/2020\/07\/02\/se-convertira-la-tienda-del-pueblo-en-un-centro-para-la-logistica-autonoma-en-el-campo\/#article","isPartOf":{"@id":"https:\/\/loginfo24.com\/es\/2020\/07\/02\/se-convertira-la-tienda-del-pueblo-en-un-centro-para-la-logistica-autonoma-en-el-campo\/"},"author":{"name":"","@id":""},"headline":"\u00bfSe convertir\u00e1 la tienda del pueblo en un centro para la log\u00edstica aut\u00f3noma en el campo?","datePublished":"2020-07-02T06:30:26+00:00","dateModified":"2025-12-15T11:30:46+00:00","mainEntityOfPage":{"@id":"https:\/\/loginfo24.com\/es\/2020\/07\/02\/se-convertira-la-tienda-del-pueblo-en-un-centro-para-la-logistica-autonoma-en-el-campo\/"},"wordCount":758,"commentCount":0,"publisher":{"@id":"https:\/\/loginfo24.com\/es\/#organization"},"image":{"@id":"https:\/\/loginfo24.com\/es\/2020\/07\/02\/se-convertira-la-tienda-del-pueblo-en-un-centro-para-la-logistica-autonoma-en-el-campo\/#primaryimage"},"thumbnailUrl":"https:\/\/loginfo24.com\/wp-content\/uploads\/sites\/7\/2025\/12\/KLU_1a-300x300.png","articleSection":["Categories","Forwarding &amp; Logistics","Regions"],"inLanguage":"es","potentialAction":[{"@type":"CommentAction","name":"Comment","target":["https:\/\/loginfo24.com\/es\/2020\/07\/02\/se-convertira-la-tienda-del-pueblo-en-un-centro-para-la-logistica-autonoma-en-el-campo\/#respond"]}]},{"@type":"WebPage","@id":"https:\/\/loginfo24.com\/es\/2020\/07\/02\/se-convertira-la-tienda-del-pueblo-en-un-centro-para-la-logistica-autonoma-en-el-campo\/","url":"https:\/\/loginfo24.com\/es\/2020\/07\/02\/se-convertira-la-tienda-del-pueblo-en-un-centro-para-la-logistica-autonoma-en-el-campo\/","name":"\u00bfSe convertir\u00e1 la tienda del pueblo en un centro para la log\u00edstica aut\u00f3noma en el campo? - Loginfo24","isPartOf":{"@id":"https:\/\/loginfo24.com\/es\/#website"},"primaryImageOfPage":{"@id":"https:\/\/loginfo24.com\/es\/2020\/07\/02\/se-convertira-la-tienda-del-pueblo-en-un-centro-para-la-logistica-autonoma-en-el-campo\/#primaryimage"},"image":{"@id":"https:\/\/loginfo24.com\/es\/2020\/07\/02\/se-convertira-la-tienda-del-pueblo-en-un-centro-para-la-logistica-autonoma-en-el-campo\/#primaryimage"},"thumbnailUrl":"https:\/\/loginfo24.com\/wp-content\/uploads\/sites\/7\/2025\/12\/KLU_1a-300x300.png","datePublished":"2020-07-02T06:30:26+00:00","dateModified":"2025-12-15T11:30:46+00:00","breadcrumb":{"@id":"https:\/\/loginfo24.com\/es\/2020\/07\/02\/se-convertira-la-tienda-del-pueblo-en-un-centro-para-la-logistica-autonoma-en-el-campo\/#breadcrumb"},"inLanguage":"es","potentialAction":[{"@type":"ReadAction","target":["https:\/\/loginfo24.com\/es\/2020\/07\/02\/se-convertira-la-tienda-del-pueblo-en-un-centro-para-la-logistica-autonoma-en-el-campo\/"]}]},{"@type":"ImageObject","inLanguage":"es","@id":"https:\/\/loginfo24.com\/es\/2020\/07\/02\/se-convertira-la-tienda-del-pueblo-en-un-centro-para-la-logistica-autonoma-en-el-campo\/#primaryimage","url":"https:\/\/loginfo24.com\/wp-content\/uploads\/sites\/7\/2025\/12\/KLU_1a-300x300.png","contentUrl":"https:\/\/loginfo24.com\/wp-content\/uploads\/sites\/7\/2025\/12\/KLU_1a-300x300.png"},{"@type":"BreadcrumbList","@id":"https:\/\/loginfo24.com\/es\/2020\/07\/02\/se-convertira-la-tienda-del-pueblo-en-un-centro-para-la-logistica-autonoma-en-el-campo\/#breadcrumb","itemListElement":[{"@type":"ListItem","position":1,"name":"Startseite","item":"https:\/\/loginfo24.com\/es\/"},{"@type":"ListItem","position":2,"name":"\u00bfSe convertir\u00e1 la tienda del pueblo en un centro para la log\u00edstica aut\u00f3noma en el campo?"}]},{"@type":"WebSite","@id":"https:\/\/loginfo24.com\/es\/#website","url":"https:\/\/loginfo24.com\/es\/","name":"Loginfo24","description":"Loginfo24 es la plataforma dedicada a la log\u00edstica y las cadenas de suministro con informaci\u00f3n las 24 horas del d\u00eda.","publisher":{"@id":"https:\/\/loginfo24.com\/es\/#organization"},"potentialAction":[{"@type":"SearchAction","target":{"@type":"EntryPoint","urlTemplate":"https:\/\/loginfo24.com\/es\/?s={search_term_string}"},"query-input":{"@type":"PropertyValueSpecification","valueRequired":true,"valueName":"search_term_string"}}],"inLanguage":"es"},{"@type":"Organization","@id":"https:\/\/loginfo24.com\/es\/#organization","name":"Grupo Logismedia AG","url":"https:\/\/loginfo24.com\/es\/","logo":{"@type":"ImageObject","inLanguage":"es","@id":"https:\/\/loginfo24.com\/es\/#\/schema\/logo\/image\/","url":"https:\/\/loginfo24.com\/wp-content\/uploads\/sites\/7\/2026\/01\/Logo_LogInfo24.png","contentUrl":"https:\/\/loginfo24.com\/wp-content\/uploads\/sites\/7\/2026\/01\/Logo_LogInfo24.png","width":938,"height":351,"caption":"Grupo Logismedia AG"},"image":{"@id":"https:\/\/loginfo24.com\/es\/#\/schema\/logo\/image\/"},"sameAs":["https:\/\/www.facebook.com\/people\/Loginfo24\/100057360583332\/","https:\/\/www.linkedin.com\/company\/lofinfo24\/"]}]}},"_links":{"self":[{"href":"https:\/\/loginfo24.com\/es\/wp-json\/wp\/v2\/posts\/18306","targetHints":{"allow":["GET"]}}],"collection":[{"href":"https:\/\/loginfo24.com\/es\/wp-json\/wp\/v2\/posts"}],"about":[{"href":"https:\/\/loginfo24.com\/es\/wp-json\/wp\/v2\/types\/post"}],"replies":[{"embeddable":true,"href":"https:\/\/loginfo24.com\/es\/wp-json\/wp\/v2\/comments?post=18306"}],"version-history":[{"count":1,"href":"https:\/\/loginfo24.com\/es\/wp-json\/wp\/v2\/posts\/18306\/revisions"}],"predecessor-version":[{"id":32948,"href":"https:\/\/loginfo24.com\/es\/wp-json\/wp\/v2\/posts\/18306\/revisions\/32948"}],"wp:attachment":[{"href":"https:\/\/loginfo24.com\/es\/wp-json\/wp\/v2\/media?parent=18306"}],"wp:term":[{"taxonomy":"category","embeddable":true,"href":"https:\/\/loginfo24.com\/es\/wp-json\/wp\/v2\/categories?post=18306"},{"taxonomy":"post_tag","embeddable":true,"href":"https:\/\/loginfo24.com\/es\/wp-json\/wp\/v2\/tags?post=18306"}],"curies":[{"name":"wp","href":"https:\/\/api.w.org\/{rel}","templated":true}]}}