{"id":18294,"date":"2020-07-02T08:27:08","date_gmt":"2020-07-02T06:27:08","guid":{"rendered":"https:\/\/blog.brand-architecture.at\/2020\/07\/02\/db-schenker-reestructura-la-gestion-en-el-area-de-ocean\/"},"modified":"2025-12-15T12:30:43","modified_gmt":"2025-12-15T11:30:43","slug":"db-schenker-reestructura-la-gestion-en-el-area-de-ocean","status":"publish","type":"post","link":"https:\/\/loginfo24.com\/es\/2020\/07\/02\/db-schenker-reestructura-la-gestion-en-el-area-de-ocean\/","title":{"rendered":"DB Schenker reestructura la gesti\u00f3n en el \u00e1rea de Ocean"},"content":{"rendered":"<p>En DB Schenker, en el cl\u00faster Alemania\/Suiza, se fortalecer\u00e1 la gesti\u00f3n en el \u00e1rea de transporte mar\u00edtimo a partir del 1 de julio de 2020. Hans Thorsten Lanfermann ser\u00e1 el Jefe de Exportaci\u00f3n Mar\u00edtima y Michael Schwickert asumir\u00e1 el cargo de Jefe de Importaci\u00f3n Mar\u00edtima.<\/p>\n<p>(Fr\u00e1ncfort del Meno) DB Schenker refuerza la gesti\u00f3n del cl\u00faster DE\/CH con dos nuevos puestos en el \u00e1rea de transporte mar\u00edtimo.<\/p>\n<p>Con efecto a partir del 1 de julio de 2020, Hans-Thorsten Lanfermann ser\u00e1 el Jefe de Exportaci\u00f3n Mar\u00edtima para el cl\u00faster DE\/CH. Hans-Thorsten Lanfermann ha trabajado durante casi 20 a\u00f1os en DB Schenker y, hasta ahora, se desempe\u00f1aba como Jefe de Transporte Mar\u00edtimo Norte de Schenker Deutschland AG.<\/p>\n<p>Michael Schwickert ser\u00e1 el Jefe de Importaci\u00f3n Mar\u00edtima para el cl\u00faster DE\/CH. Michael Schwickert fue Jefe de Transporte Mar\u00edtimo en las oficinas de DB Schenker en Coblenza y Colonia desde 1998, antes de asumir en 2018 el cargo de Jefe de Comercio Exportaci\u00f3n FCL en el cl\u00faster DE\/CH.<\/p>\n<p>Ambos puestos son responsables de la operativa de transporte mar\u00edtimo para todo el cl\u00faster DE\/CH. Claus Freydag, Vicepresidente Ejecutivo de Transporte Mar\u00edtimo del Cl\u00faster DE\/CH: \u00abEstamos muy contentos de haber podido ocupar estos importantes puestos con dos colegas muy experimentados de nuestras propias filas. Sus competencias profesionales y el amplio conocimiento de nuestra empresa garantizan una r\u00e1pida y efectiva asunci\u00f3n de las nuevas responsabilidades.\u00bb<\/p>\n<p>Schenker Deutschland AG, con sede en Fr\u00e1ncfort del Meno, es el proveedor l\u00edder de log\u00edstica integrada en el mercado alem\u00e1n, con alrededor de 17,400 empleados en m\u00e1s de 100 ubicaciones y una facturaci\u00f3n de aproximadamente 4.1 mil millones de euros al a\u00f1o.<\/p>\n<p>Foto: \u00ae Schenker \/ <em>Subt\u00edtulo de la imagen: Hans-Thorsten Lanfermann (izquierda) Jefe de Exportaci\u00f3n Mar\u00edtima del Cl\u00faster DE\/CH y Michael Schwickert (derecha) Jefe de Importaci\u00f3n Mar\u00edtima del Cl\u00faster DE\/CH<\/em><\/p>\n<p><em> <\/em><a href=\"https:\/\/www.dbschenker.com\" target=\"_blank\" rel=\"noopener noreferrer\">www.dbschenker.com<\/a><\/p>\n","protected":false},"excerpt":{"rendered":"<p>En DB Schenker, en el cl\u00faster Alemania\/Suiza, se fortalecer\u00e1 la gesti\u00f3n en el \u00e1rea de transporte mar\u00edtimo a partir del 1 de julio de 2020. Hans<span class=\"excerpt-hellip\"> [\u2026]<\/span><\/p>\n","protected":false},"author":0,"featured_media":0,"comment_status":"open","ping_status":"open","sticky":false,"template":"","format":"standard","meta":{"_acf_changed":false,"footnotes":""},"categories":[1557,1561,1559],"tags":[],"class_list":["post-18294","post","type-post","status-publish","format-standard","hentry","category-forwarding-logistics","category-regions","category-shipping-ports"],"acf":[],"yoast_head":"<!-- This site is optimized with the Yoast SEO plugin v27.3 - https:\/\/yoast.com\/product\/yoast-seo-wordpress\/ -->\n<title>DB Schenker reestructura la gesti\u00f3n en el \u00e1rea de Ocean - Loginfo24<\/title>\n<meta name=\"robots\" content=\"index, follow, max-snippet:-1, max-image-preview:large, max-video-preview:-1\" \/>\n<link rel=\"canonical\" href=\"https:\/\/loginfo24.com\/es\/2020\/07\/02\/db-schenker-reestructura-la-gestion-en-el-area-de-ocean\/\" \/>\n<meta property=\"og:locale\" content=\"es_ES\" \/>\n<meta property=\"og:type\" content=\"article\" \/>\n<meta property=\"og:title\" content=\"DB Schenker reestructura la gesti\u00f3n en el \u00e1rea de Ocean - Loginfo24\" \/>\n<meta property=\"og:description\" content=\"En DB Schenker, en el cl\u00faster Alemania\/Suiza, se fortalecer\u00e1 la gesti\u00f3n en el \u00e1rea de transporte mar\u00edtimo a partir del 1 de julio de 2020. Hans [\u2026]\" \/>\n<meta property=\"og:url\" content=\"https:\/\/loginfo24.com\/es\/2020\/07\/02\/db-schenker-reestructura-la-gestion-en-el-area-de-ocean\/\" \/>\n<meta property=\"og:site_name\" content=\"Loginfo24\" \/>\n<meta property=\"article:publisher\" content=\"https:\/\/www.facebook.com\/people\/Loginfo24\/100057360583332\/\" \/>\n<meta property=\"article:published_time\" content=\"2020-07-02T06:27:08+00:00\" \/>\n<meta property=\"article:modified_time\" content=\"2025-12-15T11:30:43+00:00\" \/>\n<meta name=\"twitter:card\" content=\"summary_large_image\" \/>\n<meta name=\"twitter:label1\" content=\"Tiempo de lectura\" \/>\n\t<meta name=\"twitter:data1\" content=\"2 minuto\" \/>\n<script type=\"application\/ld+json\" class=\"yoast-schema-graph\">{\"@context\":\"https:\\\/\\\/schema.org\",\"@graph\":[{\"@type\":\"Article\",\"@id\":\"https:\\\/\\\/loginfo24.com\\\/es\\\/2020\\\/07\\\/02\\\/db-schenker-reestructura-la-gestion-en-el-area-de-ocean\\\/#article\",\"isPartOf\":{\"@id\":\"https:\\\/\\\/loginfo24.com\\\/es\\\/2020\\\/07\\\/02\\\/db-schenker-reestructura-la-gestion-en-el-area-de-ocean\\\/\"},\"author\":{\"name\":\"\",\"@id\":\"\"},\"headline\":\"DB Schenker reestructura la gesti\u00f3n en el \u00e1rea de Ocean\",\"datePublished\":\"2020-07-02T06:27:08+00:00\",\"dateModified\":\"2025-12-15T11:30:43+00:00\",\"mainEntityOfPage\":{\"@id\":\"https:\\\/\\\/loginfo24.com\\\/es\\\/2020\\\/07\\\/02\\\/db-schenker-reestructura-la-gestion-en-el-area-de-ocean\\\/\"},\"wordCount\":351,\"commentCount\":0,\"publisher\":{\"@id\":\"https:\\\/\\\/loginfo24.com\\\/es\\\/#organization\"},\"articleSection\":[\"Forwarding &amp; Logistics\",\"Regions\",\"Shipping &amp; Ports\"],\"inLanguage\":\"es\",\"potentialAction\":[{\"@type\":\"CommentAction\",\"name\":\"Comment\",\"target\":[\"https:\\\/\\\/loginfo24.com\\\/es\\\/2020\\\/07\\\/02\\\/db-schenker-reestructura-la-gestion-en-el-area-de-ocean\\\/#respond\"]}]},{\"@type\":\"WebPage\",\"@id\":\"https:\\\/\\\/loginfo24.com\\\/es\\\/2020\\\/07\\\/02\\\/db-schenker-reestructura-la-gestion-en-el-area-de-ocean\\\/\",\"url\":\"https:\\\/\\\/loginfo24.com\\\/es\\\/2020\\\/07\\\/02\\\/db-schenker-reestructura-la-gestion-en-el-area-de-ocean\\\/\",\"name\":\"DB Schenker reestructura la gesti\u00f3n en el \u00e1rea de Ocean - Loginfo24\",\"isPartOf\":{\"@id\":\"https:\\\/\\\/loginfo24.com\\\/es\\\/#website\"},\"datePublished\":\"2020-07-02T06:27:08+00:00\",\"dateModified\":\"2025-12-15T11:30:43+00:00\",\"breadcrumb\":{\"@id\":\"https:\\\/\\\/loginfo24.com\\\/es\\\/2020\\\/07\\\/02\\\/db-schenker-reestructura-la-gestion-en-el-area-de-ocean\\\/#breadcrumb\"},\"inLanguage\":\"es\",\"potentialAction\":[{\"@type\":\"ReadAction\",\"target\":[\"https:\\\/\\\/loginfo24.com\\\/es\\\/2020\\\/07\\\/02\\\/db-schenker-reestructura-la-gestion-en-el-area-de-ocean\\\/\"]}]},{\"@type\":\"BreadcrumbList\",\"@id\":\"https:\\\/\\\/loginfo24.com\\\/es\\\/2020\\\/07\\\/02\\\/db-schenker-reestructura-la-gestion-en-el-area-de-ocean\\\/#breadcrumb\",\"itemListElement\":[{\"@type\":\"ListItem\",\"position\":1,\"name\":\"Startseite\",\"item\":\"https:\\\/\\\/loginfo24.com\\\/es\\\/\"},{\"@type\":\"ListItem\",\"position\":2,\"name\":\"DB Schenker reestructura la gesti\u00f3n en el \u00e1rea de Ocean\"}]},{\"@type\":\"WebSite\",\"@id\":\"https:\\\/\\\/loginfo24.com\\\/es\\\/#website\",\"url\":\"https:\\\/\\\/loginfo24.com\\\/es\\\/\",\"name\":\"Loginfo24\",\"description\":\"Loginfo24 es la plataforma dedicada a la log\u00edstica y las cadenas de suministro con informaci\u00f3n las 24 horas del d\u00eda.\",\"publisher\":{\"@id\":\"https:\\\/\\\/loginfo24.com\\\/es\\\/#organization\"},\"potentialAction\":[{\"@type\":\"SearchAction\",\"target\":{\"@type\":\"EntryPoint\",\"urlTemplate\":\"https:\\\/\\\/loginfo24.com\\\/es\\\/?s={search_term_string}\"},\"query-input\":{\"@type\":\"PropertyValueSpecification\",\"valueRequired\":true,\"valueName\":\"search_term_string\"}}],\"inLanguage\":\"es\"},{\"@type\":\"Organization\",\"@id\":\"https:\\\/\\\/loginfo24.com\\\/es\\\/#organization\",\"name\":\"Grupo Logismedia AG\",\"url\":\"https:\\\/\\\/loginfo24.com\\\/es\\\/\",\"logo\":{\"@type\":\"ImageObject\",\"inLanguage\":\"es\",\"@id\":\"https:\\\/\\\/loginfo24.com\\\/es\\\/#\\\/schema\\\/logo\\\/image\\\/\",\"url\":\"https:\\\/\\\/loginfo24.com\\\/wp-content\\\/uploads\\\/sites\\\/7\\\/2026\\\/01\\\/Logo_LogInfo24.png\",\"contentUrl\":\"https:\\\/\\\/loginfo24.com\\\/wp-content\\\/uploads\\\/sites\\\/7\\\/2026\\\/01\\\/Logo_LogInfo24.png\",\"width\":938,\"height\":351,\"caption\":\"Grupo Logismedia AG\"},\"image\":{\"@id\":\"https:\\\/\\\/loginfo24.com\\\/es\\\/#\\\/schema\\\/logo\\\/image\\\/\"},\"sameAs\":[\"https:\\\/\\\/www.facebook.com\\\/people\\\/Loginfo24\\\/100057360583332\\\/\",\"https:\\\/\\\/www.linkedin.com\\\/company\\\/lofinfo24\\\/\"]}]}<\/script>\n<!-- \/ Yoast SEO plugin. -->","yoast_head_json":{"title":"DB Schenker reestructura la gesti\u00f3n en el \u00e1rea de Ocean - Loginfo24","robots":{"index":"index","follow":"follow","max-snippet":"max-snippet:-1","max-image-preview":"max-image-preview:large","max-video-preview":"max-video-preview:-1"},"canonical":"https:\/\/loginfo24.com\/es\/2020\/07\/02\/db-schenker-reestructura-la-gestion-en-el-area-de-ocean\/","og_locale":"es_ES","og_type":"article","og_title":"DB Schenker reestructura la gesti\u00f3n en el \u00e1rea de Ocean - Loginfo24","og_description":"En DB Schenker, en el cl\u00faster Alemania\/Suiza, se fortalecer\u00e1 la gesti\u00f3n en el \u00e1rea de transporte mar\u00edtimo a partir del 1 de julio de 2020. Hans [\u2026]","og_url":"https:\/\/loginfo24.com\/es\/2020\/07\/02\/db-schenker-reestructura-la-gestion-en-el-area-de-ocean\/","og_site_name":"Loginfo24","article_publisher":"https:\/\/www.facebook.com\/people\/Loginfo24\/100057360583332\/","article_published_time":"2020-07-02T06:27:08+00:00","article_modified_time":"2025-12-15T11:30:43+00:00","twitter_card":"summary_large_image","twitter_misc":{"Tiempo de lectura":"2 minuto"},"schema":{"@context":"https:\/\/schema.org","@graph":[{"@type":"Article","@id":"https:\/\/loginfo24.com\/es\/2020\/07\/02\/db-schenker-reestructura-la-gestion-en-el-area-de-ocean\/#article","isPartOf":{"@id":"https:\/\/loginfo24.com\/es\/2020\/07\/02\/db-schenker-reestructura-la-gestion-en-el-area-de-ocean\/"},"author":{"name":"","@id":""},"headline":"DB Schenker reestructura la gesti\u00f3n en el \u00e1rea de Ocean","datePublished":"2020-07-02T06:27:08+00:00","dateModified":"2025-12-15T11:30:43+00:00","mainEntityOfPage":{"@id":"https:\/\/loginfo24.com\/es\/2020\/07\/02\/db-schenker-reestructura-la-gestion-en-el-area-de-ocean\/"},"wordCount":351,"commentCount":0,"publisher":{"@id":"https:\/\/loginfo24.com\/es\/#organization"},"articleSection":["Forwarding &amp; Logistics","Regions","Shipping &amp; Ports"],"inLanguage":"es","potentialAction":[{"@type":"CommentAction","name":"Comment","target":["https:\/\/loginfo24.com\/es\/2020\/07\/02\/db-schenker-reestructura-la-gestion-en-el-area-de-ocean\/#respond"]}]},{"@type":"WebPage","@id":"https:\/\/loginfo24.com\/es\/2020\/07\/02\/db-schenker-reestructura-la-gestion-en-el-area-de-ocean\/","url":"https:\/\/loginfo24.com\/es\/2020\/07\/02\/db-schenker-reestructura-la-gestion-en-el-area-de-ocean\/","name":"DB Schenker reestructura la gesti\u00f3n en el \u00e1rea de Ocean - Loginfo24","isPartOf":{"@id":"https:\/\/loginfo24.com\/es\/#website"},"datePublished":"2020-07-02T06:27:08+00:00","dateModified":"2025-12-15T11:30:43+00:00","breadcrumb":{"@id":"https:\/\/loginfo24.com\/es\/2020\/07\/02\/db-schenker-reestructura-la-gestion-en-el-area-de-ocean\/#breadcrumb"},"inLanguage":"es","potentialAction":[{"@type":"ReadAction","target":["https:\/\/loginfo24.com\/es\/2020\/07\/02\/db-schenker-reestructura-la-gestion-en-el-area-de-ocean\/"]}]},{"@type":"BreadcrumbList","@id":"https:\/\/loginfo24.com\/es\/2020\/07\/02\/db-schenker-reestructura-la-gestion-en-el-area-de-ocean\/#breadcrumb","itemListElement":[{"@type":"ListItem","position":1,"name":"Startseite","item":"https:\/\/loginfo24.com\/es\/"},{"@type":"ListItem","position":2,"name":"DB Schenker reestructura la gesti\u00f3n en el \u00e1rea de Ocean"}]},{"@type":"WebSite","@id":"https:\/\/loginfo24.com\/es\/#website","url":"https:\/\/loginfo24.com\/es\/","name":"Loginfo24","description":"Loginfo24 es la plataforma dedicada a la log\u00edstica y las cadenas de suministro con informaci\u00f3n las 24 horas del d\u00eda.","publisher":{"@id":"https:\/\/loginfo24.com\/es\/#organization"},"potentialAction":[{"@type":"SearchAction","target":{"@type":"EntryPoint","urlTemplate":"https:\/\/loginfo24.com\/es\/?s={search_term_string}"},"query-input":{"@type":"PropertyValueSpecification","valueRequired":true,"valueName":"search_term_string"}}],"inLanguage":"es"},{"@type":"Organization","@id":"https:\/\/loginfo24.com\/es\/#organization","name":"Grupo Logismedia AG","url":"https:\/\/loginfo24.com\/es\/","logo":{"@type":"ImageObject","inLanguage":"es","@id":"https:\/\/loginfo24.com\/es\/#\/schema\/logo\/image\/","url":"https:\/\/loginfo24.com\/wp-content\/uploads\/sites\/7\/2026\/01\/Logo_LogInfo24.png","contentUrl":"https:\/\/loginfo24.com\/wp-content\/uploads\/sites\/7\/2026\/01\/Logo_LogInfo24.png","width":938,"height":351,"caption":"Grupo Logismedia AG"},"image":{"@id":"https:\/\/loginfo24.com\/es\/#\/schema\/logo\/image\/"},"sameAs":["https:\/\/www.facebook.com\/people\/Loginfo24\/100057360583332\/","https:\/\/www.linkedin.com\/company\/lofinfo24\/"]}]}},"_links":{"self":[{"href":"https:\/\/loginfo24.com\/es\/wp-json\/wp\/v2\/posts\/18294","targetHints":{"allow":["GET"]}}],"collection":[{"href":"https:\/\/loginfo24.com\/es\/wp-json\/wp\/v2\/posts"}],"about":[{"href":"https:\/\/loginfo24.com\/es\/wp-json\/wp\/v2\/types\/post"}],"replies":[{"embeddable":true,"href":"https:\/\/loginfo24.com\/es\/wp-json\/wp\/v2\/comments?post=18294"}],"version-history":[{"count":1,"href":"https:\/\/loginfo24.com\/es\/wp-json\/wp\/v2\/posts\/18294\/revisions"}],"predecessor-version":[{"id":32924,"href":"https:\/\/loginfo24.com\/es\/wp-json\/wp\/v2\/posts\/18294\/revisions\/32924"}],"wp:attachment":[{"href":"https:\/\/loginfo24.com\/es\/wp-json\/wp\/v2\/media?parent=18294"}],"wp:term":[{"taxonomy":"category","embeddable":true,"href":"https:\/\/loginfo24.com\/es\/wp-json\/wp\/v2\/categories?post=18294"},{"taxonomy":"post_tag","embeddable":true,"href":"https:\/\/loginfo24.com\/es\/wp-json\/wp\/v2\/tags?post=18294"}],"curies":[{"name":"wp","href":"https:\/\/api.w.org\/{rel}","templated":true}]}}