{"id":18246,"date":"2020-06-30T08:00:23","date_gmt":"2020-06-30T06:00:23","guid":{"rendered":"https:\/\/blog.brand-architecture.at\/2020\/06\/30\/corona-en-tonnies-o-amazon-es-por-las-alojamientos-de-los-trabajadores\/"},"modified":"2025-12-15T12:30:33","modified_gmt":"2025-12-15T11:30:33","slug":"corona-en-tonnies-o-amazon-es-por-las-alojamientos-de-los-trabajadores","status":"publish","type":"post","link":"https:\/\/loginfo24.com\/es\/2020\/06\/30\/corona-en-tonnies-o-amazon-es-por-las-alojamientos-de-los-trabajadores\/","title":{"rendered":"Corona en T\u00f6nnies o Amazon: \u00bfes por las alojamientos de los trabajadores?"},"content":{"rendered":"<p>En este momento, las infecciones masivas en el procesador de carne T\u00f6nnies en Rheda-Wiedenbr\u00fcck, Alemania, est\u00e1n en los titulares. Al mismo tiempo, el sindicato ver.di ha vuelto a convocar huelgas en la log\u00edstica de Amazon desde ayer, y en varios lugares. Esta vez, menos por los salarios, sino principalmente por las medidas de higiene. Sin embargo, surge la pregunta de si esto se debe a la higiene en el lugar de trabajo o m\u00e1s bien a los alojamientos, donde muchos de los trabajadores externos est\u00e1n alojados en alojamientos masivos y viven en espacios reducidos.<\/p>\n<p style=\"text-align: center\">Por: Andreas M\u00fcller<\/p>\n<p>(Berl\u00edn\/Rheda-Wiedenbr\u00fcck) El sindicato de servicios ver.di ha llamado a los empleados de seis ubicaciones de la empresa de comercio electr\u00f3nico Amazon a huelga el lunes y martes. Con esto, contin\u00faa la campa\u00f1a para la conclusi\u00f3n de un convenio colectivo \u00abTrabajo bueno y saludable\u00bb, cuyo inicio ya tuvo d\u00edas de acci\u00f3n en varias sucursales de la empresa la semana pasada.<\/p>\n<h5><strong>Huelgas en seis ubicaciones de Amazon<\/strong><\/h5>\n<p>\u00abEstamos intensificando la presi\u00f3n, porque Amazon hasta ahora no muestra comprensi\u00f3n y pone en peligro la salud de los empleados en favor de las ganancias del grupo\u00bb, explica Orhan Akman, responsable de comercio minorista y de env\u00edo en ver.di. Se refiere a los recientes brotes de coronavirus en ubicaciones de Amazon como Bad Hersfeld. \u00abSeg\u00fan nuestra informaci\u00f3n, al menos 30 a 40 colegas se han infectado all\u00ed\u00bb, dice Akman. \u00abComo ya ocurri\u00f3 en el caso de la propagaci\u00f3n de Covid-19 en Winsen (Luhe), la direcci\u00f3n de la empresa tambi\u00e9n se est\u00e1 ocultando esta vez y se niega a proporcionar informaci\u00f3n. Esto pone en peligro la seguridad y la salud de los colegas, sus familias y los residentes de la zona.\u00bb<\/p>\n<p>Las huelgas en Leipzig, Bad Hersfeld (con dos ubicaciones), Rheinberg, Werne y Coblenza (Kobern-Gondorf) comenzar\u00e1n con el turno de noche del lunes y durar\u00e1n al menos 48 horas. Adem\u00e1s, se est\u00e1n planeando acciones complementarias en otras ubicaciones de la empresa, donde las huelgas no son posibles actualmente, entre otras cosas, debido a las regulaciones vigentes para la prevenci\u00f3n de Covid-19.<\/p>\n<h5><strong>\u00bfEst\u00e1 el problema en los alojamientos masivos?<\/strong><\/h5>\n<p>En general, el problema de las infecciones no se encuentra solo en el lugar de trabajo, ni en T\u00f6nnies ni en Amazon. Se puede suponer que se ha hecho mucho en relaci\u00f3n con el coronavirus. Pero si los trabajadores temporales, en su mayor\u00eda de Europa del Este, viven en alojamientos en espacios reducidos, entonces las mejores medidas de higiene no sirven de nada. Debido a sus salarios, estas personas generalmente no pueden permitirse un apartamento propio. As\u00ed que alquilan alojamientos masivos o hoteles en mal estado y api\u00f1an a varios trabajadores en una habitaci\u00f3n. All\u00ed, mantener la distancia es casi imposible. Cuando estas personas regresan a su turno y se encuentran nuevamente con otros empleados, el desastre ocurre. Esto tambi\u00e9n podr\u00eda explicar por qu\u00e9 los empleados externos permanecen pr\u00e1cticamente entre ellos en las infecciones, ya que generalmente solo se mueven entre el alojamiento masivo y el lugar de trabajo.<\/p>\n<p>Esto no distingue al procesador de carne T\u00f6nnies de muchas grandes empresas de log\u00edstica. Mientras se contrate a empleados del extranjero a salarios bajos, ya sea que haya un proveedor de personal involucrado o no, y se les aloje en alojamientos masivos, el peligro de infecciones masivas se cierne como una espada de Damocles sobre las cabezas de los empleados. Y en el lugar de trabajo, pueden entrar en contacto con colegas locales.<\/p>\n<p>El alquiler de alojamientos para los empleados a menudo se transfiere a los subcontratistas, es decir, a los proveedores de personal. Un problema recurrente cuando se trata de mano de obra barata. Este modelo solo es rentable debido a las diferencias salariales; para ambas partes.<\/p>\n<h5><strong>Inocentes en cuarentena<\/strong><\/h5>\n<p>Se vuelve delicado cuando, como en el caso de T\u00f6nnies, se ponen en cuarentena a todo un distrito. Especialmente grave, adem\u00e1s, cuando otros pa\u00edses o estados federales comienzan a emitir advertencias de viaje para los distritos afectados. Esto ya roza la exclusi\u00f3n y la discriminaci\u00f3n. Si algo as\u00ed es causado por una sola empresa, puede resultar costoso.<\/p>\n<p>Solo por eso, vale la pena para cada empresa asegurarse de que se cumplan las reglas de higiene. Sin embargo, los ejemplos anteriores son, afortunadamente, casos aislados.<\/p>\n<p>Foto: \u00a9 Amazon<\/p>\n<p><a href=\"https:\/\/www.amazon.de\" target=\"_blank\" rel=\"noopener noreferrer\">www.amazon.de<\/a> - <a href=\"https:\/\/www.verdi.de\" target=\"_blank\" rel=\"noopener noreferrer\">www.verdi.de<\/a> - <a href=\"https:\/\/www.toennies.de\" target=\"_blank\" rel=\"noopener noreferrer\">www.toennies.de<\/a><\/p>\n","protected":false},"excerpt":{"rendered":"<p>En este momento, las infecciones masivas en el procesador de carne T\u00f6nnies en Rheda-Wiedenbr\u00fcck, Alemania, est\u00e1n en los titulares. Al mismo tiempo, el sindicato ver.di ha<span class=\"excerpt-hellip\"> [\u2026]<\/span><\/p>\n","protected":false},"author":0,"featured_media":0,"comment_status":"open","ping_status":"open","sticky":false,"template":"","format":"standard","meta":{"_acf_changed":false,"footnotes":""},"categories":[1557,1560,1561],"tags":[],"class_list":["post-18246","post","type-post","status-publish","format-standard","hentry","category-forwarding-logistics","category-intralogistics","category-regions"],"acf":[],"yoast_head":"<!-- This site is optimized with the Yoast SEO plugin v27.3 - https:\/\/yoast.com\/product\/yoast-seo-wordpress\/ -->\n<title>Corona en T\u00f6nnies o Amazon: \u00bfes por las alojamientos de los trabajadores? - Loginfo24<\/title>\n<meta name=\"robots\" content=\"index, follow, max-snippet:-1, max-image-preview:large, max-video-preview:-1\" \/>\n<link rel=\"canonical\" href=\"https:\/\/loginfo24.com\/es\/2020\/06\/30\/corona-en-tonnies-o-amazon-es-por-las-alojamientos-de-los-trabajadores\/\" \/>\n<meta property=\"og:locale\" content=\"es_ES\" \/>\n<meta property=\"og:type\" content=\"article\" \/>\n<meta property=\"og:title\" content=\"Corona en T\u00f6nnies o Amazon: \u00bfes por las alojamientos de los trabajadores? - Loginfo24\" \/>\n<meta property=\"og:description\" content=\"En este momento, las infecciones masivas en el procesador de carne T\u00f6nnies en Rheda-Wiedenbr\u00fcck, Alemania, est\u00e1n en los titulares. Al mismo tiempo, el sindicato ver.di ha [\u2026]\" \/>\n<meta property=\"og:url\" content=\"https:\/\/loginfo24.com\/es\/2020\/06\/30\/corona-en-tonnies-o-amazon-es-por-las-alojamientos-de-los-trabajadores\/\" \/>\n<meta property=\"og:site_name\" content=\"Loginfo24\" \/>\n<meta property=\"article:publisher\" content=\"https:\/\/www.facebook.com\/people\/Loginfo24\/100057360583332\/\" \/>\n<meta property=\"article:published_time\" content=\"2020-06-30T06:00:23+00:00\" \/>\n<meta property=\"article:modified_time\" content=\"2025-12-15T11:30:33+00:00\" \/>\n<meta name=\"twitter:card\" content=\"summary_large_image\" \/>\n<meta name=\"twitter:label1\" content=\"Tiempo de lectura\" \/>\n\t<meta name=\"twitter:data1\" content=\"4 minuto\" \/>\n<script type=\"application\/ld+json\" class=\"yoast-schema-graph\">{\"@context\":\"https:\\\/\\\/schema.org\",\"@graph\":[{\"@type\":\"Article\",\"@id\":\"https:\\\/\\\/loginfo24.com\\\/es\\\/2020\\\/06\\\/30\\\/corona-en-tonnies-o-amazon-es-por-las-alojamientos-de-los-trabajadores\\\/#article\",\"isPartOf\":{\"@id\":\"https:\\\/\\\/loginfo24.com\\\/es\\\/2020\\\/06\\\/30\\\/corona-en-tonnies-o-amazon-es-por-las-alojamientos-de-los-trabajadores\\\/\"},\"author\":{\"name\":\"\",\"@id\":\"\"},\"headline\":\"Corona en T\u00f6nnies o Amazon: \u00bfes por las alojamientos de los trabajadores?\",\"datePublished\":\"2020-06-30T06:00:23+00:00\",\"dateModified\":\"2025-12-15T11:30:33+00:00\",\"mainEntityOfPage\":{\"@id\":\"https:\\\/\\\/loginfo24.com\\\/es\\\/2020\\\/06\\\/30\\\/corona-en-tonnies-o-amazon-es-por-las-alojamientos-de-los-trabajadores\\\/\"},\"wordCount\":774,\"commentCount\":0,\"publisher\":{\"@id\":\"https:\\\/\\\/loginfo24.com\\\/es\\\/#organization\"},\"articleSection\":[\"Forwarding &amp; Logistics\",\"Intralogistics\",\"Regions\"],\"inLanguage\":\"es\",\"potentialAction\":[{\"@type\":\"CommentAction\",\"name\":\"Comment\",\"target\":[\"https:\\\/\\\/loginfo24.com\\\/es\\\/2020\\\/06\\\/30\\\/corona-en-tonnies-o-amazon-es-por-las-alojamientos-de-los-trabajadores\\\/#respond\"]}]},{\"@type\":\"WebPage\",\"@id\":\"https:\\\/\\\/loginfo24.com\\\/es\\\/2020\\\/06\\\/30\\\/corona-en-tonnies-o-amazon-es-por-las-alojamientos-de-los-trabajadores\\\/\",\"url\":\"https:\\\/\\\/loginfo24.com\\\/es\\\/2020\\\/06\\\/30\\\/corona-en-tonnies-o-amazon-es-por-las-alojamientos-de-los-trabajadores\\\/\",\"name\":\"Corona en T\u00f6nnies o Amazon: \u00bfes por las alojamientos de los trabajadores? - Loginfo24\",\"isPartOf\":{\"@id\":\"https:\\\/\\\/loginfo24.com\\\/es\\\/#website\"},\"datePublished\":\"2020-06-30T06:00:23+00:00\",\"dateModified\":\"2025-12-15T11:30:33+00:00\",\"breadcrumb\":{\"@id\":\"https:\\\/\\\/loginfo24.com\\\/es\\\/2020\\\/06\\\/30\\\/corona-en-tonnies-o-amazon-es-por-las-alojamientos-de-los-trabajadores\\\/#breadcrumb\"},\"inLanguage\":\"es\",\"potentialAction\":[{\"@type\":\"ReadAction\",\"target\":[\"https:\\\/\\\/loginfo24.com\\\/es\\\/2020\\\/06\\\/30\\\/corona-en-tonnies-o-amazon-es-por-las-alojamientos-de-los-trabajadores\\\/\"]}]},{\"@type\":\"BreadcrumbList\",\"@id\":\"https:\\\/\\\/loginfo24.com\\\/es\\\/2020\\\/06\\\/30\\\/corona-en-tonnies-o-amazon-es-por-las-alojamientos-de-los-trabajadores\\\/#breadcrumb\",\"itemListElement\":[{\"@type\":\"ListItem\",\"position\":1,\"name\":\"Startseite\",\"item\":\"https:\\\/\\\/loginfo24.com\\\/es\\\/\"},{\"@type\":\"ListItem\",\"position\":2,\"name\":\"Corona en T\u00f6nnies o Amazon: \u00bfes por las alojamientos de los trabajadores?\"}]},{\"@type\":\"WebSite\",\"@id\":\"https:\\\/\\\/loginfo24.com\\\/es\\\/#website\",\"url\":\"https:\\\/\\\/loginfo24.com\\\/es\\\/\",\"name\":\"Loginfo24\",\"description\":\"Loginfo24 es la plataforma dedicada a la log\u00edstica y las cadenas de suministro con informaci\u00f3n las 24 horas del d\u00eda.\",\"publisher\":{\"@id\":\"https:\\\/\\\/loginfo24.com\\\/es\\\/#organization\"},\"potentialAction\":[{\"@type\":\"SearchAction\",\"target\":{\"@type\":\"EntryPoint\",\"urlTemplate\":\"https:\\\/\\\/loginfo24.com\\\/es\\\/?s={search_term_string}\"},\"query-input\":{\"@type\":\"PropertyValueSpecification\",\"valueRequired\":true,\"valueName\":\"search_term_string\"}}],\"inLanguage\":\"es\"},{\"@type\":\"Organization\",\"@id\":\"https:\\\/\\\/loginfo24.com\\\/es\\\/#organization\",\"name\":\"Grupo Logismedia AG\",\"url\":\"https:\\\/\\\/loginfo24.com\\\/es\\\/\",\"logo\":{\"@type\":\"ImageObject\",\"inLanguage\":\"es\",\"@id\":\"https:\\\/\\\/loginfo24.com\\\/es\\\/#\\\/schema\\\/logo\\\/image\\\/\",\"url\":\"https:\\\/\\\/loginfo24.com\\\/wp-content\\\/uploads\\\/sites\\\/7\\\/2026\\\/01\\\/Logo_LogInfo24.png\",\"contentUrl\":\"https:\\\/\\\/loginfo24.com\\\/wp-content\\\/uploads\\\/sites\\\/7\\\/2026\\\/01\\\/Logo_LogInfo24.png\",\"width\":938,\"height\":351,\"caption\":\"Grupo Logismedia AG\"},\"image\":{\"@id\":\"https:\\\/\\\/loginfo24.com\\\/es\\\/#\\\/schema\\\/logo\\\/image\\\/\"},\"sameAs\":[\"https:\\\/\\\/www.facebook.com\\\/people\\\/Loginfo24\\\/100057360583332\\\/\",\"https:\\\/\\\/www.linkedin.com\\\/company\\\/lofinfo24\\\/\"]}]}<\/script>\n<!-- \/ Yoast SEO plugin. -->","yoast_head_json":{"title":"Corona en T\u00f6nnies o Amazon: \u00bfes por las alojamientos de los trabajadores? - Loginfo24","robots":{"index":"index","follow":"follow","max-snippet":"max-snippet:-1","max-image-preview":"max-image-preview:large","max-video-preview":"max-video-preview:-1"},"canonical":"https:\/\/loginfo24.com\/es\/2020\/06\/30\/corona-en-tonnies-o-amazon-es-por-las-alojamientos-de-los-trabajadores\/","og_locale":"es_ES","og_type":"article","og_title":"Corona en T\u00f6nnies o Amazon: \u00bfes por las alojamientos de los trabajadores? - Loginfo24","og_description":"En este momento, las infecciones masivas en el procesador de carne T\u00f6nnies en Rheda-Wiedenbr\u00fcck, Alemania, est\u00e1n en los titulares. Al mismo tiempo, el sindicato ver.di ha [\u2026]","og_url":"https:\/\/loginfo24.com\/es\/2020\/06\/30\/corona-en-tonnies-o-amazon-es-por-las-alojamientos-de-los-trabajadores\/","og_site_name":"Loginfo24","article_publisher":"https:\/\/www.facebook.com\/people\/Loginfo24\/100057360583332\/","article_published_time":"2020-06-30T06:00:23+00:00","article_modified_time":"2025-12-15T11:30:33+00:00","twitter_card":"summary_large_image","twitter_misc":{"Tiempo de lectura":"4 minuto"},"schema":{"@context":"https:\/\/schema.org","@graph":[{"@type":"Article","@id":"https:\/\/loginfo24.com\/es\/2020\/06\/30\/corona-en-tonnies-o-amazon-es-por-las-alojamientos-de-los-trabajadores\/#article","isPartOf":{"@id":"https:\/\/loginfo24.com\/es\/2020\/06\/30\/corona-en-tonnies-o-amazon-es-por-las-alojamientos-de-los-trabajadores\/"},"author":{"name":"","@id":""},"headline":"Corona en T\u00f6nnies o Amazon: \u00bfes por las alojamientos de los trabajadores?","datePublished":"2020-06-30T06:00:23+00:00","dateModified":"2025-12-15T11:30:33+00:00","mainEntityOfPage":{"@id":"https:\/\/loginfo24.com\/es\/2020\/06\/30\/corona-en-tonnies-o-amazon-es-por-las-alojamientos-de-los-trabajadores\/"},"wordCount":774,"commentCount":0,"publisher":{"@id":"https:\/\/loginfo24.com\/es\/#organization"},"articleSection":["Forwarding &amp; Logistics","Intralogistics","Regions"],"inLanguage":"es","potentialAction":[{"@type":"CommentAction","name":"Comment","target":["https:\/\/loginfo24.com\/es\/2020\/06\/30\/corona-en-tonnies-o-amazon-es-por-las-alojamientos-de-los-trabajadores\/#respond"]}]},{"@type":"WebPage","@id":"https:\/\/loginfo24.com\/es\/2020\/06\/30\/corona-en-tonnies-o-amazon-es-por-las-alojamientos-de-los-trabajadores\/","url":"https:\/\/loginfo24.com\/es\/2020\/06\/30\/corona-en-tonnies-o-amazon-es-por-las-alojamientos-de-los-trabajadores\/","name":"Corona en T\u00f6nnies o Amazon: \u00bfes por las alojamientos de los trabajadores? - Loginfo24","isPartOf":{"@id":"https:\/\/loginfo24.com\/es\/#website"},"datePublished":"2020-06-30T06:00:23+00:00","dateModified":"2025-12-15T11:30:33+00:00","breadcrumb":{"@id":"https:\/\/loginfo24.com\/es\/2020\/06\/30\/corona-en-tonnies-o-amazon-es-por-las-alojamientos-de-los-trabajadores\/#breadcrumb"},"inLanguage":"es","potentialAction":[{"@type":"ReadAction","target":["https:\/\/loginfo24.com\/es\/2020\/06\/30\/corona-en-tonnies-o-amazon-es-por-las-alojamientos-de-los-trabajadores\/"]}]},{"@type":"BreadcrumbList","@id":"https:\/\/loginfo24.com\/es\/2020\/06\/30\/corona-en-tonnies-o-amazon-es-por-las-alojamientos-de-los-trabajadores\/#breadcrumb","itemListElement":[{"@type":"ListItem","position":1,"name":"Startseite","item":"https:\/\/loginfo24.com\/es\/"},{"@type":"ListItem","position":2,"name":"Corona en T\u00f6nnies o Amazon: \u00bfes por las alojamientos de los trabajadores?"}]},{"@type":"WebSite","@id":"https:\/\/loginfo24.com\/es\/#website","url":"https:\/\/loginfo24.com\/es\/","name":"Loginfo24","description":"Loginfo24 es la plataforma dedicada a la log\u00edstica y las cadenas de suministro con informaci\u00f3n las 24 horas del d\u00eda.","publisher":{"@id":"https:\/\/loginfo24.com\/es\/#organization"},"potentialAction":[{"@type":"SearchAction","target":{"@type":"EntryPoint","urlTemplate":"https:\/\/loginfo24.com\/es\/?s={search_term_string}"},"query-input":{"@type":"PropertyValueSpecification","valueRequired":true,"valueName":"search_term_string"}}],"inLanguage":"es"},{"@type":"Organization","@id":"https:\/\/loginfo24.com\/es\/#organization","name":"Grupo Logismedia AG","url":"https:\/\/loginfo24.com\/es\/","logo":{"@type":"ImageObject","inLanguage":"es","@id":"https:\/\/loginfo24.com\/es\/#\/schema\/logo\/image\/","url":"https:\/\/loginfo24.com\/wp-content\/uploads\/sites\/7\/2026\/01\/Logo_LogInfo24.png","contentUrl":"https:\/\/loginfo24.com\/wp-content\/uploads\/sites\/7\/2026\/01\/Logo_LogInfo24.png","width":938,"height":351,"caption":"Grupo Logismedia AG"},"image":{"@id":"https:\/\/loginfo24.com\/es\/#\/schema\/logo\/image\/"},"sameAs":["https:\/\/www.facebook.com\/people\/Loginfo24\/100057360583332\/","https:\/\/www.linkedin.com\/company\/lofinfo24\/"]}]}},"_links":{"self":[{"href":"https:\/\/loginfo24.com\/es\/wp-json\/wp\/v2\/posts\/18246","targetHints":{"allow":["GET"]}}],"collection":[{"href":"https:\/\/loginfo24.com\/es\/wp-json\/wp\/v2\/posts"}],"about":[{"href":"https:\/\/loginfo24.com\/es\/wp-json\/wp\/v2\/types\/post"}],"replies":[{"embeddable":true,"href":"https:\/\/loginfo24.com\/es\/wp-json\/wp\/v2\/comments?post=18246"}],"version-history":[{"count":1,"href":"https:\/\/loginfo24.com\/es\/wp-json\/wp\/v2\/posts\/18246\/revisions"}],"predecessor-version":[{"id":32828,"href":"https:\/\/loginfo24.com\/es\/wp-json\/wp\/v2\/posts\/18246\/revisions\/32828"}],"wp:attachment":[{"href":"https:\/\/loginfo24.com\/es\/wp-json\/wp\/v2\/media?parent=18246"}],"wp:term":[{"taxonomy":"category","embeddable":true,"href":"https:\/\/loginfo24.com\/es\/wp-json\/wp\/v2\/categories?post=18246"},{"taxonomy":"post_tag","embeddable":true,"href":"https:\/\/loginfo24.com\/es\/wp-json\/wp\/v2\/tags?post=18246"}],"curies":[{"name":"wp","href":"https:\/\/api.w.org\/{rel}","templated":true}]}}