{"id":18097,"date":"2020-06-23T08:00:36","date_gmt":"2020-06-23T06:00:36","guid":{"rendered":"https:\/\/blog.brand-architecture.at\/2020\/06\/23\/retrato-logistico-del-dia-andreas-schumann\/"},"modified":"2025-12-15T12:29:56","modified_gmt":"2025-12-15T11:29:56","slug":"retrato-logistico-del-dia-andreas-schumann","status":"publish","type":"post","link":"https:\/\/loginfo24.com\/es\/2020\/06\/23\/retrato-logistico-del-dia-andreas-schumann\/","title":{"rendered":"Retrato log\u00edstico del d\u00eda: Andreas Schumann"},"content":{"rendered":"<p>En el retrato del d\u00eda, personas de todos los \u00e1mbitos, sectores y niveles de la log\u00edstica se presentan. Con breves palabras describen por qu\u00e9 les gusta su actividad en esta diversa industria.<\/p>\n<table>\n<tbody>\n<tr>\n<td colspan=\"2\" width=\"605\">\n<h4>Hoy: Andreas Schumann, Presidente de BdKEP, Berl\u00edn\/Alemania<\/h4>\n<h5><\/h5>\n<p>&nbsp;<\/p>\n<h5><strong>Mi actividad en la log\u00edstica<\/strong><\/h5>\n<p>Presidente de la Asociaci\u00f3n Federal de Servicios de Mensajer\u00eda, Expreso y Correo e.V. Representaci\u00f3n de intereses para empresas medianas de KEP \u2013 Innovaciones - Mundo de beneficios<\/td>\n<\/tr>\n<tr>\n<td width=\"212\"><strong>Nombre:<\/strong><\/td>\n<td width=\"392\">Andreas Schumann<\/td>\n<\/tr>\n<tr>\n<td width=\"212\"><strong>A\u00f1o de nacimiento:<\/strong><\/td>\n<td width=\"392\">1969<\/td>\n<\/tr>\n<tr>\n<td width=\"212\"><strong>Empresa:<\/strong><\/td>\n<td width=\"392\">BdKEP e.V.<\/td>\n<\/tr>\n<tr>\n<td width=\"212\"><strong>Pa\u00eds:<\/strong><\/td>\n<td width=\"392\">Alemania<\/td>\n<\/tr>\n<tr>\n<td width=\"212\"><strong>Funci\u00f3n:<\/strong><\/td>\n<td width=\"392\">Presidente<\/td>\n<\/tr>\n<tr>\n<td width=\"212\"><strong>En la log\u00edstica desde:<\/strong><\/td>\n<td width=\"392\">1998<\/td>\n<\/tr>\n<tr>\n<td width=\"212\"><strong>Formaci\u00f3n:<\/strong><\/td>\n<td width=\"392\">Diplomado en Comercio<\/td>\n<\/tr>\n<tr>\n<td width=\"212\"><strong>Sitio web:<\/strong><\/td>\n<td width=\"392\"><a href=\"https:\/\/www.bdkep.de\" target=\"_blank\" rel=\"noopener noreferrer\">www.bdkep.de<\/a><\/td>\n<\/tr>\n<tr>\n<td width=\"212\"><strong>Perfil de LinkedIn:<\/strong><\/td>\n<td width=\"392\"><a href=\"https:\/\/www.linkedin.com\/in\/andreas-schumann-31538320\" target=\"_blank\" rel=\"noopener noreferrer\">https:\/\/www.linkedin.com\/in\/andreas-schumann-31538320<\/a><\/td>\n<\/tr>\n<tr>\n<td colspan=\"2\" width=\"605\">Como presidente de la asociaci\u00f3n, me fascinan los diversos campos tem\u00e1ticos y la alta din\u00e1mica en la industria. Se est\u00e1n elaborando nuevos conceptos para el transporte de mercanc\u00edas en los municipios, estructuras tradicionales est\u00e1n siendo desafiadas por nuevos participantes en el mercado, se est\u00e1n desarrollando nuevas aplicaciones de software que permiten nuevos servicios: estos son solo algunos de los temas. A trav\u00e9s de la asociaci\u00f3n, muchas personalidades interesantes se re\u00fanen para intercambiar ideas y dar forma al futuro juntos. As\u00ed, pueden surgir plataformas organizadas de manera descentralizada y mediana como alternativa a las ofertas de corporaciones que operan a nivel global.&nbsp;<\/td>\n<\/tr>\n<\/tbody>\n<\/table>\n","protected":false},"excerpt":{"rendered":"<p>En el retrato del d\u00eda, personas de todos los \u00e1mbitos, sectores y niveles de la log\u00edstica se presentan. Con breves palabras describen por qu\u00e9 les gusta<span class=\"excerpt-hellip\"> [\u2026]<\/span><\/p>\n","protected":false},"author":0,"featured_media":0,"comment_status":"open","ping_status":"open","sticky":false,"template":"","format":"standard","meta":{"_acf_changed":false,"footnotes":""},"categories":[1665,1557,1556,1561],"tags":[],"class_list":["post-18097","post","type-post","status-publish","format-standard","hentry","category-categories","category-forwarding-logistics","category-intermodal-road","category-regions"],"acf":[],"yoast_head":"<!-- This site is optimized with the Yoast SEO plugin v27.3 - https:\/\/yoast.com\/product\/yoast-seo-wordpress\/ -->\n<title>Retrato log\u00edstico del d\u00eda: Andreas Schumann - Loginfo24<\/title>\n<meta name=\"robots\" content=\"index, follow, max-snippet:-1, max-image-preview:large, max-video-preview:-1\" \/>\n<link rel=\"canonical\" href=\"https:\/\/loginfo24.com\/es\/2020\/06\/23\/retrato-logistico-del-dia-andreas-schumann\/\" \/>\n<meta property=\"og:locale\" content=\"es_ES\" \/>\n<meta property=\"og:type\" content=\"article\" \/>\n<meta property=\"og:title\" content=\"Retrato log\u00edstico del d\u00eda: Andreas Schumann - Loginfo24\" \/>\n<meta property=\"og:description\" content=\"En el retrato del d\u00eda, personas de todos los \u00e1mbitos, sectores y niveles de la log\u00edstica se presentan. Con breves palabras describen por qu\u00e9 les gusta [\u2026]\" \/>\n<meta property=\"og:url\" content=\"https:\/\/loginfo24.com\/es\/2020\/06\/23\/retrato-logistico-del-dia-andreas-schumann\/\" \/>\n<meta property=\"og:site_name\" content=\"Loginfo24\" \/>\n<meta property=\"article:publisher\" content=\"https:\/\/www.facebook.com\/people\/Loginfo24\/100057360583332\/\" \/>\n<meta property=\"article:published_time\" content=\"2020-06-23T06:00:36+00:00\" \/>\n<meta property=\"article:modified_time\" content=\"2025-12-15T11:29:56+00:00\" \/>\n<meta name=\"twitter:card\" content=\"summary_large_image\" \/>\n<meta name=\"twitter:label1\" content=\"Tiempo de lectura\" \/>\n\t<meta name=\"twitter:data1\" content=\"1 minuto\" \/>\n<script type=\"application\/ld+json\" class=\"yoast-schema-graph\">{\"@context\":\"https:\\\/\\\/schema.org\",\"@graph\":[{\"@type\":\"Article\",\"@id\":\"https:\\\/\\\/loginfo24.com\\\/es\\\/2020\\\/06\\\/23\\\/retrato-logistico-del-dia-andreas-schumann\\\/#article\",\"isPartOf\":{\"@id\":\"https:\\\/\\\/loginfo24.com\\\/es\\\/2020\\\/06\\\/23\\\/retrato-logistico-del-dia-andreas-schumann\\\/\"},\"author\":{\"name\":\"\",\"@id\":\"\"},\"headline\":\"Retrato log\u00edstico del d\u00eda: Andreas Schumann\",\"datePublished\":\"2020-06-23T06:00:36+00:00\",\"dateModified\":\"2025-12-15T11:29:56+00:00\",\"mainEntityOfPage\":{\"@id\":\"https:\\\/\\\/loginfo24.com\\\/es\\\/2020\\\/06\\\/23\\\/retrato-logistico-del-dia-andreas-schumann\\\/\"},\"wordCount\":241,\"commentCount\":0,\"publisher\":{\"@id\":\"https:\\\/\\\/loginfo24.com\\\/es\\\/#organization\"},\"articleSection\":[\"Categories\",\"Forwarding &amp; Logistics\",\"Intermodal \\\/ Road\",\"Regions\"],\"inLanguage\":\"es\",\"potentialAction\":[{\"@type\":\"CommentAction\",\"name\":\"Comment\",\"target\":[\"https:\\\/\\\/loginfo24.com\\\/es\\\/2020\\\/06\\\/23\\\/retrato-logistico-del-dia-andreas-schumann\\\/#respond\"]}]},{\"@type\":\"WebPage\",\"@id\":\"https:\\\/\\\/loginfo24.com\\\/es\\\/2020\\\/06\\\/23\\\/retrato-logistico-del-dia-andreas-schumann\\\/\",\"url\":\"https:\\\/\\\/loginfo24.com\\\/es\\\/2020\\\/06\\\/23\\\/retrato-logistico-del-dia-andreas-schumann\\\/\",\"name\":\"Retrato log\u00edstico del d\u00eda: Andreas Schumann - Loginfo24\",\"isPartOf\":{\"@id\":\"https:\\\/\\\/loginfo24.com\\\/es\\\/#website\"},\"datePublished\":\"2020-06-23T06:00:36+00:00\",\"dateModified\":\"2025-12-15T11:29:56+00:00\",\"breadcrumb\":{\"@id\":\"https:\\\/\\\/loginfo24.com\\\/es\\\/2020\\\/06\\\/23\\\/retrato-logistico-del-dia-andreas-schumann\\\/#breadcrumb\"},\"inLanguage\":\"es\",\"potentialAction\":[{\"@type\":\"ReadAction\",\"target\":[\"https:\\\/\\\/loginfo24.com\\\/es\\\/2020\\\/06\\\/23\\\/retrato-logistico-del-dia-andreas-schumann\\\/\"]}]},{\"@type\":\"BreadcrumbList\",\"@id\":\"https:\\\/\\\/loginfo24.com\\\/es\\\/2020\\\/06\\\/23\\\/retrato-logistico-del-dia-andreas-schumann\\\/#breadcrumb\",\"itemListElement\":[{\"@type\":\"ListItem\",\"position\":1,\"name\":\"Startseite\",\"item\":\"https:\\\/\\\/loginfo24.com\\\/es\\\/\"},{\"@type\":\"ListItem\",\"position\":2,\"name\":\"Retrato log\u00edstico del d\u00eda: Andreas Schumann\"}]},{\"@type\":\"WebSite\",\"@id\":\"https:\\\/\\\/loginfo24.com\\\/es\\\/#website\",\"url\":\"https:\\\/\\\/loginfo24.com\\\/es\\\/\",\"name\":\"Loginfo24\",\"description\":\"Loginfo24 es la plataforma dedicada a la log\u00edstica y las cadenas de suministro con informaci\u00f3n las 24 horas del d\u00eda.\",\"publisher\":{\"@id\":\"https:\\\/\\\/loginfo24.com\\\/es\\\/#organization\"},\"potentialAction\":[{\"@type\":\"SearchAction\",\"target\":{\"@type\":\"EntryPoint\",\"urlTemplate\":\"https:\\\/\\\/loginfo24.com\\\/es\\\/?s={search_term_string}\"},\"query-input\":{\"@type\":\"PropertyValueSpecification\",\"valueRequired\":true,\"valueName\":\"search_term_string\"}}],\"inLanguage\":\"es\"},{\"@type\":\"Organization\",\"@id\":\"https:\\\/\\\/loginfo24.com\\\/es\\\/#organization\",\"name\":\"Grupo Logismedia AG\",\"url\":\"https:\\\/\\\/loginfo24.com\\\/es\\\/\",\"logo\":{\"@type\":\"ImageObject\",\"inLanguage\":\"es\",\"@id\":\"https:\\\/\\\/loginfo24.com\\\/es\\\/#\\\/schema\\\/logo\\\/image\\\/\",\"url\":\"https:\\\/\\\/loginfo24.com\\\/wp-content\\\/uploads\\\/sites\\\/7\\\/2026\\\/01\\\/Logo_LogInfo24.png\",\"contentUrl\":\"https:\\\/\\\/loginfo24.com\\\/wp-content\\\/uploads\\\/sites\\\/7\\\/2026\\\/01\\\/Logo_LogInfo24.png\",\"width\":938,\"height\":351,\"caption\":\"Grupo Logismedia AG\"},\"image\":{\"@id\":\"https:\\\/\\\/loginfo24.com\\\/es\\\/#\\\/schema\\\/logo\\\/image\\\/\"},\"sameAs\":[\"https:\\\/\\\/www.facebook.com\\\/people\\\/Loginfo24\\\/100057360583332\\\/\",\"https:\\\/\\\/www.linkedin.com\\\/company\\\/lofinfo24\\\/\"]}]}<\/script>\n<!-- \/ Yoast SEO plugin. -->","yoast_head_json":{"title":"Retrato log\u00edstico del d\u00eda: Andreas Schumann - Loginfo24","robots":{"index":"index","follow":"follow","max-snippet":"max-snippet:-1","max-image-preview":"max-image-preview:large","max-video-preview":"max-video-preview:-1"},"canonical":"https:\/\/loginfo24.com\/es\/2020\/06\/23\/retrato-logistico-del-dia-andreas-schumann\/","og_locale":"es_ES","og_type":"article","og_title":"Retrato log\u00edstico del d\u00eda: Andreas Schumann - Loginfo24","og_description":"En el retrato del d\u00eda, personas de todos los \u00e1mbitos, sectores y niveles de la log\u00edstica se presentan. Con breves palabras describen por qu\u00e9 les gusta [\u2026]","og_url":"https:\/\/loginfo24.com\/es\/2020\/06\/23\/retrato-logistico-del-dia-andreas-schumann\/","og_site_name":"Loginfo24","article_publisher":"https:\/\/www.facebook.com\/people\/Loginfo24\/100057360583332\/","article_published_time":"2020-06-23T06:00:36+00:00","article_modified_time":"2025-12-15T11:29:56+00:00","twitter_card":"summary_large_image","twitter_misc":{"Tiempo de lectura":"1 minuto"},"schema":{"@context":"https:\/\/schema.org","@graph":[{"@type":"Article","@id":"https:\/\/loginfo24.com\/es\/2020\/06\/23\/retrato-logistico-del-dia-andreas-schumann\/#article","isPartOf":{"@id":"https:\/\/loginfo24.com\/es\/2020\/06\/23\/retrato-logistico-del-dia-andreas-schumann\/"},"author":{"name":"","@id":""},"headline":"Retrato log\u00edstico del d\u00eda: Andreas Schumann","datePublished":"2020-06-23T06:00:36+00:00","dateModified":"2025-12-15T11:29:56+00:00","mainEntityOfPage":{"@id":"https:\/\/loginfo24.com\/es\/2020\/06\/23\/retrato-logistico-del-dia-andreas-schumann\/"},"wordCount":241,"commentCount":0,"publisher":{"@id":"https:\/\/loginfo24.com\/es\/#organization"},"articleSection":["Categories","Forwarding &amp; Logistics","Intermodal \/ Road","Regions"],"inLanguage":"es","potentialAction":[{"@type":"CommentAction","name":"Comment","target":["https:\/\/loginfo24.com\/es\/2020\/06\/23\/retrato-logistico-del-dia-andreas-schumann\/#respond"]}]},{"@type":"WebPage","@id":"https:\/\/loginfo24.com\/es\/2020\/06\/23\/retrato-logistico-del-dia-andreas-schumann\/","url":"https:\/\/loginfo24.com\/es\/2020\/06\/23\/retrato-logistico-del-dia-andreas-schumann\/","name":"Retrato log\u00edstico del d\u00eda: Andreas Schumann - Loginfo24","isPartOf":{"@id":"https:\/\/loginfo24.com\/es\/#website"},"datePublished":"2020-06-23T06:00:36+00:00","dateModified":"2025-12-15T11:29:56+00:00","breadcrumb":{"@id":"https:\/\/loginfo24.com\/es\/2020\/06\/23\/retrato-logistico-del-dia-andreas-schumann\/#breadcrumb"},"inLanguage":"es","potentialAction":[{"@type":"ReadAction","target":["https:\/\/loginfo24.com\/es\/2020\/06\/23\/retrato-logistico-del-dia-andreas-schumann\/"]}]},{"@type":"BreadcrumbList","@id":"https:\/\/loginfo24.com\/es\/2020\/06\/23\/retrato-logistico-del-dia-andreas-schumann\/#breadcrumb","itemListElement":[{"@type":"ListItem","position":1,"name":"Startseite","item":"https:\/\/loginfo24.com\/es\/"},{"@type":"ListItem","position":2,"name":"Retrato log\u00edstico del d\u00eda: Andreas Schumann"}]},{"@type":"WebSite","@id":"https:\/\/loginfo24.com\/es\/#website","url":"https:\/\/loginfo24.com\/es\/","name":"Loginfo24","description":"Loginfo24 es la plataforma dedicada a la log\u00edstica y las cadenas de suministro con informaci\u00f3n las 24 horas del d\u00eda.","publisher":{"@id":"https:\/\/loginfo24.com\/es\/#organization"},"potentialAction":[{"@type":"SearchAction","target":{"@type":"EntryPoint","urlTemplate":"https:\/\/loginfo24.com\/es\/?s={search_term_string}"},"query-input":{"@type":"PropertyValueSpecification","valueRequired":true,"valueName":"search_term_string"}}],"inLanguage":"es"},{"@type":"Organization","@id":"https:\/\/loginfo24.com\/es\/#organization","name":"Grupo Logismedia AG","url":"https:\/\/loginfo24.com\/es\/","logo":{"@type":"ImageObject","inLanguage":"es","@id":"https:\/\/loginfo24.com\/es\/#\/schema\/logo\/image\/","url":"https:\/\/loginfo24.com\/wp-content\/uploads\/sites\/7\/2026\/01\/Logo_LogInfo24.png","contentUrl":"https:\/\/loginfo24.com\/wp-content\/uploads\/sites\/7\/2026\/01\/Logo_LogInfo24.png","width":938,"height":351,"caption":"Grupo Logismedia AG"},"image":{"@id":"https:\/\/loginfo24.com\/es\/#\/schema\/logo\/image\/"},"sameAs":["https:\/\/www.facebook.com\/people\/Loginfo24\/100057360583332\/","https:\/\/www.linkedin.com\/company\/lofinfo24\/"]}]}},"_links":{"self":[{"href":"https:\/\/loginfo24.com\/es\/wp-json\/wp\/v2\/posts\/18097","targetHints":{"allow":["GET"]}}],"collection":[{"href":"https:\/\/loginfo24.com\/es\/wp-json\/wp\/v2\/posts"}],"about":[{"href":"https:\/\/loginfo24.com\/es\/wp-json\/wp\/v2\/types\/post"}],"replies":[{"embeddable":true,"href":"https:\/\/loginfo24.com\/es\/wp-json\/wp\/v2\/comments?post=18097"}],"version-history":[{"count":1,"href":"https:\/\/loginfo24.com\/es\/wp-json\/wp\/v2\/posts\/18097\/revisions"}],"predecessor-version":[{"id":32532,"href":"https:\/\/loginfo24.com\/es\/wp-json\/wp\/v2\/posts\/18097\/revisions\/32532"}],"wp:attachment":[{"href":"https:\/\/loginfo24.com\/es\/wp-json\/wp\/v2\/media?parent=18097"}],"wp:term":[{"taxonomy":"category","embeddable":true,"href":"https:\/\/loginfo24.com\/es\/wp-json\/wp\/v2\/categories?post=18097"},{"taxonomy":"post_tag","embeddable":true,"href":"https:\/\/loginfo24.com\/es\/wp-json\/wp\/v2\/tags?post=18097"}],"curies":[{"name":"wp","href":"https:\/\/api.w.org\/{rel}","templated":true}]}}