{"id":18062,"date":"2020-06-22T07:00:06","date_gmt":"2020-06-22T05:00:06","guid":{"rendered":"https:\/\/blog.brand-architecture.at\/2020\/06\/22\/la-vgl-schleswig-holstein-se-acerca-nuevamente-al-bgl\/"},"modified":"2025-12-15T12:29:47","modified_gmt":"2025-12-15T11:29:47","slug":"la-vgl-schleswig-holstein-se-acerca-nuevamente-al-bgl","status":"publish","type":"post","link":"https:\/\/loginfo24.com\/es\/2020\/06\/22\/la-vgl-schleswig-holstein-se-acerca-nuevamente-al-bgl\/","title":{"rendered":"La VGL Schleswig-Holstein se acerca nuevamente al BGL"},"content":{"rendered":"<p>El consejo de la Asociaci\u00f3n de Transporte de Mercanc\u00edas, Log\u00edstica y Gesti\u00f3n de Residuos (VGL) e.V. Schleswig-Holstein ha decidido intensificar la colaboraci\u00f3n con la Asociaci\u00f3n Federal de Transporte de Mercanc\u00edas, Log\u00edstica y Gesti\u00f3n de Residuos (BGL) e.V. y volver a unirse al BGL.<\/p>\n<p>(Neum\u00fcnster\/Fr\u00e1ncfort del Meno) Para ello, se han planeado varios pasos, al final de los cuales se espera una decisi\u00f3n de los miembros que prevea una membres\u00eda completa en el BGL a partir del 01.01.2022. La VGL hab\u00eda abandonado la asociaci\u00f3n federal en 2014 y desde entonces ha estado activa de forma independiente en el sector.<\/p>\n<p>A partir de ahora, las empresas miembros de la VGL tienen nuevamente la oportunidad de utilizar el portafolio del BGL: influencia en el trabajo pol\u00edtico en Berl\u00edn y Bruselas, participaci\u00f3n en comit\u00e9s y grupos de trabajo, acceso al mundo de beneficios del BGL, incluida la nueva Brummi-Card, as\u00ed como al sistema de comunicaci\u00f3n interno \u00abMyBGL\u00bb y a toda la informaci\u00f3n adicional.<\/p>\n<p>Pero tambi\u00e9n los proyectos de Schleswig-Holstein influir\u00e1n en el trabajo de los comit\u00e9s del BGL y podr\u00e1n ser utilizados por las empresas miembros.<\/p>\n<h5>Desarrollo positivo en el BGL<\/h5>\n<p>Dr. Thomas Rackow, director general de VGL: \u00abEn los \u00faltimos a\u00f1os hemos observado de cerca los desarrollos del BGL y hemos visto que el BGL ha tomado el tim\u00f3n y ahora est\u00e1 en el camino correcto. Se ha convertido en una verdadera asociaci\u00f3n de servicios para sus miembros. All\u00ed tambi\u00e9n podemos aportar nuestros proyectos, como por ejemplo nuestra base de datos para el intercambio de servicios dentro del \u00e1rea de miembros, la campa\u00f1a de imagen y nuestro concepto de cualificaci\u00f3n profesional\u00bb.<\/p>\n<p>Peter Boyens, consejo: \u00abMuchas de las propuestas que hemos presentado en el pasado han sido abordadas y en gran parte implementadas, especialmente en lo que respecta a la estructura de las contribuciones. Pero tambi\u00e9n se ha logrado mucho en la reestructuraci\u00f3n de la organizaci\u00f3n del BGL, pasando de una presidencia a un consejo de supervisi\u00f3n y un consejo directivo. Junto con el ahorro de personal y la expansi\u00f3n simult\u00e1nea de la oferta de servicios, el BGL se ha consolidado y est\u00e1 en un buen camino hacia el futuro.<\/p>\n<p>Sin embargo, quedan puntos pendientes, como por ejemplo la integraci\u00f3n m\u00e1s estrecha de las asociaciones en un \u00abente superior de log\u00edstica\u00bb en Alemania. Manteniendo nuestra propia identidad, observaremos el desarrollo del BGL en un \u00abconcepto por etapas\u00bb. Despu\u00e9s, una asamblea de miembros deber\u00e1 decidir sobre una adhesi\u00f3n.<\/p>\n<p>Prof. Dr. Dirk Engelhardt, portavoz del consejo del BGL e.V.: \u00abEstamos muy contentos de poder dar la bienvenida nuevamente a la VGL en la familia BGL. As\u00ed, estamos fuertemente representados desde el sur de Alemania hasta el norte y podemos unir nuestras fuerzas en beneficio de nuestros miembros, benefici\u00e1ndose as\u00ed tanto la VGL como el BGL.\u00bb<\/p>\n<p>Foto: \u00a9 Adobe Stock<\/p>\n<p><a href=\"https:\/\/www.bgl-ev.de\" target=\"_blank\" rel=\"noopener noreferrer\">www.bgl-ev.de<\/a><\/p>\n","protected":false},"excerpt":{"rendered":"<p>El consejo de la Asociaci\u00f3n de Transporte de Mercanc\u00edas, Log\u00edstica y Gesti\u00f3n de Residuos (VGL) e.V. Schleswig-Holstein ha decidido intensificar la colaboraci\u00f3n con la Asociaci\u00f3n Federal<span class=\"excerpt-hellip\"> [\u2026]<\/span><\/p>\n","protected":false},"author":0,"featured_media":0,"comment_status":"open","ping_status":"open","sticky":false,"template":"","format":"standard","meta":{"_acf_changed":false,"footnotes":""},"categories":[1557,1556,1561],"tags":[],"class_list":["post-18062","post","type-post","status-publish","format-standard","hentry","category-forwarding-logistics","category-intermodal-road","category-regions"],"acf":[],"yoast_head":"<!-- This site is optimized with the Yoast SEO plugin v27.3 - https:\/\/yoast.com\/product\/yoast-seo-wordpress\/ -->\n<title>La VGL Schleswig-Holstein se acerca nuevamente al BGL - Loginfo24<\/title>\n<meta name=\"robots\" content=\"index, follow, max-snippet:-1, max-image-preview:large, max-video-preview:-1\" \/>\n<link rel=\"canonical\" href=\"https:\/\/loginfo24.com\/es\/2020\/06\/22\/la-vgl-schleswig-holstein-se-acerca-nuevamente-al-bgl\/\" \/>\n<meta property=\"og:locale\" content=\"es_ES\" \/>\n<meta property=\"og:type\" content=\"article\" \/>\n<meta property=\"og:title\" content=\"La VGL Schleswig-Holstein se acerca nuevamente al BGL - Loginfo24\" \/>\n<meta property=\"og:description\" content=\"El consejo de la Asociaci\u00f3n de Transporte de Mercanc\u00edas, Log\u00edstica y Gesti\u00f3n de Residuos (VGL) e.V. Schleswig-Holstein ha decidido intensificar la colaboraci\u00f3n con la Asociaci\u00f3n Federal [\u2026]\" \/>\n<meta property=\"og:url\" content=\"https:\/\/loginfo24.com\/es\/2020\/06\/22\/la-vgl-schleswig-holstein-se-acerca-nuevamente-al-bgl\/\" \/>\n<meta property=\"og:site_name\" content=\"Loginfo24\" \/>\n<meta property=\"article:publisher\" content=\"https:\/\/www.facebook.com\/people\/Loginfo24\/100057360583332\/\" \/>\n<meta property=\"article:published_time\" content=\"2020-06-22T05:00:06+00:00\" \/>\n<meta property=\"article:modified_time\" content=\"2025-12-15T11:29:47+00:00\" \/>\n<meta name=\"twitter:card\" content=\"summary_large_image\" \/>\n<meta name=\"twitter:label1\" content=\"Tiempo de lectura\" \/>\n\t<meta name=\"twitter:data1\" content=\"3 minuto\" \/>\n<script type=\"application\/ld+json\" class=\"yoast-schema-graph\">{\"@context\":\"https:\\\/\\\/schema.org\",\"@graph\":[{\"@type\":\"Article\",\"@id\":\"https:\\\/\\\/loginfo24.com\\\/es\\\/2020\\\/06\\\/22\\\/la-vgl-schleswig-holstein-se-acerca-nuevamente-al-bgl\\\/#article\",\"isPartOf\":{\"@id\":\"https:\\\/\\\/loginfo24.com\\\/es\\\/2020\\\/06\\\/22\\\/la-vgl-schleswig-holstein-se-acerca-nuevamente-al-bgl\\\/\"},\"author\":{\"name\":\"\",\"@id\":\"\"},\"headline\":\"La VGL Schleswig-Holstein se acerca nuevamente al BGL\",\"datePublished\":\"2020-06-22T05:00:06+00:00\",\"dateModified\":\"2025-12-15T11:29:47+00:00\",\"mainEntityOfPage\":{\"@id\":\"https:\\\/\\\/loginfo24.com\\\/es\\\/2020\\\/06\\\/22\\\/la-vgl-schleswig-holstein-se-acerca-nuevamente-al-bgl\\\/\"},\"wordCount\":518,\"commentCount\":0,\"publisher\":{\"@id\":\"https:\\\/\\\/loginfo24.com\\\/es\\\/#organization\"},\"articleSection\":[\"Forwarding &amp; Logistics\",\"Intermodal \\\/ Road\",\"Regions\"],\"inLanguage\":\"es\",\"potentialAction\":[{\"@type\":\"CommentAction\",\"name\":\"Comment\",\"target\":[\"https:\\\/\\\/loginfo24.com\\\/es\\\/2020\\\/06\\\/22\\\/la-vgl-schleswig-holstein-se-acerca-nuevamente-al-bgl\\\/#respond\"]}]},{\"@type\":\"WebPage\",\"@id\":\"https:\\\/\\\/loginfo24.com\\\/es\\\/2020\\\/06\\\/22\\\/la-vgl-schleswig-holstein-se-acerca-nuevamente-al-bgl\\\/\",\"url\":\"https:\\\/\\\/loginfo24.com\\\/es\\\/2020\\\/06\\\/22\\\/la-vgl-schleswig-holstein-se-acerca-nuevamente-al-bgl\\\/\",\"name\":\"La VGL Schleswig-Holstein se acerca nuevamente al BGL - Loginfo24\",\"isPartOf\":{\"@id\":\"https:\\\/\\\/loginfo24.com\\\/es\\\/#website\"},\"datePublished\":\"2020-06-22T05:00:06+00:00\",\"dateModified\":\"2025-12-15T11:29:47+00:00\",\"breadcrumb\":{\"@id\":\"https:\\\/\\\/loginfo24.com\\\/es\\\/2020\\\/06\\\/22\\\/la-vgl-schleswig-holstein-se-acerca-nuevamente-al-bgl\\\/#breadcrumb\"},\"inLanguage\":\"es\",\"potentialAction\":[{\"@type\":\"ReadAction\",\"target\":[\"https:\\\/\\\/loginfo24.com\\\/es\\\/2020\\\/06\\\/22\\\/la-vgl-schleswig-holstein-se-acerca-nuevamente-al-bgl\\\/\"]}]},{\"@type\":\"BreadcrumbList\",\"@id\":\"https:\\\/\\\/loginfo24.com\\\/es\\\/2020\\\/06\\\/22\\\/la-vgl-schleswig-holstein-se-acerca-nuevamente-al-bgl\\\/#breadcrumb\",\"itemListElement\":[{\"@type\":\"ListItem\",\"position\":1,\"name\":\"Startseite\",\"item\":\"https:\\\/\\\/loginfo24.com\\\/es\\\/\"},{\"@type\":\"ListItem\",\"position\":2,\"name\":\"La VGL Schleswig-Holstein se acerca nuevamente al BGL\"}]},{\"@type\":\"WebSite\",\"@id\":\"https:\\\/\\\/loginfo24.com\\\/es\\\/#website\",\"url\":\"https:\\\/\\\/loginfo24.com\\\/es\\\/\",\"name\":\"Loginfo24\",\"description\":\"Loginfo24 es la plataforma dedicada a la log\u00edstica y las cadenas de suministro con informaci\u00f3n las 24 horas del d\u00eda.\",\"publisher\":{\"@id\":\"https:\\\/\\\/loginfo24.com\\\/es\\\/#organization\"},\"potentialAction\":[{\"@type\":\"SearchAction\",\"target\":{\"@type\":\"EntryPoint\",\"urlTemplate\":\"https:\\\/\\\/loginfo24.com\\\/es\\\/?s={search_term_string}\"},\"query-input\":{\"@type\":\"PropertyValueSpecification\",\"valueRequired\":true,\"valueName\":\"search_term_string\"}}],\"inLanguage\":\"es\"},{\"@type\":\"Organization\",\"@id\":\"https:\\\/\\\/loginfo24.com\\\/es\\\/#organization\",\"name\":\"Grupo Logismedia AG\",\"url\":\"https:\\\/\\\/loginfo24.com\\\/es\\\/\",\"logo\":{\"@type\":\"ImageObject\",\"inLanguage\":\"es\",\"@id\":\"https:\\\/\\\/loginfo24.com\\\/es\\\/#\\\/schema\\\/logo\\\/image\\\/\",\"url\":\"https:\\\/\\\/loginfo24.com\\\/wp-content\\\/uploads\\\/sites\\\/7\\\/2026\\\/01\\\/Logo_LogInfo24.png\",\"contentUrl\":\"https:\\\/\\\/loginfo24.com\\\/wp-content\\\/uploads\\\/sites\\\/7\\\/2026\\\/01\\\/Logo_LogInfo24.png\",\"width\":938,\"height\":351,\"caption\":\"Grupo Logismedia AG\"},\"image\":{\"@id\":\"https:\\\/\\\/loginfo24.com\\\/es\\\/#\\\/schema\\\/logo\\\/image\\\/\"},\"sameAs\":[\"https:\\\/\\\/www.facebook.com\\\/people\\\/Loginfo24\\\/100057360583332\\\/\",\"https:\\\/\\\/www.linkedin.com\\\/company\\\/lofinfo24\\\/\"]}]}<\/script>\n<!-- \/ Yoast SEO plugin. -->","yoast_head_json":{"title":"La VGL Schleswig-Holstein se acerca nuevamente al BGL - Loginfo24","robots":{"index":"index","follow":"follow","max-snippet":"max-snippet:-1","max-image-preview":"max-image-preview:large","max-video-preview":"max-video-preview:-1"},"canonical":"https:\/\/loginfo24.com\/es\/2020\/06\/22\/la-vgl-schleswig-holstein-se-acerca-nuevamente-al-bgl\/","og_locale":"es_ES","og_type":"article","og_title":"La VGL Schleswig-Holstein se acerca nuevamente al BGL - Loginfo24","og_description":"El consejo de la Asociaci\u00f3n de Transporte de Mercanc\u00edas, Log\u00edstica y Gesti\u00f3n de Residuos (VGL) e.V. Schleswig-Holstein ha decidido intensificar la colaboraci\u00f3n con la Asociaci\u00f3n Federal [\u2026]","og_url":"https:\/\/loginfo24.com\/es\/2020\/06\/22\/la-vgl-schleswig-holstein-se-acerca-nuevamente-al-bgl\/","og_site_name":"Loginfo24","article_publisher":"https:\/\/www.facebook.com\/people\/Loginfo24\/100057360583332\/","article_published_time":"2020-06-22T05:00:06+00:00","article_modified_time":"2025-12-15T11:29:47+00:00","twitter_card":"summary_large_image","twitter_misc":{"Tiempo de lectura":"3 minuto"},"schema":{"@context":"https:\/\/schema.org","@graph":[{"@type":"Article","@id":"https:\/\/loginfo24.com\/es\/2020\/06\/22\/la-vgl-schleswig-holstein-se-acerca-nuevamente-al-bgl\/#article","isPartOf":{"@id":"https:\/\/loginfo24.com\/es\/2020\/06\/22\/la-vgl-schleswig-holstein-se-acerca-nuevamente-al-bgl\/"},"author":{"name":"","@id":""},"headline":"La VGL Schleswig-Holstein se acerca nuevamente al BGL","datePublished":"2020-06-22T05:00:06+00:00","dateModified":"2025-12-15T11:29:47+00:00","mainEntityOfPage":{"@id":"https:\/\/loginfo24.com\/es\/2020\/06\/22\/la-vgl-schleswig-holstein-se-acerca-nuevamente-al-bgl\/"},"wordCount":518,"commentCount":0,"publisher":{"@id":"https:\/\/loginfo24.com\/es\/#organization"},"articleSection":["Forwarding &amp; Logistics","Intermodal \/ Road","Regions"],"inLanguage":"es","potentialAction":[{"@type":"CommentAction","name":"Comment","target":["https:\/\/loginfo24.com\/es\/2020\/06\/22\/la-vgl-schleswig-holstein-se-acerca-nuevamente-al-bgl\/#respond"]}]},{"@type":"WebPage","@id":"https:\/\/loginfo24.com\/es\/2020\/06\/22\/la-vgl-schleswig-holstein-se-acerca-nuevamente-al-bgl\/","url":"https:\/\/loginfo24.com\/es\/2020\/06\/22\/la-vgl-schleswig-holstein-se-acerca-nuevamente-al-bgl\/","name":"La VGL Schleswig-Holstein se acerca nuevamente al BGL - Loginfo24","isPartOf":{"@id":"https:\/\/loginfo24.com\/es\/#website"},"datePublished":"2020-06-22T05:00:06+00:00","dateModified":"2025-12-15T11:29:47+00:00","breadcrumb":{"@id":"https:\/\/loginfo24.com\/es\/2020\/06\/22\/la-vgl-schleswig-holstein-se-acerca-nuevamente-al-bgl\/#breadcrumb"},"inLanguage":"es","potentialAction":[{"@type":"ReadAction","target":["https:\/\/loginfo24.com\/es\/2020\/06\/22\/la-vgl-schleswig-holstein-se-acerca-nuevamente-al-bgl\/"]}]},{"@type":"BreadcrumbList","@id":"https:\/\/loginfo24.com\/es\/2020\/06\/22\/la-vgl-schleswig-holstein-se-acerca-nuevamente-al-bgl\/#breadcrumb","itemListElement":[{"@type":"ListItem","position":1,"name":"Startseite","item":"https:\/\/loginfo24.com\/es\/"},{"@type":"ListItem","position":2,"name":"La VGL Schleswig-Holstein se acerca nuevamente al BGL"}]},{"@type":"WebSite","@id":"https:\/\/loginfo24.com\/es\/#website","url":"https:\/\/loginfo24.com\/es\/","name":"Loginfo24","description":"Loginfo24 es la plataforma dedicada a la log\u00edstica y las cadenas de suministro con informaci\u00f3n las 24 horas del d\u00eda.","publisher":{"@id":"https:\/\/loginfo24.com\/es\/#organization"},"potentialAction":[{"@type":"SearchAction","target":{"@type":"EntryPoint","urlTemplate":"https:\/\/loginfo24.com\/es\/?s={search_term_string}"},"query-input":{"@type":"PropertyValueSpecification","valueRequired":true,"valueName":"search_term_string"}}],"inLanguage":"es"},{"@type":"Organization","@id":"https:\/\/loginfo24.com\/es\/#organization","name":"Grupo Logismedia AG","url":"https:\/\/loginfo24.com\/es\/","logo":{"@type":"ImageObject","inLanguage":"es","@id":"https:\/\/loginfo24.com\/es\/#\/schema\/logo\/image\/","url":"https:\/\/loginfo24.com\/wp-content\/uploads\/sites\/7\/2026\/01\/Logo_LogInfo24.png","contentUrl":"https:\/\/loginfo24.com\/wp-content\/uploads\/sites\/7\/2026\/01\/Logo_LogInfo24.png","width":938,"height":351,"caption":"Grupo Logismedia AG"},"image":{"@id":"https:\/\/loginfo24.com\/es\/#\/schema\/logo\/image\/"},"sameAs":["https:\/\/www.facebook.com\/people\/Loginfo24\/100057360583332\/","https:\/\/www.linkedin.com\/company\/lofinfo24\/"]}]}},"_links":{"self":[{"href":"https:\/\/loginfo24.com\/es\/wp-json\/wp\/v2\/posts\/18062","targetHints":{"allow":["GET"]}}],"collection":[{"href":"https:\/\/loginfo24.com\/es\/wp-json\/wp\/v2\/posts"}],"about":[{"href":"https:\/\/loginfo24.com\/es\/wp-json\/wp\/v2\/types\/post"}],"replies":[{"embeddable":true,"href":"https:\/\/loginfo24.com\/es\/wp-json\/wp\/v2\/comments?post=18062"}],"version-history":[{"count":1,"href":"https:\/\/loginfo24.com\/es\/wp-json\/wp\/v2\/posts\/18062\/revisions"}],"predecessor-version":[{"id":32466,"href":"https:\/\/loginfo24.com\/es\/wp-json\/wp\/v2\/posts\/18062\/revisions\/32466"}],"wp:attachment":[{"href":"https:\/\/loginfo24.com\/es\/wp-json\/wp\/v2\/media?parent=18062"}],"wp:term":[{"taxonomy":"category","embeddable":true,"href":"https:\/\/loginfo24.com\/es\/wp-json\/wp\/v2\/categories?post=18062"},{"taxonomy":"post_tag","embeddable":true,"href":"https:\/\/loginfo24.com\/es\/wp-json\/wp\/v2\/tags?post=18062"}],"curies":[{"name":"wp","href":"https:\/\/api.w.org\/{rel}","templated":true}]}}