{"id":17979,"date":"2020-06-17T08:00:20","date_gmt":"2020-06-17T06:00:20","guid":{"rendered":"https:\/\/blog.brand-architecture.at\/2020\/06\/17\/el-indicador-logistico-de-la-bvl-sugiere-una-crisis-economica-prolongada\/"},"modified":"2025-12-15T12:29:27","modified_gmt":"2025-12-15T11:29:27","slug":"el-indicador-logistico-de-la-bvl-sugiere-una-crisis-economica-prolongada","status":"publish","type":"post","link":"https:\/\/loginfo24.com\/es\/2020\/06\/17\/el-indicador-logistico-de-la-bvl-sugiere-una-crisis-economica-prolongada\/","title":{"rendered":"El indicador log\u00edstico de la BVL sugiere una crisis econ\u00f3mica prolongada"},"content":{"rendered":"<p>La Asociaci\u00f3n Federal de Log\u00edstica (BVL) presenta un balance sombr\u00edo en su indicador log\u00edstico para el periodo de la crisis del coronavirus. Aunque las flexibilizaciones han tra\u00eddo una leve recuperaci\u00f3n, todo sigue estando muy lejos de los n\u00fameros habituales.<\/p>\n<p>(Pressebox \/ Bremen) El clima empresarial de la industria log\u00edstica alemana se ha deteriorado considerablemente. El indicador se situ\u00f3 en mayo en 79,4 puntos, notablemente por encima del mes anterior (72,9), sin embargo, el valor de abril marc\u00f3 un m\u00ednimo hist\u00f3rico para la serie temporal que comenz\u00f3 en 2005. Esto se desprende de las encuestas mensuales sobre el indicador log\u00edstico que el Instituto ifo realiza por encargo de la Asociaci\u00f3n Federal de Log\u00edstica e.V. (BVL) en el marco de sus encuestas econ\u00f3micas.<\/p>\n<p>Las expectativas empresariales mejoraron en mayo, reflejando as\u00ed la gradual flexibilizaci\u00f3n de las estrictas restricciones debido a la pandemia de Corona y la esperanza de m\u00e1s flexibilizaciones en los pr\u00f3ximos meses. Con un valor del indicador de 81,7, sin embargo, segu\u00edan estando muy en el \u00e1rea negativa. La situaci\u00f3n empresarial actual, por otro lado, fue nuevamente clasificada como desfavorable, marcando as\u00ed el tercer mes consecutivo de evaluaci\u00f3n negativa. Solo en el pico de la crisis econ\u00f3mica mundial a partir de 2008 la situaci\u00f3n se present\u00f3 \u2013 aunque solo marginalmente \u2013 menos desfavorable.<\/p>\n<h5><strong>Los proveedores de log\u00edstica y los usuarios de log\u00edstica lamentablemente igual<\/strong><\/h5>\n<p>Para los proveedores de log\u00edstica, se observa un desarrollo muy similar: el clima empresarial mejor\u00f3 ligeramente debido a las perspectivas comerciales menos esc\u00e9pticas. Sin embargo, el valor del indicador se situ\u00f3 en 74,5 puntos, un nivel muy bajo. La situaci\u00f3n empresarial actual se volvi\u00f3 a\u00fan m\u00e1s desfavorable y marc\u00f3 el valor m\u00e1s bajo en la serie temporal disponible desde 2005.<\/p>\n<p>En el \u00e1mbito de los usuarios de log\u00edstica del comercio y la industria, los resultados de la encuesta dibujan un cuadro casi an\u00e1logo. Aqu\u00ed tambi\u00e9n, el indicador del clima empresarial se deterior\u00f3 dr\u00e1sticamente en los meses de marzo y abril. Debido a la disminuci\u00f3n del pesimismo respecto a los desarrollos en los pr\u00f3ximos seis meses, el clima empresarial mejor\u00f3 nuevamente en mayo, aunque todav\u00eda muy en el \u00e1rea negativa. La situaci\u00f3n empresarial tambi\u00e9n continu\u00f3 deterior\u00e1ndose en este \u00e1mbito.<\/p>\n<h5><strong>Recuperaci\u00f3n en este a\u00f1o poco probable<\/strong><\/h5>\n<p>La pandemia de Corona y las restricciones asociadas han mantenido a la econom\u00eda firmemente bajo control. La leve recuperaci\u00f3n econ\u00f3mica que se vislumbraba a principios de a\u00f1o fue sofocada en su inicio. Lo cierto es que el rendimiento econ\u00f3mico de Alemania en 2020 ser\u00e1 menor que el del a\u00f1o anterior. Sin embargo, persiste una alta incertidumbre sobre la magnitud de esta ca\u00edda, aunque algunas de las suposiciones iniciales en las previsiones econ\u00f3micas han podido ser precisadas gracias a la disponibilidad de indicadores actuales. As\u00ed, se estima que, seg\u00fan el Instituto ifo, el rendimiento econ\u00f3mico durante el cierre ordenado por el estado se redujo en promedio en aproximadamente un 17%. Adem\u00e1s, desde finales de abril se vislumbra una gradual flexibilizaci\u00f3n de las medidas de cierre y un reinicio de la producci\u00f3n de bienes y servicios. Sin embargo, sigue siendo incierto cu\u00e1n r\u00e1pido se recuperar\u00e1 la econom\u00eda. Una evaluaci\u00f3n de las encuestas del ifo de mayo de 2020 lleg\u00f3 a la conclusi\u00f3n de que las empresas alemanas consideran que la normalizaci\u00f3n de su situaci\u00f3n empresarial es el escenario m\u00e1s probable en los pr\u00f3ximos meses. Tras una fuerte ca\u00edda en el segundo trimestre de 2020 del 12,4%, se espera que la econom\u00eda se recupere para mediados del pr\u00f3ximo a\u00f1o.<\/p>\n<h5><strong>Las esperanzas descansan en 2021<\/strong><\/h5>\n<p>Se espera que la econom\u00eda alemana se contraiga en un 6,6% en el a\u00f1o en curso y que crezca un 10,2% desde ese bajo nivel el pr\u00f3ximo a\u00f1o. Adem\u00e1s de la duraci\u00f3n m\u00e1s probable de la normalizaci\u00f3n, las empresas tambi\u00e9n proporcionaron informaci\u00f3n sobre el rango que esperaban. En el mejor de los casos, las empresas indicaron que la normalizaci\u00f3n podr\u00eda durar en promedio solo cinco meses. En ese caso, el rendimiento econ\u00f3mico de este a\u00f1o solo se reducir\u00eda en un 3,9%, y el crecimiento el pr\u00f3ximo a\u00f1o ser\u00eda del 7,4%. En el peor de los casos, con una duraci\u00f3n promedio de normalizaci\u00f3n de 16 meses, el rendimiento econ\u00f3mico se reducir\u00eda en un 9,3% este a\u00f1o y crecer\u00eda un 9,5% el pr\u00f3ximo a\u00f1o.<\/p>\n<h5>Pron\u00f3sticos inciertos<\/h5>\n<p>La recuperaci\u00f3n se extender\u00eda entonces hasta bien entrado el a\u00f1o 2022. La incertidumbre persiste, en \u00faltima instancia, en relaci\u00f3n con la evoluci\u00f3n futura de las infecciones y las consecuencias a medio plazo de la crisis del Corona. Las previsiones del Instituto ifo se han elaborado hasta ahora bajo la suposici\u00f3n de que el coronavirus no ser\u00e1 derrotado en los pr\u00f3ximos meses, pero que su propagaci\u00f3n ser\u00e1 contenida y se evitar\u00e1 una segunda ola de infecciones. Tambi\u00e9n se ha descartado una ola de quiebras, tanto en Alemania como en sus mercados de venta y suministro, que podr\u00eda llevar a distorsiones en el sistema financiero y requerir una reestructuraci\u00f3n de las cadenas de valor globales.<\/p>\n<p>Foto: \u00a9 Adobe Stock<\/p>\n<p><a href=\"https:\/\/www.bvl.de\/\" target=\"_blank\" rel=\"noopener noreferrer\">https:\/\/www.bvl.de\/<\/a> - <a href=\"https:\/\/www.pressebox.de\" target=\"_blank\" rel=\"noopener noreferrer\">www.pressebox.de<\/a><\/p>\n","protected":false},"excerpt":{"rendered":"<p>La Asociaci\u00f3n Federal de Log\u00edstica (BVL) presenta un balance sombr\u00edo en su indicador log\u00edstico para el periodo de la crisis del coronavirus. Aunque las flexibilizaciones han<span class=\"excerpt-hellip\"> [\u2026]<\/span><\/p>\n","protected":false},"author":0,"featured_media":0,"comment_status":"open","ping_status":"open","sticky":false,"template":"","format":"standard","meta":{"_acf_changed":false,"footnotes":""},"categories":[1557,1561],"tags":[],"class_list":["post-17979","post","type-post","status-publish","format-standard","hentry","category-forwarding-logistics","category-regions"],"acf":[],"yoast_head":"<!-- This site is optimized with the Yoast SEO plugin v27.3 - https:\/\/yoast.com\/product\/yoast-seo-wordpress\/ -->\n<title>El indicador log\u00edstico de la BVL sugiere una crisis econ\u00f3mica prolongada - Loginfo24<\/title>\n<meta name=\"robots\" content=\"index, follow, max-snippet:-1, max-image-preview:large, max-video-preview:-1\" \/>\n<link rel=\"canonical\" href=\"https:\/\/loginfo24.com\/es\/2020\/06\/17\/el-indicador-logistico-de-la-bvl-sugiere-una-crisis-economica-prolongada\/\" \/>\n<meta property=\"og:locale\" content=\"es_ES\" \/>\n<meta property=\"og:type\" content=\"article\" \/>\n<meta property=\"og:title\" content=\"El indicador log\u00edstico de la BVL sugiere una crisis econ\u00f3mica prolongada - Loginfo24\" \/>\n<meta property=\"og:description\" content=\"La Asociaci\u00f3n Federal de Log\u00edstica (BVL) presenta un balance sombr\u00edo en su indicador log\u00edstico para el periodo de la crisis del coronavirus. Aunque las flexibilizaciones han [\u2026]\" \/>\n<meta property=\"og:url\" content=\"https:\/\/loginfo24.com\/es\/2020\/06\/17\/el-indicador-logistico-de-la-bvl-sugiere-una-crisis-economica-prolongada\/\" \/>\n<meta property=\"og:site_name\" content=\"Loginfo24\" \/>\n<meta property=\"article:publisher\" content=\"https:\/\/www.facebook.com\/people\/Loginfo24\/100057360583332\/\" \/>\n<meta property=\"article:published_time\" content=\"2020-06-17T06:00:20+00:00\" \/>\n<meta property=\"article:modified_time\" content=\"2025-12-15T11:29:27+00:00\" \/>\n<meta name=\"twitter:card\" content=\"summary_large_image\" \/>\n<meta name=\"twitter:label1\" content=\"Tiempo de lectura\" \/>\n\t<meta name=\"twitter:data1\" content=\"5 minuto\" \/>\n<script type=\"application\/ld+json\" class=\"yoast-schema-graph\">{\"@context\":\"https:\\\/\\\/schema.org\",\"@graph\":[{\"@type\":\"Article\",\"@id\":\"https:\\\/\\\/loginfo24.com\\\/es\\\/2020\\\/06\\\/17\\\/el-indicador-logistico-de-la-bvl-sugiere-una-crisis-economica-prolongada\\\/#article\",\"isPartOf\":{\"@id\":\"https:\\\/\\\/loginfo24.com\\\/es\\\/2020\\\/06\\\/17\\\/el-indicador-logistico-de-la-bvl-sugiere-una-crisis-economica-prolongada\\\/\"},\"author\":{\"name\":\"\",\"@id\":\"\"},\"headline\":\"El indicador log\u00edstico de la BVL sugiere una crisis econ\u00f3mica prolongada\",\"datePublished\":\"2020-06-17T06:00:20+00:00\",\"dateModified\":\"2025-12-15T11:29:27+00:00\",\"mainEntityOfPage\":{\"@id\":\"https:\\\/\\\/loginfo24.com\\\/es\\\/2020\\\/06\\\/17\\\/el-indicador-logistico-de-la-bvl-sugiere-una-crisis-economica-prolongada\\\/\"},\"wordCount\":923,\"commentCount\":0,\"publisher\":{\"@id\":\"https:\\\/\\\/loginfo24.com\\\/es\\\/#organization\"},\"articleSection\":[\"Forwarding &amp; Logistics\",\"Regions\"],\"inLanguage\":\"es\",\"potentialAction\":[{\"@type\":\"CommentAction\",\"name\":\"Comment\",\"target\":[\"https:\\\/\\\/loginfo24.com\\\/es\\\/2020\\\/06\\\/17\\\/el-indicador-logistico-de-la-bvl-sugiere-una-crisis-economica-prolongada\\\/#respond\"]}]},{\"@type\":\"WebPage\",\"@id\":\"https:\\\/\\\/loginfo24.com\\\/es\\\/2020\\\/06\\\/17\\\/el-indicador-logistico-de-la-bvl-sugiere-una-crisis-economica-prolongada\\\/\",\"url\":\"https:\\\/\\\/loginfo24.com\\\/es\\\/2020\\\/06\\\/17\\\/el-indicador-logistico-de-la-bvl-sugiere-una-crisis-economica-prolongada\\\/\",\"name\":\"El indicador log\u00edstico de la BVL sugiere una crisis econ\u00f3mica prolongada - Loginfo24\",\"isPartOf\":{\"@id\":\"https:\\\/\\\/loginfo24.com\\\/es\\\/#website\"},\"datePublished\":\"2020-06-17T06:00:20+00:00\",\"dateModified\":\"2025-12-15T11:29:27+00:00\",\"breadcrumb\":{\"@id\":\"https:\\\/\\\/loginfo24.com\\\/es\\\/2020\\\/06\\\/17\\\/el-indicador-logistico-de-la-bvl-sugiere-una-crisis-economica-prolongada\\\/#breadcrumb\"},\"inLanguage\":\"es\",\"potentialAction\":[{\"@type\":\"ReadAction\",\"target\":[\"https:\\\/\\\/loginfo24.com\\\/es\\\/2020\\\/06\\\/17\\\/el-indicador-logistico-de-la-bvl-sugiere-una-crisis-economica-prolongada\\\/\"]}]},{\"@type\":\"BreadcrumbList\",\"@id\":\"https:\\\/\\\/loginfo24.com\\\/es\\\/2020\\\/06\\\/17\\\/el-indicador-logistico-de-la-bvl-sugiere-una-crisis-economica-prolongada\\\/#breadcrumb\",\"itemListElement\":[{\"@type\":\"ListItem\",\"position\":1,\"name\":\"Startseite\",\"item\":\"https:\\\/\\\/loginfo24.com\\\/es\\\/\"},{\"@type\":\"ListItem\",\"position\":2,\"name\":\"El indicador log\u00edstico de la BVL sugiere una crisis econ\u00f3mica prolongada\"}]},{\"@type\":\"WebSite\",\"@id\":\"https:\\\/\\\/loginfo24.com\\\/es\\\/#website\",\"url\":\"https:\\\/\\\/loginfo24.com\\\/es\\\/\",\"name\":\"Loginfo24\",\"description\":\"Loginfo24 es la plataforma dedicada a la log\u00edstica y las cadenas de suministro con informaci\u00f3n las 24 horas del d\u00eda.\",\"publisher\":{\"@id\":\"https:\\\/\\\/loginfo24.com\\\/es\\\/#organization\"},\"potentialAction\":[{\"@type\":\"SearchAction\",\"target\":{\"@type\":\"EntryPoint\",\"urlTemplate\":\"https:\\\/\\\/loginfo24.com\\\/es\\\/?s={search_term_string}\"},\"query-input\":{\"@type\":\"PropertyValueSpecification\",\"valueRequired\":true,\"valueName\":\"search_term_string\"}}],\"inLanguage\":\"es\"},{\"@type\":\"Organization\",\"@id\":\"https:\\\/\\\/loginfo24.com\\\/es\\\/#organization\",\"name\":\"Grupo Logismedia AG\",\"url\":\"https:\\\/\\\/loginfo24.com\\\/es\\\/\",\"logo\":{\"@type\":\"ImageObject\",\"inLanguage\":\"es\",\"@id\":\"https:\\\/\\\/loginfo24.com\\\/es\\\/#\\\/schema\\\/logo\\\/image\\\/\",\"url\":\"https:\\\/\\\/loginfo24.com\\\/wp-content\\\/uploads\\\/sites\\\/7\\\/2026\\\/01\\\/Logo_LogInfo24.png\",\"contentUrl\":\"https:\\\/\\\/loginfo24.com\\\/wp-content\\\/uploads\\\/sites\\\/7\\\/2026\\\/01\\\/Logo_LogInfo24.png\",\"width\":938,\"height\":351,\"caption\":\"Grupo Logismedia AG\"},\"image\":{\"@id\":\"https:\\\/\\\/loginfo24.com\\\/es\\\/#\\\/schema\\\/logo\\\/image\\\/\"},\"sameAs\":[\"https:\\\/\\\/www.facebook.com\\\/people\\\/Loginfo24\\\/100057360583332\\\/\",\"https:\\\/\\\/www.linkedin.com\\\/company\\\/lofinfo24\\\/\"]}]}<\/script>\n<!-- \/ Yoast SEO plugin. -->","yoast_head_json":{"title":"El indicador log\u00edstico de la BVL sugiere una crisis econ\u00f3mica prolongada - Loginfo24","robots":{"index":"index","follow":"follow","max-snippet":"max-snippet:-1","max-image-preview":"max-image-preview:large","max-video-preview":"max-video-preview:-1"},"canonical":"https:\/\/loginfo24.com\/es\/2020\/06\/17\/el-indicador-logistico-de-la-bvl-sugiere-una-crisis-economica-prolongada\/","og_locale":"es_ES","og_type":"article","og_title":"El indicador log\u00edstico de la BVL sugiere una crisis econ\u00f3mica prolongada - Loginfo24","og_description":"La Asociaci\u00f3n Federal de Log\u00edstica (BVL) presenta un balance sombr\u00edo en su indicador log\u00edstico para el periodo de la crisis del coronavirus. Aunque las flexibilizaciones han [\u2026]","og_url":"https:\/\/loginfo24.com\/es\/2020\/06\/17\/el-indicador-logistico-de-la-bvl-sugiere-una-crisis-economica-prolongada\/","og_site_name":"Loginfo24","article_publisher":"https:\/\/www.facebook.com\/people\/Loginfo24\/100057360583332\/","article_published_time":"2020-06-17T06:00:20+00:00","article_modified_time":"2025-12-15T11:29:27+00:00","twitter_card":"summary_large_image","twitter_misc":{"Tiempo de lectura":"5 minuto"},"schema":{"@context":"https:\/\/schema.org","@graph":[{"@type":"Article","@id":"https:\/\/loginfo24.com\/es\/2020\/06\/17\/el-indicador-logistico-de-la-bvl-sugiere-una-crisis-economica-prolongada\/#article","isPartOf":{"@id":"https:\/\/loginfo24.com\/es\/2020\/06\/17\/el-indicador-logistico-de-la-bvl-sugiere-una-crisis-economica-prolongada\/"},"author":{"name":"","@id":""},"headline":"El indicador log\u00edstico de la BVL sugiere una crisis econ\u00f3mica prolongada","datePublished":"2020-06-17T06:00:20+00:00","dateModified":"2025-12-15T11:29:27+00:00","mainEntityOfPage":{"@id":"https:\/\/loginfo24.com\/es\/2020\/06\/17\/el-indicador-logistico-de-la-bvl-sugiere-una-crisis-economica-prolongada\/"},"wordCount":923,"commentCount":0,"publisher":{"@id":"https:\/\/loginfo24.com\/es\/#organization"},"articleSection":["Forwarding &amp; Logistics","Regions"],"inLanguage":"es","potentialAction":[{"@type":"CommentAction","name":"Comment","target":["https:\/\/loginfo24.com\/es\/2020\/06\/17\/el-indicador-logistico-de-la-bvl-sugiere-una-crisis-economica-prolongada\/#respond"]}]},{"@type":"WebPage","@id":"https:\/\/loginfo24.com\/es\/2020\/06\/17\/el-indicador-logistico-de-la-bvl-sugiere-una-crisis-economica-prolongada\/","url":"https:\/\/loginfo24.com\/es\/2020\/06\/17\/el-indicador-logistico-de-la-bvl-sugiere-una-crisis-economica-prolongada\/","name":"El indicador log\u00edstico de la BVL sugiere una crisis econ\u00f3mica prolongada - Loginfo24","isPartOf":{"@id":"https:\/\/loginfo24.com\/es\/#website"},"datePublished":"2020-06-17T06:00:20+00:00","dateModified":"2025-12-15T11:29:27+00:00","breadcrumb":{"@id":"https:\/\/loginfo24.com\/es\/2020\/06\/17\/el-indicador-logistico-de-la-bvl-sugiere-una-crisis-economica-prolongada\/#breadcrumb"},"inLanguage":"es","potentialAction":[{"@type":"ReadAction","target":["https:\/\/loginfo24.com\/es\/2020\/06\/17\/el-indicador-logistico-de-la-bvl-sugiere-una-crisis-economica-prolongada\/"]}]},{"@type":"BreadcrumbList","@id":"https:\/\/loginfo24.com\/es\/2020\/06\/17\/el-indicador-logistico-de-la-bvl-sugiere-una-crisis-economica-prolongada\/#breadcrumb","itemListElement":[{"@type":"ListItem","position":1,"name":"Startseite","item":"https:\/\/loginfo24.com\/es\/"},{"@type":"ListItem","position":2,"name":"El indicador log\u00edstico de la BVL sugiere una crisis econ\u00f3mica prolongada"}]},{"@type":"WebSite","@id":"https:\/\/loginfo24.com\/es\/#website","url":"https:\/\/loginfo24.com\/es\/","name":"Loginfo24","description":"Loginfo24 es la plataforma dedicada a la log\u00edstica y las cadenas de suministro con informaci\u00f3n las 24 horas del d\u00eda.","publisher":{"@id":"https:\/\/loginfo24.com\/es\/#organization"},"potentialAction":[{"@type":"SearchAction","target":{"@type":"EntryPoint","urlTemplate":"https:\/\/loginfo24.com\/es\/?s={search_term_string}"},"query-input":{"@type":"PropertyValueSpecification","valueRequired":true,"valueName":"search_term_string"}}],"inLanguage":"es"},{"@type":"Organization","@id":"https:\/\/loginfo24.com\/es\/#organization","name":"Grupo Logismedia AG","url":"https:\/\/loginfo24.com\/es\/","logo":{"@type":"ImageObject","inLanguage":"es","@id":"https:\/\/loginfo24.com\/es\/#\/schema\/logo\/image\/","url":"https:\/\/loginfo24.com\/wp-content\/uploads\/sites\/7\/2026\/01\/Logo_LogInfo24.png","contentUrl":"https:\/\/loginfo24.com\/wp-content\/uploads\/sites\/7\/2026\/01\/Logo_LogInfo24.png","width":938,"height":351,"caption":"Grupo Logismedia AG"},"image":{"@id":"https:\/\/loginfo24.com\/es\/#\/schema\/logo\/image\/"},"sameAs":["https:\/\/www.facebook.com\/people\/Loginfo24\/100057360583332\/","https:\/\/www.linkedin.com\/company\/lofinfo24\/"]}]}},"_links":{"self":[{"href":"https:\/\/loginfo24.com\/es\/wp-json\/wp\/v2\/posts\/17979","targetHints":{"allow":["GET"]}}],"collection":[{"href":"https:\/\/loginfo24.com\/es\/wp-json\/wp\/v2\/posts"}],"about":[{"href":"https:\/\/loginfo24.com\/es\/wp-json\/wp\/v2\/types\/post"}],"replies":[{"embeddable":true,"href":"https:\/\/loginfo24.com\/es\/wp-json\/wp\/v2\/comments?post=17979"}],"version-history":[{"count":1,"href":"https:\/\/loginfo24.com\/es\/wp-json\/wp\/v2\/posts\/17979\/revisions"}],"predecessor-version":[{"id":32300,"href":"https:\/\/loginfo24.com\/es\/wp-json\/wp\/v2\/posts\/17979\/revisions\/32300"}],"wp:attachment":[{"href":"https:\/\/loginfo24.com\/es\/wp-json\/wp\/v2\/media?parent=17979"}],"wp:term":[{"taxonomy":"category","embeddable":true,"href":"https:\/\/loginfo24.com\/es\/wp-json\/wp\/v2\/categories?post=17979"},{"taxonomy":"post_tag","embeddable":true,"href":"https:\/\/loginfo24.com\/es\/wp-json\/wp\/v2\/tags?post=17979"}],"curies":[{"name":"wp","href":"https:\/\/api.w.org\/{rel}","templated":true}]}}