{"id":17941,"date":"2020-06-15T07:55:29","date_gmt":"2020-06-15T05:55:29","guid":{"rendered":"https:\/\/blog.brand-architecture.at\/2020\/06\/15\/retrato-logistico-del-dia-jerome-thiriet\/"},"modified":"2025-12-15T12:29:17","modified_gmt":"2025-12-15T11:29:17","slug":"retrato-logistico-del-dia-jerome-thiriet","status":"publish","type":"post","link":"https:\/\/loginfo24.com\/es\/2020\/06\/15\/retrato-logistico-del-dia-jerome-thiriet\/","title":{"rendered":"Retrato log\u00edstico del d\u00eda: J\u00e9r\u00f4me Thiriet"},"content":{"rendered":"<p>En el retrato del d\u00eda, personas de todos los \u00e1mbitos, sectores y niveles de la log\u00edstica se presentan. Con breves palabras describen por qu\u00e9 les gusta su trabajo en esta diversa industria.<\/p>\n<h3><strong>Hoy: <\/strong><strong>J\u00e9r\u00f4me Thiriet, Kurierzentrale, Basilea\/Suiza<\/strong><\/h3>\n<table>\n<tbody>\n<tr>\n<td colspan=\"2\" width=\"605\"><strong> <\/strong><strong>Mi actividad en la log\u00edstica<\/strong><br \/>CEO KurierZentrale GmbH, Basilea<\/td>\n<\/tr>\n<tr>\n<td width=\"212\"><strong>Nombre\/Apellidos: <\/strong><\/td>\n<td width=\"392\">J\u00e9r\u00f4me Thiriet<\/td>\n<\/tr>\n<tr>\n<td width=\"212\"><strong>A\u00f1o de nacimiento: <\/strong><\/td>\n<td width=\"392\">1982<\/td>\n<\/tr>\n<tr>\n<td width=\"212\"><strong>Empresa: <\/strong><\/td>\n<td width=\"392\">KurierZentrale GmbH<\/td>\n<\/tr>\n<tr>\n<td width=\"212\"><strong>Pa\u00eds: <\/strong><\/td>\n<td width=\"392\">Suiza<\/td>\n<\/tr>\n<tr>\n<td width=\"212\"><strong>Funci\u00f3n: <\/strong><\/td>\n<td width=\"392\">CEO<\/td>\n<\/tr>\n<tr>\n<td width=\"212\"><strong>En la log\u00edstica desde:<\/strong><\/td>\n<td width=\"392\">1999<\/td>\n<\/tr>\n<tr>\n<td width=\"212\"><strong>Formaci\u00f3n: <\/strong><\/td>\n<td width=\"392\">Empleado comercial, gerente de marketing HF<\/td>\n<\/tr>\n<tr>\n<td width=\"212\"><strong>Sitio web: <\/strong><\/td>\n<td width=\"392\"><a href=\"https:\/\/www.kurierzentrale.ch\" target=\"_blank\" rel=\"noopener noreferrer\">www.kurierzentrale.ch<\/a><\/td>\n<\/tr>\n<tr>\n<td width=\"212\"><strong>Perfil de LinkedIn: <\/strong><\/td>\n<td width=\"392\"> <a href=\"https:\/\/www.linkedin.com\/in\/j%C3%A9r%C3%B4me-thiriet-476b3717\/\" target=\"_blank\" rel=\"noopener noreferrer\">https:\/\/www.linkedin.com\/in\/j%C3%A9r%C3%B4me-thiriet-476b3717\/<\/a><\/td>\n<\/tr>\n<tr>\n<td colspan=\"2\" width=\"605\">\n<h6><strong>Lo que me gusta de mi trabajo y de la log\u00edstica:<\/strong><\/h6>\n<p>La rapidez, el ajetreo y la adrenalina en la industria de mensajer\u00eda expr\u00e9s me fascinan. El arte de hacer posible lo imposible para los clientes y la satisfacci\u00f3n que conlleva me ha mantenido en la industria durante m\u00e1s de 20 a\u00f1os. Adem\u00e1s, me parece inspirador aplicar nuevos conceptos en la log\u00edstica urbana con nuestra flota de log\u00edstica en bicicleta y as\u00ed contribuir a la calidad de vida en la ciudad.<\/td>\n<\/tr>\n<\/tbody>\n<\/table>\n","protected":false},"excerpt":{"rendered":"<p>En el retrato del d\u00eda, personas de todos los \u00e1mbitos, sectores y niveles de la log\u00edstica se presentan. Con breves palabras describen por qu\u00e9 les gusta<span class=\"excerpt-hellip\"> [\u2026]<\/span><\/p>\n","protected":false},"author":0,"featured_media":0,"comment_status":"open","ping_status":"open","sticky":false,"template":"","format":"standard","meta":{"_acf_changed":false,"footnotes":""},"categories":[1665,1557,1561],"tags":[],"class_list":["post-17941","post","type-post","status-publish","format-standard","hentry","category-categories","category-forwarding-logistics","category-regions"],"acf":[],"yoast_head":"<!-- This site is optimized with the Yoast SEO plugin v27.3 - https:\/\/yoast.com\/product\/yoast-seo-wordpress\/ -->\n<title>Retrato log\u00edstico del d\u00eda: J\u00e9r\u00f4me Thiriet - Loginfo24<\/title>\n<meta name=\"robots\" content=\"index, follow, max-snippet:-1, max-image-preview:large, max-video-preview:-1\" \/>\n<link rel=\"canonical\" href=\"https:\/\/loginfo24.com\/es\/2020\/06\/15\/retrato-logistico-del-dia-jerome-thiriet\/\" \/>\n<meta property=\"og:locale\" content=\"es_ES\" \/>\n<meta property=\"og:type\" content=\"article\" \/>\n<meta property=\"og:title\" content=\"Retrato log\u00edstico del d\u00eda: J\u00e9r\u00f4me Thiriet - Loginfo24\" \/>\n<meta property=\"og:description\" content=\"En el retrato del d\u00eda, personas de todos los \u00e1mbitos, sectores y niveles de la log\u00edstica se presentan. Con breves palabras describen por qu\u00e9 les gusta [\u2026]\" \/>\n<meta property=\"og:url\" content=\"https:\/\/loginfo24.com\/es\/2020\/06\/15\/retrato-logistico-del-dia-jerome-thiriet\/\" \/>\n<meta property=\"og:site_name\" content=\"Loginfo24\" \/>\n<meta property=\"article:publisher\" content=\"https:\/\/www.facebook.com\/people\/Loginfo24\/100057360583332\/\" \/>\n<meta property=\"article:published_time\" content=\"2020-06-15T05:55:29+00:00\" \/>\n<meta property=\"article:modified_time\" content=\"2025-12-15T11:29:17+00:00\" \/>\n<meta name=\"twitter:card\" content=\"summary_large_image\" \/>\n<meta name=\"twitter:label1\" content=\"Tiempo de lectura\" \/>\n\t<meta name=\"twitter:data1\" content=\"1 minuto\" \/>\n<script type=\"application\/ld+json\" class=\"yoast-schema-graph\">{\"@context\":\"https:\\\/\\\/schema.org\",\"@graph\":[{\"@type\":\"Article\",\"@id\":\"https:\\\/\\\/loginfo24.com\\\/es\\\/2020\\\/06\\\/15\\\/retrato-logistico-del-dia-jerome-thiriet\\\/#article\",\"isPartOf\":{\"@id\":\"https:\\\/\\\/loginfo24.com\\\/es\\\/2020\\\/06\\\/15\\\/retrato-logistico-del-dia-jerome-thiriet\\\/\"},\"author\":{\"name\":\"\",\"@id\":\"\"},\"headline\":\"Retrato log\u00edstico del d\u00eda: J\u00e9r\u00f4me Thiriet\",\"datePublished\":\"2020-06-15T05:55:29+00:00\",\"dateModified\":\"2025-12-15T11:29:17+00:00\",\"mainEntityOfPage\":{\"@id\":\"https:\\\/\\\/loginfo24.com\\\/es\\\/2020\\\/06\\\/15\\\/retrato-logistico-del-dia-jerome-thiriet\\\/\"},\"wordCount\":204,\"commentCount\":0,\"publisher\":{\"@id\":\"https:\\\/\\\/loginfo24.com\\\/es\\\/#organization\"},\"articleSection\":[\"Categories\",\"Forwarding &amp; Logistics\",\"Regions\"],\"inLanguage\":\"es\",\"potentialAction\":[{\"@type\":\"CommentAction\",\"name\":\"Comment\",\"target\":[\"https:\\\/\\\/loginfo24.com\\\/es\\\/2020\\\/06\\\/15\\\/retrato-logistico-del-dia-jerome-thiriet\\\/#respond\"]}]},{\"@type\":\"WebPage\",\"@id\":\"https:\\\/\\\/loginfo24.com\\\/es\\\/2020\\\/06\\\/15\\\/retrato-logistico-del-dia-jerome-thiriet\\\/\",\"url\":\"https:\\\/\\\/loginfo24.com\\\/es\\\/2020\\\/06\\\/15\\\/retrato-logistico-del-dia-jerome-thiriet\\\/\",\"name\":\"Retrato log\u00edstico del d\u00eda: J\u00e9r\u00f4me Thiriet - Loginfo24\",\"isPartOf\":{\"@id\":\"https:\\\/\\\/loginfo24.com\\\/es\\\/#website\"},\"datePublished\":\"2020-06-15T05:55:29+00:00\",\"dateModified\":\"2025-12-15T11:29:17+00:00\",\"breadcrumb\":{\"@id\":\"https:\\\/\\\/loginfo24.com\\\/es\\\/2020\\\/06\\\/15\\\/retrato-logistico-del-dia-jerome-thiriet\\\/#breadcrumb\"},\"inLanguage\":\"es\",\"potentialAction\":[{\"@type\":\"ReadAction\",\"target\":[\"https:\\\/\\\/loginfo24.com\\\/es\\\/2020\\\/06\\\/15\\\/retrato-logistico-del-dia-jerome-thiriet\\\/\"]}]},{\"@type\":\"BreadcrumbList\",\"@id\":\"https:\\\/\\\/loginfo24.com\\\/es\\\/2020\\\/06\\\/15\\\/retrato-logistico-del-dia-jerome-thiriet\\\/#breadcrumb\",\"itemListElement\":[{\"@type\":\"ListItem\",\"position\":1,\"name\":\"Startseite\",\"item\":\"https:\\\/\\\/loginfo24.com\\\/es\\\/\"},{\"@type\":\"ListItem\",\"position\":2,\"name\":\"Retrato log\u00edstico del d\u00eda: J\u00e9r\u00f4me Thiriet\"}]},{\"@type\":\"WebSite\",\"@id\":\"https:\\\/\\\/loginfo24.com\\\/es\\\/#website\",\"url\":\"https:\\\/\\\/loginfo24.com\\\/es\\\/\",\"name\":\"Loginfo24\",\"description\":\"Loginfo24 es la plataforma dedicada a la log\u00edstica y las cadenas de suministro con informaci\u00f3n las 24 horas del d\u00eda.\",\"publisher\":{\"@id\":\"https:\\\/\\\/loginfo24.com\\\/es\\\/#organization\"},\"potentialAction\":[{\"@type\":\"SearchAction\",\"target\":{\"@type\":\"EntryPoint\",\"urlTemplate\":\"https:\\\/\\\/loginfo24.com\\\/es\\\/?s={search_term_string}\"},\"query-input\":{\"@type\":\"PropertyValueSpecification\",\"valueRequired\":true,\"valueName\":\"search_term_string\"}}],\"inLanguage\":\"es\"},{\"@type\":\"Organization\",\"@id\":\"https:\\\/\\\/loginfo24.com\\\/es\\\/#organization\",\"name\":\"Grupo Logismedia AG\",\"url\":\"https:\\\/\\\/loginfo24.com\\\/es\\\/\",\"logo\":{\"@type\":\"ImageObject\",\"inLanguage\":\"es\",\"@id\":\"https:\\\/\\\/loginfo24.com\\\/es\\\/#\\\/schema\\\/logo\\\/image\\\/\",\"url\":\"https:\\\/\\\/loginfo24.com\\\/wp-content\\\/uploads\\\/sites\\\/7\\\/2026\\\/01\\\/Logo_LogInfo24.png\",\"contentUrl\":\"https:\\\/\\\/loginfo24.com\\\/wp-content\\\/uploads\\\/sites\\\/7\\\/2026\\\/01\\\/Logo_LogInfo24.png\",\"width\":938,\"height\":351,\"caption\":\"Grupo Logismedia AG\"},\"image\":{\"@id\":\"https:\\\/\\\/loginfo24.com\\\/es\\\/#\\\/schema\\\/logo\\\/image\\\/\"},\"sameAs\":[\"https:\\\/\\\/www.facebook.com\\\/people\\\/Loginfo24\\\/100057360583332\\\/\",\"https:\\\/\\\/www.linkedin.com\\\/company\\\/lofinfo24\\\/\"]}]}<\/script>\n<!-- \/ Yoast SEO plugin. -->","yoast_head_json":{"title":"Retrato log\u00edstico del d\u00eda: J\u00e9r\u00f4me Thiriet - Loginfo24","robots":{"index":"index","follow":"follow","max-snippet":"max-snippet:-1","max-image-preview":"max-image-preview:large","max-video-preview":"max-video-preview:-1"},"canonical":"https:\/\/loginfo24.com\/es\/2020\/06\/15\/retrato-logistico-del-dia-jerome-thiriet\/","og_locale":"es_ES","og_type":"article","og_title":"Retrato log\u00edstico del d\u00eda: J\u00e9r\u00f4me Thiriet - Loginfo24","og_description":"En el retrato del d\u00eda, personas de todos los \u00e1mbitos, sectores y niveles de la log\u00edstica se presentan. Con breves palabras describen por qu\u00e9 les gusta [\u2026]","og_url":"https:\/\/loginfo24.com\/es\/2020\/06\/15\/retrato-logistico-del-dia-jerome-thiriet\/","og_site_name":"Loginfo24","article_publisher":"https:\/\/www.facebook.com\/people\/Loginfo24\/100057360583332\/","article_published_time":"2020-06-15T05:55:29+00:00","article_modified_time":"2025-12-15T11:29:17+00:00","twitter_card":"summary_large_image","twitter_misc":{"Tiempo de lectura":"1 minuto"},"schema":{"@context":"https:\/\/schema.org","@graph":[{"@type":"Article","@id":"https:\/\/loginfo24.com\/es\/2020\/06\/15\/retrato-logistico-del-dia-jerome-thiriet\/#article","isPartOf":{"@id":"https:\/\/loginfo24.com\/es\/2020\/06\/15\/retrato-logistico-del-dia-jerome-thiriet\/"},"author":{"name":"","@id":""},"headline":"Retrato log\u00edstico del d\u00eda: J\u00e9r\u00f4me Thiriet","datePublished":"2020-06-15T05:55:29+00:00","dateModified":"2025-12-15T11:29:17+00:00","mainEntityOfPage":{"@id":"https:\/\/loginfo24.com\/es\/2020\/06\/15\/retrato-logistico-del-dia-jerome-thiriet\/"},"wordCount":204,"commentCount":0,"publisher":{"@id":"https:\/\/loginfo24.com\/es\/#organization"},"articleSection":["Categories","Forwarding &amp; Logistics","Regions"],"inLanguage":"es","potentialAction":[{"@type":"CommentAction","name":"Comment","target":["https:\/\/loginfo24.com\/es\/2020\/06\/15\/retrato-logistico-del-dia-jerome-thiriet\/#respond"]}]},{"@type":"WebPage","@id":"https:\/\/loginfo24.com\/es\/2020\/06\/15\/retrato-logistico-del-dia-jerome-thiriet\/","url":"https:\/\/loginfo24.com\/es\/2020\/06\/15\/retrato-logistico-del-dia-jerome-thiriet\/","name":"Retrato log\u00edstico del d\u00eda: J\u00e9r\u00f4me Thiriet - Loginfo24","isPartOf":{"@id":"https:\/\/loginfo24.com\/es\/#website"},"datePublished":"2020-06-15T05:55:29+00:00","dateModified":"2025-12-15T11:29:17+00:00","breadcrumb":{"@id":"https:\/\/loginfo24.com\/es\/2020\/06\/15\/retrato-logistico-del-dia-jerome-thiriet\/#breadcrumb"},"inLanguage":"es","potentialAction":[{"@type":"ReadAction","target":["https:\/\/loginfo24.com\/es\/2020\/06\/15\/retrato-logistico-del-dia-jerome-thiriet\/"]}]},{"@type":"BreadcrumbList","@id":"https:\/\/loginfo24.com\/es\/2020\/06\/15\/retrato-logistico-del-dia-jerome-thiriet\/#breadcrumb","itemListElement":[{"@type":"ListItem","position":1,"name":"Startseite","item":"https:\/\/loginfo24.com\/es\/"},{"@type":"ListItem","position":2,"name":"Retrato log\u00edstico del d\u00eda: J\u00e9r\u00f4me Thiriet"}]},{"@type":"WebSite","@id":"https:\/\/loginfo24.com\/es\/#website","url":"https:\/\/loginfo24.com\/es\/","name":"Loginfo24","description":"Loginfo24 es la plataforma dedicada a la log\u00edstica y las cadenas de suministro con informaci\u00f3n las 24 horas del d\u00eda.","publisher":{"@id":"https:\/\/loginfo24.com\/es\/#organization"},"potentialAction":[{"@type":"SearchAction","target":{"@type":"EntryPoint","urlTemplate":"https:\/\/loginfo24.com\/es\/?s={search_term_string}"},"query-input":{"@type":"PropertyValueSpecification","valueRequired":true,"valueName":"search_term_string"}}],"inLanguage":"es"},{"@type":"Organization","@id":"https:\/\/loginfo24.com\/es\/#organization","name":"Grupo Logismedia AG","url":"https:\/\/loginfo24.com\/es\/","logo":{"@type":"ImageObject","inLanguage":"es","@id":"https:\/\/loginfo24.com\/es\/#\/schema\/logo\/image\/","url":"https:\/\/loginfo24.com\/wp-content\/uploads\/sites\/7\/2026\/01\/Logo_LogInfo24.png","contentUrl":"https:\/\/loginfo24.com\/wp-content\/uploads\/sites\/7\/2026\/01\/Logo_LogInfo24.png","width":938,"height":351,"caption":"Grupo Logismedia AG"},"image":{"@id":"https:\/\/loginfo24.com\/es\/#\/schema\/logo\/image\/"},"sameAs":["https:\/\/www.facebook.com\/people\/Loginfo24\/100057360583332\/","https:\/\/www.linkedin.com\/company\/lofinfo24\/"]}]}},"_links":{"self":[{"href":"https:\/\/loginfo24.com\/es\/wp-json\/wp\/v2\/posts\/17941","targetHints":{"allow":["GET"]}}],"collection":[{"href":"https:\/\/loginfo24.com\/es\/wp-json\/wp\/v2\/posts"}],"about":[{"href":"https:\/\/loginfo24.com\/es\/wp-json\/wp\/v2\/types\/post"}],"replies":[{"embeddable":true,"href":"https:\/\/loginfo24.com\/es\/wp-json\/wp\/v2\/comments?post=17941"}],"version-history":[{"count":1,"href":"https:\/\/loginfo24.com\/es\/wp-json\/wp\/v2\/posts\/17941\/revisions"}],"predecessor-version":[{"id":32230,"href":"https:\/\/loginfo24.com\/es\/wp-json\/wp\/v2\/posts\/17941\/revisions\/32230"}],"wp:attachment":[{"href":"https:\/\/loginfo24.com\/es\/wp-json\/wp\/v2\/media?parent=17941"}],"wp:term":[{"taxonomy":"category","embeddable":true,"href":"https:\/\/loginfo24.com\/es\/wp-json\/wp\/v2\/categories?post=17941"},{"taxonomy":"post_tag","embeddable":true,"href":"https:\/\/loginfo24.com\/es\/wp-json\/wp\/v2\/tags?post=17941"}],"curies":[{"name":"wp","href":"https:\/\/api.w.org\/{rel}","templated":true}]}}