{"id":17853,"date":"2020-06-09T07:32:47","date_gmt":"2020-06-09T05:32:47","guid":{"rendered":"https:\/\/blog.brand-architecture.at\/2020\/06\/09\/aeropuerto-de-linz-y-grownow-group-inauguran-academia-de-carga-aerea\/"},"modified":"2025-12-15T12:28:55","modified_gmt":"2025-12-15T11:28:55","slug":"aeropuerto-de-linz-y-grownow-group-inauguran-academia-de-carga-aerea","status":"publish","type":"post","link":"https:\/\/loginfo24.com\/es\/2020\/06\/09\/aeropuerto-de-linz-y-grownow-group-inauguran-academia-de-carga-aerea\/","title":{"rendered":"Aeropuerto de Linz y GrowNOW Group inauguran Academia de Carga A\u00e9rea"},"content":{"rendered":"<p>El aeropuerto de Linz y el GrowNOW Group se complacen en anunciar la apertura de la primera academia de carga a\u00e9rea de habla alemana a partir de septiembre de 2020 en las salas de formaci\u00f3n de Flughafen Linz GesmbH.<\/p>\n<p>(Linz) Expertos en la materia impartir\u00e1n 13 cursos de carga a\u00e9rea diferentes con un total de 123 d\u00edas de formaci\u00f3n en el plan de formaci\u00f3n de 2020 y 2021 sobre temas como conocimientos b\u00e1sicos, productos, seguridad, ventas y atenci\u00f3n al cliente, calidad, manejo, medio ambiente y mejora de procesos. Conceptos de aprendizaje innovadores y pr\u00e1cticos, desarrollados espec\u00edficamente para la industria de log\u00edstica y carga, forman la base de la primera academia de carga a\u00e9rea de habla alemana. El aeropuerto de Linz ofrece durante los cursos la oportunidad \u00fanica de conocer de cerca y de manera pr\u00e1ctica los procesos directamente en el almac\u00e9n de carga a\u00e9rea.<\/p>\n<p>Particularmente en tiempos de crisis, la importancia del transporte a\u00e9reo de carga aumenta y representa l\u00edneas de suministro vitales, eficientes y efectivas. Esto tambi\u00e9n se reflejar\u00e1 en una mayor necesidad de aprendizaje y formaci\u00f3n en la carga a\u00e9rea en toda la regi\u00f3n de habla alemana en los pr\u00f3ximos a\u00f1os.<br \/>\nNorbert Draskovits, director general del aeropuerto de Linz: \u00abA lo largo de los a\u00f1os nos hemos convertido en el aeropuerto de carga regional m\u00e1s grande de Austria y destacamos ante nuestros clientes por nuestra flexibilidad y alta calidad de servicio. Estamos muy contentos con la colaboraci\u00f3n en el \u00e1rea de formaci\u00f3n con el GrowNOW Group y la decisi\u00f3n de establecer el centro de formaci\u00f3n en Linz para la primera academia de carga a\u00e9rea de habla alemana. Esto subraya la importancia y la competencia del aeropuerto de Linz en t\u00e9rminos de carga a\u00e9rea.\u00bb<\/p>\n<p>Roland Zistler, director general de GrowNOW Group: \u00abNos enorgullece poder ofrecer nuestra larga experiencia en el desarrollo y la ense\u00f1anza de formaciones en carga a\u00e9rea ahora tambi\u00e9n en alem\u00e1n a todo el mercado de carga a\u00e9rea de habla alemana. El aeropuerto de Linz, en una ubicaci\u00f3n de transporte ideal entre M\u00fanich y Viena, con vuelos directos a Frankfurt y D\u00fcsseldorf, es el lugar m\u00e1s adecuado y el mejor socio para nuestra academia de carga a\u00e9rea.\u00bb<\/p>\n<p>Foto: \u00a9 Aeropuerto de Linz<\/p>\n<p><a href=\"https:\/\/www.linz-airport.com\">https:\/\/www.linz-airport.com<\/a> - <a href=\"https:\/\/luftfrachtakademie.com\/\">https:\/\/luftfrachtakademie.com\/<\/a><\/p>\n","protected":false},"excerpt":{"rendered":"<p>El aeropuerto de Linz y el GrowNOW Group se complacen en anunciar la apertura de la primera academia de carga a\u00e9rea de habla alemana a partir<span class=\"excerpt-hellip\"> [\u2026]<\/span><\/p>\n","protected":false},"author":0,"featured_media":0,"comment_status":"open","ping_status":"open","sticky":false,"template":"","format":"standard","meta":{"_acf_changed":false,"footnotes":""},"categories":[1558,1557,1561],"tags":[],"class_list":["post-17853","post","type-post","status-publish","format-standard","hentry","category-air-freight","category-forwarding-logistics","category-regions"],"acf":[],"yoast_head":"<!-- This site is optimized with the Yoast SEO plugin v27.3 - https:\/\/yoast.com\/product\/yoast-seo-wordpress\/ -->\n<title>Aeropuerto de Linz y GrowNOW Group inauguran Academia de Carga A\u00e9rea - Loginfo24<\/title>\n<meta name=\"robots\" content=\"index, follow, max-snippet:-1, max-image-preview:large, max-video-preview:-1\" \/>\n<link rel=\"canonical\" href=\"https:\/\/loginfo24.com\/es\/2020\/06\/09\/aeropuerto-de-linz-y-grownow-group-inauguran-academia-de-carga-aerea\/\" \/>\n<meta property=\"og:locale\" content=\"es_ES\" \/>\n<meta property=\"og:type\" content=\"article\" \/>\n<meta property=\"og:title\" content=\"Aeropuerto de Linz y GrowNOW Group inauguran Academia de Carga A\u00e9rea - Loginfo24\" \/>\n<meta property=\"og:description\" content=\"El aeropuerto de Linz y el GrowNOW Group se complacen en anunciar la apertura de la primera academia de carga a\u00e9rea de habla alemana a partir [\u2026]\" \/>\n<meta property=\"og:url\" content=\"https:\/\/loginfo24.com\/es\/2020\/06\/09\/aeropuerto-de-linz-y-grownow-group-inauguran-academia-de-carga-aerea\/\" \/>\n<meta property=\"og:site_name\" content=\"Loginfo24\" \/>\n<meta property=\"article:publisher\" content=\"https:\/\/www.facebook.com\/people\/Loginfo24\/100057360583332\/\" \/>\n<meta property=\"article:published_time\" content=\"2020-06-09T05:32:47+00:00\" \/>\n<meta property=\"article:modified_time\" content=\"2025-12-15T11:28:55+00:00\" \/>\n<meta name=\"twitter:card\" content=\"summary_large_image\" \/>\n<meta name=\"twitter:label1\" content=\"Tiempo de lectura\" \/>\n\t<meta name=\"twitter:data1\" content=\"2 minuto\" \/>\n<script type=\"application\/ld+json\" class=\"yoast-schema-graph\">{\"@context\":\"https:\\\/\\\/schema.org\",\"@graph\":[{\"@type\":\"Article\",\"@id\":\"https:\\\/\\\/loginfo24.com\\\/es\\\/2020\\\/06\\\/09\\\/aeropuerto-de-linz-y-grownow-group-inauguran-academia-de-carga-aerea\\\/#article\",\"isPartOf\":{\"@id\":\"https:\\\/\\\/loginfo24.com\\\/es\\\/2020\\\/06\\\/09\\\/aeropuerto-de-linz-y-grownow-group-inauguran-academia-de-carga-aerea\\\/\"},\"author\":{\"name\":\"\",\"@id\":\"\"},\"headline\":\"Aeropuerto de Linz y GrowNOW Group inauguran Academia de Carga A\u00e9rea\",\"datePublished\":\"2020-06-09T05:32:47+00:00\",\"dateModified\":\"2025-12-15T11:28:55+00:00\",\"mainEntityOfPage\":{\"@id\":\"https:\\\/\\\/loginfo24.com\\\/es\\\/2020\\\/06\\\/09\\\/aeropuerto-de-linz-y-grownow-group-inauguran-academia-de-carga-aerea\\\/\"},\"wordCount\":422,\"commentCount\":0,\"publisher\":{\"@id\":\"https:\\\/\\\/loginfo24.com\\\/es\\\/#organization\"},\"articleSection\":[\"Air Freight\",\"Forwarding &amp; Logistics\",\"Regions\"],\"inLanguage\":\"es\",\"potentialAction\":[{\"@type\":\"CommentAction\",\"name\":\"Comment\",\"target\":[\"https:\\\/\\\/loginfo24.com\\\/es\\\/2020\\\/06\\\/09\\\/aeropuerto-de-linz-y-grownow-group-inauguran-academia-de-carga-aerea\\\/#respond\"]}]},{\"@type\":\"WebPage\",\"@id\":\"https:\\\/\\\/loginfo24.com\\\/es\\\/2020\\\/06\\\/09\\\/aeropuerto-de-linz-y-grownow-group-inauguran-academia-de-carga-aerea\\\/\",\"url\":\"https:\\\/\\\/loginfo24.com\\\/es\\\/2020\\\/06\\\/09\\\/aeropuerto-de-linz-y-grownow-group-inauguran-academia-de-carga-aerea\\\/\",\"name\":\"Aeropuerto de Linz y GrowNOW Group inauguran Academia de Carga A\u00e9rea - Loginfo24\",\"isPartOf\":{\"@id\":\"https:\\\/\\\/loginfo24.com\\\/es\\\/#website\"},\"datePublished\":\"2020-06-09T05:32:47+00:00\",\"dateModified\":\"2025-12-15T11:28:55+00:00\",\"breadcrumb\":{\"@id\":\"https:\\\/\\\/loginfo24.com\\\/es\\\/2020\\\/06\\\/09\\\/aeropuerto-de-linz-y-grownow-group-inauguran-academia-de-carga-aerea\\\/#breadcrumb\"},\"inLanguage\":\"es\",\"potentialAction\":[{\"@type\":\"ReadAction\",\"target\":[\"https:\\\/\\\/loginfo24.com\\\/es\\\/2020\\\/06\\\/09\\\/aeropuerto-de-linz-y-grownow-group-inauguran-academia-de-carga-aerea\\\/\"]}]},{\"@type\":\"BreadcrumbList\",\"@id\":\"https:\\\/\\\/loginfo24.com\\\/es\\\/2020\\\/06\\\/09\\\/aeropuerto-de-linz-y-grownow-group-inauguran-academia-de-carga-aerea\\\/#breadcrumb\",\"itemListElement\":[{\"@type\":\"ListItem\",\"position\":1,\"name\":\"Startseite\",\"item\":\"https:\\\/\\\/loginfo24.com\\\/es\\\/\"},{\"@type\":\"ListItem\",\"position\":2,\"name\":\"Aeropuerto de Linz y GrowNOW Group inauguran Academia de Carga A\u00e9rea\"}]},{\"@type\":\"WebSite\",\"@id\":\"https:\\\/\\\/loginfo24.com\\\/es\\\/#website\",\"url\":\"https:\\\/\\\/loginfo24.com\\\/es\\\/\",\"name\":\"Loginfo24\",\"description\":\"Loginfo24 es la plataforma dedicada a la log\u00edstica y las cadenas de suministro con informaci\u00f3n las 24 horas del d\u00eda.\",\"publisher\":{\"@id\":\"https:\\\/\\\/loginfo24.com\\\/es\\\/#organization\"},\"potentialAction\":[{\"@type\":\"SearchAction\",\"target\":{\"@type\":\"EntryPoint\",\"urlTemplate\":\"https:\\\/\\\/loginfo24.com\\\/es\\\/?s={search_term_string}\"},\"query-input\":{\"@type\":\"PropertyValueSpecification\",\"valueRequired\":true,\"valueName\":\"search_term_string\"}}],\"inLanguage\":\"es\"},{\"@type\":\"Organization\",\"@id\":\"https:\\\/\\\/loginfo24.com\\\/es\\\/#organization\",\"name\":\"Grupo Logismedia AG\",\"url\":\"https:\\\/\\\/loginfo24.com\\\/es\\\/\",\"logo\":{\"@type\":\"ImageObject\",\"inLanguage\":\"es\",\"@id\":\"https:\\\/\\\/loginfo24.com\\\/es\\\/#\\\/schema\\\/logo\\\/image\\\/\",\"url\":\"https:\\\/\\\/loginfo24.com\\\/wp-content\\\/uploads\\\/sites\\\/7\\\/2026\\\/01\\\/Logo_LogInfo24.png\",\"contentUrl\":\"https:\\\/\\\/loginfo24.com\\\/wp-content\\\/uploads\\\/sites\\\/7\\\/2026\\\/01\\\/Logo_LogInfo24.png\",\"width\":938,\"height\":351,\"caption\":\"Grupo Logismedia AG\"},\"image\":{\"@id\":\"https:\\\/\\\/loginfo24.com\\\/es\\\/#\\\/schema\\\/logo\\\/image\\\/\"},\"sameAs\":[\"https:\\\/\\\/www.facebook.com\\\/people\\\/Loginfo24\\\/100057360583332\\\/\",\"https:\\\/\\\/www.linkedin.com\\\/company\\\/lofinfo24\\\/\"]}]}<\/script>\n<!-- \/ Yoast SEO plugin. -->","yoast_head_json":{"title":"Aeropuerto de Linz y GrowNOW Group inauguran Academia de Carga A\u00e9rea - Loginfo24","robots":{"index":"index","follow":"follow","max-snippet":"max-snippet:-1","max-image-preview":"max-image-preview:large","max-video-preview":"max-video-preview:-1"},"canonical":"https:\/\/loginfo24.com\/es\/2020\/06\/09\/aeropuerto-de-linz-y-grownow-group-inauguran-academia-de-carga-aerea\/","og_locale":"es_ES","og_type":"article","og_title":"Aeropuerto de Linz y GrowNOW Group inauguran Academia de Carga A\u00e9rea - Loginfo24","og_description":"El aeropuerto de Linz y el GrowNOW Group se complacen en anunciar la apertura de la primera academia de carga a\u00e9rea de habla alemana a partir [\u2026]","og_url":"https:\/\/loginfo24.com\/es\/2020\/06\/09\/aeropuerto-de-linz-y-grownow-group-inauguran-academia-de-carga-aerea\/","og_site_name":"Loginfo24","article_publisher":"https:\/\/www.facebook.com\/people\/Loginfo24\/100057360583332\/","article_published_time":"2020-06-09T05:32:47+00:00","article_modified_time":"2025-12-15T11:28:55+00:00","twitter_card":"summary_large_image","twitter_misc":{"Tiempo de lectura":"2 minuto"},"schema":{"@context":"https:\/\/schema.org","@graph":[{"@type":"Article","@id":"https:\/\/loginfo24.com\/es\/2020\/06\/09\/aeropuerto-de-linz-y-grownow-group-inauguran-academia-de-carga-aerea\/#article","isPartOf":{"@id":"https:\/\/loginfo24.com\/es\/2020\/06\/09\/aeropuerto-de-linz-y-grownow-group-inauguran-academia-de-carga-aerea\/"},"author":{"name":"","@id":""},"headline":"Aeropuerto de Linz y GrowNOW Group inauguran Academia de Carga A\u00e9rea","datePublished":"2020-06-09T05:32:47+00:00","dateModified":"2025-12-15T11:28:55+00:00","mainEntityOfPage":{"@id":"https:\/\/loginfo24.com\/es\/2020\/06\/09\/aeropuerto-de-linz-y-grownow-group-inauguran-academia-de-carga-aerea\/"},"wordCount":422,"commentCount":0,"publisher":{"@id":"https:\/\/loginfo24.com\/es\/#organization"},"articleSection":["Air Freight","Forwarding &amp; Logistics","Regions"],"inLanguage":"es","potentialAction":[{"@type":"CommentAction","name":"Comment","target":["https:\/\/loginfo24.com\/es\/2020\/06\/09\/aeropuerto-de-linz-y-grownow-group-inauguran-academia-de-carga-aerea\/#respond"]}]},{"@type":"WebPage","@id":"https:\/\/loginfo24.com\/es\/2020\/06\/09\/aeropuerto-de-linz-y-grownow-group-inauguran-academia-de-carga-aerea\/","url":"https:\/\/loginfo24.com\/es\/2020\/06\/09\/aeropuerto-de-linz-y-grownow-group-inauguran-academia-de-carga-aerea\/","name":"Aeropuerto de Linz y GrowNOW Group inauguran Academia de Carga A\u00e9rea - Loginfo24","isPartOf":{"@id":"https:\/\/loginfo24.com\/es\/#website"},"datePublished":"2020-06-09T05:32:47+00:00","dateModified":"2025-12-15T11:28:55+00:00","breadcrumb":{"@id":"https:\/\/loginfo24.com\/es\/2020\/06\/09\/aeropuerto-de-linz-y-grownow-group-inauguran-academia-de-carga-aerea\/#breadcrumb"},"inLanguage":"es","potentialAction":[{"@type":"ReadAction","target":["https:\/\/loginfo24.com\/es\/2020\/06\/09\/aeropuerto-de-linz-y-grownow-group-inauguran-academia-de-carga-aerea\/"]}]},{"@type":"BreadcrumbList","@id":"https:\/\/loginfo24.com\/es\/2020\/06\/09\/aeropuerto-de-linz-y-grownow-group-inauguran-academia-de-carga-aerea\/#breadcrumb","itemListElement":[{"@type":"ListItem","position":1,"name":"Startseite","item":"https:\/\/loginfo24.com\/es\/"},{"@type":"ListItem","position":2,"name":"Aeropuerto de Linz y GrowNOW Group inauguran Academia de Carga A\u00e9rea"}]},{"@type":"WebSite","@id":"https:\/\/loginfo24.com\/es\/#website","url":"https:\/\/loginfo24.com\/es\/","name":"Loginfo24","description":"Loginfo24 es la plataforma dedicada a la log\u00edstica y las cadenas de suministro con informaci\u00f3n las 24 horas del d\u00eda.","publisher":{"@id":"https:\/\/loginfo24.com\/es\/#organization"},"potentialAction":[{"@type":"SearchAction","target":{"@type":"EntryPoint","urlTemplate":"https:\/\/loginfo24.com\/es\/?s={search_term_string}"},"query-input":{"@type":"PropertyValueSpecification","valueRequired":true,"valueName":"search_term_string"}}],"inLanguage":"es"},{"@type":"Organization","@id":"https:\/\/loginfo24.com\/es\/#organization","name":"Grupo Logismedia AG","url":"https:\/\/loginfo24.com\/es\/","logo":{"@type":"ImageObject","inLanguage":"es","@id":"https:\/\/loginfo24.com\/es\/#\/schema\/logo\/image\/","url":"https:\/\/loginfo24.com\/wp-content\/uploads\/sites\/7\/2026\/01\/Logo_LogInfo24.png","contentUrl":"https:\/\/loginfo24.com\/wp-content\/uploads\/sites\/7\/2026\/01\/Logo_LogInfo24.png","width":938,"height":351,"caption":"Grupo Logismedia AG"},"image":{"@id":"https:\/\/loginfo24.com\/es\/#\/schema\/logo\/image\/"},"sameAs":["https:\/\/www.facebook.com\/people\/Loginfo24\/100057360583332\/","https:\/\/www.linkedin.com\/company\/lofinfo24\/"]}]}},"_links":{"self":[{"href":"https:\/\/loginfo24.com\/es\/wp-json\/wp\/v2\/posts\/17853","targetHints":{"allow":["GET"]}}],"collection":[{"href":"https:\/\/loginfo24.com\/es\/wp-json\/wp\/v2\/posts"}],"about":[{"href":"https:\/\/loginfo24.com\/es\/wp-json\/wp\/v2\/types\/post"}],"replies":[{"embeddable":true,"href":"https:\/\/loginfo24.com\/es\/wp-json\/wp\/v2\/comments?post=17853"}],"version-history":[{"count":1,"href":"https:\/\/loginfo24.com\/es\/wp-json\/wp\/v2\/posts\/17853\/revisions"}],"predecessor-version":[{"id":32048,"href":"https:\/\/loginfo24.com\/es\/wp-json\/wp\/v2\/posts\/17853\/revisions\/32048"}],"wp:attachment":[{"href":"https:\/\/loginfo24.com\/es\/wp-json\/wp\/v2\/media?parent=17853"}],"wp:term":[{"taxonomy":"category","embeddable":true,"href":"https:\/\/loginfo24.com\/es\/wp-json\/wp\/v2\/categories?post=17853"},{"taxonomy":"post_tag","embeddable":true,"href":"https:\/\/loginfo24.com\/es\/wp-json\/wp\/v2\/tags?post=17853"}],"curies":[{"name":"wp","href":"https:\/\/api.w.org\/{rel}","templated":true}]}}