{"id":17777,"date":"2020-06-04T17:30:25","date_gmt":"2020-06-04T15:30:25","guid":{"rendered":"https:\/\/blog.brand-architecture.at\/2020\/06\/04\/andre-heim-nuevo-director-general-de-seaports-of-niedersachsen-gmbh\/"},"modified":"2025-12-15T12:28:36","modified_gmt":"2025-12-15T11:28:36","slug":"andre-heim-nuevo-director-general-de-seaports-of-niedersachsen-gmbh","status":"publish","type":"post","link":"https:\/\/loginfo24.com\/es\/2020\/06\/04\/andre-heim-nuevo-director-general-de-seaports-of-niedersachsen-gmbh\/","title":{"rendered":"Andr\u00e9 Heim nuevo director general de Seaports of Niedersachsen GmbH"},"content":{"rendered":"<p>La sociedad de marketing Seaports of Niedersachsen ha nombrado a Andr\u00e9 Heim como nuevo director general desde el 1 de junio. Sucede a Timo Sch\u00f6n, quien dej\u00f3 la empresa por decisi\u00f3n propia.<\/p>\n<p><span class=\"headline04\"><span style=\"font-family: 'Cambria',serif\">(Oldenburg) La sociedad de marketing portuario \u00abSeaports of Niedersachsen GmbH\u00bb, establecida en 2004, es una exitosa asociaci\u00f3n entre la industria portuaria privada en Niedersachsen y el Ministerio de Econom\u00eda, Trabajo, Transporte y Digitalizaci\u00f3n de Niedersachsen.<\/span><\/span><\/p>\n<p><span style=\"font-family: 'Cambria',serif\">Con efecto a partir del 01 de junio de 2020, Andr\u00e9 Heim ha asumido la direcci\u00f3n de Seaports of Niedersachsen GmbH. \u00abEstoy emocionado por este nuevo desaf\u00edo profesional y agradecido por la confianza del consejo de supervisi\u00f3n. Junto con el equipo de Seaports, quiero comprometerme intensamente con los intereses de nuestros nueve puertos mar\u00edtimos de Niedersachsen. Un nuevo enfoque ser\u00e1 el desarrollo digital de la marca paraguas Seaports of Niedersachsen para la comercializaci\u00f3n global de los puertos mar\u00edtimos\u00bb, dice Heim.<\/span><\/p>\n<p>El presidente del consejo de supervisi\u00f3n, Karsten Dirks, enfatiza: \u00abEstamos contentos de haber encontrado en Andr\u00e9 Heim un experto en marketing con experiencia internacional que est\u00e1 muy familiarizado con los procesos y que ha construido una amplia red dentro de la industria portuaria y la pol\u00edtica durante su tiempo en Seaports\u00bb.<\/p>\n<p>El diplomado en comercio de 41 a\u00f1os es originario de Oldenburg y ha estado a cargo del \u00e1rea de marketing y comunicaci\u00f3n desde noviembre de 2013. Desde el principio, trabaj\u00f3 en estrecha colaboraci\u00f3n con la direcci\u00f3n y contribuy\u00f3 significativamente a la comercializaci\u00f3n de los puertos mar\u00edtimos de Niedersachsen. Antes de su trabajo en Seaports, Andr\u00e9 Heim fue gerente de marketing en JadeWeserPort Realisierungsgesellschaft en Wilhelmshaven durante casi 5 a\u00f1os.<\/p>\n<p>El anterior director general de Seaports of Niedersachsen GmbH, Timo Sch\u00f6n, dej\u00f3 la empresa por decisi\u00f3n propia el 31 de mayo de 2020 y se dedicar\u00e1 a una nueva tarea profesional dentro de la industria. Junto a Andr\u00e9 Heim, Felix Jahn continuar\u00e1 como segundo director general, encargado de la conexi\u00f3n de la sociedad de marketing, especialmente entre la c\u00e1mara de comercio e industria y los \u00f3rganos pol\u00edticos. Jahn es director general de tr\u00e1fico de la c\u00e1mara de comercio e industria de Oldenburg.<\/p>\n<p><span style=\"font-family: 'Cambria',serif\">Foto: \u00a9 Seaports of Niedersachsen<\/span><\/p>\n<p style=\"text-align: justify\"><span style=\"font-family: 'Cambria',serif\"><a href=\"https:\/\/www.seaports.de\" target=\"_blank\" rel=\"noopener noreferrer\">www.seaports.de<\/a>  <\/span><\/p>\n","protected":false},"excerpt":{"rendered":"<p>La sociedad de marketing Seaports of Niedersachsen ha nombrado a Andr\u00e9 Heim como nuevo director general desde el 1 de junio. Sucede a Timo Sch\u00f6n, quien<span class=\"excerpt-hellip\"> [\u2026]<\/span><\/p>\n","protected":false},"author":0,"featured_media":0,"comment_status":"open","ping_status":"open","sticky":false,"template":"","format":"standard","meta":{"_acf_changed":false,"footnotes":""},"categories":[1557,1561,1559],"tags":[],"class_list":["post-17777","post","type-post","status-publish","format-standard","hentry","category-forwarding-logistics","category-regions","category-shipping-ports"],"acf":[],"yoast_head":"<!-- This site is optimized with the Yoast SEO plugin v27.3 - https:\/\/yoast.com\/product\/yoast-seo-wordpress\/ -->\n<title>Andr\u00e9 Heim nuevo director general de Seaports of Niedersachsen GmbH - Loginfo24<\/title>\n<meta name=\"robots\" content=\"index, follow, max-snippet:-1, max-image-preview:large, max-video-preview:-1\" \/>\n<link rel=\"canonical\" href=\"https:\/\/loginfo24.com\/es\/2020\/06\/04\/andre-heim-nuevo-director-general-de-seaports-of-niedersachsen-gmbh\/\" \/>\n<meta property=\"og:locale\" content=\"es_ES\" \/>\n<meta property=\"og:type\" content=\"article\" \/>\n<meta property=\"og:title\" content=\"Andr\u00e9 Heim nuevo director general de Seaports of Niedersachsen GmbH - Loginfo24\" \/>\n<meta property=\"og:description\" content=\"La sociedad de marketing Seaports of Niedersachsen ha nombrado a Andr\u00e9 Heim como nuevo director general desde el 1 de junio. Sucede a Timo Sch\u00f6n, quien [\u2026]\" \/>\n<meta property=\"og:url\" content=\"https:\/\/loginfo24.com\/es\/2020\/06\/04\/andre-heim-nuevo-director-general-de-seaports-of-niedersachsen-gmbh\/\" \/>\n<meta property=\"og:site_name\" content=\"Loginfo24\" \/>\n<meta property=\"article:publisher\" content=\"https:\/\/www.facebook.com\/people\/Loginfo24\/100057360583332\/\" \/>\n<meta property=\"article:published_time\" content=\"2020-06-04T15:30:25+00:00\" \/>\n<meta property=\"article:modified_time\" content=\"2025-12-15T11:28:36+00:00\" \/>\n<meta name=\"twitter:card\" content=\"summary_large_image\" \/>\n<meta name=\"twitter:label1\" content=\"Tiempo de lectura\" \/>\n\t<meta name=\"twitter:data1\" content=\"2 minuto\" \/>\n<script type=\"application\/ld+json\" class=\"yoast-schema-graph\">{\"@context\":\"https:\\\/\\\/schema.org\",\"@graph\":[{\"@type\":\"Article\",\"@id\":\"https:\\\/\\\/loginfo24.com\\\/es\\\/2020\\\/06\\\/04\\\/andre-heim-nuevo-director-general-de-seaports-of-niedersachsen-gmbh\\\/#article\",\"isPartOf\":{\"@id\":\"https:\\\/\\\/loginfo24.com\\\/es\\\/2020\\\/06\\\/04\\\/andre-heim-nuevo-director-general-de-seaports-of-niedersachsen-gmbh\\\/\"},\"author\":{\"name\":\"\",\"@id\":\"\"},\"headline\":\"Andr\u00e9 Heim nuevo director general de Seaports of Niedersachsen GmbH\",\"datePublished\":\"2020-06-04T15:30:25+00:00\",\"dateModified\":\"2025-12-15T11:28:36+00:00\",\"mainEntityOfPage\":{\"@id\":\"https:\\\/\\\/loginfo24.com\\\/es\\\/2020\\\/06\\\/04\\\/andre-heim-nuevo-director-general-de-seaports-of-niedersachsen-gmbh\\\/\"},\"wordCount\":384,\"commentCount\":0,\"publisher\":{\"@id\":\"https:\\\/\\\/loginfo24.com\\\/es\\\/#organization\"},\"articleSection\":[\"Forwarding &amp; Logistics\",\"Regions\",\"Shipping &amp; Ports\"],\"inLanguage\":\"es\",\"potentialAction\":[{\"@type\":\"CommentAction\",\"name\":\"Comment\",\"target\":[\"https:\\\/\\\/loginfo24.com\\\/es\\\/2020\\\/06\\\/04\\\/andre-heim-nuevo-director-general-de-seaports-of-niedersachsen-gmbh\\\/#respond\"]}]},{\"@type\":\"WebPage\",\"@id\":\"https:\\\/\\\/loginfo24.com\\\/es\\\/2020\\\/06\\\/04\\\/andre-heim-nuevo-director-general-de-seaports-of-niedersachsen-gmbh\\\/\",\"url\":\"https:\\\/\\\/loginfo24.com\\\/es\\\/2020\\\/06\\\/04\\\/andre-heim-nuevo-director-general-de-seaports-of-niedersachsen-gmbh\\\/\",\"name\":\"Andr\u00e9 Heim nuevo director general de Seaports of Niedersachsen GmbH - Loginfo24\",\"isPartOf\":{\"@id\":\"https:\\\/\\\/loginfo24.com\\\/es\\\/#website\"},\"datePublished\":\"2020-06-04T15:30:25+00:00\",\"dateModified\":\"2025-12-15T11:28:36+00:00\",\"breadcrumb\":{\"@id\":\"https:\\\/\\\/loginfo24.com\\\/es\\\/2020\\\/06\\\/04\\\/andre-heim-nuevo-director-general-de-seaports-of-niedersachsen-gmbh\\\/#breadcrumb\"},\"inLanguage\":\"es\",\"potentialAction\":[{\"@type\":\"ReadAction\",\"target\":[\"https:\\\/\\\/loginfo24.com\\\/es\\\/2020\\\/06\\\/04\\\/andre-heim-nuevo-director-general-de-seaports-of-niedersachsen-gmbh\\\/\"]}]},{\"@type\":\"BreadcrumbList\",\"@id\":\"https:\\\/\\\/loginfo24.com\\\/es\\\/2020\\\/06\\\/04\\\/andre-heim-nuevo-director-general-de-seaports-of-niedersachsen-gmbh\\\/#breadcrumb\",\"itemListElement\":[{\"@type\":\"ListItem\",\"position\":1,\"name\":\"Startseite\",\"item\":\"https:\\\/\\\/loginfo24.com\\\/es\\\/\"},{\"@type\":\"ListItem\",\"position\":2,\"name\":\"Andr\u00e9 Heim nuevo director general de Seaports of Niedersachsen GmbH\"}]},{\"@type\":\"WebSite\",\"@id\":\"https:\\\/\\\/loginfo24.com\\\/es\\\/#website\",\"url\":\"https:\\\/\\\/loginfo24.com\\\/es\\\/\",\"name\":\"Loginfo24\",\"description\":\"Loginfo24 es la plataforma dedicada a la log\u00edstica y las cadenas de suministro con informaci\u00f3n las 24 horas del d\u00eda.\",\"publisher\":{\"@id\":\"https:\\\/\\\/loginfo24.com\\\/es\\\/#organization\"},\"potentialAction\":[{\"@type\":\"SearchAction\",\"target\":{\"@type\":\"EntryPoint\",\"urlTemplate\":\"https:\\\/\\\/loginfo24.com\\\/es\\\/?s={search_term_string}\"},\"query-input\":{\"@type\":\"PropertyValueSpecification\",\"valueRequired\":true,\"valueName\":\"search_term_string\"}}],\"inLanguage\":\"es\"},{\"@type\":\"Organization\",\"@id\":\"https:\\\/\\\/loginfo24.com\\\/es\\\/#organization\",\"name\":\"Grupo Logismedia AG\",\"url\":\"https:\\\/\\\/loginfo24.com\\\/es\\\/\",\"logo\":{\"@type\":\"ImageObject\",\"inLanguage\":\"es\",\"@id\":\"https:\\\/\\\/loginfo24.com\\\/es\\\/#\\\/schema\\\/logo\\\/image\\\/\",\"url\":\"https:\\\/\\\/loginfo24.com\\\/wp-content\\\/uploads\\\/sites\\\/7\\\/2026\\\/01\\\/Logo_LogInfo24.png\",\"contentUrl\":\"https:\\\/\\\/loginfo24.com\\\/wp-content\\\/uploads\\\/sites\\\/7\\\/2026\\\/01\\\/Logo_LogInfo24.png\",\"width\":938,\"height\":351,\"caption\":\"Grupo Logismedia AG\"},\"image\":{\"@id\":\"https:\\\/\\\/loginfo24.com\\\/es\\\/#\\\/schema\\\/logo\\\/image\\\/\"},\"sameAs\":[\"https:\\\/\\\/www.facebook.com\\\/people\\\/Loginfo24\\\/100057360583332\\\/\",\"https:\\\/\\\/www.linkedin.com\\\/company\\\/lofinfo24\\\/\"]}]}<\/script>\n<!-- \/ Yoast SEO plugin. -->","yoast_head_json":{"title":"Andr\u00e9 Heim nuevo director general de Seaports of Niedersachsen GmbH - Loginfo24","robots":{"index":"index","follow":"follow","max-snippet":"max-snippet:-1","max-image-preview":"max-image-preview:large","max-video-preview":"max-video-preview:-1"},"canonical":"https:\/\/loginfo24.com\/es\/2020\/06\/04\/andre-heim-nuevo-director-general-de-seaports-of-niedersachsen-gmbh\/","og_locale":"es_ES","og_type":"article","og_title":"Andr\u00e9 Heim nuevo director general de Seaports of Niedersachsen GmbH - Loginfo24","og_description":"La sociedad de marketing Seaports of Niedersachsen ha nombrado a Andr\u00e9 Heim como nuevo director general desde el 1 de junio. Sucede a Timo Sch\u00f6n, quien [\u2026]","og_url":"https:\/\/loginfo24.com\/es\/2020\/06\/04\/andre-heim-nuevo-director-general-de-seaports-of-niedersachsen-gmbh\/","og_site_name":"Loginfo24","article_publisher":"https:\/\/www.facebook.com\/people\/Loginfo24\/100057360583332\/","article_published_time":"2020-06-04T15:30:25+00:00","article_modified_time":"2025-12-15T11:28:36+00:00","twitter_card":"summary_large_image","twitter_misc":{"Tiempo de lectura":"2 minuto"},"schema":{"@context":"https:\/\/schema.org","@graph":[{"@type":"Article","@id":"https:\/\/loginfo24.com\/es\/2020\/06\/04\/andre-heim-nuevo-director-general-de-seaports-of-niedersachsen-gmbh\/#article","isPartOf":{"@id":"https:\/\/loginfo24.com\/es\/2020\/06\/04\/andre-heim-nuevo-director-general-de-seaports-of-niedersachsen-gmbh\/"},"author":{"name":"","@id":""},"headline":"Andr\u00e9 Heim nuevo director general de Seaports of Niedersachsen GmbH","datePublished":"2020-06-04T15:30:25+00:00","dateModified":"2025-12-15T11:28:36+00:00","mainEntityOfPage":{"@id":"https:\/\/loginfo24.com\/es\/2020\/06\/04\/andre-heim-nuevo-director-general-de-seaports-of-niedersachsen-gmbh\/"},"wordCount":384,"commentCount":0,"publisher":{"@id":"https:\/\/loginfo24.com\/es\/#organization"},"articleSection":["Forwarding &amp; Logistics","Regions","Shipping &amp; Ports"],"inLanguage":"es","potentialAction":[{"@type":"CommentAction","name":"Comment","target":["https:\/\/loginfo24.com\/es\/2020\/06\/04\/andre-heim-nuevo-director-general-de-seaports-of-niedersachsen-gmbh\/#respond"]}]},{"@type":"WebPage","@id":"https:\/\/loginfo24.com\/es\/2020\/06\/04\/andre-heim-nuevo-director-general-de-seaports-of-niedersachsen-gmbh\/","url":"https:\/\/loginfo24.com\/es\/2020\/06\/04\/andre-heim-nuevo-director-general-de-seaports-of-niedersachsen-gmbh\/","name":"Andr\u00e9 Heim nuevo director general de Seaports of Niedersachsen GmbH - Loginfo24","isPartOf":{"@id":"https:\/\/loginfo24.com\/es\/#website"},"datePublished":"2020-06-04T15:30:25+00:00","dateModified":"2025-12-15T11:28:36+00:00","breadcrumb":{"@id":"https:\/\/loginfo24.com\/es\/2020\/06\/04\/andre-heim-nuevo-director-general-de-seaports-of-niedersachsen-gmbh\/#breadcrumb"},"inLanguage":"es","potentialAction":[{"@type":"ReadAction","target":["https:\/\/loginfo24.com\/es\/2020\/06\/04\/andre-heim-nuevo-director-general-de-seaports-of-niedersachsen-gmbh\/"]}]},{"@type":"BreadcrumbList","@id":"https:\/\/loginfo24.com\/es\/2020\/06\/04\/andre-heim-nuevo-director-general-de-seaports-of-niedersachsen-gmbh\/#breadcrumb","itemListElement":[{"@type":"ListItem","position":1,"name":"Startseite","item":"https:\/\/loginfo24.com\/es\/"},{"@type":"ListItem","position":2,"name":"Andr\u00e9 Heim nuevo director general de Seaports of Niedersachsen GmbH"}]},{"@type":"WebSite","@id":"https:\/\/loginfo24.com\/es\/#website","url":"https:\/\/loginfo24.com\/es\/","name":"Loginfo24","description":"Loginfo24 es la plataforma dedicada a la log\u00edstica y las cadenas de suministro con informaci\u00f3n las 24 horas del d\u00eda.","publisher":{"@id":"https:\/\/loginfo24.com\/es\/#organization"},"potentialAction":[{"@type":"SearchAction","target":{"@type":"EntryPoint","urlTemplate":"https:\/\/loginfo24.com\/es\/?s={search_term_string}"},"query-input":{"@type":"PropertyValueSpecification","valueRequired":true,"valueName":"search_term_string"}}],"inLanguage":"es"},{"@type":"Organization","@id":"https:\/\/loginfo24.com\/es\/#organization","name":"Grupo Logismedia AG","url":"https:\/\/loginfo24.com\/es\/","logo":{"@type":"ImageObject","inLanguage":"es","@id":"https:\/\/loginfo24.com\/es\/#\/schema\/logo\/image\/","url":"https:\/\/loginfo24.com\/wp-content\/uploads\/sites\/7\/2026\/01\/Logo_LogInfo24.png","contentUrl":"https:\/\/loginfo24.com\/wp-content\/uploads\/sites\/7\/2026\/01\/Logo_LogInfo24.png","width":938,"height":351,"caption":"Grupo Logismedia AG"},"image":{"@id":"https:\/\/loginfo24.com\/es\/#\/schema\/logo\/image\/"},"sameAs":["https:\/\/www.facebook.com\/people\/Loginfo24\/100057360583332\/","https:\/\/www.linkedin.com\/company\/lofinfo24\/"]}]}},"_links":{"self":[{"href":"https:\/\/loginfo24.com\/es\/wp-json\/wp\/v2\/posts\/17777","targetHints":{"allow":["GET"]}}],"collection":[{"href":"https:\/\/loginfo24.com\/es\/wp-json\/wp\/v2\/posts"}],"about":[{"href":"https:\/\/loginfo24.com\/es\/wp-json\/wp\/v2\/types\/post"}],"replies":[{"embeddable":true,"href":"https:\/\/loginfo24.com\/es\/wp-json\/wp\/v2\/comments?post=17777"}],"version-history":[{"count":1,"href":"https:\/\/loginfo24.com\/es\/wp-json\/wp\/v2\/posts\/17777\/revisions"}],"predecessor-version":[{"id":31896,"href":"https:\/\/loginfo24.com\/es\/wp-json\/wp\/v2\/posts\/17777\/revisions\/31896"}],"wp:attachment":[{"href":"https:\/\/loginfo24.com\/es\/wp-json\/wp\/v2\/media?parent=17777"}],"wp:term":[{"taxonomy":"category","embeddable":true,"href":"https:\/\/loginfo24.com\/es\/wp-json\/wp\/v2\/categories?post=17777"},{"taxonomy":"post_tag","embeddable":true,"href":"https:\/\/loginfo24.com\/es\/wp-json\/wp\/v2\/tags?post=17777"}],"curies":[{"name":"wp","href":"https:\/\/api.w.org\/{rel}","templated":true}]}}