{"id":17765,"date":"2020-06-04T08:45:44","date_gmt":"2020-06-04T06:45:44","guid":{"rendered":"https:\/\/blog.brand-architecture.at\/2020\/06\/04\/aldi-apuesta-por-paletas-de-plastico-de-dusseldorf\/"},"modified":"2025-12-15T12:28:33","modified_gmt":"2025-12-15T11:28:33","slug":"aldi-apuesta-por-paletas-de-plastico-de-dusseldorf","status":"publish","type":"post","link":"https:\/\/loginfo24.com\/es\/2020\/06\/04\/aldi-apuesta-por-paletas-de-plastico-de-dusseldorf\/","title":{"rendered":"ALDI apuesta por paletas de pl\u00e1stico de D\u00fcsseldorf"},"content":{"rendered":"<p><p>ALDI Nord y ALDI S\u00fcd reemplazar\u00e1n a partir del oto\u00f1o de 2020 las paletas de madera (80&#215;60 cm) en toda la empresa por la llamada paleta de D\u00fcsseldorf de pl\u00e1stico. Las nuevas paletas son m\u00e1s econ\u00f3micas y completamente reciclables.<\/p>\n<p>(Essen\/M\u00fclheim a.d.R.) ALDI Nord y ALDI S\u00dcD est\u00e1n introduciendo una paleta de D\u00fcsseldorf de pl\u00e1stico en toda la empresa. A partir del oto\u00f1o de 2020, ambos discounters reemplazar\u00e1n gradualmente la cl\u00e1sica paleta de madera de 80 por 60 cent\u00edmetros por una versi\u00f3n de pl\u00e1stico duradera y, al mismo tiempo, m\u00e1s econ\u00f3mica. La llamada \u00abpaleta de D\u00fcsseldorf de pl\u00e1stico\u00bb (KDP) es completamente reciclable y ya est\u00e1 compuesta en aproximadamente un tercio por material reciclado, es decir, pl\u00e1stico reutilizado, entre otros, de la bolsa amarilla. La KDP es producida por Walther Faltsysteme.<\/p>\n<p>\u00abLas paletas de pl\u00e1stico son tecnol\u00f3gicamente de \u00faltima generaci\u00f3n. Una verdadera innovaci\u00f3n para la optimizaci\u00f3n de las cadenas de suministro en el comercio minorista de alimentos\u00bb, dice Stefan Ruhland, Director de Gesti\u00f3n Log\u00edstica en ALDI S\u00dcD. La paleta ofrece una carga est\u00e1tica de hasta 1.000 kilos y una carga din\u00e1mica de 500 kilos y es adecuada para todos los sistemas de transporte comunes. En la cubierta de la paleta se ha incorporado un contorno especial, que hace que la KDP sea especialmente compatible con las conocidas cajas reutilizables del sector de frutas y verduras, ofreciendo as\u00ed una alta resistencia al deslizamiento y estabilidad. Las asas y los tapones antideslizantes garantizan una mayor seguridad en el trabajo y el transporte.<\/p>\n<p><strong>El sistema de pooling reemplaza el principio de intercambio<\/strong><br \/>A diferencia de las paletas de madera, la KDP no tiene un principio de intercambio. En su lugar, la provisi\u00f3n de la KDP para los proveedores se realiza a trav\u00e9s de un sistema de pooling operado por Polymer Logistics. Despu\u00e9s de cada ciclo, las paletas vac\u00edas son revisadas por el proveedor de servicios por da\u00f1os y limpiadas. Esto tambi\u00e9n cumple con est\u00e1ndares de higiene m\u00e1s altos. Otra ventaja: los chips RFID integrados y las etiquetas de c\u00f3digo de barras permiten un registro preciso de cada paleta. \u00abEl proveedor de servicios de pooling puede rastrear en cualquier momento cu\u00e1ntas paletas se encuentran en los dep\u00f3sitos, en el proveedor y en el comerciante. Esto tambi\u00e9n reduce la p\u00e9rdida de paletas\u00bb, explica Arne Ringkowski, l\u00edder de equipo de log\u00edstica de retorno en ALDI Nord.<\/p>\n<p><strong>Reparaci\u00f3n sencilla y reciclabilidad<\/strong><br \/>Las paletas de D\u00fcsseldorf de madera generalmente no son utilizables despu\u00e9s de unos pocos ciclos y su reparaci\u00f3n suele ser poco rentable. \u00abLa KDP se puede reparar sin mucho esfuerzo gracias a su construcci\u00f3n modular. Las patas defectuosas se reemplazan f\u00e1cilmente. Los elementos desechados son reciclables y se someten a un proceso de reciclaje\u00bb, dice Arne Ringkowski. \u00abEstamos convencidos de que nuestros proveedores tambi\u00e9n apreciar\u00e1n las ventajas de la KDP. Visualmente, las nuevas paletas tambi\u00e9n son una ventaja y contribuyen a una presentaci\u00f3n atractiva de los productos en las tiendas\u00bb, a\u00f1ade Stefan Ruhland.<\/p>\n<p>Desde 2016, la KDP ya se utiliza en HOFER y ha sido optimizada continuamente desde entonces. Debido a su buena idoneidad pr\u00e1ctica y la respuesta consistentemente positiva en toda la cadena de suministro, ALDI Nord y ALDI S\u00dcD han decidido introducir la KDP de manera generalizada.<\/p>\n<p>Foto: \u00a9ALDI S\u00dcD<\/p>\n<p><a href=\"https:\/\/www.aldi-nord.de\" target=\"_blank\" rel=\"noopener noreferrer\">www.aldi-nord.de<\/a> - <a href=\"https:\/\/www.aldi-sued.de\" target=\"_blank\" rel=\"noopener noreferrer\">www.aldi-sued.de<\/a><\/p>\n","protected":false},"excerpt":{"rendered":"<p>ALDI Nord y ALDI S\u00fcd reemplazar\u00e1n a partir del oto\u00f1o de 2020 las paletas de madera (80&#215;60 cm) en toda la empresa por la llamada paleta<span class=\"excerpt-hellip\"> [\u2026]<\/span><\/p>\n","protected":false},"author":0,"featured_media":0,"comment_status":"open","ping_status":"open","sticky":false,"template":"","format":"standard","meta":{"_acf_changed":false,"footnotes":""},"categories":[1557,1556,1561],"tags":[],"class_list":["post-17765","post","type-post","status-publish","format-standard","hentry","category-forwarding-logistics","category-intermodal-road","category-regions"],"acf":[],"yoast_head":"<!-- This site is optimized with the Yoast SEO plugin v27.3 - https:\/\/yoast.com\/product\/yoast-seo-wordpress\/ -->\n<title>ALDI apuesta por paletas de pl\u00e1stico de D\u00fcsseldorf - Loginfo24<\/title>\n<meta name=\"robots\" content=\"index, follow, max-snippet:-1, max-image-preview:large, max-video-preview:-1\" \/>\n<link rel=\"canonical\" href=\"https:\/\/loginfo24.com\/es\/2020\/06\/04\/aldi-apuesta-por-paletas-de-plastico-de-dusseldorf\/\" \/>\n<meta property=\"og:locale\" content=\"es_ES\" \/>\n<meta property=\"og:type\" content=\"article\" \/>\n<meta property=\"og:title\" content=\"ALDI apuesta por paletas de pl\u00e1stico de D\u00fcsseldorf - Loginfo24\" \/>\n<meta property=\"og:description\" content=\"ALDI Nord y ALDI S\u00fcd reemplazar\u00e1n a partir del oto\u00f1o de 2020 las paletas de madera (80&#215;60 cm) en toda la empresa por la llamada paleta [\u2026]\" \/>\n<meta property=\"og:url\" content=\"https:\/\/loginfo24.com\/es\/2020\/06\/04\/aldi-apuesta-por-paletas-de-plastico-de-dusseldorf\/\" \/>\n<meta property=\"og:site_name\" content=\"Loginfo24\" \/>\n<meta property=\"article:publisher\" content=\"https:\/\/www.facebook.com\/people\/Loginfo24\/100057360583332\/\" \/>\n<meta property=\"article:published_time\" content=\"2020-06-04T06:45:44+00:00\" \/>\n<meta property=\"article:modified_time\" content=\"2025-12-15T11:28:33+00:00\" \/>\n<meta name=\"twitter:card\" content=\"summary_large_image\" \/>\n<meta name=\"twitter:label1\" content=\"Tiempo de lectura\" \/>\n\t<meta name=\"twitter:data1\" content=\"3 minuto\" \/>\n<script type=\"application\/ld+json\" class=\"yoast-schema-graph\">{\"@context\":\"https:\\\/\\\/schema.org\",\"@graph\":[{\"@type\":\"Article\",\"@id\":\"https:\\\/\\\/loginfo24.com\\\/es\\\/2020\\\/06\\\/04\\\/aldi-apuesta-por-paletas-de-plastico-de-dusseldorf\\\/#article\",\"isPartOf\":{\"@id\":\"https:\\\/\\\/loginfo24.com\\\/es\\\/2020\\\/06\\\/04\\\/aldi-apuesta-por-paletas-de-plastico-de-dusseldorf\\\/\"},\"author\":{\"name\":\"\",\"@id\":\"\"},\"headline\":\"ALDI apuesta por paletas de pl\u00e1stico de D\u00fcsseldorf\",\"datePublished\":\"2020-06-04T06:45:44+00:00\",\"dateModified\":\"2025-12-15T11:28:33+00:00\",\"mainEntityOfPage\":{\"@id\":\"https:\\\/\\\/loginfo24.com\\\/es\\\/2020\\\/06\\\/04\\\/aldi-apuesta-por-paletas-de-plastico-de-dusseldorf\\\/\"},\"wordCount\":609,\"commentCount\":0,\"publisher\":{\"@id\":\"https:\\\/\\\/loginfo24.com\\\/es\\\/#organization\"},\"articleSection\":[\"Forwarding &amp; Logistics\",\"Intermodal \\\/ Road\",\"Regions\"],\"inLanguage\":\"es\",\"potentialAction\":[{\"@type\":\"CommentAction\",\"name\":\"Comment\",\"target\":[\"https:\\\/\\\/loginfo24.com\\\/es\\\/2020\\\/06\\\/04\\\/aldi-apuesta-por-paletas-de-plastico-de-dusseldorf\\\/#respond\"]}]},{\"@type\":\"WebPage\",\"@id\":\"https:\\\/\\\/loginfo24.com\\\/es\\\/2020\\\/06\\\/04\\\/aldi-apuesta-por-paletas-de-plastico-de-dusseldorf\\\/\",\"url\":\"https:\\\/\\\/loginfo24.com\\\/es\\\/2020\\\/06\\\/04\\\/aldi-apuesta-por-paletas-de-plastico-de-dusseldorf\\\/\",\"name\":\"ALDI apuesta por paletas de pl\u00e1stico de D\u00fcsseldorf - Loginfo24\",\"isPartOf\":{\"@id\":\"https:\\\/\\\/loginfo24.com\\\/es\\\/#website\"},\"datePublished\":\"2020-06-04T06:45:44+00:00\",\"dateModified\":\"2025-12-15T11:28:33+00:00\",\"breadcrumb\":{\"@id\":\"https:\\\/\\\/loginfo24.com\\\/es\\\/2020\\\/06\\\/04\\\/aldi-apuesta-por-paletas-de-plastico-de-dusseldorf\\\/#breadcrumb\"},\"inLanguage\":\"es\",\"potentialAction\":[{\"@type\":\"ReadAction\",\"target\":[\"https:\\\/\\\/loginfo24.com\\\/es\\\/2020\\\/06\\\/04\\\/aldi-apuesta-por-paletas-de-plastico-de-dusseldorf\\\/\"]}]},{\"@type\":\"BreadcrumbList\",\"@id\":\"https:\\\/\\\/loginfo24.com\\\/es\\\/2020\\\/06\\\/04\\\/aldi-apuesta-por-paletas-de-plastico-de-dusseldorf\\\/#breadcrumb\",\"itemListElement\":[{\"@type\":\"ListItem\",\"position\":1,\"name\":\"Startseite\",\"item\":\"https:\\\/\\\/loginfo24.com\\\/es\\\/\"},{\"@type\":\"ListItem\",\"position\":2,\"name\":\"ALDI apuesta por paletas de pl\u00e1stico de D\u00fcsseldorf\"}]},{\"@type\":\"WebSite\",\"@id\":\"https:\\\/\\\/loginfo24.com\\\/es\\\/#website\",\"url\":\"https:\\\/\\\/loginfo24.com\\\/es\\\/\",\"name\":\"Loginfo24\",\"description\":\"Loginfo24 es la plataforma dedicada a la log\u00edstica y las cadenas de suministro con informaci\u00f3n las 24 horas del d\u00eda.\",\"publisher\":{\"@id\":\"https:\\\/\\\/loginfo24.com\\\/es\\\/#organization\"},\"potentialAction\":[{\"@type\":\"SearchAction\",\"target\":{\"@type\":\"EntryPoint\",\"urlTemplate\":\"https:\\\/\\\/loginfo24.com\\\/es\\\/?s={search_term_string}\"},\"query-input\":{\"@type\":\"PropertyValueSpecification\",\"valueRequired\":true,\"valueName\":\"search_term_string\"}}],\"inLanguage\":\"es\"},{\"@type\":\"Organization\",\"@id\":\"https:\\\/\\\/loginfo24.com\\\/es\\\/#organization\",\"name\":\"Grupo Logismedia AG\",\"url\":\"https:\\\/\\\/loginfo24.com\\\/es\\\/\",\"logo\":{\"@type\":\"ImageObject\",\"inLanguage\":\"es\",\"@id\":\"https:\\\/\\\/loginfo24.com\\\/es\\\/#\\\/schema\\\/logo\\\/image\\\/\",\"url\":\"https:\\\/\\\/loginfo24.com\\\/wp-content\\\/uploads\\\/sites\\\/7\\\/2026\\\/01\\\/Logo_LogInfo24.png\",\"contentUrl\":\"https:\\\/\\\/loginfo24.com\\\/wp-content\\\/uploads\\\/sites\\\/7\\\/2026\\\/01\\\/Logo_LogInfo24.png\",\"width\":938,\"height\":351,\"caption\":\"Grupo Logismedia AG\"},\"image\":{\"@id\":\"https:\\\/\\\/loginfo24.com\\\/es\\\/#\\\/schema\\\/logo\\\/image\\\/\"},\"sameAs\":[\"https:\\\/\\\/www.facebook.com\\\/people\\\/Loginfo24\\\/100057360583332\\\/\",\"https:\\\/\\\/www.linkedin.com\\\/company\\\/lofinfo24\\\/\"]}]}<\/script>\n<!-- \/ Yoast SEO plugin. -->","yoast_head_json":{"title":"ALDI apuesta por paletas de pl\u00e1stico de D\u00fcsseldorf - Loginfo24","robots":{"index":"index","follow":"follow","max-snippet":"max-snippet:-1","max-image-preview":"max-image-preview:large","max-video-preview":"max-video-preview:-1"},"canonical":"https:\/\/loginfo24.com\/es\/2020\/06\/04\/aldi-apuesta-por-paletas-de-plastico-de-dusseldorf\/","og_locale":"es_ES","og_type":"article","og_title":"ALDI apuesta por paletas de pl\u00e1stico de D\u00fcsseldorf - Loginfo24","og_description":"ALDI Nord y ALDI S\u00fcd reemplazar\u00e1n a partir del oto\u00f1o de 2020 las paletas de madera (80&#215;60 cm) en toda la empresa por la llamada paleta [\u2026]","og_url":"https:\/\/loginfo24.com\/es\/2020\/06\/04\/aldi-apuesta-por-paletas-de-plastico-de-dusseldorf\/","og_site_name":"Loginfo24","article_publisher":"https:\/\/www.facebook.com\/people\/Loginfo24\/100057360583332\/","article_published_time":"2020-06-04T06:45:44+00:00","article_modified_time":"2025-12-15T11:28:33+00:00","twitter_card":"summary_large_image","twitter_misc":{"Tiempo de lectura":"3 minuto"},"schema":{"@context":"https:\/\/schema.org","@graph":[{"@type":"Article","@id":"https:\/\/loginfo24.com\/es\/2020\/06\/04\/aldi-apuesta-por-paletas-de-plastico-de-dusseldorf\/#article","isPartOf":{"@id":"https:\/\/loginfo24.com\/es\/2020\/06\/04\/aldi-apuesta-por-paletas-de-plastico-de-dusseldorf\/"},"author":{"name":"","@id":""},"headline":"ALDI apuesta por paletas de pl\u00e1stico de D\u00fcsseldorf","datePublished":"2020-06-04T06:45:44+00:00","dateModified":"2025-12-15T11:28:33+00:00","mainEntityOfPage":{"@id":"https:\/\/loginfo24.com\/es\/2020\/06\/04\/aldi-apuesta-por-paletas-de-plastico-de-dusseldorf\/"},"wordCount":609,"commentCount":0,"publisher":{"@id":"https:\/\/loginfo24.com\/es\/#organization"},"articleSection":["Forwarding &amp; Logistics","Intermodal \/ Road","Regions"],"inLanguage":"es","potentialAction":[{"@type":"CommentAction","name":"Comment","target":["https:\/\/loginfo24.com\/es\/2020\/06\/04\/aldi-apuesta-por-paletas-de-plastico-de-dusseldorf\/#respond"]}]},{"@type":"WebPage","@id":"https:\/\/loginfo24.com\/es\/2020\/06\/04\/aldi-apuesta-por-paletas-de-plastico-de-dusseldorf\/","url":"https:\/\/loginfo24.com\/es\/2020\/06\/04\/aldi-apuesta-por-paletas-de-plastico-de-dusseldorf\/","name":"ALDI apuesta por paletas de pl\u00e1stico de D\u00fcsseldorf - Loginfo24","isPartOf":{"@id":"https:\/\/loginfo24.com\/es\/#website"},"datePublished":"2020-06-04T06:45:44+00:00","dateModified":"2025-12-15T11:28:33+00:00","breadcrumb":{"@id":"https:\/\/loginfo24.com\/es\/2020\/06\/04\/aldi-apuesta-por-paletas-de-plastico-de-dusseldorf\/#breadcrumb"},"inLanguage":"es","potentialAction":[{"@type":"ReadAction","target":["https:\/\/loginfo24.com\/es\/2020\/06\/04\/aldi-apuesta-por-paletas-de-plastico-de-dusseldorf\/"]}]},{"@type":"BreadcrumbList","@id":"https:\/\/loginfo24.com\/es\/2020\/06\/04\/aldi-apuesta-por-paletas-de-plastico-de-dusseldorf\/#breadcrumb","itemListElement":[{"@type":"ListItem","position":1,"name":"Startseite","item":"https:\/\/loginfo24.com\/es\/"},{"@type":"ListItem","position":2,"name":"ALDI apuesta por paletas de pl\u00e1stico de D\u00fcsseldorf"}]},{"@type":"WebSite","@id":"https:\/\/loginfo24.com\/es\/#website","url":"https:\/\/loginfo24.com\/es\/","name":"Loginfo24","description":"Loginfo24 es la plataforma dedicada a la log\u00edstica y las cadenas de suministro con informaci\u00f3n las 24 horas del d\u00eda.","publisher":{"@id":"https:\/\/loginfo24.com\/es\/#organization"},"potentialAction":[{"@type":"SearchAction","target":{"@type":"EntryPoint","urlTemplate":"https:\/\/loginfo24.com\/es\/?s={search_term_string}"},"query-input":{"@type":"PropertyValueSpecification","valueRequired":true,"valueName":"search_term_string"}}],"inLanguage":"es"},{"@type":"Organization","@id":"https:\/\/loginfo24.com\/es\/#organization","name":"Grupo Logismedia AG","url":"https:\/\/loginfo24.com\/es\/","logo":{"@type":"ImageObject","inLanguage":"es","@id":"https:\/\/loginfo24.com\/es\/#\/schema\/logo\/image\/","url":"https:\/\/loginfo24.com\/wp-content\/uploads\/sites\/7\/2026\/01\/Logo_LogInfo24.png","contentUrl":"https:\/\/loginfo24.com\/wp-content\/uploads\/sites\/7\/2026\/01\/Logo_LogInfo24.png","width":938,"height":351,"caption":"Grupo Logismedia AG"},"image":{"@id":"https:\/\/loginfo24.com\/es\/#\/schema\/logo\/image\/"},"sameAs":["https:\/\/www.facebook.com\/people\/Loginfo24\/100057360583332\/","https:\/\/www.linkedin.com\/company\/lofinfo24\/"]}]}},"_links":{"self":[{"href":"https:\/\/loginfo24.com\/es\/wp-json\/wp\/v2\/posts\/17765","targetHints":{"allow":["GET"]}}],"collection":[{"href":"https:\/\/loginfo24.com\/es\/wp-json\/wp\/v2\/posts"}],"about":[{"href":"https:\/\/loginfo24.com\/es\/wp-json\/wp\/v2\/types\/post"}],"replies":[{"embeddable":true,"href":"https:\/\/loginfo24.com\/es\/wp-json\/wp\/v2\/comments?post=17765"}],"version-history":[{"count":1,"href":"https:\/\/loginfo24.com\/es\/wp-json\/wp\/v2\/posts\/17765\/revisions"}],"predecessor-version":[{"id":31872,"href":"https:\/\/loginfo24.com\/es\/wp-json\/wp\/v2\/posts\/17765\/revisions\/31872"}],"wp:attachment":[{"href":"https:\/\/loginfo24.com\/es\/wp-json\/wp\/v2\/media?parent=17765"}],"wp:term":[{"taxonomy":"category","embeddable":true,"href":"https:\/\/loginfo24.com\/es\/wp-json\/wp\/v2\/categories?post=17765"},{"taxonomy":"post_tag","embeddable":true,"href":"https:\/\/loginfo24.com\/es\/wp-json\/wp\/v2\/tags?post=17765"}],"curies":[{"name":"wp","href":"https:\/\/api.w.org\/{rel}","templated":true}]}}