{"id":17622,"date":"2020-05-25T08:52:49","date_gmt":"2020-05-25T06:52:49","guid":{"rendered":"https:\/\/blog.brand-architecture.at\/2020\/05\/25\/el-grupo-sieber-asume-la-gestion-operativa-de-dst-combitrans-ag\/"},"modified":"2025-12-15T12:27:57","modified_gmt":"2025-12-15T11:27:57","slug":"el-grupo-sieber-asume-la-gestion-operativa-de-dst-combitrans-ag","status":"publish","type":"post","link":"https:\/\/loginfo24.com\/es\/2020\/05\/25\/el-grupo-sieber-asume-la-gestion-operativa-de-dst-combitrans-ag\/","title":{"rendered":"El Grupo Sieber asume la gesti\u00f3n operativa de DST Combitrans AG"},"content":{"rendered":"<p>El Grupo Sieber contin\u00faa fortaleciendo su posici\u00f3n en el mercado suizo de log\u00edstica de muebles al asumir la gesti\u00f3n operativa de DST Combitrans AG. Las actividades log\u00edsticas de DST se integrar\u00e1n completamente en las instalaciones de Sieber Solutions AG. DST Combitrans AG es una filial de Inderm\u00fchle Holding AG.<\/p>\n<p>(Rekingen\/Berneck) Sieber Solutions AG, con sede en Berneck, asumi\u00f3 el 19 de mayo de 2020 la gesti\u00f3n operativa y todo el know-how de procesos de DST Combitrans AG en Rekingen. Gracias a la larga experiencia de ambas empresas en el \u00e1mbito de la log\u00edstica de muebles, se pueden ofrecer a los clientes de DST soluciones integrales de conexi\u00f3n sin problemas. La mayor\u00eda de los aproximadamente 45 empleados recibir\u00e1n nuevos empleos en las instalaciones del Grupo Sieber en Dietikon y Pratteln. La ubicaci\u00f3n actual de la empresa en Rekingen se cerrar\u00e1. La agencia de aduanas en Waldshut-Tiengen no se ve afectada por la transacci\u00f3n.<\/p>\n<p>DST Combitrans AG, fundada en 1988 y con sede en Rekingen, actuaba como socio de servicio completo en las \u00e1reas de transporte, almacenamiento y despachos aduaneros. La oferta de servicios de DST garantizaba una log\u00edstica integral de muebles, electrodom\u00e9sticos y accesorios para clientes comerciales y privados en toda Suiza, Alemania y Austria. Desde 2014, DST era una filial al 100% de Inderm\u00fchle Holding AG y contaba con una flota de aproximadamente 20 veh\u00edculos.<\/p>\n<p>La gesti\u00f3n operativa de DST es un complemento ideal para las actividades del Grupo Sieber, que cuenta con modernos centros log\u00edsticos en toda Suiza y en el extranjero, as\u00ed como con una red de distribuci\u00f3n integral.<\/p>\n<p><strong>La transacci\u00f3n fortalece a\u00fan m\u00e1s la divisi\u00f3n de transporte de muebles de Sieber<\/strong><\/p>\n<p>La integraci\u00f3n del portafolio de DST en Sieber Solutions aumentar\u00e1 a\u00fan m\u00e1s la presencia en el mercado de transporte de muebles y ampliar\u00e1 sistem\u00e1ticamente el modelo de negocio del Grupo Sieber. Sieber Solutions ya es hoy uno de los l\u00edderes en el \u00e1rea de entregas con dos personas para muebles, electrodom\u00e9sticos y otros grupos de productos. \u00abCon la adquisici\u00f3n de la gesti\u00f3n operativa de DST, podemos aprovechar oportunidades de mercado atractivas para expandir a\u00fan m\u00e1s nuestras actividades comerciales en el \u00e1rea de transporte de muebles\u00bb, dice Christian Sieber, presidente de la direcci\u00f3n del Grupo Sieber. \u00abEste es un paso importante en el marco de nuestra estrategia de desarrollo.\u00bb<\/p>\n<p><strong>El Grupo Inderm\u00fchle se centra en el negocio principal<\/strong><\/p>\n<p>Para Sandra Traxler-Inderm\u00fchle, presidenta del consejo de administraci\u00f3n de Inderm\u00fchle Holding AG, la venta de DST es un paso importante para seguir afinando estrat\u00e9gicamente el grupo empresarial. \u00abComo Grupo Inderm\u00fchle, concentramos nuestras fuerzas de manera coherente en nuestro negocio principal en la actual situaci\u00f3n econ\u00f3mica desafiante. Esto con miras a la responsabilidad empresarial general y tambi\u00e9n para seguir siendo competitivos y poder crecer en nuestro negocio principal. Con la transferencia de la gesti\u00f3n operativa de DST al Grupo Sieber, no solo hemos encontrado una soluci\u00f3n \u00f3ptima para los empleados y los clientes, sino tambi\u00e9n un socio que comparte incondicionalmente nuestra larga tradici\u00f3n empresarial y nuestro compromiso con la calidad.\u00bb<\/p>\n<p>Sobre el contenido del contrato de transacci\u00f3n, ambas partes han acordado mantener la confidencialidad.<\/p>\n<p><strong>Sobre el Grupo Sieber<\/strong><\/p>\n<p>Sieber Solutions AG es una empresa del Grupo Sieber con sede principal en Berneck, en el cant\u00f3n de San Galo. El Grupo Sieber es un proveedor de servicios log\u00edsticos dirigido por Christian Sieber y Michael Sieber, con soluciones trimodales en el tr\u00e1fico de mercanc\u00edas nacional e internacional. La empresa familiar fue fundada en 1974. En sus 17 ubicaciones en Suiza, Austria, EE. UU. y Vietnam, el Grupo Sieber cuenta con aproximadamente 700 empleados.<\/p>\n<p><strong>Sobre Inderm\u00fchle Holding AG<\/strong><\/p>\n<p>El Grupo Inderm\u00fchle, con sede en Rekingen AG, agrupa bajo un mismo techo la experiencia en las \u00e1reas de log\u00edstica (de mercanc\u00edas peligrosas), viajes en autob\u00fas y transporte p\u00fablico, as\u00ed como reparaci\u00f3n y mantenimiento de veh\u00edculos comerciales. Fundada en 1953, la empresa familiar es dirigida por la tercera generaci\u00f3n y emplea a un total de 230 personas en cuatro ubicaciones en Suiza.<\/p>\n<p>Foto: Grupo Inderm\u00fchle<\/p>\n<p><a href=\"https:\/\/www.indermuehle.ch\" target=\"_blank\" rel=\"noopener noreferrer\">www.indermuehle.ch<\/a>\u00a0\u00a0 -\u00a0\u00a0 <a href=\"https:\/\/www.sieber.ch\" target=\"_blank\" rel=\"noopener noreferrer\">www.sieber.ch<\/a><\/p>\n","protected":false},"excerpt":{"rendered":"<p>El Grupo Sieber contin\u00faa fortaleciendo su posici\u00f3n en el mercado suizo de log\u00edstica de muebles al asumir la gesti\u00f3n operativa de DST Combitrans AG. Las actividades<span class=\"excerpt-hellip\"> [\u2026]<\/span><\/p>\n","protected":false},"author":0,"featured_media":0,"comment_status":"open","ping_status":"open","sticky":false,"template":"","format":"standard","meta":{"_acf_changed":false,"footnotes":""},"categories":[1557,1560,1561],"tags":[],"class_list":["post-17622","post","type-post","status-publish","format-standard","hentry","category-forwarding-logistics","category-intralogistics","category-regions"],"acf":[],"yoast_head":"<!-- This site is optimized with the Yoast SEO plugin v27.3 - https:\/\/yoast.com\/product\/yoast-seo-wordpress\/ -->\n<title>El Grupo Sieber asume la gesti\u00f3n operativa de DST Combitrans AG - Loginfo24<\/title>\n<meta name=\"robots\" content=\"index, follow, max-snippet:-1, max-image-preview:large, max-video-preview:-1\" \/>\n<link rel=\"canonical\" href=\"https:\/\/loginfo24.com\/es\/2020\/05\/25\/el-grupo-sieber-asume-la-gestion-operativa-de-dst-combitrans-ag\/\" \/>\n<meta property=\"og:locale\" content=\"es_ES\" \/>\n<meta property=\"og:type\" content=\"article\" \/>\n<meta property=\"og:title\" content=\"El Grupo Sieber asume la gesti\u00f3n operativa de DST Combitrans AG - Loginfo24\" \/>\n<meta property=\"og:description\" content=\"El Grupo Sieber contin\u00faa fortaleciendo su posici\u00f3n en el mercado suizo de log\u00edstica de muebles al asumir la gesti\u00f3n operativa de DST Combitrans AG. Las actividades [\u2026]\" \/>\n<meta property=\"og:url\" content=\"https:\/\/loginfo24.com\/es\/2020\/05\/25\/el-grupo-sieber-asume-la-gestion-operativa-de-dst-combitrans-ag\/\" \/>\n<meta property=\"og:site_name\" content=\"Loginfo24\" \/>\n<meta property=\"article:publisher\" content=\"https:\/\/www.facebook.com\/people\/Loginfo24\/100057360583332\/\" \/>\n<meta property=\"article:published_time\" content=\"2020-05-25T06:52:49+00:00\" \/>\n<meta property=\"article:modified_time\" content=\"2025-12-15T11:27:57+00:00\" \/>\n<meta name=\"twitter:card\" content=\"summary_large_image\" \/>\n<meta name=\"twitter:label1\" content=\"Tiempo de lectura\" \/>\n\t<meta name=\"twitter:data1\" content=\"4 minuto\" \/>\n<script type=\"application\/ld+json\" class=\"yoast-schema-graph\">{\"@context\":\"https:\\\/\\\/schema.org\",\"@graph\":[{\"@type\":\"Article\",\"@id\":\"https:\\\/\\\/loginfo24.com\\\/es\\\/2020\\\/05\\\/25\\\/el-grupo-sieber-asume-la-gestion-operativa-de-dst-combitrans-ag\\\/#article\",\"isPartOf\":{\"@id\":\"https:\\\/\\\/loginfo24.com\\\/es\\\/2020\\\/05\\\/25\\\/el-grupo-sieber-asume-la-gestion-operativa-de-dst-combitrans-ag\\\/\"},\"author\":{\"name\":\"\",\"@id\":\"\"},\"headline\":\"El Grupo Sieber asume la gesti\u00f3n operativa de DST Combitrans AG\",\"datePublished\":\"2020-05-25T06:52:49+00:00\",\"dateModified\":\"2025-12-15T11:27:57+00:00\",\"mainEntityOfPage\":{\"@id\":\"https:\\\/\\\/loginfo24.com\\\/es\\\/2020\\\/05\\\/25\\\/el-grupo-sieber-asume-la-gestion-operativa-de-dst-combitrans-ag\\\/\"},\"wordCount\":732,\"commentCount\":0,\"publisher\":{\"@id\":\"https:\\\/\\\/loginfo24.com\\\/es\\\/#organization\"},\"articleSection\":[\"Forwarding &amp; Logistics\",\"Intralogistics\",\"Regions\"],\"inLanguage\":\"es\",\"potentialAction\":[{\"@type\":\"CommentAction\",\"name\":\"Comment\",\"target\":[\"https:\\\/\\\/loginfo24.com\\\/es\\\/2020\\\/05\\\/25\\\/el-grupo-sieber-asume-la-gestion-operativa-de-dst-combitrans-ag\\\/#respond\"]}]},{\"@type\":\"WebPage\",\"@id\":\"https:\\\/\\\/loginfo24.com\\\/es\\\/2020\\\/05\\\/25\\\/el-grupo-sieber-asume-la-gestion-operativa-de-dst-combitrans-ag\\\/\",\"url\":\"https:\\\/\\\/loginfo24.com\\\/es\\\/2020\\\/05\\\/25\\\/el-grupo-sieber-asume-la-gestion-operativa-de-dst-combitrans-ag\\\/\",\"name\":\"El Grupo Sieber asume la gesti\u00f3n operativa de DST Combitrans AG - Loginfo24\",\"isPartOf\":{\"@id\":\"https:\\\/\\\/loginfo24.com\\\/es\\\/#website\"},\"datePublished\":\"2020-05-25T06:52:49+00:00\",\"dateModified\":\"2025-12-15T11:27:57+00:00\",\"breadcrumb\":{\"@id\":\"https:\\\/\\\/loginfo24.com\\\/es\\\/2020\\\/05\\\/25\\\/el-grupo-sieber-asume-la-gestion-operativa-de-dst-combitrans-ag\\\/#breadcrumb\"},\"inLanguage\":\"es\",\"potentialAction\":[{\"@type\":\"ReadAction\",\"target\":[\"https:\\\/\\\/loginfo24.com\\\/es\\\/2020\\\/05\\\/25\\\/el-grupo-sieber-asume-la-gestion-operativa-de-dst-combitrans-ag\\\/\"]}]},{\"@type\":\"BreadcrumbList\",\"@id\":\"https:\\\/\\\/loginfo24.com\\\/es\\\/2020\\\/05\\\/25\\\/el-grupo-sieber-asume-la-gestion-operativa-de-dst-combitrans-ag\\\/#breadcrumb\",\"itemListElement\":[{\"@type\":\"ListItem\",\"position\":1,\"name\":\"Startseite\",\"item\":\"https:\\\/\\\/loginfo24.com\\\/es\\\/\"},{\"@type\":\"ListItem\",\"position\":2,\"name\":\"El Grupo Sieber asume la gesti\u00f3n operativa de DST Combitrans AG\"}]},{\"@type\":\"WebSite\",\"@id\":\"https:\\\/\\\/loginfo24.com\\\/es\\\/#website\",\"url\":\"https:\\\/\\\/loginfo24.com\\\/es\\\/\",\"name\":\"Loginfo24\",\"description\":\"Loginfo24 es la plataforma dedicada a la log\u00edstica y las cadenas de suministro con informaci\u00f3n las 24 horas del d\u00eda.\",\"publisher\":{\"@id\":\"https:\\\/\\\/loginfo24.com\\\/es\\\/#organization\"},\"potentialAction\":[{\"@type\":\"SearchAction\",\"target\":{\"@type\":\"EntryPoint\",\"urlTemplate\":\"https:\\\/\\\/loginfo24.com\\\/es\\\/?s={search_term_string}\"},\"query-input\":{\"@type\":\"PropertyValueSpecification\",\"valueRequired\":true,\"valueName\":\"search_term_string\"}}],\"inLanguage\":\"es\"},{\"@type\":\"Organization\",\"@id\":\"https:\\\/\\\/loginfo24.com\\\/es\\\/#organization\",\"name\":\"Grupo Logismedia AG\",\"url\":\"https:\\\/\\\/loginfo24.com\\\/es\\\/\",\"logo\":{\"@type\":\"ImageObject\",\"inLanguage\":\"es\",\"@id\":\"https:\\\/\\\/loginfo24.com\\\/es\\\/#\\\/schema\\\/logo\\\/image\\\/\",\"url\":\"https:\\\/\\\/loginfo24.com\\\/wp-content\\\/uploads\\\/sites\\\/7\\\/2026\\\/01\\\/Logo_LogInfo24.png\",\"contentUrl\":\"https:\\\/\\\/loginfo24.com\\\/wp-content\\\/uploads\\\/sites\\\/7\\\/2026\\\/01\\\/Logo_LogInfo24.png\",\"width\":938,\"height\":351,\"caption\":\"Grupo Logismedia AG\"},\"image\":{\"@id\":\"https:\\\/\\\/loginfo24.com\\\/es\\\/#\\\/schema\\\/logo\\\/image\\\/\"},\"sameAs\":[\"https:\\\/\\\/www.facebook.com\\\/people\\\/Loginfo24\\\/100057360583332\\\/\",\"https:\\\/\\\/www.linkedin.com\\\/company\\\/lofinfo24\\\/\"]}]}<\/script>\n<!-- \/ Yoast SEO plugin. -->","yoast_head_json":{"title":"El Grupo Sieber asume la gesti\u00f3n operativa de DST Combitrans AG - Loginfo24","robots":{"index":"index","follow":"follow","max-snippet":"max-snippet:-1","max-image-preview":"max-image-preview:large","max-video-preview":"max-video-preview:-1"},"canonical":"https:\/\/loginfo24.com\/es\/2020\/05\/25\/el-grupo-sieber-asume-la-gestion-operativa-de-dst-combitrans-ag\/","og_locale":"es_ES","og_type":"article","og_title":"El Grupo Sieber asume la gesti\u00f3n operativa de DST Combitrans AG - Loginfo24","og_description":"El Grupo Sieber contin\u00faa fortaleciendo su posici\u00f3n en el mercado suizo de log\u00edstica de muebles al asumir la gesti\u00f3n operativa de DST Combitrans AG. Las actividades [\u2026]","og_url":"https:\/\/loginfo24.com\/es\/2020\/05\/25\/el-grupo-sieber-asume-la-gestion-operativa-de-dst-combitrans-ag\/","og_site_name":"Loginfo24","article_publisher":"https:\/\/www.facebook.com\/people\/Loginfo24\/100057360583332\/","article_published_time":"2020-05-25T06:52:49+00:00","article_modified_time":"2025-12-15T11:27:57+00:00","twitter_card":"summary_large_image","twitter_misc":{"Tiempo de lectura":"4 minuto"},"schema":{"@context":"https:\/\/schema.org","@graph":[{"@type":"Article","@id":"https:\/\/loginfo24.com\/es\/2020\/05\/25\/el-grupo-sieber-asume-la-gestion-operativa-de-dst-combitrans-ag\/#article","isPartOf":{"@id":"https:\/\/loginfo24.com\/es\/2020\/05\/25\/el-grupo-sieber-asume-la-gestion-operativa-de-dst-combitrans-ag\/"},"author":{"name":"","@id":""},"headline":"El Grupo Sieber asume la gesti\u00f3n operativa de DST Combitrans AG","datePublished":"2020-05-25T06:52:49+00:00","dateModified":"2025-12-15T11:27:57+00:00","mainEntityOfPage":{"@id":"https:\/\/loginfo24.com\/es\/2020\/05\/25\/el-grupo-sieber-asume-la-gestion-operativa-de-dst-combitrans-ag\/"},"wordCount":732,"commentCount":0,"publisher":{"@id":"https:\/\/loginfo24.com\/es\/#organization"},"articleSection":["Forwarding &amp; Logistics","Intralogistics","Regions"],"inLanguage":"es","potentialAction":[{"@type":"CommentAction","name":"Comment","target":["https:\/\/loginfo24.com\/es\/2020\/05\/25\/el-grupo-sieber-asume-la-gestion-operativa-de-dst-combitrans-ag\/#respond"]}]},{"@type":"WebPage","@id":"https:\/\/loginfo24.com\/es\/2020\/05\/25\/el-grupo-sieber-asume-la-gestion-operativa-de-dst-combitrans-ag\/","url":"https:\/\/loginfo24.com\/es\/2020\/05\/25\/el-grupo-sieber-asume-la-gestion-operativa-de-dst-combitrans-ag\/","name":"El Grupo Sieber asume la gesti\u00f3n operativa de DST Combitrans AG - Loginfo24","isPartOf":{"@id":"https:\/\/loginfo24.com\/es\/#website"},"datePublished":"2020-05-25T06:52:49+00:00","dateModified":"2025-12-15T11:27:57+00:00","breadcrumb":{"@id":"https:\/\/loginfo24.com\/es\/2020\/05\/25\/el-grupo-sieber-asume-la-gestion-operativa-de-dst-combitrans-ag\/#breadcrumb"},"inLanguage":"es","potentialAction":[{"@type":"ReadAction","target":["https:\/\/loginfo24.com\/es\/2020\/05\/25\/el-grupo-sieber-asume-la-gestion-operativa-de-dst-combitrans-ag\/"]}]},{"@type":"BreadcrumbList","@id":"https:\/\/loginfo24.com\/es\/2020\/05\/25\/el-grupo-sieber-asume-la-gestion-operativa-de-dst-combitrans-ag\/#breadcrumb","itemListElement":[{"@type":"ListItem","position":1,"name":"Startseite","item":"https:\/\/loginfo24.com\/es\/"},{"@type":"ListItem","position":2,"name":"El Grupo Sieber asume la gesti\u00f3n operativa de DST Combitrans AG"}]},{"@type":"WebSite","@id":"https:\/\/loginfo24.com\/es\/#website","url":"https:\/\/loginfo24.com\/es\/","name":"Loginfo24","description":"Loginfo24 es la plataforma dedicada a la log\u00edstica y las cadenas de suministro con informaci\u00f3n las 24 horas del d\u00eda.","publisher":{"@id":"https:\/\/loginfo24.com\/es\/#organization"},"potentialAction":[{"@type":"SearchAction","target":{"@type":"EntryPoint","urlTemplate":"https:\/\/loginfo24.com\/es\/?s={search_term_string}"},"query-input":{"@type":"PropertyValueSpecification","valueRequired":true,"valueName":"search_term_string"}}],"inLanguage":"es"},{"@type":"Organization","@id":"https:\/\/loginfo24.com\/es\/#organization","name":"Grupo Logismedia AG","url":"https:\/\/loginfo24.com\/es\/","logo":{"@type":"ImageObject","inLanguage":"es","@id":"https:\/\/loginfo24.com\/es\/#\/schema\/logo\/image\/","url":"https:\/\/loginfo24.com\/wp-content\/uploads\/sites\/7\/2026\/01\/Logo_LogInfo24.png","contentUrl":"https:\/\/loginfo24.com\/wp-content\/uploads\/sites\/7\/2026\/01\/Logo_LogInfo24.png","width":938,"height":351,"caption":"Grupo Logismedia AG"},"image":{"@id":"https:\/\/loginfo24.com\/es\/#\/schema\/logo\/image\/"},"sameAs":["https:\/\/www.facebook.com\/people\/Loginfo24\/100057360583332\/","https:\/\/www.linkedin.com\/company\/lofinfo24\/"]}]}},"_links":{"self":[{"href":"https:\/\/loginfo24.com\/es\/wp-json\/wp\/v2\/posts\/17622","targetHints":{"allow":["GET"]}}],"collection":[{"href":"https:\/\/loginfo24.com\/es\/wp-json\/wp\/v2\/posts"}],"about":[{"href":"https:\/\/loginfo24.com\/es\/wp-json\/wp\/v2\/types\/post"}],"replies":[{"embeddable":true,"href":"https:\/\/loginfo24.com\/es\/wp-json\/wp\/v2\/comments?post=17622"}],"version-history":[{"count":1,"href":"https:\/\/loginfo24.com\/es\/wp-json\/wp\/v2\/posts\/17622\/revisions"}],"predecessor-version":[{"id":31592,"href":"https:\/\/loginfo24.com\/es\/wp-json\/wp\/v2\/posts\/17622\/revisions\/31592"}],"wp:attachment":[{"href":"https:\/\/loginfo24.com\/es\/wp-json\/wp\/v2\/media?parent=17622"}],"wp:term":[{"taxonomy":"category","embeddable":true,"href":"https:\/\/loginfo24.com\/es\/wp-json\/wp\/v2\/categories?post=17622"},{"taxonomy":"post_tag","embeddable":true,"href":"https:\/\/loginfo24.com\/es\/wp-json\/wp\/v2\/tags?post=17622"}],"curies":[{"name":"wp","href":"https:\/\/api.w.org\/{rel}","templated":true}]}}