{"id":17449,"date":"2020-04-28T18:06:27","date_gmt":"2020-04-28T16:06:27","guid":{"rendered":"https:\/\/blog.brand-architecture.at\/2020\/04\/28\/innotrans-se-llevara-a-cabo-del-27-al-30-de-abril-de-2021\/"},"modified":"2025-12-15T12:27:18","modified_gmt":"2025-12-15T11:27:18","slug":"innotrans-se-llevara-a-cabo-del-27-al-30-de-abril-de-2021","status":"publish","type":"post","link":"https:\/\/loginfo24.com\/es\/2020\/04\/28\/innotrans-se-llevara-a-cabo-del-27-al-30-de-abril-de-2021\/","title":{"rendered":"InnoTrans se llevar\u00e1 a cabo del 27 al 30 de abril de 2021"},"content":{"rendered":"<p>La InnoTrans 2020 ha sido cancelada debido a las regulaciones del Senado de Berl\u00edn para grandes eventos. El evento se llevar\u00e1 a cabo del 27 al 30 de abril de 2021.<\/p>\n<p>(Berl\u00edn, 28.04.2020) Para contener el SARS-CoV-2, el Senado de Berl\u00edn ha dispuesto mediante una orden del 21.04.2020 que los grandes eventos, y en particular las ferias con m\u00e1s de 5.000 personas, no pueden llevarse a cabo hasta el 24.10.2020. Por lo tanto, la Feria de Berl\u00edn no puede realizar la InnoTrans como estaba previsto del 22 al 25 de septiembre de 2020.<\/p>\n<p>En coordinaci\u00f3n con las asociaciones fundadoras y los principales l\u00edderes del mercado, la Feria de Berl\u00edn ha decidido posponer la InnoTrans 2020.<\/p>\n<p>\u00abLa salud de los expositores, visitantes profesionales y de todo el personal de la feria tiene la m\u00e1xima prioridad. Por lo tanto, la InnoTrans se llevar\u00e1 a cabo del 27 al 30 de abril de 2021. Agradecemos a todos los expositores de la InnoTrans por su comprensi\u00f3n y lealtad\u00bb, dice Kerstin Schulz, directora de la InnoTrans.<\/p>\n<p><strong>Sobre la InnoTrans<\/strong><br \/>\nLa InnoTrans es la feria internacional l\u00edder en tecnolog\u00eda de transporte, que se celebra cada dos a\u00f1os en Berl\u00edn. 153.421 visitantes profesionales de 149 pa\u00edses se informaron en el evento m\u00e1s reciente con 3.062 expositores de 61 pa\u00edses sobre las innovaciones de la industria ferroviaria global. Los cinco segmentos de la InnoTrans incluyen Tecnolog\u00eda Ferroviaria, Infraestructura Ferroviaria, as\u00ed como Transporte P\u00fablico, Interiores y Construcci\u00f3n de T\u00faneles. El organizador de la InnoTrans es la Feria de Berl\u00edn. La 13. InnoTrans se llevar\u00e1 a cabo del 27 al 30 de abril de 2021 en el recinto ferial de Berl\u00edn.<\/p>\n<p>Foto: Innotrans<\/p>\n<p><a href=\"https:\/\/www.innotrans.com\/\">www.innotrans.com<\/a><\/p>\n","protected":false},"excerpt":{"rendered":"<p>La InnoTrans 2020 ha sido cancelada debido a las regulaciones del Senado de Berl\u00edn para grandes eventos. El evento se llevar\u00e1 a cabo del 27 al<span class=\"excerpt-hellip\"> [\u2026]<\/span><\/p>\n","protected":false},"author":0,"featured_media":0,"comment_status":"open","ping_status":"open","sticky":false,"template":"","format":"standard","meta":{"_acf_changed":false,"footnotes":""},"categories":[1557,1561],"tags":[],"class_list":["post-17449","post","type-post","status-publish","format-standard","hentry","category-forwarding-logistics","category-regions"],"acf":[],"yoast_head":"<!-- This site is optimized with the Yoast SEO plugin v27.3 - https:\/\/yoast.com\/product\/yoast-seo-wordpress\/ -->\n<title>InnoTrans se llevar\u00e1 a cabo del 27 al 30 de abril de 2021 - Loginfo24<\/title>\n<meta name=\"robots\" content=\"index, follow, max-snippet:-1, max-image-preview:large, max-video-preview:-1\" \/>\n<link rel=\"canonical\" href=\"https:\/\/loginfo24.com\/es\/2020\/04\/28\/innotrans-se-llevara-a-cabo-del-27-al-30-de-abril-de-2021\/\" \/>\n<meta property=\"og:locale\" content=\"es_ES\" \/>\n<meta property=\"og:type\" content=\"article\" \/>\n<meta property=\"og:title\" content=\"InnoTrans se llevar\u00e1 a cabo del 27 al 30 de abril de 2021 - Loginfo24\" \/>\n<meta property=\"og:description\" content=\"La InnoTrans 2020 ha sido cancelada debido a las regulaciones del Senado de Berl\u00edn para grandes eventos. El evento se llevar\u00e1 a cabo del 27 al [\u2026]\" \/>\n<meta property=\"og:url\" content=\"https:\/\/loginfo24.com\/es\/2020\/04\/28\/innotrans-se-llevara-a-cabo-del-27-al-30-de-abril-de-2021\/\" \/>\n<meta property=\"og:site_name\" content=\"Loginfo24\" \/>\n<meta property=\"article:publisher\" content=\"https:\/\/www.facebook.com\/people\/Loginfo24\/100057360583332\/\" \/>\n<meta property=\"article:published_time\" content=\"2020-04-28T16:06:27+00:00\" \/>\n<meta property=\"article:modified_time\" content=\"2025-12-15T11:27:18+00:00\" \/>\n<meta name=\"twitter:card\" content=\"summary_large_image\" \/>\n<meta name=\"twitter:label1\" content=\"Tiempo de lectura\" \/>\n\t<meta name=\"twitter:data1\" content=\"1 minuto\" \/>\n<script type=\"application\/ld+json\" class=\"yoast-schema-graph\">{\"@context\":\"https:\\\/\\\/schema.org\",\"@graph\":[{\"@type\":\"Article\",\"@id\":\"https:\\\/\\\/loginfo24.com\\\/es\\\/2020\\\/04\\\/28\\\/innotrans-se-llevara-a-cabo-del-27-al-30-de-abril-de-2021\\\/#article\",\"isPartOf\":{\"@id\":\"https:\\\/\\\/loginfo24.com\\\/es\\\/2020\\\/04\\\/28\\\/innotrans-se-llevara-a-cabo-del-27-al-30-de-abril-de-2021\\\/\"},\"author\":{\"name\":\"\",\"@id\":\"\"},\"headline\":\"InnoTrans se llevar\u00e1 a cabo del 27 al 30 de abril de 2021\",\"datePublished\":\"2020-04-28T16:06:27+00:00\",\"dateModified\":\"2025-12-15T11:27:18+00:00\",\"mainEntityOfPage\":{\"@id\":\"https:\\\/\\\/loginfo24.com\\\/es\\\/2020\\\/04\\\/28\\\/innotrans-se-llevara-a-cabo-del-27-al-30-de-abril-de-2021\\\/\"},\"wordCount\":286,\"commentCount\":0,\"publisher\":{\"@id\":\"https:\\\/\\\/loginfo24.com\\\/es\\\/#organization\"},\"articleSection\":[\"Forwarding &amp; Logistics\",\"Regions\"],\"inLanguage\":\"es\",\"potentialAction\":[{\"@type\":\"CommentAction\",\"name\":\"Comment\",\"target\":[\"https:\\\/\\\/loginfo24.com\\\/es\\\/2020\\\/04\\\/28\\\/innotrans-se-llevara-a-cabo-del-27-al-30-de-abril-de-2021\\\/#respond\"]}]},{\"@type\":\"WebPage\",\"@id\":\"https:\\\/\\\/loginfo24.com\\\/es\\\/2020\\\/04\\\/28\\\/innotrans-se-llevara-a-cabo-del-27-al-30-de-abril-de-2021\\\/\",\"url\":\"https:\\\/\\\/loginfo24.com\\\/es\\\/2020\\\/04\\\/28\\\/innotrans-se-llevara-a-cabo-del-27-al-30-de-abril-de-2021\\\/\",\"name\":\"InnoTrans se llevar\u00e1 a cabo del 27 al 30 de abril de 2021 - Loginfo24\",\"isPartOf\":{\"@id\":\"https:\\\/\\\/loginfo24.com\\\/es\\\/#website\"},\"datePublished\":\"2020-04-28T16:06:27+00:00\",\"dateModified\":\"2025-12-15T11:27:18+00:00\",\"breadcrumb\":{\"@id\":\"https:\\\/\\\/loginfo24.com\\\/es\\\/2020\\\/04\\\/28\\\/innotrans-se-llevara-a-cabo-del-27-al-30-de-abril-de-2021\\\/#breadcrumb\"},\"inLanguage\":\"es\",\"potentialAction\":[{\"@type\":\"ReadAction\",\"target\":[\"https:\\\/\\\/loginfo24.com\\\/es\\\/2020\\\/04\\\/28\\\/innotrans-se-llevara-a-cabo-del-27-al-30-de-abril-de-2021\\\/\"]}]},{\"@type\":\"BreadcrumbList\",\"@id\":\"https:\\\/\\\/loginfo24.com\\\/es\\\/2020\\\/04\\\/28\\\/innotrans-se-llevara-a-cabo-del-27-al-30-de-abril-de-2021\\\/#breadcrumb\",\"itemListElement\":[{\"@type\":\"ListItem\",\"position\":1,\"name\":\"Startseite\",\"item\":\"https:\\\/\\\/loginfo24.com\\\/es\\\/\"},{\"@type\":\"ListItem\",\"position\":2,\"name\":\"InnoTrans se llevar\u00e1 a cabo del 27 al 30 de abril de 2021\"}]},{\"@type\":\"WebSite\",\"@id\":\"https:\\\/\\\/loginfo24.com\\\/es\\\/#website\",\"url\":\"https:\\\/\\\/loginfo24.com\\\/es\\\/\",\"name\":\"Loginfo24\",\"description\":\"Loginfo24 es la plataforma dedicada a la log\u00edstica y las cadenas de suministro con informaci\u00f3n las 24 horas del d\u00eda.\",\"publisher\":{\"@id\":\"https:\\\/\\\/loginfo24.com\\\/es\\\/#organization\"},\"potentialAction\":[{\"@type\":\"SearchAction\",\"target\":{\"@type\":\"EntryPoint\",\"urlTemplate\":\"https:\\\/\\\/loginfo24.com\\\/es\\\/?s={search_term_string}\"},\"query-input\":{\"@type\":\"PropertyValueSpecification\",\"valueRequired\":true,\"valueName\":\"search_term_string\"}}],\"inLanguage\":\"es\"},{\"@type\":\"Organization\",\"@id\":\"https:\\\/\\\/loginfo24.com\\\/es\\\/#organization\",\"name\":\"Grupo Logismedia AG\",\"url\":\"https:\\\/\\\/loginfo24.com\\\/es\\\/\",\"logo\":{\"@type\":\"ImageObject\",\"inLanguage\":\"es\",\"@id\":\"https:\\\/\\\/loginfo24.com\\\/es\\\/#\\\/schema\\\/logo\\\/image\\\/\",\"url\":\"https:\\\/\\\/loginfo24.com\\\/wp-content\\\/uploads\\\/sites\\\/7\\\/2026\\\/01\\\/Logo_LogInfo24.png\",\"contentUrl\":\"https:\\\/\\\/loginfo24.com\\\/wp-content\\\/uploads\\\/sites\\\/7\\\/2026\\\/01\\\/Logo_LogInfo24.png\",\"width\":938,\"height\":351,\"caption\":\"Grupo Logismedia AG\"},\"image\":{\"@id\":\"https:\\\/\\\/loginfo24.com\\\/es\\\/#\\\/schema\\\/logo\\\/image\\\/\"},\"sameAs\":[\"https:\\\/\\\/www.facebook.com\\\/people\\\/Loginfo24\\\/100057360583332\\\/\",\"https:\\\/\\\/www.linkedin.com\\\/company\\\/lofinfo24\\\/\"]}]}<\/script>\n<!-- \/ Yoast SEO plugin. -->","yoast_head_json":{"title":"InnoTrans se llevar\u00e1 a cabo del 27 al 30 de abril de 2021 - Loginfo24","robots":{"index":"index","follow":"follow","max-snippet":"max-snippet:-1","max-image-preview":"max-image-preview:large","max-video-preview":"max-video-preview:-1"},"canonical":"https:\/\/loginfo24.com\/es\/2020\/04\/28\/innotrans-se-llevara-a-cabo-del-27-al-30-de-abril-de-2021\/","og_locale":"es_ES","og_type":"article","og_title":"InnoTrans se llevar\u00e1 a cabo del 27 al 30 de abril de 2021 - Loginfo24","og_description":"La InnoTrans 2020 ha sido cancelada debido a las regulaciones del Senado de Berl\u00edn para grandes eventos. El evento se llevar\u00e1 a cabo del 27 al [\u2026]","og_url":"https:\/\/loginfo24.com\/es\/2020\/04\/28\/innotrans-se-llevara-a-cabo-del-27-al-30-de-abril-de-2021\/","og_site_name":"Loginfo24","article_publisher":"https:\/\/www.facebook.com\/people\/Loginfo24\/100057360583332\/","article_published_time":"2020-04-28T16:06:27+00:00","article_modified_time":"2025-12-15T11:27:18+00:00","twitter_card":"summary_large_image","twitter_misc":{"Tiempo de lectura":"1 minuto"},"schema":{"@context":"https:\/\/schema.org","@graph":[{"@type":"Article","@id":"https:\/\/loginfo24.com\/es\/2020\/04\/28\/innotrans-se-llevara-a-cabo-del-27-al-30-de-abril-de-2021\/#article","isPartOf":{"@id":"https:\/\/loginfo24.com\/es\/2020\/04\/28\/innotrans-se-llevara-a-cabo-del-27-al-30-de-abril-de-2021\/"},"author":{"name":"","@id":""},"headline":"InnoTrans se llevar\u00e1 a cabo del 27 al 30 de abril de 2021","datePublished":"2020-04-28T16:06:27+00:00","dateModified":"2025-12-15T11:27:18+00:00","mainEntityOfPage":{"@id":"https:\/\/loginfo24.com\/es\/2020\/04\/28\/innotrans-se-llevara-a-cabo-del-27-al-30-de-abril-de-2021\/"},"wordCount":286,"commentCount":0,"publisher":{"@id":"https:\/\/loginfo24.com\/es\/#organization"},"articleSection":["Forwarding &amp; Logistics","Regions"],"inLanguage":"es","potentialAction":[{"@type":"CommentAction","name":"Comment","target":["https:\/\/loginfo24.com\/es\/2020\/04\/28\/innotrans-se-llevara-a-cabo-del-27-al-30-de-abril-de-2021\/#respond"]}]},{"@type":"WebPage","@id":"https:\/\/loginfo24.com\/es\/2020\/04\/28\/innotrans-se-llevara-a-cabo-del-27-al-30-de-abril-de-2021\/","url":"https:\/\/loginfo24.com\/es\/2020\/04\/28\/innotrans-se-llevara-a-cabo-del-27-al-30-de-abril-de-2021\/","name":"InnoTrans se llevar\u00e1 a cabo del 27 al 30 de abril de 2021 - Loginfo24","isPartOf":{"@id":"https:\/\/loginfo24.com\/es\/#website"},"datePublished":"2020-04-28T16:06:27+00:00","dateModified":"2025-12-15T11:27:18+00:00","breadcrumb":{"@id":"https:\/\/loginfo24.com\/es\/2020\/04\/28\/innotrans-se-llevara-a-cabo-del-27-al-30-de-abril-de-2021\/#breadcrumb"},"inLanguage":"es","potentialAction":[{"@type":"ReadAction","target":["https:\/\/loginfo24.com\/es\/2020\/04\/28\/innotrans-se-llevara-a-cabo-del-27-al-30-de-abril-de-2021\/"]}]},{"@type":"BreadcrumbList","@id":"https:\/\/loginfo24.com\/es\/2020\/04\/28\/innotrans-se-llevara-a-cabo-del-27-al-30-de-abril-de-2021\/#breadcrumb","itemListElement":[{"@type":"ListItem","position":1,"name":"Startseite","item":"https:\/\/loginfo24.com\/es\/"},{"@type":"ListItem","position":2,"name":"InnoTrans se llevar\u00e1 a cabo del 27 al 30 de abril de 2021"}]},{"@type":"WebSite","@id":"https:\/\/loginfo24.com\/es\/#website","url":"https:\/\/loginfo24.com\/es\/","name":"Loginfo24","description":"Loginfo24 es la plataforma dedicada a la log\u00edstica y las cadenas de suministro con informaci\u00f3n las 24 horas del d\u00eda.","publisher":{"@id":"https:\/\/loginfo24.com\/es\/#organization"},"potentialAction":[{"@type":"SearchAction","target":{"@type":"EntryPoint","urlTemplate":"https:\/\/loginfo24.com\/es\/?s={search_term_string}"},"query-input":{"@type":"PropertyValueSpecification","valueRequired":true,"valueName":"search_term_string"}}],"inLanguage":"es"},{"@type":"Organization","@id":"https:\/\/loginfo24.com\/es\/#organization","name":"Grupo Logismedia AG","url":"https:\/\/loginfo24.com\/es\/","logo":{"@type":"ImageObject","inLanguage":"es","@id":"https:\/\/loginfo24.com\/es\/#\/schema\/logo\/image\/","url":"https:\/\/loginfo24.com\/wp-content\/uploads\/sites\/7\/2026\/01\/Logo_LogInfo24.png","contentUrl":"https:\/\/loginfo24.com\/wp-content\/uploads\/sites\/7\/2026\/01\/Logo_LogInfo24.png","width":938,"height":351,"caption":"Grupo Logismedia AG"},"image":{"@id":"https:\/\/loginfo24.com\/es\/#\/schema\/logo\/image\/"},"sameAs":["https:\/\/www.facebook.com\/people\/Loginfo24\/100057360583332\/","https:\/\/www.linkedin.com\/company\/lofinfo24\/"]}]}},"_links":{"self":[{"href":"https:\/\/loginfo24.com\/es\/wp-json\/wp\/v2\/posts\/17449","targetHints":{"allow":["GET"]}}],"collection":[{"href":"https:\/\/loginfo24.com\/es\/wp-json\/wp\/v2\/posts"}],"about":[{"href":"https:\/\/loginfo24.com\/es\/wp-json\/wp\/v2\/types\/post"}],"replies":[{"embeddable":true,"href":"https:\/\/loginfo24.com\/es\/wp-json\/wp\/v2\/comments?post=17449"}],"version-history":[{"count":1,"href":"https:\/\/loginfo24.com\/es\/wp-json\/wp\/v2\/posts\/17449\/revisions"}],"predecessor-version":[{"id":31248,"href":"https:\/\/loginfo24.com\/es\/wp-json\/wp\/v2\/posts\/17449\/revisions\/31248"}],"wp:attachment":[{"href":"https:\/\/loginfo24.com\/es\/wp-json\/wp\/v2\/media?parent=17449"}],"wp:term":[{"taxonomy":"category","embeddable":true,"href":"https:\/\/loginfo24.com\/es\/wp-json\/wp\/v2\/categories?post=17449"},{"taxonomy":"post_tag","embeddable":true,"href":"https:\/\/loginfo24.com\/es\/wp-json\/wp\/v2\/tags?post=17449"}],"curies":[{"name":"wp","href":"https:\/\/api.w.org\/{rel}","templated":true}]}}