{"id":17437,"date":"2020-04-27T16:22:48","date_gmt":"2020-04-27T14:22:48","guid":{"rendered":"https:\/\/blog.brand-architecture.at\/2020\/04\/27\/vtl-invierte-en-un-gran-proyecto-futuro-vtl-next\/"},"modified":"2025-12-15T12:27:14","modified_gmt":"2025-12-15T11:27:14","slug":"vtl-invierte-en-un-gran-proyecto-futuro-vtl-next","status":"publish","type":"post","link":"https:\/\/loginfo24.com\/es\/2020\/04\/27\/vtl-invierte-en-un-gran-proyecto-futuro-vtl-next\/","title":{"rendered":"VTL invierte en un gran proyecto futuro VTL Next"},"content":{"rendered":"<p><strong>La cooperaci\u00f3n de carga fraccionada VTL Vernetzte-Transport-Logistik ha dado el pistoletazo de salida para el amplio proyecto futuro VTL Next en medio de la crisis del Corona. A mediados de abril, 14 socios de la red se reunieron en el espacio virtual para el lanzamiento, con el fin de establecer juntos las bases para la reorientaci\u00f3n de la red.<\/strong>(Fulda, 27.04.2020) Incluso antes de la crisis del Corona, la industria log\u00edstica ya estaba bajo una enorme presi\u00f3n: la escasez de conductores, la expansi\u00f3n y encarecimiento de peajes, as\u00ed como la transformaci\u00f3n digital, representaban desaf\u00edos dif\u00edciles de manejar para muchas empresas de transporte. \u00abAhora la situaci\u00f3n se ha agravado a\u00fan m\u00e1s\u00bb, dice el director general de VTL, Andreas J\u00e4schke. Por eso, el pistoletazo de salida para VTL Next lleg\u00f3 en el momento justo para \u00e9l. \u00abNo solo queremos reaccionar, sino dar forma a nuestro futuro con nuestras propias fuerzas. Cuanto antes empecemos, mejor\u00bb, dice J\u00e4schke. El objetivo es transformar VTL en una red m\u00e1s moderna y atractiva con una amplia gama de servicios log\u00edsticos.<\/p>\n<p>\u00abSomos fuertes y s\u00f3lidos y contamos con mucho know-how. Queremos construir sobre eso y dar los pr\u00f3ximos pasos hacia el futuro\u00bb, dice el jefe de VTL. Para ello, el consejo de supervisi\u00f3n y la direcci\u00f3n han definido una serie de medidas. Por ejemplo, los j\u00f3venes talentos de la red deber\u00e1n estar m\u00e1s involucrados en el desarrollo de temas futuros. Otro punto clave de la reorientaci\u00f3n es la digitalizaci\u00f3n. As\u00ed, los servicios deber\u00e1n ser evaluados a la brevedad, especialmente desde la perspectiva de la conexi\u00f3n digital y nuevas soluciones en l\u00ednea.<\/p>\n<p>Adem\u00e1s, se trata de la futura gesti\u00f3n de partidas parciales y una optimizaci\u00f3n de la direcci\u00f3n del tr\u00e1fico, para poder organizar m\u00e1s transportes directos. \u00abLos participantes del evento de lanzamiento han formado cinco grupos de trabajo para avanzar en cada uno de los temas\u00bb, explica la directora de proyectos de VTL, Fabienne Gaschler. A m\u00e1s tardar en la \u00abTransport Logistic 2021\u00bb, se presentar\u00e1n en un stand conjunto de socios de VTL los resultados de la completa reorientaci\u00f3n.<\/p>\n<p>Foto: VTL<\/p>\n<p><a href=\"https:\/\/www.vtl.de\" target=\"_blank\" rel=\"noopener noreferrer\">https:\/\/www.vtl.de<\/a><\/p>\n","protected":false},"excerpt":{"rendered":"<p>La cooperaci\u00f3n de carga fraccionada VTL Vernetzte-Transport-Logistik ha dado el pistoletazo de salida para el amplio proyecto futuro VTL Next en medio de la crisis del<span class=\"excerpt-hellip\"> [\u2026]<\/span><\/p>\n","protected":false},"author":0,"featured_media":0,"comment_status":"open","ping_status":"open","sticky":false,"template":"","format":"standard","meta":{"_acf_changed":false,"footnotes":""},"categories":[1561],"tags":[],"class_list":["post-17437","post","type-post","status-publish","format-standard","hentry","category-regions"],"acf":[],"yoast_head":"<!-- This site is optimized with the Yoast SEO plugin v27.3 - https:\/\/yoast.com\/product\/yoast-seo-wordpress\/ -->\n<title>VTL invierte en un gran proyecto futuro VTL Next - Loginfo24<\/title>\n<meta name=\"robots\" content=\"index, follow, max-snippet:-1, max-image-preview:large, max-video-preview:-1\" \/>\n<link rel=\"canonical\" href=\"https:\/\/loginfo24.com\/es\/2020\/04\/27\/vtl-invierte-en-un-gran-proyecto-futuro-vtl-next\/\" \/>\n<meta property=\"og:locale\" content=\"es_ES\" \/>\n<meta property=\"og:type\" content=\"article\" \/>\n<meta property=\"og:title\" content=\"VTL invierte en un gran proyecto futuro VTL Next - Loginfo24\" \/>\n<meta property=\"og:description\" content=\"La cooperaci\u00f3n de carga fraccionada VTL Vernetzte-Transport-Logistik ha dado el pistoletazo de salida para el amplio proyecto futuro VTL Next en medio de la crisis del [\u2026]\" \/>\n<meta property=\"og:url\" content=\"https:\/\/loginfo24.com\/es\/2020\/04\/27\/vtl-invierte-en-un-gran-proyecto-futuro-vtl-next\/\" \/>\n<meta property=\"og:site_name\" content=\"Loginfo24\" \/>\n<meta property=\"article:publisher\" content=\"https:\/\/www.facebook.com\/people\/Loginfo24\/100057360583332\/\" \/>\n<meta property=\"article:published_time\" content=\"2020-04-27T14:22:48+00:00\" \/>\n<meta property=\"article:modified_time\" content=\"2025-12-15T11:27:14+00:00\" \/>\n<meta name=\"twitter:card\" content=\"summary_large_image\" \/>\n<meta name=\"twitter:label1\" content=\"Tiempo de lectura\" \/>\n\t<meta name=\"twitter:data1\" content=\"2 minuto\" \/>\n<script type=\"application\/ld+json\" class=\"yoast-schema-graph\">{\"@context\":\"https:\\\/\\\/schema.org\",\"@graph\":[{\"@type\":\"Article\",\"@id\":\"https:\\\/\\\/loginfo24.com\\\/es\\\/2020\\\/04\\\/27\\\/vtl-invierte-en-un-gran-proyecto-futuro-vtl-next\\\/#article\",\"isPartOf\":{\"@id\":\"https:\\\/\\\/loginfo24.com\\\/es\\\/2020\\\/04\\\/27\\\/vtl-invierte-en-un-gran-proyecto-futuro-vtl-next\\\/\"},\"author\":{\"name\":\"\",\"@id\":\"\"},\"headline\":\"VTL invierte en un gran proyecto futuro VTL Next\",\"datePublished\":\"2020-04-27T14:22:48+00:00\",\"dateModified\":\"2025-12-15T11:27:14+00:00\",\"mainEntityOfPage\":{\"@id\":\"https:\\\/\\\/loginfo24.com\\\/es\\\/2020\\\/04\\\/27\\\/vtl-invierte-en-un-gran-proyecto-futuro-vtl-next\\\/\"},\"wordCount\":388,\"commentCount\":0,\"publisher\":{\"@id\":\"https:\\\/\\\/loginfo24.com\\\/es\\\/#organization\"},\"articleSection\":[\"Regions\"],\"inLanguage\":\"es\",\"potentialAction\":[{\"@type\":\"CommentAction\",\"name\":\"Comment\",\"target\":[\"https:\\\/\\\/loginfo24.com\\\/es\\\/2020\\\/04\\\/27\\\/vtl-invierte-en-un-gran-proyecto-futuro-vtl-next\\\/#respond\"]}]},{\"@type\":\"WebPage\",\"@id\":\"https:\\\/\\\/loginfo24.com\\\/es\\\/2020\\\/04\\\/27\\\/vtl-invierte-en-un-gran-proyecto-futuro-vtl-next\\\/\",\"url\":\"https:\\\/\\\/loginfo24.com\\\/es\\\/2020\\\/04\\\/27\\\/vtl-invierte-en-un-gran-proyecto-futuro-vtl-next\\\/\",\"name\":\"VTL invierte en un gran proyecto futuro VTL Next - Loginfo24\",\"isPartOf\":{\"@id\":\"https:\\\/\\\/loginfo24.com\\\/es\\\/#website\"},\"datePublished\":\"2020-04-27T14:22:48+00:00\",\"dateModified\":\"2025-12-15T11:27:14+00:00\",\"breadcrumb\":{\"@id\":\"https:\\\/\\\/loginfo24.com\\\/es\\\/2020\\\/04\\\/27\\\/vtl-invierte-en-un-gran-proyecto-futuro-vtl-next\\\/#breadcrumb\"},\"inLanguage\":\"es\",\"potentialAction\":[{\"@type\":\"ReadAction\",\"target\":[\"https:\\\/\\\/loginfo24.com\\\/es\\\/2020\\\/04\\\/27\\\/vtl-invierte-en-un-gran-proyecto-futuro-vtl-next\\\/\"]}]},{\"@type\":\"BreadcrumbList\",\"@id\":\"https:\\\/\\\/loginfo24.com\\\/es\\\/2020\\\/04\\\/27\\\/vtl-invierte-en-un-gran-proyecto-futuro-vtl-next\\\/#breadcrumb\",\"itemListElement\":[{\"@type\":\"ListItem\",\"position\":1,\"name\":\"Startseite\",\"item\":\"https:\\\/\\\/loginfo24.com\\\/es\\\/\"},{\"@type\":\"ListItem\",\"position\":2,\"name\":\"VTL invierte en un gran proyecto futuro VTL Next\"}]},{\"@type\":\"WebSite\",\"@id\":\"https:\\\/\\\/loginfo24.com\\\/es\\\/#website\",\"url\":\"https:\\\/\\\/loginfo24.com\\\/es\\\/\",\"name\":\"Loginfo24\",\"description\":\"Loginfo24 es la plataforma dedicada a la log\u00edstica y las cadenas de suministro con informaci\u00f3n las 24 horas del d\u00eda.\",\"publisher\":{\"@id\":\"https:\\\/\\\/loginfo24.com\\\/es\\\/#organization\"},\"potentialAction\":[{\"@type\":\"SearchAction\",\"target\":{\"@type\":\"EntryPoint\",\"urlTemplate\":\"https:\\\/\\\/loginfo24.com\\\/es\\\/?s={search_term_string}\"},\"query-input\":{\"@type\":\"PropertyValueSpecification\",\"valueRequired\":true,\"valueName\":\"search_term_string\"}}],\"inLanguage\":\"es\"},{\"@type\":\"Organization\",\"@id\":\"https:\\\/\\\/loginfo24.com\\\/es\\\/#organization\",\"name\":\"Grupo Logismedia AG\",\"url\":\"https:\\\/\\\/loginfo24.com\\\/es\\\/\",\"logo\":{\"@type\":\"ImageObject\",\"inLanguage\":\"es\",\"@id\":\"https:\\\/\\\/loginfo24.com\\\/es\\\/#\\\/schema\\\/logo\\\/image\\\/\",\"url\":\"https:\\\/\\\/loginfo24.com\\\/wp-content\\\/uploads\\\/sites\\\/7\\\/2026\\\/01\\\/Logo_LogInfo24.png\",\"contentUrl\":\"https:\\\/\\\/loginfo24.com\\\/wp-content\\\/uploads\\\/sites\\\/7\\\/2026\\\/01\\\/Logo_LogInfo24.png\",\"width\":938,\"height\":351,\"caption\":\"Grupo Logismedia AG\"},\"image\":{\"@id\":\"https:\\\/\\\/loginfo24.com\\\/es\\\/#\\\/schema\\\/logo\\\/image\\\/\"},\"sameAs\":[\"https:\\\/\\\/www.facebook.com\\\/people\\\/Loginfo24\\\/100057360583332\\\/\",\"https:\\\/\\\/www.linkedin.com\\\/company\\\/lofinfo24\\\/\"]}]}<\/script>\n<!-- \/ Yoast SEO plugin. -->","yoast_head_json":{"title":"VTL invierte en un gran proyecto futuro VTL Next - Loginfo24","robots":{"index":"index","follow":"follow","max-snippet":"max-snippet:-1","max-image-preview":"max-image-preview:large","max-video-preview":"max-video-preview:-1"},"canonical":"https:\/\/loginfo24.com\/es\/2020\/04\/27\/vtl-invierte-en-un-gran-proyecto-futuro-vtl-next\/","og_locale":"es_ES","og_type":"article","og_title":"VTL invierte en un gran proyecto futuro VTL Next - Loginfo24","og_description":"La cooperaci\u00f3n de carga fraccionada VTL Vernetzte-Transport-Logistik ha dado el pistoletazo de salida para el amplio proyecto futuro VTL Next en medio de la crisis del [\u2026]","og_url":"https:\/\/loginfo24.com\/es\/2020\/04\/27\/vtl-invierte-en-un-gran-proyecto-futuro-vtl-next\/","og_site_name":"Loginfo24","article_publisher":"https:\/\/www.facebook.com\/people\/Loginfo24\/100057360583332\/","article_published_time":"2020-04-27T14:22:48+00:00","article_modified_time":"2025-12-15T11:27:14+00:00","twitter_card":"summary_large_image","twitter_misc":{"Tiempo de lectura":"2 minuto"},"schema":{"@context":"https:\/\/schema.org","@graph":[{"@type":"Article","@id":"https:\/\/loginfo24.com\/es\/2020\/04\/27\/vtl-invierte-en-un-gran-proyecto-futuro-vtl-next\/#article","isPartOf":{"@id":"https:\/\/loginfo24.com\/es\/2020\/04\/27\/vtl-invierte-en-un-gran-proyecto-futuro-vtl-next\/"},"author":{"name":"","@id":""},"headline":"VTL invierte en un gran proyecto futuro VTL Next","datePublished":"2020-04-27T14:22:48+00:00","dateModified":"2025-12-15T11:27:14+00:00","mainEntityOfPage":{"@id":"https:\/\/loginfo24.com\/es\/2020\/04\/27\/vtl-invierte-en-un-gran-proyecto-futuro-vtl-next\/"},"wordCount":388,"commentCount":0,"publisher":{"@id":"https:\/\/loginfo24.com\/es\/#organization"},"articleSection":["Regions"],"inLanguage":"es","potentialAction":[{"@type":"CommentAction","name":"Comment","target":["https:\/\/loginfo24.com\/es\/2020\/04\/27\/vtl-invierte-en-un-gran-proyecto-futuro-vtl-next\/#respond"]}]},{"@type":"WebPage","@id":"https:\/\/loginfo24.com\/es\/2020\/04\/27\/vtl-invierte-en-un-gran-proyecto-futuro-vtl-next\/","url":"https:\/\/loginfo24.com\/es\/2020\/04\/27\/vtl-invierte-en-un-gran-proyecto-futuro-vtl-next\/","name":"VTL invierte en un gran proyecto futuro VTL Next - Loginfo24","isPartOf":{"@id":"https:\/\/loginfo24.com\/es\/#website"},"datePublished":"2020-04-27T14:22:48+00:00","dateModified":"2025-12-15T11:27:14+00:00","breadcrumb":{"@id":"https:\/\/loginfo24.com\/es\/2020\/04\/27\/vtl-invierte-en-un-gran-proyecto-futuro-vtl-next\/#breadcrumb"},"inLanguage":"es","potentialAction":[{"@type":"ReadAction","target":["https:\/\/loginfo24.com\/es\/2020\/04\/27\/vtl-invierte-en-un-gran-proyecto-futuro-vtl-next\/"]}]},{"@type":"BreadcrumbList","@id":"https:\/\/loginfo24.com\/es\/2020\/04\/27\/vtl-invierte-en-un-gran-proyecto-futuro-vtl-next\/#breadcrumb","itemListElement":[{"@type":"ListItem","position":1,"name":"Startseite","item":"https:\/\/loginfo24.com\/es\/"},{"@type":"ListItem","position":2,"name":"VTL invierte en un gran proyecto futuro VTL Next"}]},{"@type":"WebSite","@id":"https:\/\/loginfo24.com\/es\/#website","url":"https:\/\/loginfo24.com\/es\/","name":"Loginfo24","description":"Loginfo24 es la plataforma dedicada a la log\u00edstica y las cadenas de suministro con informaci\u00f3n las 24 horas del d\u00eda.","publisher":{"@id":"https:\/\/loginfo24.com\/es\/#organization"},"potentialAction":[{"@type":"SearchAction","target":{"@type":"EntryPoint","urlTemplate":"https:\/\/loginfo24.com\/es\/?s={search_term_string}"},"query-input":{"@type":"PropertyValueSpecification","valueRequired":true,"valueName":"search_term_string"}}],"inLanguage":"es"},{"@type":"Organization","@id":"https:\/\/loginfo24.com\/es\/#organization","name":"Grupo Logismedia AG","url":"https:\/\/loginfo24.com\/es\/","logo":{"@type":"ImageObject","inLanguage":"es","@id":"https:\/\/loginfo24.com\/es\/#\/schema\/logo\/image\/","url":"https:\/\/loginfo24.com\/wp-content\/uploads\/sites\/7\/2026\/01\/Logo_LogInfo24.png","contentUrl":"https:\/\/loginfo24.com\/wp-content\/uploads\/sites\/7\/2026\/01\/Logo_LogInfo24.png","width":938,"height":351,"caption":"Grupo Logismedia AG"},"image":{"@id":"https:\/\/loginfo24.com\/es\/#\/schema\/logo\/image\/"},"sameAs":["https:\/\/www.facebook.com\/people\/Loginfo24\/100057360583332\/","https:\/\/www.linkedin.com\/company\/lofinfo24\/"]}]}},"_links":{"self":[{"href":"https:\/\/loginfo24.com\/es\/wp-json\/wp\/v2\/posts\/17437","targetHints":{"allow":["GET"]}}],"collection":[{"href":"https:\/\/loginfo24.com\/es\/wp-json\/wp\/v2\/posts"}],"about":[{"href":"https:\/\/loginfo24.com\/es\/wp-json\/wp\/v2\/types\/post"}],"replies":[{"embeddable":true,"href":"https:\/\/loginfo24.com\/es\/wp-json\/wp\/v2\/comments?post=17437"}],"version-history":[{"count":1,"href":"https:\/\/loginfo24.com\/es\/wp-json\/wp\/v2\/posts\/17437\/revisions"}],"predecessor-version":[{"id":31224,"href":"https:\/\/loginfo24.com\/es\/wp-json\/wp\/v2\/posts\/17437\/revisions\/31224"}],"wp:attachment":[{"href":"https:\/\/loginfo24.com\/es\/wp-json\/wp\/v2\/media?parent=17437"}],"wp:term":[{"taxonomy":"category","embeddable":true,"href":"https:\/\/loginfo24.com\/es\/wp-json\/wp\/v2\/categories?post=17437"},{"taxonomy":"post_tag","embeddable":true,"href":"https:\/\/loginfo24.com\/es\/wp-json\/wp\/v2\/tags?post=17437"}],"curies":[{"name":"wp","href":"https:\/\/api.w.org\/{rel}","templated":true}]}}