{"id":17406,"date":"2020-04-19T21:11:23","date_gmt":"2020-04-19T19:11:23","guid":{"rendered":"https:\/\/blog.brand-architecture.at\/2020\/04\/19\/el-volumen-de-carga-en-el-transporte-por-carretera-de-europa-se-desploma-drasticamente\/"},"modified":"2025-12-15T12:27:09","modified_gmt":"2025-12-15T11:27:09","slug":"el-volumen-de-carga-en-el-transporte-por-carretera-de-europa-se-desploma-drasticamente","status":"publish","type":"post","link":"https:\/\/loginfo24.com\/es\/2020\/04\/19\/el-volumen-de-carga-en-el-transporte-por-carretera-de-europa-se-desploma-drasticamente\/","title":{"rendered":"El volumen de carga en el transporte por carretera de Europa se desploma dr\u00e1sticamente"},"content":{"rendered":"<p>El mercado de carga en las carreteras de Europa se ha desplomado en aproximadamente dos tercios en el primer trimestre de 2020, seg\u00fan el bar\u00f3metro de carga de la bolsa de cargas Timocom. El a\u00f1o hab\u00eda comenzado de manera prometedora. Fue a mediados de marzo cuando se produjo la gran ca\u00edda, pr\u00e1cticamente con el inicio del confinamiento en casi todos los pa\u00edses europeos.<\/p>\n<p>(Erkrath) La incertidumbre sobre el desarrollo de la crisis del coronavirus llev\u00f3 en marzo a un aumento repentino de las ofertas de carga en el mercado de transporte europeo. \u00abMuchas empresas han anticipado pedidos ante la perspectiva de cierres de fronteras y otras restricciones debido al coronavirus\u00bb, comenta Tilman Fecke, analista de negocios en TIMOCOM, sobre el inusualmente alto aumento de las ofertas de carga que se publicaron en la principal bolsa de cargas de Europa hasta mediados de marzo.<\/p>\n<p>As\u00ed, TIMOCOM pudo registrar un aumento del 16 por ciento en las ofertas de carga en el primer trimestre de 2020 en comparaci\u00f3n con el mismo per\u00edodo del a\u00f1o anterior; los transportes desde pa\u00edses de la UE hacia Italia aumentaron un 26 por ciento, y hacia Polonia incluso un 53 por ciento. Los veh\u00edculos refrigerados fueron especialmente demandados. En su punto m\u00e1ximo, la demanda de transportes a temperatura controlada fue un 50 por ciento superior a los valores del a\u00f1o anterior, informa el operador de la bolsa de cargas.<\/p>\n<p><strong>Los vol\u00famenes de carga cayeron m\u00e1s de dos tercios a mediados de marzo<\/strong><\/p>\n<p>El punto de inflexi\u00f3n del movimiento ascendente se marc\u00f3 a mediados de marzo con el confinamiento a nivel europeo, que llev\u00f3 en gran medida a la paralizaci\u00f3n de las empresas de producci\u00f3n y, con la excepci\u00f3n del comercio minorista de alimentos, a un desplome de los vol\u00famenes de entrega. \u00abA pesar del aumento de los transportes en el sector alimentario, los vol\u00famenes de carga cayeron en toda Europa m\u00e1s de dos tercios desde mediados hasta finales de marzo\u00bb, informa Fecke. \u00abNo ha habido un desarrollo comparable antes de Pascua.\u00bb Normalmente, hasta 750,000 ofertas de carga y espacio de carga se publican diariamente en TIMOCOM.<\/p>\n<p>Aunque las empresas de transporte buscan desesperadamente pedidos durante el confinamiento para aprovechar al m\u00e1ximo sus camiones, las capacidades de carga colocadas en el mercado a trav\u00e9s de TIMOCOM han disminuido en el primer trimestre de este a\u00f1o. As\u00ed, el n\u00famero de camiones disponibles en Q1 cay\u00f3 un 3 por ciento en comparaci\u00f3n con el mismo trimestre del a\u00f1o anterior en toda Europa; en Alemania, el n\u00famero de ofertas de veh\u00edculos incluso disminuy\u00f3 un 15 por ciento. \u00bfC\u00f3mo se explica esto?<\/p>\n<p>\u00abObservamos que las empresas de transporte est\u00e1n retirando temporalmente partes de su flota del mercado debido a la falta de carga\u00bb, comenta Gunnar Gburek, portavoz de TIMOCOM. As\u00ed, la situaci\u00f3n excepcional en la que se encuentra el mundo en estas semanas est\u00e1 provocando distorsiones en el mercado. Sin embargo, Gburek se muestra optimista: \u00abActualmente, se est\u00e1n vislumbrando ligeras tendencias al alza en las ofertas de carga. Sin embargo, c\u00f3mo se desarrollar\u00e1 la industria del transporte en el contexto de la pandemia de coronavirus solo se ver\u00e1 en el segundo trimestre.\u00bb<\/p>\n<p>Con el <a href=\"https:\/\/www.timocom.de\/services\/transportbarometer\" target=\"_blank\" rel=\"noopener noreferrer\">bar\u00f3metro de transporte<\/a>, la empresa FreightTech TIMOCOM ha estado analizando desde 2009 el desarrollo de la oferta y la demanda de transporte de la bolsa de cargas integrada en el sistema Smart Logistics. M\u00e1s de 130,000 usuarios generan de esta manera hasta 750,000 ofertas internacionales de espacio de carga y carga diariamente. El sistema ayuda a los m\u00e1s de 43,000 clientes de TIMOCOM a alcanzar sus objetivos log\u00edsticos de manera inteligente, segura y sencilla.<\/p>\n<p>Gr\u00e1fico: Timocom<\/p>\n<p><a href=\"https:\/\/www.timocom.de\">www.timocom.de<\/a><\/p>\n","protected":false},"excerpt":{"rendered":"<p>El mercado de carga en las carreteras de Europa se ha desplomado en aproximadamente dos tercios en el primer trimestre de 2020, seg\u00fan el bar\u00f3metro de<span class=\"excerpt-hellip\"> [\u2026]<\/span><\/p>\n","protected":false},"author":0,"featured_media":0,"comment_status":"open","ping_status":"open","sticky":false,"template":"","format":"standard","meta":{"_acf_changed":false,"footnotes":""},"categories":[1561],"tags":[],"class_list":["post-17406","post","type-post","status-publish","format-standard","hentry","category-regions"],"acf":[],"yoast_head":"<!-- This site is optimized with the Yoast SEO plugin v27.3 - https:\/\/yoast.com\/product\/yoast-seo-wordpress\/ -->\n<title>El volumen de carga en el transporte por carretera de Europa se desploma dr\u00e1sticamente - Loginfo24<\/title>\n<meta name=\"robots\" content=\"index, follow, max-snippet:-1, max-image-preview:large, max-video-preview:-1\" \/>\n<link rel=\"canonical\" href=\"https:\/\/loginfo24.com\/es\/2020\/04\/19\/el-volumen-de-carga-en-el-transporte-por-carretera-de-europa-se-desploma-drasticamente\/\" \/>\n<meta property=\"og:locale\" content=\"es_ES\" \/>\n<meta property=\"og:type\" content=\"article\" \/>\n<meta property=\"og:title\" content=\"El volumen de carga en el transporte por carretera de Europa se desploma dr\u00e1sticamente - Loginfo24\" \/>\n<meta property=\"og:description\" content=\"El mercado de carga en las carreteras de Europa se ha desplomado en aproximadamente dos tercios en el primer trimestre de 2020, seg\u00fan el bar\u00f3metro de [\u2026]\" \/>\n<meta property=\"og:url\" content=\"https:\/\/loginfo24.com\/es\/2020\/04\/19\/el-volumen-de-carga-en-el-transporte-por-carretera-de-europa-se-desploma-drasticamente\/\" \/>\n<meta property=\"og:site_name\" content=\"Loginfo24\" \/>\n<meta property=\"article:publisher\" content=\"https:\/\/www.facebook.com\/people\/Loginfo24\/100057360583332\/\" \/>\n<meta property=\"article:published_time\" content=\"2020-04-19T19:11:23+00:00\" \/>\n<meta property=\"article:modified_time\" content=\"2025-12-15T11:27:09+00:00\" \/>\n<meta name=\"twitter:card\" content=\"summary_large_image\" \/>\n<meta name=\"twitter:label1\" content=\"Tiempo de lectura\" \/>\n\t<meta name=\"twitter:data1\" content=\"3 minuto\" \/>\n<script type=\"application\/ld+json\" class=\"yoast-schema-graph\">{\"@context\":\"https:\\\/\\\/schema.org\",\"@graph\":[{\"@type\":\"Article\",\"@id\":\"https:\\\/\\\/loginfo24.com\\\/es\\\/2020\\\/04\\\/19\\\/el-volumen-de-carga-en-el-transporte-por-carretera-de-europa-se-desploma-drasticamente\\\/#article\",\"isPartOf\":{\"@id\":\"https:\\\/\\\/loginfo24.com\\\/es\\\/2020\\\/04\\\/19\\\/el-volumen-de-carga-en-el-transporte-por-carretera-de-europa-se-desploma-drasticamente\\\/\"},\"author\":{\"name\":\"\",\"@id\":\"\"},\"headline\":\"El volumen de carga en el transporte por carretera de Europa se desploma dr\u00e1sticamente\",\"datePublished\":\"2020-04-19T19:11:23+00:00\",\"dateModified\":\"2025-12-15T11:27:09+00:00\",\"mainEntityOfPage\":{\"@id\":\"https:\\\/\\\/loginfo24.com\\\/es\\\/2020\\\/04\\\/19\\\/el-volumen-de-carga-en-el-transporte-por-carretera-de-europa-se-desploma-drasticamente\\\/\"},\"wordCount\":644,\"commentCount\":0,\"publisher\":{\"@id\":\"https:\\\/\\\/loginfo24.com\\\/es\\\/#organization\"},\"articleSection\":[\"Regions\"],\"inLanguage\":\"es\",\"potentialAction\":[{\"@type\":\"CommentAction\",\"name\":\"Comment\",\"target\":[\"https:\\\/\\\/loginfo24.com\\\/es\\\/2020\\\/04\\\/19\\\/el-volumen-de-carga-en-el-transporte-por-carretera-de-europa-se-desploma-drasticamente\\\/#respond\"]}]},{\"@type\":\"WebPage\",\"@id\":\"https:\\\/\\\/loginfo24.com\\\/es\\\/2020\\\/04\\\/19\\\/el-volumen-de-carga-en-el-transporte-por-carretera-de-europa-se-desploma-drasticamente\\\/\",\"url\":\"https:\\\/\\\/loginfo24.com\\\/es\\\/2020\\\/04\\\/19\\\/el-volumen-de-carga-en-el-transporte-por-carretera-de-europa-se-desploma-drasticamente\\\/\",\"name\":\"El volumen de carga en el transporte por carretera de Europa se desploma dr\u00e1sticamente - Loginfo24\",\"isPartOf\":{\"@id\":\"https:\\\/\\\/loginfo24.com\\\/es\\\/#website\"},\"datePublished\":\"2020-04-19T19:11:23+00:00\",\"dateModified\":\"2025-12-15T11:27:09+00:00\",\"breadcrumb\":{\"@id\":\"https:\\\/\\\/loginfo24.com\\\/es\\\/2020\\\/04\\\/19\\\/el-volumen-de-carga-en-el-transporte-por-carretera-de-europa-se-desploma-drasticamente\\\/#breadcrumb\"},\"inLanguage\":\"es\",\"potentialAction\":[{\"@type\":\"ReadAction\",\"target\":[\"https:\\\/\\\/loginfo24.com\\\/es\\\/2020\\\/04\\\/19\\\/el-volumen-de-carga-en-el-transporte-por-carretera-de-europa-se-desploma-drasticamente\\\/\"]}]},{\"@type\":\"BreadcrumbList\",\"@id\":\"https:\\\/\\\/loginfo24.com\\\/es\\\/2020\\\/04\\\/19\\\/el-volumen-de-carga-en-el-transporte-por-carretera-de-europa-se-desploma-drasticamente\\\/#breadcrumb\",\"itemListElement\":[{\"@type\":\"ListItem\",\"position\":1,\"name\":\"Startseite\",\"item\":\"https:\\\/\\\/loginfo24.com\\\/es\\\/\"},{\"@type\":\"ListItem\",\"position\":2,\"name\":\"El volumen de carga en el transporte por carretera de Europa se desploma dr\u00e1sticamente\"}]},{\"@type\":\"WebSite\",\"@id\":\"https:\\\/\\\/loginfo24.com\\\/es\\\/#website\",\"url\":\"https:\\\/\\\/loginfo24.com\\\/es\\\/\",\"name\":\"Loginfo24\",\"description\":\"Loginfo24 es la plataforma dedicada a la log\u00edstica y las cadenas de suministro con informaci\u00f3n las 24 horas del d\u00eda.\",\"publisher\":{\"@id\":\"https:\\\/\\\/loginfo24.com\\\/es\\\/#organization\"},\"potentialAction\":[{\"@type\":\"SearchAction\",\"target\":{\"@type\":\"EntryPoint\",\"urlTemplate\":\"https:\\\/\\\/loginfo24.com\\\/es\\\/?s={search_term_string}\"},\"query-input\":{\"@type\":\"PropertyValueSpecification\",\"valueRequired\":true,\"valueName\":\"search_term_string\"}}],\"inLanguage\":\"es\"},{\"@type\":\"Organization\",\"@id\":\"https:\\\/\\\/loginfo24.com\\\/es\\\/#organization\",\"name\":\"Grupo Logismedia AG\",\"url\":\"https:\\\/\\\/loginfo24.com\\\/es\\\/\",\"logo\":{\"@type\":\"ImageObject\",\"inLanguage\":\"es\",\"@id\":\"https:\\\/\\\/loginfo24.com\\\/es\\\/#\\\/schema\\\/logo\\\/image\\\/\",\"url\":\"https:\\\/\\\/loginfo24.com\\\/wp-content\\\/uploads\\\/sites\\\/7\\\/2026\\\/01\\\/Logo_LogInfo24.png\",\"contentUrl\":\"https:\\\/\\\/loginfo24.com\\\/wp-content\\\/uploads\\\/sites\\\/7\\\/2026\\\/01\\\/Logo_LogInfo24.png\",\"width\":938,\"height\":351,\"caption\":\"Grupo Logismedia AG\"},\"image\":{\"@id\":\"https:\\\/\\\/loginfo24.com\\\/es\\\/#\\\/schema\\\/logo\\\/image\\\/\"},\"sameAs\":[\"https:\\\/\\\/www.facebook.com\\\/people\\\/Loginfo24\\\/100057360583332\\\/\",\"https:\\\/\\\/www.linkedin.com\\\/company\\\/lofinfo24\\\/\"]}]}<\/script>\n<!-- \/ Yoast SEO plugin. -->","yoast_head_json":{"title":"El volumen de carga en el transporte por carretera de Europa se desploma dr\u00e1sticamente - Loginfo24","robots":{"index":"index","follow":"follow","max-snippet":"max-snippet:-1","max-image-preview":"max-image-preview:large","max-video-preview":"max-video-preview:-1"},"canonical":"https:\/\/loginfo24.com\/es\/2020\/04\/19\/el-volumen-de-carga-en-el-transporte-por-carretera-de-europa-se-desploma-drasticamente\/","og_locale":"es_ES","og_type":"article","og_title":"El volumen de carga en el transporte por carretera de Europa se desploma dr\u00e1sticamente - Loginfo24","og_description":"El mercado de carga en las carreteras de Europa se ha desplomado en aproximadamente dos tercios en el primer trimestre de 2020, seg\u00fan el bar\u00f3metro de [\u2026]","og_url":"https:\/\/loginfo24.com\/es\/2020\/04\/19\/el-volumen-de-carga-en-el-transporte-por-carretera-de-europa-se-desploma-drasticamente\/","og_site_name":"Loginfo24","article_publisher":"https:\/\/www.facebook.com\/people\/Loginfo24\/100057360583332\/","article_published_time":"2020-04-19T19:11:23+00:00","article_modified_time":"2025-12-15T11:27:09+00:00","twitter_card":"summary_large_image","twitter_misc":{"Tiempo de lectura":"3 minuto"},"schema":{"@context":"https:\/\/schema.org","@graph":[{"@type":"Article","@id":"https:\/\/loginfo24.com\/es\/2020\/04\/19\/el-volumen-de-carga-en-el-transporte-por-carretera-de-europa-se-desploma-drasticamente\/#article","isPartOf":{"@id":"https:\/\/loginfo24.com\/es\/2020\/04\/19\/el-volumen-de-carga-en-el-transporte-por-carretera-de-europa-se-desploma-drasticamente\/"},"author":{"name":"","@id":""},"headline":"El volumen de carga en el transporte por carretera de Europa se desploma dr\u00e1sticamente","datePublished":"2020-04-19T19:11:23+00:00","dateModified":"2025-12-15T11:27:09+00:00","mainEntityOfPage":{"@id":"https:\/\/loginfo24.com\/es\/2020\/04\/19\/el-volumen-de-carga-en-el-transporte-por-carretera-de-europa-se-desploma-drasticamente\/"},"wordCount":644,"commentCount":0,"publisher":{"@id":"https:\/\/loginfo24.com\/es\/#organization"},"articleSection":["Regions"],"inLanguage":"es","potentialAction":[{"@type":"CommentAction","name":"Comment","target":["https:\/\/loginfo24.com\/es\/2020\/04\/19\/el-volumen-de-carga-en-el-transporte-por-carretera-de-europa-se-desploma-drasticamente\/#respond"]}]},{"@type":"WebPage","@id":"https:\/\/loginfo24.com\/es\/2020\/04\/19\/el-volumen-de-carga-en-el-transporte-por-carretera-de-europa-se-desploma-drasticamente\/","url":"https:\/\/loginfo24.com\/es\/2020\/04\/19\/el-volumen-de-carga-en-el-transporte-por-carretera-de-europa-se-desploma-drasticamente\/","name":"El volumen de carga en el transporte por carretera de Europa se desploma dr\u00e1sticamente - Loginfo24","isPartOf":{"@id":"https:\/\/loginfo24.com\/es\/#website"},"datePublished":"2020-04-19T19:11:23+00:00","dateModified":"2025-12-15T11:27:09+00:00","breadcrumb":{"@id":"https:\/\/loginfo24.com\/es\/2020\/04\/19\/el-volumen-de-carga-en-el-transporte-por-carretera-de-europa-se-desploma-drasticamente\/#breadcrumb"},"inLanguage":"es","potentialAction":[{"@type":"ReadAction","target":["https:\/\/loginfo24.com\/es\/2020\/04\/19\/el-volumen-de-carga-en-el-transporte-por-carretera-de-europa-se-desploma-drasticamente\/"]}]},{"@type":"BreadcrumbList","@id":"https:\/\/loginfo24.com\/es\/2020\/04\/19\/el-volumen-de-carga-en-el-transporte-por-carretera-de-europa-se-desploma-drasticamente\/#breadcrumb","itemListElement":[{"@type":"ListItem","position":1,"name":"Startseite","item":"https:\/\/loginfo24.com\/es\/"},{"@type":"ListItem","position":2,"name":"El volumen de carga en el transporte por carretera de Europa se desploma dr\u00e1sticamente"}]},{"@type":"WebSite","@id":"https:\/\/loginfo24.com\/es\/#website","url":"https:\/\/loginfo24.com\/es\/","name":"Loginfo24","description":"Loginfo24 es la plataforma dedicada a la log\u00edstica y las cadenas de suministro con informaci\u00f3n las 24 horas del d\u00eda.","publisher":{"@id":"https:\/\/loginfo24.com\/es\/#organization"},"potentialAction":[{"@type":"SearchAction","target":{"@type":"EntryPoint","urlTemplate":"https:\/\/loginfo24.com\/es\/?s={search_term_string}"},"query-input":{"@type":"PropertyValueSpecification","valueRequired":true,"valueName":"search_term_string"}}],"inLanguage":"es"},{"@type":"Organization","@id":"https:\/\/loginfo24.com\/es\/#organization","name":"Grupo Logismedia AG","url":"https:\/\/loginfo24.com\/es\/","logo":{"@type":"ImageObject","inLanguage":"es","@id":"https:\/\/loginfo24.com\/es\/#\/schema\/logo\/image\/","url":"https:\/\/loginfo24.com\/wp-content\/uploads\/sites\/7\/2026\/01\/Logo_LogInfo24.png","contentUrl":"https:\/\/loginfo24.com\/wp-content\/uploads\/sites\/7\/2026\/01\/Logo_LogInfo24.png","width":938,"height":351,"caption":"Grupo Logismedia AG"},"image":{"@id":"https:\/\/loginfo24.com\/es\/#\/schema\/logo\/image\/"},"sameAs":["https:\/\/www.facebook.com\/people\/Loginfo24\/100057360583332\/","https:\/\/www.linkedin.com\/company\/lofinfo24\/"]}]}},"_links":{"self":[{"href":"https:\/\/loginfo24.com\/es\/wp-json\/wp\/v2\/posts\/17406","targetHints":{"allow":["GET"]}}],"collection":[{"href":"https:\/\/loginfo24.com\/es\/wp-json\/wp\/v2\/posts"}],"about":[{"href":"https:\/\/loginfo24.com\/es\/wp-json\/wp\/v2\/types\/post"}],"replies":[{"embeddable":true,"href":"https:\/\/loginfo24.com\/es\/wp-json\/wp\/v2\/comments?post=17406"}],"version-history":[{"count":1,"href":"https:\/\/loginfo24.com\/es\/wp-json\/wp\/v2\/posts\/17406\/revisions"}],"predecessor-version":[{"id":31162,"href":"https:\/\/loginfo24.com\/es\/wp-json\/wp\/v2\/posts\/17406\/revisions\/31162"}],"wp:attachment":[{"href":"https:\/\/loginfo24.com\/es\/wp-json\/wp\/v2\/media?parent=17406"}],"wp:term":[{"taxonomy":"category","embeddable":true,"href":"https:\/\/loginfo24.com\/es\/wp-json\/wp\/v2\/categories?post=17406"},{"taxonomy":"post_tag","embeddable":true,"href":"https:\/\/loginfo24.com\/es\/wp-json\/wp\/v2\/tags?post=17406"}],"curies":[{"name":"wp","href":"https:\/\/api.w.org\/{rel}","templated":true}]}}