{"id":17274,"date":"2020-03-26T18:03:59","date_gmt":"2020-03-26T17:03:59","guid":{"rendered":"https:\/\/blog.brand-architecture.at\/2020\/03\/26\/las-asociaciones-quieren-mantener-abiertas-las-arterias-vitales-con-el-ferrocarril-de-mercancias\/"},"modified":"2025-12-15T12:26:39","modified_gmt":"2025-12-15T11:26:39","slug":"las-asociaciones-quieren-mantener-abiertas-las-arterias-vitales-con-el-ferrocarril-de-mercancias","status":"publish","type":"post","link":"https:\/\/loginfo24.com\/es\/2020\/03\/26\/las-asociaciones-quieren-mantener-abiertas-las-arterias-vitales-con-el-ferrocarril-de-mercancias\/","title":{"rendered":"\u00a1Las asociaciones quieren mantener abiertas las arterias vitales con el ferrocarril de mercanc\u00edas!"},"content":{"rendered":"<p>El transporte ferroviario de mercanc\u00edas es, durante la crisis del Corona, un pilar de la seguridad de suministro tanto para la poblaci\u00f3n como para la industria. Esto lo han reafirmado empresas l\u00edderes y asociaciones del sector ferroviario, se\u00f1alando las medidas necesarias.<\/p>\n<p>(Berl\u00edn, 26.03.2020) Con motivo de la conferencia de prensa de hoy del Ministro de Transporte Andreas Scheuer y la Ministra de Agricultura Julia Kl\u00f6ckner sobre los desarrollos actuales en el \u00e1mbito del suministro de alimentos, las cadenas de suministro, la movilidad y la log\u00edstica, la directora general del DVF, <strong>Dr. Heike van Hoorn<\/strong>, enfatiza el desaf\u00edo para el sector de la movilidad y los cambios necesarios en las condiciones marco: \u00abDada el cierre de fronteras y los atascos kilom\u00e9tricos, el ferrocarril de mercanc\u00edas puede asumir en parte los transportes por cami\u00f3n, especialmente para las largas distancias. Para que los trenes de mercanc\u00edas puedan circular sin obst\u00e1culos, necesitamos atenci\u00f3n infantil para el personal del tren, hoteles en el lugar para el cambio de personal y horarios de apertura prolongados en las terminales del transporte combinado, es decir, operaci\u00f3n 24 horas. Debemos colaborar m\u00e1s estrechamente entre los diferentes modos de transporte e integrar otros medios de transporte en nuestras cadenas de transporte.\u00bb<\/p>\n<p>Van Hoorn contin\u00faa: \u00abEn nuestra carta hemos considerado diferentes escenarios, ya que el desarrollo actualmente no es predecible para nadie. Puede haber un aumento en el volumen de tr\u00e1fico, ya que las cargas de camiones deben ser asumidas de la carretera, o puede ocurrir lo contrario. El sector ferroviario preparar\u00e1 las posibilidades con la industria de manera conceptual y organizativa para poder reaccionar de la mejor manera posible a los cambios que se produzcan.\u00bb<\/p>\n<p>Los firmantes son el Foro de Transporte Alem\u00e1n DVF, Deutsche Bahn AG, Kombiverkehr, Autoridad Portuaria de Hamburgo HPA, Allianz pro Schiene, Asociaci\u00f3n Federal de Transporte de Mercanc\u00edas, Log\u00edstica y Eliminaci\u00f3n BGL, Asociaci\u00f3n de Empresas de Transporte Alemanas VDV, Asociaci\u00f3n de la Industria Ferroviaria en Alemania VDB, Red de Ferrocarriles Europeos NEE, Mofair y la Asociaci\u00f3n de Propietarios de Vagones de Carga en Alemania.<\/p>\n<p>Foto: Pixabay<br \/><a href=\"https:\/\/www.verkehrsforum.de\" target=\"_blank\" rel=\"noopener noreferrer\">https:\/\/www.verkehrsforum.de<\/a><\/p>\n","protected":false},"excerpt":{"rendered":"<p>El transporte ferroviario de mercanc\u00edas es, durante la crisis del Corona, un pilar de la seguridad de suministro tanto para la poblaci\u00f3n como para la industria.<span class=\"excerpt-hellip\"> [\u2026]<\/span><\/p>\n","protected":false},"author":0,"featured_media":0,"comment_status":"open","ping_status":"open","sticky":false,"template":"","format":"standard","meta":{"_acf_changed":false,"footnotes":""},"categories":[1557,1561],"tags":[],"class_list":["post-17274","post","type-post","status-publish","format-standard","hentry","category-forwarding-logistics","category-regions"],"acf":[],"yoast_head":"<!-- This site is optimized with the Yoast SEO plugin v27.3 - https:\/\/yoast.com\/product\/yoast-seo-wordpress\/ -->\n<title>\u00a1Las asociaciones quieren mantener abiertas las arterias vitales con el ferrocarril de mercanc\u00edas! - Loginfo24<\/title>\n<meta name=\"robots\" content=\"index, follow, max-snippet:-1, max-image-preview:large, max-video-preview:-1\" \/>\n<link rel=\"canonical\" href=\"https:\/\/loginfo24.com\/es\/2020\/03\/26\/las-asociaciones-quieren-mantener-abiertas-las-arterias-vitales-con-el-ferrocarril-de-mercancias\/\" \/>\n<meta property=\"og:locale\" content=\"es_ES\" \/>\n<meta property=\"og:type\" content=\"article\" \/>\n<meta property=\"og:title\" content=\"\u00a1Las asociaciones quieren mantener abiertas las arterias vitales con el ferrocarril de mercanc\u00edas! - Loginfo24\" \/>\n<meta property=\"og:description\" content=\"El transporte ferroviario de mercanc\u00edas es, durante la crisis del Corona, un pilar de la seguridad de suministro tanto para la poblaci\u00f3n como para la industria. [\u2026]\" \/>\n<meta property=\"og:url\" content=\"https:\/\/loginfo24.com\/es\/2020\/03\/26\/las-asociaciones-quieren-mantener-abiertas-las-arterias-vitales-con-el-ferrocarril-de-mercancias\/\" \/>\n<meta property=\"og:site_name\" content=\"Loginfo24\" \/>\n<meta property=\"article:publisher\" content=\"https:\/\/www.facebook.com\/people\/Loginfo24\/100057360583332\/\" \/>\n<meta property=\"article:published_time\" content=\"2020-03-26T17:03:59+00:00\" \/>\n<meta property=\"article:modified_time\" content=\"2025-12-15T11:26:39+00:00\" \/>\n<meta name=\"twitter:card\" content=\"summary_large_image\" \/>\n<meta name=\"twitter:label1\" content=\"Tiempo de lectura\" \/>\n\t<meta name=\"twitter:data1\" content=\"2 minuto\" \/>\n<script type=\"application\/ld+json\" class=\"yoast-schema-graph\">{\"@context\":\"https:\\\/\\\/schema.org\",\"@graph\":[{\"@type\":\"Article\",\"@id\":\"https:\\\/\\\/loginfo24.com\\\/es\\\/2020\\\/03\\\/26\\\/las-asociaciones-quieren-mantener-abiertas-las-arterias-vitales-con-el-ferrocarril-de-mercancias\\\/#article\",\"isPartOf\":{\"@id\":\"https:\\\/\\\/loginfo24.com\\\/es\\\/2020\\\/03\\\/26\\\/las-asociaciones-quieren-mantener-abiertas-las-arterias-vitales-con-el-ferrocarril-de-mercancias\\\/\"},\"author\":{\"name\":\"\",\"@id\":\"\"},\"headline\":\"\u00a1Las asociaciones quieren mantener abiertas las arterias vitales con el ferrocarril de mercanc\u00edas!\",\"datePublished\":\"2020-03-26T17:03:59+00:00\",\"dateModified\":\"2025-12-15T11:26:39+00:00\",\"mainEntityOfPage\":{\"@id\":\"https:\\\/\\\/loginfo24.com\\\/es\\\/2020\\\/03\\\/26\\\/las-asociaciones-quieren-mantener-abiertas-las-arterias-vitales-con-el-ferrocarril-de-mercancias\\\/\"},\"wordCount\":382,\"commentCount\":0,\"publisher\":{\"@id\":\"https:\\\/\\\/loginfo24.com\\\/es\\\/#organization\"},\"articleSection\":[\"Forwarding &amp; Logistics\",\"Regions\"],\"inLanguage\":\"es\",\"potentialAction\":[{\"@type\":\"CommentAction\",\"name\":\"Comment\",\"target\":[\"https:\\\/\\\/loginfo24.com\\\/es\\\/2020\\\/03\\\/26\\\/las-asociaciones-quieren-mantener-abiertas-las-arterias-vitales-con-el-ferrocarril-de-mercancias\\\/#respond\"]}]},{\"@type\":\"WebPage\",\"@id\":\"https:\\\/\\\/loginfo24.com\\\/es\\\/2020\\\/03\\\/26\\\/las-asociaciones-quieren-mantener-abiertas-las-arterias-vitales-con-el-ferrocarril-de-mercancias\\\/\",\"url\":\"https:\\\/\\\/loginfo24.com\\\/es\\\/2020\\\/03\\\/26\\\/las-asociaciones-quieren-mantener-abiertas-las-arterias-vitales-con-el-ferrocarril-de-mercancias\\\/\",\"name\":\"\u00a1Las asociaciones quieren mantener abiertas las arterias vitales con el ferrocarril de mercanc\u00edas! - Loginfo24\",\"isPartOf\":{\"@id\":\"https:\\\/\\\/loginfo24.com\\\/es\\\/#website\"},\"datePublished\":\"2020-03-26T17:03:59+00:00\",\"dateModified\":\"2025-12-15T11:26:39+00:00\",\"breadcrumb\":{\"@id\":\"https:\\\/\\\/loginfo24.com\\\/es\\\/2020\\\/03\\\/26\\\/las-asociaciones-quieren-mantener-abiertas-las-arterias-vitales-con-el-ferrocarril-de-mercancias\\\/#breadcrumb\"},\"inLanguage\":\"es\",\"potentialAction\":[{\"@type\":\"ReadAction\",\"target\":[\"https:\\\/\\\/loginfo24.com\\\/es\\\/2020\\\/03\\\/26\\\/las-asociaciones-quieren-mantener-abiertas-las-arterias-vitales-con-el-ferrocarril-de-mercancias\\\/\"]}]},{\"@type\":\"BreadcrumbList\",\"@id\":\"https:\\\/\\\/loginfo24.com\\\/es\\\/2020\\\/03\\\/26\\\/las-asociaciones-quieren-mantener-abiertas-las-arterias-vitales-con-el-ferrocarril-de-mercancias\\\/#breadcrumb\",\"itemListElement\":[{\"@type\":\"ListItem\",\"position\":1,\"name\":\"Startseite\",\"item\":\"https:\\\/\\\/loginfo24.com\\\/es\\\/\"},{\"@type\":\"ListItem\",\"position\":2,\"name\":\"\u00a1Las asociaciones quieren mantener abiertas las arterias vitales con el ferrocarril de mercanc\u00edas!\"}]},{\"@type\":\"WebSite\",\"@id\":\"https:\\\/\\\/loginfo24.com\\\/es\\\/#website\",\"url\":\"https:\\\/\\\/loginfo24.com\\\/es\\\/\",\"name\":\"Loginfo24\",\"description\":\"Loginfo24 es la plataforma dedicada a la log\u00edstica y las cadenas de suministro con informaci\u00f3n las 24 horas del d\u00eda.\",\"publisher\":{\"@id\":\"https:\\\/\\\/loginfo24.com\\\/es\\\/#organization\"},\"potentialAction\":[{\"@type\":\"SearchAction\",\"target\":{\"@type\":\"EntryPoint\",\"urlTemplate\":\"https:\\\/\\\/loginfo24.com\\\/es\\\/?s={search_term_string}\"},\"query-input\":{\"@type\":\"PropertyValueSpecification\",\"valueRequired\":true,\"valueName\":\"search_term_string\"}}],\"inLanguage\":\"es\"},{\"@type\":\"Organization\",\"@id\":\"https:\\\/\\\/loginfo24.com\\\/es\\\/#organization\",\"name\":\"Grupo Logismedia AG\",\"url\":\"https:\\\/\\\/loginfo24.com\\\/es\\\/\",\"logo\":{\"@type\":\"ImageObject\",\"inLanguage\":\"es\",\"@id\":\"https:\\\/\\\/loginfo24.com\\\/es\\\/#\\\/schema\\\/logo\\\/image\\\/\",\"url\":\"https:\\\/\\\/loginfo24.com\\\/wp-content\\\/uploads\\\/sites\\\/7\\\/2026\\\/01\\\/Logo_LogInfo24.png\",\"contentUrl\":\"https:\\\/\\\/loginfo24.com\\\/wp-content\\\/uploads\\\/sites\\\/7\\\/2026\\\/01\\\/Logo_LogInfo24.png\",\"width\":938,\"height\":351,\"caption\":\"Grupo Logismedia AG\"},\"image\":{\"@id\":\"https:\\\/\\\/loginfo24.com\\\/es\\\/#\\\/schema\\\/logo\\\/image\\\/\"},\"sameAs\":[\"https:\\\/\\\/www.facebook.com\\\/people\\\/Loginfo24\\\/100057360583332\\\/\",\"https:\\\/\\\/www.linkedin.com\\\/company\\\/lofinfo24\\\/\"]}]}<\/script>\n<!-- \/ Yoast SEO plugin. -->","yoast_head_json":{"title":"\u00a1Las asociaciones quieren mantener abiertas las arterias vitales con el ferrocarril de mercanc\u00edas! - Loginfo24","robots":{"index":"index","follow":"follow","max-snippet":"max-snippet:-1","max-image-preview":"max-image-preview:large","max-video-preview":"max-video-preview:-1"},"canonical":"https:\/\/loginfo24.com\/es\/2020\/03\/26\/las-asociaciones-quieren-mantener-abiertas-las-arterias-vitales-con-el-ferrocarril-de-mercancias\/","og_locale":"es_ES","og_type":"article","og_title":"\u00a1Las asociaciones quieren mantener abiertas las arterias vitales con el ferrocarril de mercanc\u00edas! - Loginfo24","og_description":"El transporte ferroviario de mercanc\u00edas es, durante la crisis del Corona, un pilar de la seguridad de suministro tanto para la poblaci\u00f3n como para la industria. [\u2026]","og_url":"https:\/\/loginfo24.com\/es\/2020\/03\/26\/las-asociaciones-quieren-mantener-abiertas-las-arterias-vitales-con-el-ferrocarril-de-mercancias\/","og_site_name":"Loginfo24","article_publisher":"https:\/\/www.facebook.com\/people\/Loginfo24\/100057360583332\/","article_published_time":"2020-03-26T17:03:59+00:00","article_modified_time":"2025-12-15T11:26:39+00:00","twitter_card":"summary_large_image","twitter_misc":{"Tiempo de lectura":"2 minuto"},"schema":{"@context":"https:\/\/schema.org","@graph":[{"@type":"Article","@id":"https:\/\/loginfo24.com\/es\/2020\/03\/26\/las-asociaciones-quieren-mantener-abiertas-las-arterias-vitales-con-el-ferrocarril-de-mercancias\/#article","isPartOf":{"@id":"https:\/\/loginfo24.com\/es\/2020\/03\/26\/las-asociaciones-quieren-mantener-abiertas-las-arterias-vitales-con-el-ferrocarril-de-mercancias\/"},"author":{"name":"","@id":""},"headline":"\u00a1Las asociaciones quieren mantener abiertas las arterias vitales con el ferrocarril de mercanc\u00edas!","datePublished":"2020-03-26T17:03:59+00:00","dateModified":"2025-12-15T11:26:39+00:00","mainEntityOfPage":{"@id":"https:\/\/loginfo24.com\/es\/2020\/03\/26\/las-asociaciones-quieren-mantener-abiertas-las-arterias-vitales-con-el-ferrocarril-de-mercancias\/"},"wordCount":382,"commentCount":0,"publisher":{"@id":"https:\/\/loginfo24.com\/es\/#organization"},"articleSection":["Forwarding &amp; Logistics","Regions"],"inLanguage":"es","potentialAction":[{"@type":"CommentAction","name":"Comment","target":["https:\/\/loginfo24.com\/es\/2020\/03\/26\/las-asociaciones-quieren-mantener-abiertas-las-arterias-vitales-con-el-ferrocarril-de-mercancias\/#respond"]}]},{"@type":"WebPage","@id":"https:\/\/loginfo24.com\/es\/2020\/03\/26\/las-asociaciones-quieren-mantener-abiertas-las-arterias-vitales-con-el-ferrocarril-de-mercancias\/","url":"https:\/\/loginfo24.com\/es\/2020\/03\/26\/las-asociaciones-quieren-mantener-abiertas-las-arterias-vitales-con-el-ferrocarril-de-mercancias\/","name":"\u00a1Las asociaciones quieren mantener abiertas las arterias vitales con el ferrocarril de mercanc\u00edas! - Loginfo24","isPartOf":{"@id":"https:\/\/loginfo24.com\/es\/#website"},"datePublished":"2020-03-26T17:03:59+00:00","dateModified":"2025-12-15T11:26:39+00:00","breadcrumb":{"@id":"https:\/\/loginfo24.com\/es\/2020\/03\/26\/las-asociaciones-quieren-mantener-abiertas-las-arterias-vitales-con-el-ferrocarril-de-mercancias\/#breadcrumb"},"inLanguage":"es","potentialAction":[{"@type":"ReadAction","target":["https:\/\/loginfo24.com\/es\/2020\/03\/26\/las-asociaciones-quieren-mantener-abiertas-las-arterias-vitales-con-el-ferrocarril-de-mercancias\/"]}]},{"@type":"BreadcrumbList","@id":"https:\/\/loginfo24.com\/es\/2020\/03\/26\/las-asociaciones-quieren-mantener-abiertas-las-arterias-vitales-con-el-ferrocarril-de-mercancias\/#breadcrumb","itemListElement":[{"@type":"ListItem","position":1,"name":"Startseite","item":"https:\/\/loginfo24.com\/es\/"},{"@type":"ListItem","position":2,"name":"\u00a1Las asociaciones quieren mantener abiertas las arterias vitales con el ferrocarril de mercanc\u00edas!"}]},{"@type":"WebSite","@id":"https:\/\/loginfo24.com\/es\/#website","url":"https:\/\/loginfo24.com\/es\/","name":"Loginfo24","description":"Loginfo24 es la plataforma dedicada a la log\u00edstica y las cadenas de suministro con informaci\u00f3n las 24 horas del d\u00eda.","publisher":{"@id":"https:\/\/loginfo24.com\/es\/#organization"},"potentialAction":[{"@type":"SearchAction","target":{"@type":"EntryPoint","urlTemplate":"https:\/\/loginfo24.com\/es\/?s={search_term_string}"},"query-input":{"@type":"PropertyValueSpecification","valueRequired":true,"valueName":"search_term_string"}}],"inLanguage":"es"},{"@type":"Organization","@id":"https:\/\/loginfo24.com\/es\/#organization","name":"Grupo Logismedia AG","url":"https:\/\/loginfo24.com\/es\/","logo":{"@type":"ImageObject","inLanguage":"es","@id":"https:\/\/loginfo24.com\/es\/#\/schema\/logo\/image\/","url":"https:\/\/loginfo24.com\/wp-content\/uploads\/sites\/7\/2026\/01\/Logo_LogInfo24.png","contentUrl":"https:\/\/loginfo24.com\/wp-content\/uploads\/sites\/7\/2026\/01\/Logo_LogInfo24.png","width":938,"height":351,"caption":"Grupo Logismedia AG"},"image":{"@id":"https:\/\/loginfo24.com\/es\/#\/schema\/logo\/image\/"},"sameAs":["https:\/\/www.facebook.com\/people\/Loginfo24\/100057360583332\/","https:\/\/www.linkedin.com\/company\/lofinfo24\/"]}]}},"_links":{"self":[{"href":"https:\/\/loginfo24.com\/es\/wp-json\/wp\/v2\/posts\/17274","targetHints":{"allow":["GET"]}}],"collection":[{"href":"https:\/\/loginfo24.com\/es\/wp-json\/wp\/v2\/posts"}],"about":[{"href":"https:\/\/loginfo24.com\/es\/wp-json\/wp\/v2\/types\/post"}],"replies":[{"embeddable":true,"href":"https:\/\/loginfo24.com\/es\/wp-json\/wp\/v2\/comments?post=17274"}],"version-history":[{"count":1,"href":"https:\/\/loginfo24.com\/es\/wp-json\/wp\/v2\/posts\/17274\/revisions"}],"predecessor-version":[{"id":30909,"href":"https:\/\/loginfo24.com\/es\/wp-json\/wp\/v2\/posts\/17274\/revisions\/30909"}],"wp:attachment":[{"href":"https:\/\/loginfo24.com\/es\/wp-json\/wp\/v2\/media?parent=17274"}],"wp:term":[{"taxonomy":"category","embeddable":true,"href":"https:\/\/loginfo24.com\/es\/wp-json\/wp\/v2\/categories?post=17274"},{"taxonomy":"post_tag","embeddable":true,"href":"https:\/\/loginfo24.com\/es\/wp-json\/wp\/v2\/tags?post=17274"}],"curies":[{"name":"wp","href":"https:\/\/api.w.org\/{rel}","templated":true}]}}