{"id":17184,"date":"2020-03-05T10:38:17","date_gmt":"2020-03-05T09:38:17","guid":{"rendered":"https:\/\/blog.brand-architecture.at\/2020\/03\/05\/lbs-da-la-bienvenida-al-anunciado-traslado-de-la-iaa-a-munich\/"},"modified":"2025-12-15T12:26:18","modified_gmt":"2025-12-15T11:26:18","slug":"lbs-da-la-bienvenida-al-anunciado-traslado-de-la-iaa-a-munich","status":"publish","type":"post","link":"https:\/\/loginfo24.com\/es\/2020\/03\/05\/lbs-da-la-bienvenida-al-anunciado-traslado-de-la-iaa-a-munich\/","title":{"rendered":"LBS da la bienvenida al anunciado traslado de la IAA a M\u00fanich"},"content":{"rendered":"<p>El LBS \u2013 Asociaci\u00f3n de Transportistas de Baviera se complace por la adjudicaci\u00f3n de la Feria Internacional del Autom\u00f3vil a M\u00fanich y ve la feria del autom\u00f3vil como un motor para toda la industria de la movilidad.<\/p>\n<p>(M\u00fanich, 05.03.2020) El LBS \u2013 Asociaci\u00f3n de Transportistas de Baviera e.V. da la bienvenida al anunciado traslado de la Feria Internacional del Autom\u00f3vil (IAA) a M\u00fanich a partir de 2021. \u00abM\u00e1s all\u00e1 de la presentaci\u00f3n de nuevos modelos de veh\u00edculos, la IAA siempre ha sido tambi\u00e9n una plataforma para la comunicaci\u00f3n, la transferencia de conocimientos y las ideas\u00bb, dice la directora general del LBS, Sabine Lehmann. \u00abPara la ubicaci\u00f3n econ\u00f3mica de M\u00fanich y para todo el estado libre, esto ofrece la oportunidad de presentar su capacidad de rendimiento e innovaci\u00f3n a un amplio p\u00fablico profesional internacional. Al mismo tiempo, de esta manera tambi\u00e9n fluyen nuevos impulsos aqu\u00ed, de los cuales surgen m\u00e1s oportunidades para la diversificaci\u00f3n y el desarrollo de la industria del transporte.\u00bbDesde la perspectiva del LBS, la oferta y el impacto de la IAA van mucho m\u00e1s all\u00e1 del tema \u00abautom\u00f3vil\u00bb. \u00abLa complejidad de las estructuras de transporte actuales ya no permite una percepci\u00f3n singular de este tipo, ya sea que estemos pensando en la movilidad en la ciudad o en las carreteras principales\u00bb, comenta Lehmann. \u00abCada cambio en un medio de transporte influye directamente en todos los dem\u00e1s.\u00bb En este contexto, el fortalecimiento del campo de competencia \u00abmovilidad\u00bb en M\u00fanich y Baviera es beneficioso para todos los afectados, directa e indirectamente.\u00bbCon la IAA y la feria especializada transport logistic, en el futuro habr\u00e1 dos plataformas de competencia para la movilidad presentes en la Feria de M\u00fanich. Esto es un gran logro de la feria y de la ciudad capital \u2013 y promete buenas condiciones para innovaciones tem\u00e1ticas y de contenido\u00bb, dice Lehmann.<\/p>\n<p><a href=\"https:\/\/www.lbs-spediteure.de\" target=\"_blank\" rel=\"noopener noreferrer\">https:\/\/www.lbs-spediteure.de<\/a><\/p>\n","protected":false},"excerpt":{"rendered":"<p>El LBS \u2013 Asociaci\u00f3n de Transportistas de Baviera se complace por la adjudicaci\u00f3n de la Feria Internacional del Autom\u00f3vil a M\u00fanich y ve la feria del<span class=\"excerpt-hellip\"> [\u2026]<\/span><\/p>\n","protected":false},"author":0,"featured_media":0,"comment_status":"open","ping_status":"open","sticky":false,"template":"","format":"standard","meta":{"_acf_changed":false,"footnotes":""},"categories":[1557,1561],"tags":[],"class_list":["post-17184","post","type-post","status-publish","format-standard","hentry","category-forwarding-logistics","category-regions"],"acf":[],"yoast_head":"<!-- This site is optimized with the Yoast SEO plugin v27.3 - https:\/\/yoast.com\/product\/yoast-seo-wordpress\/ -->\n<title>LBS da la bienvenida al anunciado traslado de la IAA a M\u00fanich - Loginfo24<\/title>\n<meta name=\"robots\" content=\"index, follow, max-snippet:-1, max-image-preview:large, max-video-preview:-1\" \/>\n<link rel=\"canonical\" href=\"https:\/\/loginfo24.com\/es\/2020\/03\/05\/lbs-da-la-bienvenida-al-anunciado-traslado-de-la-iaa-a-munich\/\" \/>\n<meta property=\"og:locale\" content=\"es_ES\" \/>\n<meta property=\"og:type\" content=\"article\" \/>\n<meta property=\"og:title\" content=\"LBS da la bienvenida al anunciado traslado de la IAA a M\u00fanich - Loginfo24\" \/>\n<meta property=\"og:description\" content=\"El LBS \u2013 Asociaci\u00f3n de Transportistas de Baviera se complace por la adjudicaci\u00f3n de la Feria Internacional del Autom\u00f3vil a M\u00fanich y ve la feria del [\u2026]\" \/>\n<meta property=\"og:url\" content=\"https:\/\/loginfo24.com\/es\/2020\/03\/05\/lbs-da-la-bienvenida-al-anunciado-traslado-de-la-iaa-a-munich\/\" \/>\n<meta property=\"og:site_name\" content=\"Loginfo24\" \/>\n<meta property=\"article:publisher\" content=\"https:\/\/www.facebook.com\/people\/Loginfo24\/100057360583332\/\" \/>\n<meta property=\"article:published_time\" content=\"2020-03-05T09:38:17+00:00\" \/>\n<meta property=\"article:modified_time\" content=\"2025-12-15T11:26:18+00:00\" \/>\n<meta name=\"twitter:card\" content=\"summary_large_image\" \/>\n<meta name=\"twitter:label1\" content=\"Tiempo de lectura\" \/>\n\t<meta name=\"twitter:data1\" content=\"2 minuto\" \/>\n<script type=\"application\/ld+json\" class=\"yoast-schema-graph\">{\"@context\":\"https:\\\/\\\/schema.org\",\"@graph\":[{\"@type\":\"Article\",\"@id\":\"https:\\\/\\\/loginfo24.com\\\/es\\\/2020\\\/03\\\/05\\\/lbs-da-la-bienvenida-al-anunciado-traslado-de-la-iaa-a-munich\\\/#article\",\"isPartOf\":{\"@id\":\"https:\\\/\\\/loginfo24.com\\\/es\\\/2020\\\/03\\\/05\\\/lbs-da-la-bienvenida-al-anunciado-traslado-de-la-iaa-a-munich\\\/\"},\"author\":{\"name\":\"\",\"@id\":\"\"},\"headline\":\"LBS da la bienvenida al anunciado traslado de la IAA a M\u00fanich\",\"datePublished\":\"2020-03-05T09:38:17+00:00\",\"dateModified\":\"2025-12-15T11:26:18+00:00\",\"mainEntityOfPage\":{\"@id\":\"https:\\\/\\\/loginfo24.com\\\/es\\\/2020\\\/03\\\/05\\\/lbs-da-la-bienvenida-al-anunciado-traslado-de-la-iaa-a-munich\\\/\"},\"wordCount\":346,\"commentCount\":0,\"publisher\":{\"@id\":\"https:\\\/\\\/loginfo24.com\\\/es\\\/#organization\"},\"articleSection\":[\"Forwarding &amp; Logistics\",\"Regions\"],\"inLanguage\":\"es\",\"potentialAction\":[{\"@type\":\"CommentAction\",\"name\":\"Comment\",\"target\":[\"https:\\\/\\\/loginfo24.com\\\/es\\\/2020\\\/03\\\/05\\\/lbs-da-la-bienvenida-al-anunciado-traslado-de-la-iaa-a-munich\\\/#respond\"]}]},{\"@type\":\"WebPage\",\"@id\":\"https:\\\/\\\/loginfo24.com\\\/es\\\/2020\\\/03\\\/05\\\/lbs-da-la-bienvenida-al-anunciado-traslado-de-la-iaa-a-munich\\\/\",\"url\":\"https:\\\/\\\/loginfo24.com\\\/es\\\/2020\\\/03\\\/05\\\/lbs-da-la-bienvenida-al-anunciado-traslado-de-la-iaa-a-munich\\\/\",\"name\":\"LBS da la bienvenida al anunciado traslado de la IAA a M\u00fanich - Loginfo24\",\"isPartOf\":{\"@id\":\"https:\\\/\\\/loginfo24.com\\\/es\\\/#website\"},\"datePublished\":\"2020-03-05T09:38:17+00:00\",\"dateModified\":\"2025-12-15T11:26:18+00:00\",\"breadcrumb\":{\"@id\":\"https:\\\/\\\/loginfo24.com\\\/es\\\/2020\\\/03\\\/05\\\/lbs-da-la-bienvenida-al-anunciado-traslado-de-la-iaa-a-munich\\\/#breadcrumb\"},\"inLanguage\":\"es\",\"potentialAction\":[{\"@type\":\"ReadAction\",\"target\":[\"https:\\\/\\\/loginfo24.com\\\/es\\\/2020\\\/03\\\/05\\\/lbs-da-la-bienvenida-al-anunciado-traslado-de-la-iaa-a-munich\\\/\"]}]},{\"@type\":\"BreadcrumbList\",\"@id\":\"https:\\\/\\\/loginfo24.com\\\/es\\\/2020\\\/03\\\/05\\\/lbs-da-la-bienvenida-al-anunciado-traslado-de-la-iaa-a-munich\\\/#breadcrumb\",\"itemListElement\":[{\"@type\":\"ListItem\",\"position\":1,\"name\":\"Startseite\",\"item\":\"https:\\\/\\\/loginfo24.com\\\/es\\\/\"},{\"@type\":\"ListItem\",\"position\":2,\"name\":\"LBS da la bienvenida al anunciado traslado de la IAA a M\u00fanich\"}]},{\"@type\":\"WebSite\",\"@id\":\"https:\\\/\\\/loginfo24.com\\\/es\\\/#website\",\"url\":\"https:\\\/\\\/loginfo24.com\\\/es\\\/\",\"name\":\"Loginfo24\",\"description\":\"Loginfo24 es la plataforma dedicada a la log\u00edstica y las cadenas de suministro con informaci\u00f3n las 24 horas del d\u00eda.\",\"publisher\":{\"@id\":\"https:\\\/\\\/loginfo24.com\\\/es\\\/#organization\"},\"potentialAction\":[{\"@type\":\"SearchAction\",\"target\":{\"@type\":\"EntryPoint\",\"urlTemplate\":\"https:\\\/\\\/loginfo24.com\\\/es\\\/?s={search_term_string}\"},\"query-input\":{\"@type\":\"PropertyValueSpecification\",\"valueRequired\":true,\"valueName\":\"search_term_string\"}}],\"inLanguage\":\"es\"},{\"@type\":\"Organization\",\"@id\":\"https:\\\/\\\/loginfo24.com\\\/es\\\/#organization\",\"name\":\"Grupo Logismedia AG\",\"url\":\"https:\\\/\\\/loginfo24.com\\\/es\\\/\",\"logo\":{\"@type\":\"ImageObject\",\"inLanguage\":\"es\",\"@id\":\"https:\\\/\\\/loginfo24.com\\\/es\\\/#\\\/schema\\\/logo\\\/image\\\/\",\"url\":\"https:\\\/\\\/loginfo24.com\\\/wp-content\\\/uploads\\\/sites\\\/7\\\/2026\\\/01\\\/Logo_LogInfo24.png\",\"contentUrl\":\"https:\\\/\\\/loginfo24.com\\\/wp-content\\\/uploads\\\/sites\\\/7\\\/2026\\\/01\\\/Logo_LogInfo24.png\",\"width\":938,\"height\":351,\"caption\":\"Grupo Logismedia AG\"},\"image\":{\"@id\":\"https:\\\/\\\/loginfo24.com\\\/es\\\/#\\\/schema\\\/logo\\\/image\\\/\"},\"sameAs\":[\"https:\\\/\\\/www.facebook.com\\\/people\\\/Loginfo24\\\/100057360583332\\\/\",\"https:\\\/\\\/www.linkedin.com\\\/company\\\/lofinfo24\\\/\"]}]}<\/script>\n<!-- \/ Yoast SEO plugin. -->","yoast_head_json":{"title":"LBS da la bienvenida al anunciado traslado de la IAA a M\u00fanich - Loginfo24","robots":{"index":"index","follow":"follow","max-snippet":"max-snippet:-1","max-image-preview":"max-image-preview:large","max-video-preview":"max-video-preview:-1"},"canonical":"https:\/\/loginfo24.com\/es\/2020\/03\/05\/lbs-da-la-bienvenida-al-anunciado-traslado-de-la-iaa-a-munich\/","og_locale":"es_ES","og_type":"article","og_title":"LBS da la bienvenida al anunciado traslado de la IAA a M\u00fanich - Loginfo24","og_description":"El LBS \u2013 Asociaci\u00f3n de Transportistas de Baviera se complace por la adjudicaci\u00f3n de la Feria Internacional del Autom\u00f3vil a M\u00fanich y ve la feria del [\u2026]","og_url":"https:\/\/loginfo24.com\/es\/2020\/03\/05\/lbs-da-la-bienvenida-al-anunciado-traslado-de-la-iaa-a-munich\/","og_site_name":"Loginfo24","article_publisher":"https:\/\/www.facebook.com\/people\/Loginfo24\/100057360583332\/","article_published_time":"2020-03-05T09:38:17+00:00","article_modified_time":"2025-12-15T11:26:18+00:00","twitter_card":"summary_large_image","twitter_misc":{"Tiempo de lectura":"2 minuto"},"schema":{"@context":"https:\/\/schema.org","@graph":[{"@type":"Article","@id":"https:\/\/loginfo24.com\/es\/2020\/03\/05\/lbs-da-la-bienvenida-al-anunciado-traslado-de-la-iaa-a-munich\/#article","isPartOf":{"@id":"https:\/\/loginfo24.com\/es\/2020\/03\/05\/lbs-da-la-bienvenida-al-anunciado-traslado-de-la-iaa-a-munich\/"},"author":{"name":"","@id":""},"headline":"LBS da la bienvenida al anunciado traslado de la IAA a M\u00fanich","datePublished":"2020-03-05T09:38:17+00:00","dateModified":"2025-12-15T11:26:18+00:00","mainEntityOfPage":{"@id":"https:\/\/loginfo24.com\/es\/2020\/03\/05\/lbs-da-la-bienvenida-al-anunciado-traslado-de-la-iaa-a-munich\/"},"wordCount":346,"commentCount":0,"publisher":{"@id":"https:\/\/loginfo24.com\/es\/#organization"},"articleSection":["Forwarding &amp; Logistics","Regions"],"inLanguage":"es","potentialAction":[{"@type":"CommentAction","name":"Comment","target":["https:\/\/loginfo24.com\/es\/2020\/03\/05\/lbs-da-la-bienvenida-al-anunciado-traslado-de-la-iaa-a-munich\/#respond"]}]},{"@type":"WebPage","@id":"https:\/\/loginfo24.com\/es\/2020\/03\/05\/lbs-da-la-bienvenida-al-anunciado-traslado-de-la-iaa-a-munich\/","url":"https:\/\/loginfo24.com\/es\/2020\/03\/05\/lbs-da-la-bienvenida-al-anunciado-traslado-de-la-iaa-a-munich\/","name":"LBS da la bienvenida al anunciado traslado de la IAA a M\u00fanich - Loginfo24","isPartOf":{"@id":"https:\/\/loginfo24.com\/es\/#website"},"datePublished":"2020-03-05T09:38:17+00:00","dateModified":"2025-12-15T11:26:18+00:00","breadcrumb":{"@id":"https:\/\/loginfo24.com\/es\/2020\/03\/05\/lbs-da-la-bienvenida-al-anunciado-traslado-de-la-iaa-a-munich\/#breadcrumb"},"inLanguage":"es","potentialAction":[{"@type":"ReadAction","target":["https:\/\/loginfo24.com\/es\/2020\/03\/05\/lbs-da-la-bienvenida-al-anunciado-traslado-de-la-iaa-a-munich\/"]}]},{"@type":"BreadcrumbList","@id":"https:\/\/loginfo24.com\/es\/2020\/03\/05\/lbs-da-la-bienvenida-al-anunciado-traslado-de-la-iaa-a-munich\/#breadcrumb","itemListElement":[{"@type":"ListItem","position":1,"name":"Startseite","item":"https:\/\/loginfo24.com\/es\/"},{"@type":"ListItem","position":2,"name":"LBS da la bienvenida al anunciado traslado de la IAA a M\u00fanich"}]},{"@type":"WebSite","@id":"https:\/\/loginfo24.com\/es\/#website","url":"https:\/\/loginfo24.com\/es\/","name":"Loginfo24","description":"Loginfo24 es la plataforma dedicada a la log\u00edstica y las cadenas de suministro con informaci\u00f3n las 24 horas del d\u00eda.","publisher":{"@id":"https:\/\/loginfo24.com\/es\/#organization"},"potentialAction":[{"@type":"SearchAction","target":{"@type":"EntryPoint","urlTemplate":"https:\/\/loginfo24.com\/es\/?s={search_term_string}"},"query-input":{"@type":"PropertyValueSpecification","valueRequired":true,"valueName":"search_term_string"}}],"inLanguage":"es"},{"@type":"Organization","@id":"https:\/\/loginfo24.com\/es\/#organization","name":"Grupo Logismedia AG","url":"https:\/\/loginfo24.com\/es\/","logo":{"@type":"ImageObject","inLanguage":"es","@id":"https:\/\/loginfo24.com\/es\/#\/schema\/logo\/image\/","url":"https:\/\/loginfo24.com\/wp-content\/uploads\/sites\/7\/2026\/01\/Logo_LogInfo24.png","contentUrl":"https:\/\/loginfo24.com\/wp-content\/uploads\/sites\/7\/2026\/01\/Logo_LogInfo24.png","width":938,"height":351,"caption":"Grupo Logismedia AG"},"image":{"@id":"https:\/\/loginfo24.com\/es\/#\/schema\/logo\/image\/"},"sameAs":["https:\/\/www.facebook.com\/people\/Loginfo24\/100057360583332\/","https:\/\/www.linkedin.com\/company\/lofinfo24\/"]}]}},"_links":{"self":[{"href":"https:\/\/loginfo24.com\/es\/wp-json\/wp\/v2\/posts\/17184","targetHints":{"allow":["GET"]}}],"collection":[{"href":"https:\/\/loginfo24.com\/es\/wp-json\/wp\/v2\/posts"}],"about":[{"href":"https:\/\/loginfo24.com\/es\/wp-json\/wp\/v2\/types\/post"}],"replies":[{"embeddable":true,"href":"https:\/\/loginfo24.com\/es\/wp-json\/wp\/v2\/comments?post=17184"}],"version-history":[{"count":1,"href":"https:\/\/loginfo24.com\/es\/wp-json\/wp\/v2\/posts\/17184\/revisions"}],"predecessor-version":[{"id":30740,"href":"https:\/\/loginfo24.com\/es\/wp-json\/wp\/v2\/posts\/17184\/revisions\/30740"}],"wp:attachment":[{"href":"https:\/\/loginfo24.com\/es\/wp-json\/wp\/v2\/media?parent=17184"}],"wp:term":[{"taxonomy":"category","embeddable":true,"href":"https:\/\/loginfo24.com\/es\/wp-json\/wp\/v2\/categories?post=17184"},{"taxonomy":"post_tag","embeddable":true,"href":"https:\/\/loginfo24.com\/es\/wp-json\/wp\/v2\/tags?post=17184"}],"curies":[{"name":"wp","href":"https:\/\/api.w.org\/{rel}","templated":true}]}}