{"id":17135,"date":"2020-02-21T11:36:07","date_gmt":"2020-02-21T10:36:07","guid":{"rendered":"https:\/\/blog.brand-architecture.at\/2020\/02\/21\/lis-inaugura-su-tercer-edificio-de-oficinas-en-greven\/"},"modified":"2025-12-15T12:26:10","modified_gmt":"2025-12-15T11:26:10","slug":"lis-inaugura-su-tercer-edificio-de-oficinas-en-greven","status":"publish","type":"post","link":"https:\/\/loginfo24.com\/es\/2020\/02\/21\/lis-inaugura-su-tercer-edificio-de-oficinas-en-greven\/","title":{"rendered":"LIS inaugura su tercer edificio de oficinas en Greven"},"content":{"rendered":"<p>La Logistische Informationssysteme AG (LIS) ha inaugurado su nuevo, tercer edificio de oficinas en Greven. Para la celebraci\u00f3n, la empresa invit\u00f3 no solo a sus empleados, sino tambi\u00e9n a todos los arquitectos y artesanos involucrados. En la nueva construcci\u00f3n, se prest\u00f3 atenci\u00f3n al bienestar de los empleados adem\u00e1s del lugar de trabajo en s\u00ed.<\/p>\n<p class=\"lead\"><span lang=\"DE-CH\" style=\"font-family: 'Cambria','serif'\">(Greven 21.2.2020) En el edificio de oficinas de 1.200 metros cuadrados, a partir de ahora trabajan alrededor de 40 programadores y desarrolladores del especialista en software. Con la nueva construcci\u00f3n, LIS cubre la creciente necesidad de espacio debido al aumento de pedidos y al mismo tiempo reafirma su compromiso con la ubicaci\u00f3n de Greven. La direcci\u00f3n tambi\u00e9n aprovech\u00f3 las celebraciones para honrar a los empleados que celebran su aniversario por su lealtad a largo plazo.<\/span><\/p>\n<p class=\"lead\">\u00abNuestros empleados deben sentirse c\u00f3modos en el trabajo. Para ello, no solo necesitan lugares de trabajo ergon\u00f3micos y bien equipados, sino tambi\u00e9n espacios de retiro\u00bb, dice Magnus Wagner, miembro de la junta de Logistische Informationssysteme AG. Por lo tanto, adem\u00e1s de las oficinas, LIS cuenta en la nueva construcci\u00f3n con<\/p>\n<p class=\"lead\">un loft de m\u00e1s de 200 metros cuadrados con cocina integrada. La amplia terraza en la azotea ofrece suficiente espacio para celebraciones conjuntas. Adem\u00e1s, se est\u00e1n construyendo una mesa de ping-pong, una cancha de baloncesto y un peque\u00f1o campo de f\u00fatbol para los empleados.<\/p>\n<p><span lang=\"DE-CH\" style=\"font-family: 'Cambria','serif'\">En la planificaci\u00f3n, el especialista en software ha puesto un gran \u00e9nfasis en una construcci\u00f3n sostenible. As\u00ed, el edificio cumple con el est\u00e1ndar KfW-55 y es, por lo tanto, especialmente eficiente en t\u00e9rminos de energ\u00eda. La alimentaci\u00f3n se realiza en su mayor parte a trav\u00e9s de una bomba de calor y un sistema de fotovoltaica instalado en el techo. LIS invirti\u00f3 alrededor de 2,4 millones de euros en la nueva construcci\u00f3n.<\/span><span lang=\"DE-CH\" style=\"font-family: 'Cambria','serif'\">En el marco de las celebraciones, la direcci\u00f3n de LIS tambi\u00e9n honr\u00f3 a los empleados que celebran su aniversario por su dedicaci\u00f3n y lealtad a largo plazo. \u00abNuestros empleados son nuestro mayor capital. Me alegra mucho que muchos de ellos permanezcan con nosotros durante mucho tiempo\u00bb, dice Wagner.<\/span><\/p>\n<p>Fot: LIS<\/p>\n<p><a href=\"https:\/\/www.lis.eu\" target=\"_blank\" rel=\"noopener noreferrer\">https:\/\/www.lis.eu <\/a><\/p>\n","protected":false},"excerpt":{"rendered":"<p>La Logistische Informationssysteme AG (LIS) ha inaugurado su nuevo, tercer edificio de oficinas en Greven. Para la celebraci\u00f3n, la empresa invit\u00f3 no solo a sus empleados,<span class=\"excerpt-hellip\"> [\u2026]<\/span><\/p>\n","protected":false},"author":0,"featured_media":0,"comment_status":"open","ping_status":"open","sticky":false,"template":"","format":"standard","meta":{"_acf_changed":false,"footnotes":""},"categories":[1557,1561],"tags":[],"class_list":["post-17135","post","type-post","status-publish","format-standard","hentry","category-forwarding-logistics","category-regions"],"acf":[],"yoast_head":"<!-- This site is optimized with the Yoast SEO plugin v27.3 - https:\/\/yoast.com\/product\/yoast-seo-wordpress\/ -->\n<title>LIS inaugura su tercer edificio de oficinas en Greven - Loginfo24<\/title>\n<meta name=\"robots\" content=\"index, follow, max-snippet:-1, max-image-preview:large, max-video-preview:-1\" \/>\n<link rel=\"canonical\" href=\"https:\/\/loginfo24.com\/es\/2020\/02\/21\/lis-inaugura-su-tercer-edificio-de-oficinas-en-greven\/\" \/>\n<meta property=\"og:locale\" content=\"es_ES\" \/>\n<meta property=\"og:type\" content=\"article\" \/>\n<meta property=\"og:title\" content=\"LIS inaugura su tercer edificio de oficinas en Greven - Loginfo24\" \/>\n<meta property=\"og:description\" content=\"La Logistische Informationssysteme AG (LIS) ha inaugurado su nuevo, tercer edificio de oficinas en Greven. Para la celebraci\u00f3n, la empresa invit\u00f3 no solo a sus empleados, [\u2026]\" \/>\n<meta property=\"og:url\" content=\"https:\/\/loginfo24.com\/es\/2020\/02\/21\/lis-inaugura-su-tercer-edificio-de-oficinas-en-greven\/\" \/>\n<meta property=\"og:site_name\" content=\"Loginfo24\" \/>\n<meta property=\"article:publisher\" content=\"https:\/\/www.facebook.com\/people\/Loginfo24\/100057360583332\/\" \/>\n<meta property=\"article:published_time\" content=\"2020-02-21T10:36:07+00:00\" \/>\n<meta property=\"article:modified_time\" content=\"2025-12-15T11:26:10+00:00\" \/>\n<meta name=\"twitter:card\" content=\"summary_large_image\" \/>\n<meta name=\"twitter:label1\" content=\"Tiempo de lectura\" \/>\n\t<meta name=\"twitter:data1\" content=\"2 minuto\" \/>\n<script type=\"application\/ld+json\" class=\"yoast-schema-graph\">{\"@context\":\"https:\\\/\\\/schema.org\",\"@graph\":[{\"@type\":\"Article\",\"@id\":\"https:\\\/\\\/loginfo24.com\\\/es\\\/2020\\\/02\\\/21\\\/lis-inaugura-su-tercer-edificio-de-oficinas-en-greven\\\/#article\",\"isPartOf\":{\"@id\":\"https:\\\/\\\/loginfo24.com\\\/es\\\/2020\\\/02\\\/21\\\/lis-inaugura-su-tercer-edificio-de-oficinas-en-greven\\\/\"},\"author\":{\"name\":\"\",\"@id\":\"\"},\"headline\":\"LIS inaugura su tercer edificio de oficinas en Greven\",\"datePublished\":\"2020-02-21T10:36:07+00:00\",\"dateModified\":\"2025-12-15T11:26:10+00:00\",\"mainEntityOfPage\":{\"@id\":\"https:\\\/\\\/loginfo24.com\\\/es\\\/2020\\\/02\\\/21\\\/lis-inaugura-su-tercer-edificio-de-oficinas-en-greven\\\/\"},\"wordCount\":382,\"commentCount\":0,\"publisher\":{\"@id\":\"https:\\\/\\\/loginfo24.com\\\/es\\\/#organization\"},\"articleSection\":[\"Forwarding &amp; Logistics\",\"Regions\"],\"inLanguage\":\"es\",\"potentialAction\":[{\"@type\":\"CommentAction\",\"name\":\"Comment\",\"target\":[\"https:\\\/\\\/loginfo24.com\\\/es\\\/2020\\\/02\\\/21\\\/lis-inaugura-su-tercer-edificio-de-oficinas-en-greven\\\/#respond\"]}]},{\"@type\":\"WebPage\",\"@id\":\"https:\\\/\\\/loginfo24.com\\\/es\\\/2020\\\/02\\\/21\\\/lis-inaugura-su-tercer-edificio-de-oficinas-en-greven\\\/\",\"url\":\"https:\\\/\\\/loginfo24.com\\\/es\\\/2020\\\/02\\\/21\\\/lis-inaugura-su-tercer-edificio-de-oficinas-en-greven\\\/\",\"name\":\"LIS inaugura su tercer edificio de oficinas en Greven - Loginfo24\",\"isPartOf\":{\"@id\":\"https:\\\/\\\/loginfo24.com\\\/es\\\/#website\"},\"datePublished\":\"2020-02-21T10:36:07+00:00\",\"dateModified\":\"2025-12-15T11:26:10+00:00\",\"breadcrumb\":{\"@id\":\"https:\\\/\\\/loginfo24.com\\\/es\\\/2020\\\/02\\\/21\\\/lis-inaugura-su-tercer-edificio-de-oficinas-en-greven\\\/#breadcrumb\"},\"inLanguage\":\"es\",\"potentialAction\":[{\"@type\":\"ReadAction\",\"target\":[\"https:\\\/\\\/loginfo24.com\\\/es\\\/2020\\\/02\\\/21\\\/lis-inaugura-su-tercer-edificio-de-oficinas-en-greven\\\/\"]}]},{\"@type\":\"BreadcrumbList\",\"@id\":\"https:\\\/\\\/loginfo24.com\\\/es\\\/2020\\\/02\\\/21\\\/lis-inaugura-su-tercer-edificio-de-oficinas-en-greven\\\/#breadcrumb\",\"itemListElement\":[{\"@type\":\"ListItem\",\"position\":1,\"name\":\"Startseite\",\"item\":\"https:\\\/\\\/loginfo24.com\\\/es\\\/\"},{\"@type\":\"ListItem\",\"position\":2,\"name\":\"LIS inaugura su tercer edificio de oficinas en Greven\"}]},{\"@type\":\"WebSite\",\"@id\":\"https:\\\/\\\/loginfo24.com\\\/es\\\/#website\",\"url\":\"https:\\\/\\\/loginfo24.com\\\/es\\\/\",\"name\":\"Loginfo24\",\"description\":\"Loginfo24 es la plataforma dedicada a la log\u00edstica y las cadenas de suministro con informaci\u00f3n las 24 horas del d\u00eda.\",\"publisher\":{\"@id\":\"https:\\\/\\\/loginfo24.com\\\/es\\\/#organization\"},\"potentialAction\":[{\"@type\":\"SearchAction\",\"target\":{\"@type\":\"EntryPoint\",\"urlTemplate\":\"https:\\\/\\\/loginfo24.com\\\/es\\\/?s={search_term_string}\"},\"query-input\":{\"@type\":\"PropertyValueSpecification\",\"valueRequired\":true,\"valueName\":\"search_term_string\"}}],\"inLanguage\":\"es\"},{\"@type\":\"Organization\",\"@id\":\"https:\\\/\\\/loginfo24.com\\\/es\\\/#organization\",\"name\":\"Grupo Logismedia AG\",\"url\":\"https:\\\/\\\/loginfo24.com\\\/es\\\/\",\"logo\":{\"@type\":\"ImageObject\",\"inLanguage\":\"es\",\"@id\":\"https:\\\/\\\/loginfo24.com\\\/es\\\/#\\\/schema\\\/logo\\\/image\\\/\",\"url\":\"https:\\\/\\\/loginfo24.com\\\/wp-content\\\/uploads\\\/sites\\\/7\\\/2026\\\/01\\\/Logo_LogInfo24.png\",\"contentUrl\":\"https:\\\/\\\/loginfo24.com\\\/wp-content\\\/uploads\\\/sites\\\/7\\\/2026\\\/01\\\/Logo_LogInfo24.png\",\"width\":938,\"height\":351,\"caption\":\"Grupo Logismedia AG\"},\"image\":{\"@id\":\"https:\\\/\\\/loginfo24.com\\\/es\\\/#\\\/schema\\\/logo\\\/image\\\/\"},\"sameAs\":[\"https:\\\/\\\/www.facebook.com\\\/people\\\/Loginfo24\\\/100057360583332\\\/\",\"https:\\\/\\\/www.linkedin.com\\\/company\\\/lofinfo24\\\/\"]}]}<\/script>\n<!-- \/ Yoast SEO plugin. -->","yoast_head_json":{"title":"LIS inaugura su tercer edificio de oficinas en Greven - Loginfo24","robots":{"index":"index","follow":"follow","max-snippet":"max-snippet:-1","max-image-preview":"max-image-preview:large","max-video-preview":"max-video-preview:-1"},"canonical":"https:\/\/loginfo24.com\/es\/2020\/02\/21\/lis-inaugura-su-tercer-edificio-de-oficinas-en-greven\/","og_locale":"es_ES","og_type":"article","og_title":"LIS inaugura su tercer edificio de oficinas en Greven - Loginfo24","og_description":"La Logistische Informationssysteme AG (LIS) ha inaugurado su nuevo, tercer edificio de oficinas en Greven. Para la celebraci\u00f3n, la empresa invit\u00f3 no solo a sus empleados, [\u2026]","og_url":"https:\/\/loginfo24.com\/es\/2020\/02\/21\/lis-inaugura-su-tercer-edificio-de-oficinas-en-greven\/","og_site_name":"Loginfo24","article_publisher":"https:\/\/www.facebook.com\/people\/Loginfo24\/100057360583332\/","article_published_time":"2020-02-21T10:36:07+00:00","article_modified_time":"2025-12-15T11:26:10+00:00","twitter_card":"summary_large_image","twitter_misc":{"Tiempo de lectura":"2 minuto"},"schema":{"@context":"https:\/\/schema.org","@graph":[{"@type":"Article","@id":"https:\/\/loginfo24.com\/es\/2020\/02\/21\/lis-inaugura-su-tercer-edificio-de-oficinas-en-greven\/#article","isPartOf":{"@id":"https:\/\/loginfo24.com\/es\/2020\/02\/21\/lis-inaugura-su-tercer-edificio-de-oficinas-en-greven\/"},"author":{"name":"","@id":""},"headline":"LIS inaugura su tercer edificio de oficinas en Greven","datePublished":"2020-02-21T10:36:07+00:00","dateModified":"2025-12-15T11:26:10+00:00","mainEntityOfPage":{"@id":"https:\/\/loginfo24.com\/es\/2020\/02\/21\/lis-inaugura-su-tercer-edificio-de-oficinas-en-greven\/"},"wordCount":382,"commentCount":0,"publisher":{"@id":"https:\/\/loginfo24.com\/es\/#organization"},"articleSection":["Forwarding &amp; Logistics","Regions"],"inLanguage":"es","potentialAction":[{"@type":"CommentAction","name":"Comment","target":["https:\/\/loginfo24.com\/es\/2020\/02\/21\/lis-inaugura-su-tercer-edificio-de-oficinas-en-greven\/#respond"]}]},{"@type":"WebPage","@id":"https:\/\/loginfo24.com\/es\/2020\/02\/21\/lis-inaugura-su-tercer-edificio-de-oficinas-en-greven\/","url":"https:\/\/loginfo24.com\/es\/2020\/02\/21\/lis-inaugura-su-tercer-edificio-de-oficinas-en-greven\/","name":"LIS inaugura su tercer edificio de oficinas en Greven - Loginfo24","isPartOf":{"@id":"https:\/\/loginfo24.com\/es\/#website"},"datePublished":"2020-02-21T10:36:07+00:00","dateModified":"2025-12-15T11:26:10+00:00","breadcrumb":{"@id":"https:\/\/loginfo24.com\/es\/2020\/02\/21\/lis-inaugura-su-tercer-edificio-de-oficinas-en-greven\/#breadcrumb"},"inLanguage":"es","potentialAction":[{"@type":"ReadAction","target":["https:\/\/loginfo24.com\/es\/2020\/02\/21\/lis-inaugura-su-tercer-edificio-de-oficinas-en-greven\/"]}]},{"@type":"BreadcrumbList","@id":"https:\/\/loginfo24.com\/es\/2020\/02\/21\/lis-inaugura-su-tercer-edificio-de-oficinas-en-greven\/#breadcrumb","itemListElement":[{"@type":"ListItem","position":1,"name":"Startseite","item":"https:\/\/loginfo24.com\/es\/"},{"@type":"ListItem","position":2,"name":"LIS inaugura su tercer edificio de oficinas en Greven"}]},{"@type":"WebSite","@id":"https:\/\/loginfo24.com\/es\/#website","url":"https:\/\/loginfo24.com\/es\/","name":"Loginfo24","description":"Loginfo24 es la plataforma dedicada a la log\u00edstica y las cadenas de suministro con informaci\u00f3n las 24 horas del d\u00eda.","publisher":{"@id":"https:\/\/loginfo24.com\/es\/#organization"},"potentialAction":[{"@type":"SearchAction","target":{"@type":"EntryPoint","urlTemplate":"https:\/\/loginfo24.com\/es\/?s={search_term_string}"},"query-input":{"@type":"PropertyValueSpecification","valueRequired":true,"valueName":"search_term_string"}}],"inLanguage":"es"},{"@type":"Organization","@id":"https:\/\/loginfo24.com\/es\/#organization","name":"Grupo Logismedia AG","url":"https:\/\/loginfo24.com\/es\/","logo":{"@type":"ImageObject","inLanguage":"es","@id":"https:\/\/loginfo24.com\/es\/#\/schema\/logo\/image\/","url":"https:\/\/loginfo24.com\/wp-content\/uploads\/sites\/7\/2026\/01\/Logo_LogInfo24.png","contentUrl":"https:\/\/loginfo24.com\/wp-content\/uploads\/sites\/7\/2026\/01\/Logo_LogInfo24.png","width":938,"height":351,"caption":"Grupo Logismedia AG"},"image":{"@id":"https:\/\/loginfo24.com\/es\/#\/schema\/logo\/image\/"},"sameAs":["https:\/\/www.facebook.com\/people\/Loginfo24\/100057360583332\/","https:\/\/www.linkedin.com\/company\/lofinfo24\/"]}]}},"_links":{"self":[{"href":"https:\/\/loginfo24.com\/es\/wp-json\/wp\/v2\/posts\/17135","targetHints":{"allow":["GET"]}}],"collection":[{"href":"https:\/\/loginfo24.com\/es\/wp-json\/wp\/v2\/posts"}],"about":[{"href":"https:\/\/loginfo24.com\/es\/wp-json\/wp\/v2\/types\/post"}],"replies":[{"embeddable":true,"href":"https:\/\/loginfo24.com\/es\/wp-json\/wp\/v2\/comments?post=17135"}],"version-history":[{"count":1,"href":"https:\/\/loginfo24.com\/es\/wp-json\/wp\/v2\/posts\/17135\/revisions"}],"predecessor-version":[{"id":30667,"href":"https:\/\/loginfo24.com\/es\/wp-json\/wp\/v2\/posts\/17135\/revisions\/30667"}],"wp:attachment":[{"href":"https:\/\/loginfo24.com\/es\/wp-json\/wp\/v2\/media?parent=17135"}],"wp:term":[{"taxonomy":"category","embeddable":true,"href":"https:\/\/loginfo24.com\/es\/wp-json\/wp\/v2\/categories?post=17135"},{"taxonomy":"post_tag","embeddable":true,"href":"https:\/\/loginfo24.com\/es\/wp-json\/wp\/v2\/tags?post=17135"}],"curies":[{"name":"wp","href":"https:\/\/api.w.org\/{rel}","templated":true}]}}