{"id":17043,"date":"2020-01-31T06:28:28","date_gmt":"2020-01-31T05:28:28","guid":{"rendered":"https:\/\/blog.brand-architecture.at\/2020\/01\/31\/rhenus-alpina-adquiere-el-grupo-suizo-interfracht\/"},"modified":"2025-12-15T12:25:51","modified_gmt":"2025-12-15T11:25:51","slug":"rhenus-alpina-adquiere-el-grupo-suizo-interfracht","status":"publish","type":"post","link":"https:\/\/loginfo24.com\/es\/2020\/01\/31\/rhenus-alpina-adquiere-el-grupo-suizo-interfracht\/","title":{"rendered":"Rhenus Alpina adquiere el grupo suizo Interfracht"},"content":{"rendered":"<p>La Rhenus Alpina AG con sede en Basilea (Suiza) adquiere retroactivamente a partir del 1 de enero de 2020 el grupo suizo Interfracht con sede en Pratteln, incluida la Interfracht Logistik AG, Interfracht Overseas Ltd. y la Intertruck GmbH.<\/p>\n<p>(Basilea, 31.01.2020) La empresa familiar Interfracht, fundada en la d\u00e9cada de 1960, opera como un grupo de log\u00edstica y transporte de alcance mundial. El consejo de administraci\u00f3n se complace en haber encontrado un socio en Rhenus Alpina AG que asegura la continuidad de todas las \u00e1reas de negocio. El nombre Interfracht permanecer\u00e1 vigente por el momento.Los servicios ofrecidos por Rhenus Alpina AG y el grupo Interfracht se complementan. As\u00ed, el grupo Rhenus est\u00e1 globalmente anclado con un enfoque en Asia y ofrece una amplia gama de servicios a lo largo de la cadena de suministro. Esto abre nuevas oportunidades de crecimiento para el grupo Interfracht. Interfracht es miembro de la red de carga CargoLine y, por lo tanto, tiene acceso a una eficiente red de transporte terrestre europea, lo que permite fortalecer y expandir los servicios en el \u00e1rea de carretera de Rhenus tambi\u00e9n en Suiza. Ambos socios, adem\u00e1s, comparten una cultura empresarial similar. Adem\u00e1s, Rhenus tambi\u00e9n es miembro de CargoLine en algunas ubicaciones en el extranjero.\u00bbCon esta adquisici\u00f3n, Rhenus ampl\u00eda a\u00fan m\u00e1s su oferta de servicios en Suiza y fortalece su presencia en el mercado. Para todas las partes involucradas, es una soluci\u00f3n beneficiosa\u00bb, se alegr\u00f3 Andreas St\u00f6ckli, CEO de Rhenus Alpina AG. Con esta acci\u00f3n, Rhenus fortalece principalmente sus actividades de transporte terrestre en Suiza.La oferta de servicios existente del grupo Interfracht se continuar\u00e1 en su totalidad. Rhenus Alpina AG mantendr\u00e1 a los 211 empleados de la empresa adquirida. \u00abEra importante para nosotros encontrar una soluci\u00f3n que ofrezca a nuestros empleados una perspectiva futura atractiva\u00bb, dijo Roger Hermkes, presidente del consejo de administraci\u00f3n del grupo Interfracht.<\/p>\n<p><a href=\"https:\/\/www.rhenus.com\/de\/ch\/\" target=\"_blank\" rel=\"noopener noreferrer\">www.rhenus.com\/de\/ch\/<\/a><\/p>\n<p><a href=\"https:\/\/www.interfracht.ch\" target=\"_blank\" rel=\"noopener noreferrer\">www.interfracht.ch<\/a><\/p>\n","protected":false},"excerpt":{"rendered":"<p>La Rhenus Alpina AG con sede en Basilea (Suiza) adquiere retroactivamente a partir del 1 de enero de 2020 el grupo suizo Interfracht con sede en<span class=\"excerpt-hellip\"> [\u2026]<\/span><\/p>\n","protected":false},"author":0,"featured_media":0,"comment_status":"open","ping_status":"open","sticky":false,"template":"","format":"standard","meta":{"_acf_changed":false,"footnotes":""},"categories":[1557,1556,1561,1559],"tags":[],"class_list":["post-17043","post","type-post","status-publish","format-standard","hentry","category-forwarding-logistics","category-intermodal-road","category-regions","category-shipping-ports"],"acf":[],"yoast_head":"<!-- This site is optimized with the Yoast SEO plugin v27.3 - https:\/\/yoast.com\/product\/yoast-seo-wordpress\/ -->\n<title>Rhenus Alpina adquiere el grupo suizo Interfracht - Loginfo24<\/title>\n<meta name=\"robots\" content=\"index, follow, max-snippet:-1, max-image-preview:large, max-video-preview:-1\" \/>\n<link rel=\"canonical\" href=\"https:\/\/loginfo24.com\/es\/2020\/01\/31\/rhenus-alpina-adquiere-el-grupo-suizo-interfracht\/\" \/>\n<meta property=\"og:locale\" content=\"es_ES\" \/>\n<meta property=\"og:type\" content=\"article\" \/>\n<meta property=\"og:title\" content=\"Rhenus Alpina adquiere el grupo suizo Interfracht - Loginfo24\" \/>\n<meta property=\"og:description\" content=\"La Rhenus Alpina AG con sede en Basilea (Suiza) adquiere retroactivamente a partir del 1 de enero de 2020 el grupo suizo Interfracht con sede en [\u2026]\" \/>\n<meta property=\"og:url\" content=\"https:\/\/loginfo24.com\/es\/2020\/01\/31\/rhenus-alpina-adquiere-el-grupo-suizo-interfracht\/\" \/>\n<meta property=\"og:site_name\" content=\"Loginfo24\" \/>\n<meta property=\"article:publisher\" content=\"https:\/\/www.facebook.com\/people\/Loginfo24\/100057360583332\/\" \/>\n<meta property=\"article:published_time\" content=\"2020-01-31T05:28:28+00:00\" \/>\n<meta property=\"article:modified_time\" content=\"2025-12-15T11:25:51+00:00\" \/>\n<meta name=\"twitter:card\" content=\"summary_large_image\" \/>\n<meta name=\"twitter:label1\" content=\"Tiempo de lectura\" \/>\n\t<meta name=\"twitter:data1\" content=\"2 minuto\" \/>\n<script type=\"application\/ld+json\" class=\"yoast-schema-graph\">{\"@context\":\"https:\\\/\\\/schema.org\",\"@graph\":[{\"@type\":\"Article\",\"@id\":\"https:\\\/\\\/loginfo24.com\\\/es\\\/2020\\\/01\\\/31\\\/rhenus-alpina-adquiere-el-grupo-suizo-interfracht\\\/#article\",\"isPartOf\":{\"@id\":\"https:\\\/\\\/loginfo24.com\\\/es\\\/2020\\\/01\\\/31\\\/rhenus-alpina-adquiere-el-grupo-suizo-interfracht\\\/\"},\"author\":{\"name\":\"\",\"@id\":\"\"},\"headline\":\"Rhenus Alpina adquiere el grupo suizo Interfracht\",\"datePublished\":\"2020-01-31T05:28:28+00:00\",\"dateModified\":\"2025-12-15T11:25:51+00:00\",\"mainEntityOfPage\":{\"@id\":\"https:\\\/\\\/loginfo24.com\\\/es\\\/2020\\\/01\\\/31\\\/rhenus-alpina-adquiere-el-grupo-suizo-interfracht\\\/\"},\"wordCount\":336,\"commentCount\":0,\"publisher\":{\"@id\":\"https:\\\/\\\/loginfo24.com\\\/es\\\/#organization\"},\"articleSection\":[\"Forwarding &amp; Logistics\",\"Intermodal \\\/ Road\",\"Regions\",\"Shipping &amp; Ports\"],\"inLanguage\":\"es\",\"potentialAction\":[{\"@type\":\"CommentAction\",\"name\":\"Comment\",\"target\":[\"https:\\\/\\\/loginfo24.com\\\/es\\\/2020\\\/01\\\/31\\\/rhenus-alpina-adquiere-el-grupo-suizo-interfracht\\\/#respond\"]}]},{\"@type\":\"WebPage\",\"@id\":\"https:\\\/\\\/loginfo24.com\\\/es\\\/2020\\\/01\\\/31\\\/rhenus-alpina-adquiere-el-grupo-suizo-interfracht\\\/\",\"url\":\"https:\\\/\\\/loginfo24.com\\\/es\\\/2020\\\/01\\\/31\\\/rhenus-alpina-adquiere-el-grupo-suizo-interfracht\\\/\",\"name\":\"Rhenus Alpina adquiere el grupo suizo Interfracht - Loginfo24\",\"isPartOf\":{\"@id\":\"https:\\\/\\\/loginfo24.com\\\/es\\\/#website\"},\"datePublished\":\"2020-01-31T05:28:28+00:00\",\"dateModified\":\"2025-12-15T11:25:51+00:00\",\"breadcrumb\":{\"@id\":\"https:\\\/\\\/loginfo24.com\\\/es\\\/2020\\\/01\\\/31\\\/rhenus-alpina-adquiere-el-grupo-suizo-interfracht\\\/#breadcrumb\"},\"inLanguage\":\"es\",\"potentialAction\":[{\"@type\":\"ReadAction\",\"target\":[\"https:\\\/\\\/loginfo24.com\\\/es\\\/2020\\\/01\\\/31\\\/rhenus-alpina-adquiere-el-grupo-suizo-interfracht\\\/\"]}]},{\"@type\":\"BreadcrumbList\",\"@id\":\"https:\\\/\\\/loginfo24.com\\\/es\\\/2020\\\/01\\\/31\\\/rhenus-alpina-adquiere-el-grupo-suizo-interfracht\\\/#breadcrumb\",\"itemListElement\":[{\"@type\":\"ListItem\",\"position\":1,\"name\":\"Startseite\",\"item\":\"https:\\\/\\\/loginfo24.com\\\/es\\\/\"},{\"@type\":\"ListItem\",\"position\":2,\"name\":\"Rhenus Alpina adquiere el grupo suizo Interfracht\"}]},{\"@type\":\"WebSite\",\"@id\":\"https:\\\/\\\/loginfo24.com\\\/es\\\/#website\",\"url\":\"https:\\\/\\\/loginfo24.com\\\/es\\\/\",\"name\":\"Loginfo24\",\"description\":\"Loginfo24 es la plataforma dedicada a la log\u00edstica y las cadenas de suministro con informaci\u00f3n las 24 horas del d\u00eda.\",\"publisher\":{\"@id\":\"https:\\\/\\\/loginfo24.com\\\/es\\\/#organization\"},\"potentialAction\":[{\"@type\":\"SearchAction\",\"target\":{\"@type\":\"EntryPoint\",\"urlTemplate\":\"https:\\\/\\\/loginfo24.com\\\/es\\\/?s={search_term_string}\"},\"query-input\":{\"@type\":\"PropertyValueSpecification\",\"valueRequired\":true,\"valueName\":\"search_term_string\"}}],\"inLanguage\":\"es\"},{\"@type\":\"Organization\",\"@id\":\"https:\\\/\\\/loginfo24.com\\\/es\\\/#organization\",\"name\":\"Grupo Logismedia AG\",\"url\":\"https:\\\/\\\/loginfo24.com\\\/es\\\/\",\"logo\":{\"@type\":\"ImageObject\",\"inLanguage\":\"es\",\"@id\":\"https:\\\/\\\/loginfo24.com\\\/es\\\/#\\\/schema\\\/logo\\\/image\\\/\",\"url\":\"https:\\\/\\\/loginfo24.com\\\/wp-content\\\/uploads\\\/sites\\\/7\\\/2026\\\/01\\\/Logo_LogInfo24.png\",\"contentUrl\":\"https:\\\/\\\/loginfo24.com\\\/wp-content\\\/uploads\\\/sites\\\/7\\\/2026\\\/01\\\/Logo_LogInfo24.png\",\"width\":938,\"height\":351,\"caption\":\"Grupo Logismedia AG\"},\"image\":{\"@id\":\"https:\\\/\\\/loginfo24.com\\\/es\\\/#\\\/schema\\\/logo\\\/image\\\/\"},\"sameAs\":[\"https:\\\/\\\/www.facebook.com\\\/people\\\/Loginfo24\\\/100057360583332\\\/\",\"https:\\\/\\\/www.linkedin.com\\\/company\\\/lofinfo24\\\/\"]}]}<\/script>\n<!-- \/ Yoast SEO plugin. -->","yoast_head_json":{"title":"Rhenus Alpina adquiere el grupo suizo Interfracht - Loginfo24","robots":{"index":"index","follow":"follow","max-snippet":"max-snippet:-1","max-image-preview":"max-image-preview:large","max-video-preview":"max-video-preview:-1"},"canonical":"https:\/\/loginfo24.com\/es\/2020\/01\/31\/rhenus-alpina-adquiere-el-grupo-suizo-interfracht\/","og_locale":"es_ES","og_type":"article","og_title":"Rhenus Alpina adquiere el grupo suizo Interfracht - Loginfo24","og_description":"La Rhenus Alpina AG con sede en Basilea (Suiza) adquiere retroactivamente a partir del 1 de enero de 2020 el grupo suizo Interfracht con sede en [\u2026]","og_url":"https:\/\/loginfo24.com\/es\/2020\/01\/31\/rhenus-alpina-adquiere-el-grupo-suizo-interfracht\/","og_site_name":"Loginfo24","article_publisher":"https:\/\/www.facebook.com\/people\/Loginfo24\/100057360583332\/","article_published_time":"2020-01-31T05:28:28+00:00","article_modified_time":"2025-12-15T11:25:51+00:00","twitter_card":"summary_large_image","twitter_misc":{"Tiempo de lectura":"2 minuto"},"schema":{"@context":"https:\/\/schema.org","@graph":[{"@type":"Article","@id":"https:\/\/loginfo24.com\/es\/2020\/01\/31\/rhenus-alpina-adquiere-el-grupo-suizo-interfracht\/#article","isPartOf":{"@id":"https:\/\/loginfo24.com\/es\/2020\/01\/31\/rhenus-alpina-adquiere-el-grupo-suizo-interfracht\/"},"author":{"name":"","@id":""},"headline":"Rhenus Alpina adquiere el grupo suizo Interfracht","datePublished":"2020-01-31T05:28:28+00:00","dateModified":"2025-12-15T11:25:51+00:00","mainEntityOfPage":{"@id":"https:\/\/loginfo24.com\/es\/2020\/01\/31\/rhenus-alpina-adquiere-el-grupo-suizo-interfracht\/"},"wordCount":336,"commentCount":0,"publisher":{"@id":"https:\/\/loginfo24.com\/es\/#organization"},"articleSection":["Forwarding &amp; Logistics","Intermodal \/ Road","Regions","Shipping &amp; Ports"],"inLanguage":"es","potentialAction":[{"@type":"CommentAction","name":"Comment","target":["https:\/\/loginfo24.com\/es\/2020\/01\/31\/rhenus-alpina-adquiere-el-grupo-suizo-interfracht\/#respond"]}]},{"@type":"WebPage","@id":"https:\/\/loginfo24.com\/es\/2020\/01\/31\/rhenus-alpina-adquiere-el-grupo-suizo-interfracht\/","url":"https:\/\/loginfo24.com\/es\/2020\/01\/31\/rhenus-alpina-adquiere-el-grupo-suizo-interfracht\/","name":"Rhenus Alpina adquiere el grupo suizo Interfracht - Loginfo24","isPartOf":{"@id":"https:\/\/loginfo24.com\/es\/#website"},"datePublished":"2020-01-31T05:28:28+00:00","dateModified":"2025-12-15T11:25:51+00:00","breadcrumb":{"@id":"https:\/\/loginfo24.com\/es\/2020\/01\/31\/rhenus-alpina-adquiere-el-grupo-suizo-interfracht\/#breadcrumb"},"inLanguage":"es","potentialAction":[{"@type":"ReadAction","target":["https:\/\/loginfo24.com\/es\/2020\/01\/31\/rhenus-alpina-adquiere-el-grupo-suizo-interfracht\/"]}]},{"@type":"BreadcrumbList","@id":"https:\/\/loginfo24.com\/es\/2020\/01\/31\/rhenus-alpina-adquiere-el-grupo-suizo-interfracht\/#breadcrumb","itemListElement":[{"@type":"ListItem","position":1,"name":"Startseite","item":"https:\/\/loginfo24.com\/es\/"},{"@type":"ListItem","position":2,"name":"Rhenus Alpina adquiere el grupo suizo Interfracht"}]},{"@type":"WebSite","@id":"https:\/\/loginfo24.com\/es\/#website","url":"https:\/\/loginfo24.com\/es\/","name":"Loginfo24","description":"Loginfo24 es la plataforma dedicada a la log\u00edstica y las cadenas de suministro con informaci\u00f3n las 24 horas del d\u00eda.","publisher":{"@id":"https:\/\/loginfo24.com\/es\/#organization"},"potentialAction":[{"@type":"SearchAction","target":{"@type":"EntryPoint","urlTemplate":"https:\/\/loginfo24.com\/es\/?s={search_term_string}"},"query-input":{"@type":"PropertyValueSpecification","valueRequired":true,"valueName":"search_term_string"}}],"inLanguage":"es"},{"@type":"Organization","@id":"https:\/\/loginfo24.com\/es\/#organization","name":"Grupo Logismedia AG","url":"https:\/\/loginfo24.com\/es\/","logo":{"@type":"ImageObject","inLanguage":"es","@id":"https:\/\/loginfo24.com\/es\/#\/schema\/logo\/image\/","url":"https:\/\/loginfo24.com\/wp-content\/uploads\/sites\/7\/2026\/01\/Logo_LogInfo24.png","contentUrl":"https:\/\/loginfo24.com\/wp-content\/uploads\/sites\/7\/2026\/01\/Logo_LogInfo24.png","width":938,"height":351,"caption":"Grupo Logismedia AG"},"image":{"@id":"https:\/\/loginfo24.com\/es\/#\/schema\/logo\/image\/"},"sameAs":["https:\/\/www.facebook.com\/people\/Loginfo24\/100057360583332\/","https:\/\/www.linkedin.com\/company\/lofinfo24\/"]}]}},"_links":{"self":[{"href":"https:\/\/loginfo24.com\/es\/wp-json\/wp\/v2\/posts\/17043","targetHints":{"allow":["GET"]}}],"collection":[{"href":"https:\/\/loginfo24.com\/es\/wp-json\/wp\/v2\/posts"}],"about":[{"href":"https:\/\/loginfo24.com\/es\/wp-json\/wp\/v2\/types\/post"}],"replies":[{"embeddable":true,"href":"https:\/\/loginfo24.com\/es\/wp-json\/wp\/v2\/comments?post=17043"}],"version-history":[{"count":1,"href":"https:\/\/loginfo24.com\/es\/wp-json\/wp\/v2\/posts\/17043\/revisions"}],"predecessor-version":[{"id":30501,"href":"https:\/\/loginfo24.com\/es\/wp-json\/wp\/v2\/posts\/17043\/revisions\/30501"}],"wp:attachment":[{"href":"https:\/\/loginfo24.com\/es\/wp-json\/wp\/v2\/media?parent=17043"}],"wp:term":[{"taxonomy":"category","embeddable":true,"href":"https:\/\/loginfo24.com\/es\/wp-json\/wp\/v2\/categories?post=17043"},{"taxonomy":"post_tag","embeddable":true,"href":"https:\/\/loginfo24.com\/es\/wp-json\/wp\/v2\/tags?post=17043"}],"curies":[{"name":"wp","href":"https:\/\/api.w.org\/{rel}","templated":true}]}}