{"id":76131,"date":"2026-03-10T08:15:20","date_gmt":"2026-03-10T08:15:20","guid":{"rendered":"https:\/\/loginfo24.com\/2026\/03\/10\/harder-logistics-organizes-move-of-the-ulm-training-workshops\/"},"modified":"2026-03-10T09:31:16","modified_gmt":"2026-03-10T08:31:16","slug":"harder-logistics-organizes-move-of-the-ulm-training-workshops","status":"publish","type":"post","link":"https:\/\/loginfo24.com\/en\/2026\/03\/10\/harder-logistics-organizes-move-of-the-ulm-training-workshops\/","title":{"rendered":"Harder Logistics organizes move of the Ulm training workshops"},"content":{"rendered":"<p>The training workshops of the IHK Akademie Schwaben have consolidated their classical vocational-technical training in a new Competence Center for Metal in Neu-Ulm. The relocation of the two previous sites was carried out by the service provider HARDER logistics. A particular challenge was the tight timeframe of just ten days during which ongoing training operations had to be maintained.<\/p>\n<p>The move required transporting the entire inventory of the training workshops. This included over 30 machines, each weighing between one and five tons, as well as material cabinets, raw materials, and office equipment. Wolfgang Gollmann, head of the Academy Campus Neu-Ulm, emphasizes the importance of a smooth process: \u201cIn addition to the safe and professional handling of the high-quality machines, it was crucial to minimize the impact on ongoing training and qualification measures. We currently support nearly 50 participants.\u201d<\/p>\n<h3>Relocation in Two Stages<\/h3>\n<p>The relocation of the training workshops took place in two stages. The first external location on Baumgartenstra\u00dfe was already transferred to the new Competence Center on Finninger Stra\u00dfe in December of the previous year. In the last ten days, the move of the second location on Heinz-R\u00fchmann-Stra\u00dfe followed, which was particularly time-critical and logistically demanding.<\/p>\n<p>Additional challenges arose from the structural conditions. The training workshops were located in a three-story building, with about 40 percent of the facilities housed in the basement. Andreas Hermann, project manager at HARDER logistics, explains the approach: \u201cWe loaded this area directly onto the special vehicle with a special loading crane from the light well. This allowed us to avoid disassembling machines or multiple reloading. A detailed schedule and close collaboration with the IHK officials significantly contributed to our success in completing the project within the tight timeline.\u201d Five employees and special equipment were involved in the implementation.<\/p>\n<p>Since March 9, the training workshop in the new Competence Center for Metal at Finninger Stra\u00dfe 46 has been available again for IHK students. Gollmann draws a positive conclusion: \u201cBy consolidating our decentralized and historically grown structure, we have succeeded in positioning ourselves securely and consistently for the future. The new concept impresses with modern facilities, short distances, and creates optimal conditions for instructors and participants.\u201d<\/p>\n<p><a href=\"http:\/\/harder-logistics.com\" target=\"_blank\" rel=\"noopener noreferrer\"><span data-olk-copy-source=\"MessageBody\">www.harder-logistics.com <\/span><\/a><\/p>\n","protected":false},"excerpt":{"rendered":"<p>The IHK Akademie Schwaben has successfully relocated its training workshops to a new metal competence center in Neu-Ulm to create optimal training conditions.<\/p>\n","protected":false},"author":7,"featured_media":76132,"comment_status":"open","ping_status":"","sticky":false,"template":"","format":"standard","meta":{"_acf_changed":false,"footnotes":""},"categories":[6679,1557,6675],"tags":[13393,13394,13395,13396,13397,13398,13399,7630,13400,2700,13401,13402,13403,13404,13405,13406,13407,13408,13409,13410,6446,13411,13412,13413,2469,1831,2431,13414,13415,13416,13417,13418,11207,13419,2720,2481,13420,13421,13422,13423,13424,13425,13426,13427,13428,13429,13430,13431,13432,13433,2449,2450,13434,13435],"class_list":["post-76131","post","type-post","status-publish","format-standard","has-post-thumbnail","hentry","category-europa","category-forwarding-logistics","category-germany","tag-academie-ihk-schwaben","tag-ateliers-de-formation","tag-aus-und-qualifizierungsmassnahmen","tag-bauliche-gegebenheiten","tag-centre-de-competences-metalliques","tag-conditions-structurelles","tag-crane-for-machines","tag-defis-logistiques","tag-deutsch-umzug","tag-fachkraeftemangel-in-der-logistik","tag-gestion-de-projet-dans-le-demenagement","tag-gestion-du-temps-dans-le-demenagement","tag-grue-pour-machines","tag-harder-logistics","tag-ihk-academy-schwaben-francais-demenagement","tag-ihk-akademie-schwaben-english-moving","tag-infrastructure-for-educational-institutions","tag-infrastructure-pour-les-etablissements-educatifs","tag-infrastruktur-fuer-bildungseinrichtungen","tag-kompetenzzentrum-metall","tag-labor-shortage-in-logistics","tag-ladekran-fuer-maschinen","tag-lehrwerkstaetten","tag-logistical-challenges","tag-logistics-service-provider","tag-logistikdienstleister","tag-logistique-de-transport","tag-logistische-herausforderungen","tag-machine-transport","tag-maschinentransport","tag-mesures-de-formation-et-de-qualification","tag-metal-competence-center","tag-neu-ulm","tag-operations-de-formation","tag-penurie-de-main-doeuvre-dans-la-logistique","tag-prestataire-logistique","tag-processus-fluide","tag-project-management-in-moving","tag-projektmanagement-im-umzug","tag-reibungsloser-ablauf","tag-schulungsbetrieb","tag-smooth-process","tag-special-vehicle-for-moving","tag-spezialfahrzeug-fuer-umzuege","tag-structural-conditions","tag-time-management-in-moving","tag-training-and-qualification-measures","tag-training-operations","tag-training-workshops","tag-transport-de-machines","tag-transport-logistics","tag-transportlogistik","tag-vehicule-special-pour-le-demenagement","tag-zeitmanagement-im-umzug"],"acf":[],"yoast_head":"<!-- This site is optimized with the Yoast SEO plugin v27.3 - https:\/\/yoast.com\/product\/yoast-seo-wordpress\/ -->\n<title>Harder Logistics organizes move of the Ulm training workshops - Loginfo24<\/title>\n<meta name=\"robots\" content=\"index, follow, max-snippet:-1, max-image-preview:large, max-video-preview:-1\" \/>\n<link rel=\"canonical\" href=\"https:\/\/loginfo24.com\/en\/2026\/03\/10\/harder-logistics-organizes-move-of-the-ulm-training-workshops\/\" \/>\n<meta property=\"og:locale\" content=\"en_US\" \/>\n<meta property=\"og:type\" content=\"article\" \/>\n<meta property=\"og:title\" content=\"Harder Logistics organizes move of the Ulm training workshops - Loginfo24\" \/>\n<meta property=\"og:description\" content=\"The IHK Akademie Schwaben has successfully relocated its training workshops to a new metal competence center in Neu-Ulm to create optimal training conditions.\" \/>\n<meta property=\"og:url\" content=\"https:\/\/loginfo24.com\/en\/2026\/03\/10\/harder-logistics-organizes-move-of-the-ulm-training-workshops\/\" \/>\n<meta property=\"og:site_name\" content=\"Loginfo24\" \/>\n<meta property=\"article:publisher\" content=\"https:\/\/www.facebook.com\/people\/Loginfo24\/100057360583332\/\" \/>\n<meta property=\"article:published_time\" content=\"2026-03-10T08:15:20+00:00\" \/>\n<meta property=\"article:modified_time\" content=\"2026-03-10T08:31:16+00:00\" \/>\n<meta property=\"og:image\" content=\"https:\/\/loginfo24.com\/wp-content\/uploads\/sites\/7\/2026\/03\/Harder_10.3.26.png_2-aspect-ratio-1400-788.jpg\" \/>\n\t<meta property=\"og:image:width\" content=\"1114\" \/>\n\t<meta property=\"og:image:height\" content=\"627\" \/>\n\t<meta property=\"og:image:type\" content=\"image\/jpeg\" \/>\n<meta name=\"author\" content=\"Andreas M\u00fcller\" \/>\n<meta name=\"twitter:card\" content=\"summary_large_image\" \/>\n<meta name=\"twitter:label1\" content=\"Written by\" \/>\n\t<meta name=\"twitter:data1\" content=\"Andreas M\u00fcller\" \/>\n\t<meta name=\"twitter:label2\" content=\"Est. reading time\" \/>\n\t<meta name=\"twitter:data2\" content=\"2 minutes\" \/>\n<script type=\"application\/ld+json\" class=\"yoast-schema-graph\">{\"@context\":\"https:\\\/\\\/schema.org\",\"@graph\":[{\"@type\":\"Article\",\"@id\":\"https:\\\/\\\/loginfo24.com\\\/en\\\/2026\\\/03\\\/10\\\/harder-logistics-organizes-move-of-the-ulm-training-workshops\\\/#article\",\"isPartOf\":{\"@id\":\"https:\\\/\\\/loginfo24.com\\\/en\\\/2026\\\/03\\\/10\\\/harder-logistics-organizes-move-of-the-ulm-training-workshops\\\/\"},\"author\":{\"name\":\"Andreas M\u00fcller\",\"@id\":\"https:\\\/\\\/loginfo24.com\\\/en\\\/#\\\/schema\\\/person\\\/7b1593b33567ba798d300c8a1b0b85b1\"},\"headline\":\"Harder Logistics organizes move of the Ulm training workshops\",\"datePublished\":\"2026-03-10T08:15:20+00:00\",\"dateModified\":\"2026-03-10T08:31:16+00:00\",\"mainEntityOfPage\":{\"@id\":\"https:\\\/\\\/loginfo24.com\\\/en\\\/2026\\\/03\\\/10\\\/harder-logistics-organizes-move-of-the-ulm-training-workshops\\\/\"},\"wordCount\":373,\"commentCount\":0,\"publisher\":{\"@id\":\"https:\\\/\\\/loginfo24.com\\\/en\\\/#organization\"},\"image\":{\"@id\":\"https:\\\/\\\/loginfo24.com\\\/en\\\/2026\\\/03\\\/10\\\/harder-logistics-organizes-move-of-the-ulm-training-workshops\\\/#primaryimage\"},\"thumbnailUrl\":\"https:\\\/\\\/loginfo24.com\\\/wp-content\\\/uploads\\\/sites\\\/7\\\/2026\\\/03\\\/Harder_10.3.26.png_2-aspect-ratio-1400-788.jpg\",\"keywords\":[\"Acad\u00e9mie IHK Schwaben\",\"ateliers de formation\",\"Aus- und Qualifizierungsma\u00dfnahmen\",\"bauliche Gegebenheiten\",\"centre de comp\u00e9tences m\u00e9talliques\",\"conditions structurelles\",\"crane for machines\",\"d\u00e9fis logistiques\",\"Deutsch Umzug\",\"Fachkr\u00e4ftemangel in der Logistik\",\"gestion de projet dans le d\u00e9m\u00e9nagement\",\"gestion du temps dans le d\u00e9m\u00e9nagement\",\"grue pour machines\",\"HARDER logistics\",\"IHK Academy Schwaben Fran\u00e7ais d\u00e9m\u00e9nagement\",\"IHK Akademie Schwaben English moving\",\"infrastructure for educational institutions\",\"infrastructure pour les \u00e9tablissements \u00e9ducatifs\",\"Infrastruktur f\u00fcr Bildungseinrichtungen\",\"Kompetenzzentrum Metall\",\"labor shortage in logistics\",\"Ladekran f\u00fcr Maschinen\",\"Lehrwerkst\u00e4tten\",\"logistical challenges\",\"logistics service provider\",\"Logistikdienstleister\",\"logistique de transport\",\"logistische Herausforderungen\",\"machine transport\",\"Maschinentransport\",\"mesures de formation et de qualification\",\"metal competence center\",\"Neu-Ulm\",\"op\u00e9rations de formation\",\"p\u00e9nurie de main-d'\u0153uvre dans la logistique\",\"prestataire logistique\",\"processus fluide\",\"project management in moving\",\"Projektmanagement im Umzug\",\"reibungsloser Ablauf\",\"Schulungsbetrieb\",\"smooth process\",\"special vehicle for moving\",\"Spezialfahrzeug f\u00fcr Umz\u00fcge\",\"structural conditions\",\"time management in moving\",\"training and qualification measures\",\"training operations\",\"training workshops\",\"transport de machines\",\"transport logistics\",\"Transportlogistik\",\"v\u00e9hicule sp\u00e9cial pour le d\u00e9m\u00e9nagement\",\"Zeitmanagement im Umzug\"],\"articleSection\":[\"Europa\",\"Forwarding &amp; Logistics\",\"Germany\"],\"inLanguage\":\"en-US\",\"potentialAction\":[{\"@type\":\"CommentAction\",\"name\":\"Comment\",\"target\":[\"https:\\\/\\\/loginfo24.com\\\/en\\\/2026\\\/03\\\/10\\\/harder-logistics-organizes-move-of-the-ulm-training-workshops\\\/#respond\"]}]},{\"@type\":\"WebPage\",\"@id\":\"https:\\\/\\\/loginfo24.com\\\/en\\\/2026\\\/03\\\/10\\\/harder-logistics-organizes-move-of-the-ulm-training-workshops\\\/\",\"url\":\"https:\\\/\\\/loginfo24.com\\\/en\\\/2026\\\/03\\\/10\\\/harder-logistics-organizes-move-of-the-ulm-training-workshops\\\/\",\"name\":\"Harder Logistics organizes move of the Ulm training workshops - Loginfo24\",\"isPartOf\":{\"@id\":\"https:\\\/\\\/loginfo24.com\\\/en\\\/#website\"},\"primaryImageOfPage\":{\"@id\":\"https:\\\/\\\/loginfo24.com\\\/en\\\/2026\\\/03\\\/10\\\/harder-logistics-organizes-move-of-the-ulm-training-workshops\\\/#primaryimage\"},\"image\":{\"@id\":\"https:\\\/\\\/loginfo24.com\\\/en\\\/2026\\\/03\\\/10\\\/harder-logistics-organizes-move-of-the-ulm-training-workshops\\\/#primaryimage\"},\"thumbnailUrl\":\"https:\\\/\\\/loginfo24.com\\\/wp-content\\\/uploads\\\/sites\\\/7\\\/2026\\\/03\\\/Harder_10.3.26.png_2-aspect-ratio-1400-788.jpg\",\"datePublished\":\"2026-03-10T08:15:20+00:00\",\"dateModified\":\"2026-03-10T08:31:16+00:00\",\"breadcrumb\":{\"@id\":\"https:\\\/\\\/loginfo24.com\\\/en\\\/2026\\\/03\\\/10\\\/harder-logistics-organizes-move-of-the-ulm-training-workshops\\\/#breadcrumb\"},\"inLanguage\":\"en-US\",\"potentialAction\":[{\"@type\":\"ReadAction\",\"target\":[\"https:\\\/\\\/loginfo24.com\\\/en\\\/2026\\\/03\\\/10\\\/harder-logistics-organizes-move-of-the-ulm-training-workshops\\\/\"]}]},{\"@type\":\"ImageObject\",\"inLanguage\":\"en-US\",\"@id\":\"https:\\\/\\\/loginfo24.com\\\/en\\\/2026\\\/03\\\/10\\\/harder-logistics-organizes-move-of-the-ulm-training-workshops\\\/#primaryimage\",\"url\":\"https:\\\/\\\/loginfo24.com\\\/wp-content\\\/uploads\\\/sites\\\/7\\\/2026\\\/03\\\/Harder_10.3.26.png_2-aspect-ratio-1400-788.jpg\",\"contentUrl\":\"https:\\\/\\\/loginfo24.com\\\/wp-content\\\/uploads\\\/sites\\\/7\\\/2026\\\/03\\\/Harder_10.3.26.png_2-aspect-ratio-1400-788.jpg\",\"width\":1114,\"height\":627},{\"@type\":\"BreadcrumbList\",\"@id\":\"https:\\\/\\\/loginfo24.com\\\/en\\\/2026\\\/03\\\/10\\\/harder-logistics-organizes-move-of-the-ulm-training-workshops\\\/#breadcrumb\",\"itemListElement\":[{\"@type\":\"ListItem\",\"position\":1,\"name\":\"Startseite\",\"item\":\"https:\\\/\\\/loginfo24.com\\\/en\\\/\"},{\"@type\":\"ListItem\",\"position\":2,\"name\":\"Harder Logistics organizes move of the Ulm training workshops\"}]},{\"@type\":\"WebSite\",\"@id\":\"https:\\\/\\\/loginfo24.com\\\/en\\\/#website\",\"url\":\"https:\\\/\\\/loginfo24.com\\\/en\\\/\",\"name\":\"Loginfo24\",\"description\":\"Loginfo24 is the platform for logistics and supply chains, providing information around the clock.\",\"publisher\":{\"@id\":\"https:\\\/\\\/loginfo24.com\\\/en\\\/#organization\"},\"potentialAction\":[{\"@type\":\"SearchAction\",\"target\":{\"@type\":\"EntryPoint\",\"urlTemplate\":\"https:\\\/\\\/loginfo24.com\\\/en\\\/?s={search_term_string}\"},\"query-input\":{\"@type\":\"PropertyValueSpecification\",\"valueRequired\":true,\"valueName\":\"search_term_string\"}}],\"inLanguage\":\"en-US\"},{\"@type\":\"Organization\",\"@id\":\"https:\\\/\\\/loginfo24.com\\\/en\\\/#organization\",\"name\":\"Logismedia Group AG\",\"url\":\"https:\\\/\\\/loginfo24.com\\\/en\\\/\",\"logo\":{\"@type\":\"ImageObject\",\"inLanguage\":\"en-US\",\"@id\":\"https:\\\/\\\/loginfo24.com\\\/en\\\/#\\\/schema\\\/logo\\\/image\\\/\",\"url\":\"https:\\\/\\\/loginfo24.com\\\/wp-content\\\/uploads\\\/sites\\\/7\\\/2026\\\/01\\\/Logo_LogInfo24.png\",\"contentUrl\":\"https:\\\/\\\/loginfo24.com\\\/wp-content\\\/uploads\\\/sites\\\/7\\\/2026\\\/01\\\/Logo_LogInfo24.png\",\"width\":938,\"height\":351,\"caption\":\"Logismedia Group AG\"},\"image\":{\"@id\":\"https:\\\/\\\/loginfo24.com\\\/en\\\/#\\\/schema\\\/logo\\\/image\\\/\"},\"sameAs\":[\"https:\\\/\\\/www.facebook.com\\\/people\\\/Loginfo24\\\/100057360583332\\\/\",\"https:\\\/\\\/www.linkedin.com\\\/company\\\/lofinfo24\\\/\"]},{\"@type\":\"Person\",\"@id\":\"https:\\\/\\\/loginfo24.com\\\/en\\\/#\\\/schema\\\/person\\\/7b1593b33567ba798d300c8a1b0b85b1\",\"name\":\"Andreas M\u00fcller\",\"url\":\"https:\\\/\\\/loginfo24.com\\\/en\\\/author\\\/logismedia\\\/\"}]}<\/script>\n<!-- \/ Yoast SEO plugin. -->","yoast_head_json":{"title":"Harder Logistics organizes move of the Ulm training workshops - Loginfo24","robots":{"index":"index","follow":"follow","max-snippet":"max-snippet:-1","max-image-preview":"max-image-preview:large","max-video-preview":"max-video-preview:-1"},"canonical":"https:\/\/loginfo24.com\/en\/2026\/03\/10\/harder-logistics-organizes-move-of-the-ulm-training-workshops\/","og_locale":"en_US","og_type":"article","og_title":"Harder Logistics organizes move of the Ulm training workshops - Loginfo24","og_description":"The IHK Akademie Schwaben has successfully relocated its training workshops to a new metal competence center in Neu-Ulm to create optimal training conditions.","og_url":"https:\/\/loginfo24.com\/en\/2026\/03\/10\/harder-logistics-organizes-move-of-the-ulm-training-workshops\/","og_site_name":"Loginfo24","article_publisher":"https:\/\/www.facebook.com\/people\/Loginfo24\/100057360583332\/","article_published_time":"2026-03-10T08:15:20+00:00","article_modified_time":"2026-03-10T08:31:16+00:00","og_image":[{"width":1114,"height":627,"url":"https:\/\/loginfo24.com\/wp-content\/uploads\/sites\/7\/2026\/03\/Harder_10.3.26.png_2-aspect-ratio-1400-788.jpg","type":"image\/jpeg"}],"author":"Andreas M\u00fcller","twitter_card":"summary_large_image","twitter_misc":{"Written by":"Andreas M\u00fcller","Est. reading time":"2 minutes"},"schema":{"@context":"https:\/\/schema.org","@graph":[{"@type":"Article","@id":"https:\/\/loginfo24.com\/en\/2026\/03\/10\/harder-logistics-organizes-move-of-the-ulm-training-workshops\/#article","isPartOf":{"@id":"https:\/\/loginfo24.com\/en\/2026\/03\/10\/harder-logistics-organizes-move-of-the-ulm-training-workshops\/"},"author":{"name":"Andreas M\u00fcller","@id":"https:\/\/loginfo24.com\/en\/#\/schema\/person\/7b1593b33567ba798d300c8a1b0b85b1"},"headline":"Harder Logistics organizes move of the Ulm training workshops","datePublished":"2026-03-10T08:15:20+00:00","dateModified":"2026-03-10T08:31:16+00:00","mainEntityOfPage":{"@id":"https:\/\/loginfo24.com\/en\/2026\/03\/10\/harder-logistics-organizes-move-of-the-ulm-training-workshops\/"},"wordCount":373,"commentCount":0,"publisher":{"@id":"https:\/\/loginfo24.com\/en\/#organization"},"image":{"@id":"https:\/\/loginfo24.com\/en\/2026\/03\/10\/harder-logistics-organizes-move-of-the-ulm-training-workshops\/#primaryimage"},"thumbnailUrl":"https:\/\/loginfo24.com\/wp-content\/uploads\/sites\/7\/2026\/03\/Harder_10.3.26.png_2-aspect-ratio-1400-788.jpg","keywords":["Acad\u00e9mie IHK Schwaben","ateliers de formation","Aus- und Qualifizierungsma\u00dfnahmen","bauliche Gegebenheiten","centre de comp\u00e9tences m\u00e9talliques","conditions structurelles","crane for machines","d\u00e9fis logistiques","Deutsch Umzug","Fachkr\u00e4ftemangel in der Logistik","gestion de projet dans le d\u00e9m\u00e9nagement","gestion du temps dans le d\u00e9m\u00e9nagement","grue pour machines","HARDER logistics","IHK Academy Schwaben Fran\u00e7ais d\u00e9m\u00e9nagement","IHK Akademie Schwaben English moving","infrastructure for educational institutions","infrastructure pour les \u00e9tablissements \u00e9ducatifs","Infrastruktur f\u00fcr Bildungseinrichtungen","Kompetenzzentrum Metall","labor shortage in logistics","Ladekran f\u00fcr Maschinen","Lehrwerkst\u00e4tten","logistical challenges","logistics service provider","Logistikdienstleister","logistique de transport","logistische Herausforderungen","machine transport","Maschinentransport","mesures de formation et de qualification","metal competence center","Neu-Ulm","op\u00e9rations de formation","p\u00e9nurie de main-d'\u0153uvre dans la logistique","prestataire logistique","processus fluide","project management in moving","Projektmanagement im Umzug","reibungsloser Ablauf","Schulungsbetrieb","smooth process","special vehicle for moving","Spezialfahrzeug f\u00fcr Umz\u00fcge","structural conditions","time management in moving","training and qualification measures","training operations","training workshops","transport de machines","transport logistics","Transportlogistik","v\u00e9hicule sp\u00e9cial pour le d\u00e9m\u00e9nagement","Zeitmanagement im Umzug"],"articleSection":["Europa","Forwarding &amp; Logistics","Germany"],"inLanguage":"en-US","potentialAction":[{"@type":"CommentAction","name":"Comment","target":["https:\/\/loginfo24.com\/en\/2026\/03\/10\/harder-logistics-organizes-move-of-the-ulm-training-workshops\/#respond"]}]},{"@type":"WebPage","@id":"https:\/\/loginfo24.com\/en\/2026\/03\/10\/harder-logistics-organizes-move-of-the-ulm-training-workshops\/","url":"https:\/\/loginfo24.com\/en\/2026\/03\/10\/harder-logistics-organizes-move-of-the-ulm-training-workshops\/","name":"Harder Logistics organizes move of the Ulm training workshops - Loginfo24","isPartOf":{"@id":"https:\/\/loginfo24.com\/en\/#website"},"primaryImageOfPage":{"@id":"https:\/\/loginfo24.com\/en\/2026\/03\/10\/harder-logistics-organizes-move-of-the-ulm-training-workshops\/#primaryimage"},"image":{"@id":"https:\/\/loginfo24.com\/en\/2026\/03\/10\/harder-logistics-organizes-move-of-the-ulm-training-workshops\/#primaryimage"},"thumbnailUrl":"https:\/\/loginfo24.com\/wp-content\/uploads\/sites\/7\/2026\/03\/Harder_10.3.26.png_2-aspect-ratio-1400-788.jpg","datePublished":"2026-03-10T08:15:20+00:00","dateModified":"2026-03-10T08:31:16+00:00","breadcrumb":{"@id":"https:\/\/loginfo24.com\/en\/2026\/03\/10\/harder-logistics-organizes-move-of-the-ulm-training-workshops\/#breadcrumb"},"inLanguage":"en-US","potentialAction":[{"@type":"ReadAction","target":["https:\/\/loginfo24.com\/en\/2026\/03\/10\/harder-logistics-organizes-move-of-the-ulm-training-workshops\/"]}]},{"@type":"ImageObject","inLanguage":"en-US","@id":"https:\/\/loginfo24.com\/en\/2026\/03\/10\/harder-logistics-organizes-move-of-the-ulm-training-workshops\/#primaryimage","url":"https:\/\/loginfo24.com\/wp-content\/uploads\/sites\/7\/2026\/03\/Harder_10.3.26.png_2-aspect-ratio-1400-788.jpg","contentUrl":"https:\/\/loginfo24.com\/wp-content\/uploads\/sites\/7\/2026\/03\/Harder_10.3.26.png_2-aspect-ratio-1400-788.jpg","width":1114,"height":627},{"@type":"BreadcrumbList","@id":"https:\/\/loginfo24.com\/en\/2026\/03\/10\/harder-logistics-organizes-move-of-the-ulm-training-workshops\/#breadcrumb","itemListElement":[{"@type":"ListItem","position":1,"name":"Startseite","item":"https:\/\/loginfo24.com\/en\/"},{"@type":"ListItem","position":2,"name":"Harder Logistics organizes move of the Ulm training workshops"}]},{"@type":"WebSite","@id":"https:\/\/loginfo24.com\/en\/#website","url":"https:\/\/loginfo24.com\/en\/","name":"Loginfo24","description":"Loginfo24 is the platform for logistics and supply chains, providing information around the clock.","publisher":{"@id":"https:\/\/loginfo24.com\/en\/#organization"},"potentialAction":[{"@type":"SearchAction","target":{"@type":"EntryPoint","urlTemplate":"https:\/\/loginfo24.com\/en\/?s={search_term_string}"},"query-input":{"@type":"PropertyValueSpecification","valueRequired":true,"valueName":"search_term_string"}}],"inLanguage":"en-US"},{"@type":"Organization","@id":"https:\/\/loginfo24.com\/en\/#organization","name":"Logismedia Group AG","url":"https:\/\/loginfo24.com\/en\/","logo":{"@type":"ImageObject","inLanguage":"en-US","@id":"https:\/\/loginfo24.com\/en\/#\/schema\/logo\/image\/","url":"https:\/\/loginfo24.com\/wp-content\/uploads\/sites\/7\/2026\/01\/Logo_LogInfo24.png","contentUrl":"https:\/\/loginfo24.com\/wp-content\/uploads\/sites\/7\/2026\/01\/Logo_LogInfo24.png","width":938,"height":351,"caption":"Logismedia Group AG"},"image":{"@id":"https:\/\/loginfo24.com\/en\/#\/schema\/logo\/image\/"},"sameAs":["https:\/\/www.facebook.com\/people\/Loginfo24\/100057360583332\/","https:\/\/www.linkedin.com\/company\/lofinfo24\/"]},{"@type":"Person","@id":"https:\/\/loginfo24.com\/en\/#\/schema\/person\/7b1593b33567ba798d300c8a1b0b85b1","name":"Andreas M\u00fcller","url":"https:\/\/loginfo24.com\/en\/author\/logismedia\/"}]}},"_links":{"self":[{"href":"https:\/\/loginfo24.com\/en\/wp-json\/wp\/v2\/posts\/76131","targetHints":{"allow":["GET"]}}],"collection":[{"href":"https:\/\/loginfo24.com\/en\/wp-json\/wp\/v2\/posts"}],"about":[{"href":"https:\/\/loginfo24.com\/en\/wp-json\/wp\/v2\/types\/post"}],"author":[{"embeddable":true,"href":"https:\/\/loginfo24.com\/en\/wp-json\/wp\/v2\/users\/7"}],"replies":[{"embeddable":true,"href":"https:\/\/loginfo24.com\/en\/wp-json\/wp\/v2\/comments?post=76131"}],"version-history":[{"count":1,"href":"https:\/\/loginfo24.com\/en\/wp-json\/wp\/v2\/posts\/76131\/revisions"}],"predecessor-version":[{"id":76139,"href":"https:\/\/loginfo24.com\/en\/wp-json\/wp\/v2\/posts\/76131\/revisions\/76139"}],"wp:featuredmedia":[{"embeddable":true,"href":"https:\/\/loginfo24.com\/en\/wp-json\/wp\/v2\/media\/76132"}],"wp:attachment":[{"href":"https:\/\/loginfo24.com\/en\/wp-json\/wp\/v2\/media?parent=76131"}],"wp:term":[{"taxonomy":"category","embeddable":true,"href":"https:\/\/loginfo24.com\/en\/wp-json\/wp\/v2\/categories?post=76131"},{"taxonomy":"post_tag","embeddable":true,"href":"https:\/\/loginfo24.com\/en\/wp-json\/wp\/v2\/tags?post=76131"}],"curies":[{"name":"wp","href":"https:\/\/api.w.org\/{rel}","templated":true}]}}