{"id":73846,"date":"2026-01-27T11:50:14","date_gmt":"2026-01-27T11:50:14","guid":{"rendered":"https:\/\/loginfo24.com\/2026\/01\/27\/alan-obrien-succeeds-garrett-obrien\/"},"modified":"2026-01-27T13:06:42","modified_gmt":"2026-01-27T12:06:42","slug":"alan-obrien-succeeds-garrett-obrien","status":"publish","type":"post","link":"https:\/\/loginfo24.com\/en\/2026\/01\/27\/alan-obrien-succeeds-garrett-obrien\/","title":{"rendered":"Alan O&#8217;Brien succeeds Garrett O&#8217;Brien"},"content":{"rendered":"<p>R\u00f6hlig Logistics has appointed Alan O\u2019Brien as Managing Director of R\u00f6hlig Ireland. He assumed his new position on January 1, 2026.<\/p>\n<p>Alan O\u2019Brien began his career in December 2018 at AirOcean Ireland as Senior Business Development Manager. Following the acquisition of AirOcean Ireland by R\u00f6hlig Logistics on January 1, 2025, he played a crucial role in the company&#8217;s growth and the successful integration of the Irish location into R\u00f6hlig&#8217;s international network.<\/p>\n<h3>Strategic Development of R\u00f6hlig Ireland<\/h3>\n<p>In his new role, Alan O\u2019Brien will build on the foundations established in recent years and further develop R\u00f6hlig Ireland as a scalable, customer-oriented, and future-ready organization. The focus will be on sustainable growth, strengthening and developing the existing customer portfolio, as well as expanding multimodal solutions and new trade routes. Particular emphasis will be placed on the development of air and sea freight exports and the westbound business with the Far East. Additionally, digital sales channels and customer service tools will be continuously expanded, while the use of artificial intelligence will be specifically promoted to support operational processes and create measurable value for customers.<\/p>\n<p>Alan O\u2019Brien succeeds Garrett O\u2019Brien, who is not related to him. Garrett O\u2019Brien&#8217;s collaboration with R\u00f6hlig began in the 1980s and continued with the founding and long-term management of AirOcean Ireland in 1997 as an agent. Since the acquisition in 2025, Garrett O\u2019Brien has led R\u00f6hlig Ireland as Managing Director and will retire at the end of April 2026.<\/p>\n<p>\u201cGarrett O\u2019Brien has shaped our Irish business for decades with entrepreneurial vision, personal commitment, and great loyalty, developing it into the strength it represents today. We are very grateful for his exceptional dedication and many years of leadership. His understanding of the market, customers, and employees, as well as his trustworthy collaboration, were crucial for the successful merger of AirOcean Ireland and R\u00f6hlig Logistics,\u201d says Ulrike Baum, Chief Human Resources Officer and member of the Global Executive Board of R\u00f6hlig Logistics. \u201cWe wish him all the best for the next phase of his life and look back with great appreciation on his life&#8217;s work.\u201d<\/p>\n<p>Alan O\u2019Brien will serve as Managing Director until the end of April 2026 and will work closely with Garrett O\u2019Brien to ensure a smooth transition and continuity for customers, partners, and employees.<\/p>\n<p>&nbsp;<\/p>\n<p><a href=\"https:\/\/www.rohlig.com\/\" target=\"_blank\" rel=\"noopener noreferrer\">www.rohlig.com<\/a><\/p>\n<p>&nbsp;<\/p>\n","protected":false},"excerpt":{"rendered":"<p>Alan O\u2019Brien has been appointed Managing Director of R\u00f6hlig Ireland and will lead the company alongside his predecessor Garrett O\u2019Brien until the end of April 2026 to promote sustainable growth.<\/p>\n","protected":false},"author":12,"featured_media":73855,"comment_status":"open","ping_status":"open","sticky":false,"template":"","format":"standard","meta":{"_acf_changed":false,"footnotes":""},"categories":[6679,1557,6675,1555],"tags":[6761,6985,6986,2256,6987,6988,6763,2995,6989,6990,6991,2459,6992,6993,6994,6995,6996,2700,6997,6998,6999,7000,2123,2520,7001,7002,7003,7004,2281,7005,7006,7007,7008,7009,7010,3015,7011,2720,7012,7013,7014,7015,7016,7017,7018,7019,2731,7020,2486,2488,2106,3029,3853],"class_list":["post-73846","post","type-post","status-publish","format-standard","has-post-thumbnail","hentry","category-europa","category-forwarding-logistics","category-germany","category-people-companies","tag-acquisition-dentreprise","tag-air-freight-exports","tag-alan-obrien","tag-artificial-intelligence-in-logistics","tag-canaux-de-vente-numeriques","tag-commerce-avec-lextreme-orient","tag-company-acquisition","tag-croissance-durable","tag-customer-portfolio-francais-roehlig-logistics","tag-customer-service-tools","tag-deutsch-roehlig-logistics","tag-developpement-strategique","tag-digital-sales-channels","tag-digitale-vertriebskanaele","tag-directeur-general-roehlig-irlande","tag-exportations-de-fret-aerien","tag-exportations-de-fret-maritime","tag-fachkraeftemangel-in-der-logistik","tag-far-east-trade","tag-fernost-handel","tag-garrett-obrien","tag-geschaeftsfuehrer-roehlig-irland","tag-gestion-de-la-chaine-dapprovisionnement","tag-intelligence-artificielle-dans-la-logistique","tag-international-trade-routes","tag-internationale-handelsrouten","tag-kundenportfolio-english-roehlig-logistics","tag-kundenservicetools","tag-kuenstliche-intelligenz-in-der-logistik","tag-logistics-service-providers-ireland","tag-logistikdienstleister-irland","tag-luftfracht-exporte","tag-managing-director-roehlig-ireland","tag-multimodal-solutions","tag-multimodale-loesungen","tag-nachhaltiges-wachstum","tag-outils-de-service-client","tag-penurie-de-main-doeuvre-dans-la-logistique","tag-portefeuille-clients","tag-prestataires-de-services-logistiques-irlande","tag-reseau-roehlig","tag-roehlig-network","tag-roehlig-netzwerk","tag-routes-commerciales-internationales","tag-sea-freight-exports","tag-seefracht-exporte","tag-skills-shortage-in-logistics","tag-solutions-multimodales","tag-strategic-development","tag-strategische-weiterentwicklung","tag-supply-chain-management","tag-sustainable-growth","tag-unternehmensuebernahme"],"acf":[],"yoast_head":"<!-- This site is optimized with the Yoast SEO plugin v27.3 - https:\/\/yoast.com\/product\/yoast-seo-wordpress\/ -->\n<title>Alan O&#039;Brien succeeds Garrett O&#039;Brien - Loginfo24<\/title>\n<meta name=\"robots\" content=\"index, follow, max-snippet:-1, max-image-preview:large, max-video-preview:-1\" \/>\n<link rel=\"canonical\" href=\"https:\/\/loginfo24.com\/en\/2026\/01\/27\/alan-obrien-succeeds-garrett-obrien\/\" \/>\n<meta property=\"og:locale\" content=\"en_US\" \/>\n<meta property=\"og:type\" content=\"article\" \/>\n<meta property=\"og:title\" content=\"Alan O&#039;Brien succeeds Garrett O&#039;Brien - Loginfo24\" \/>\n<meta property=\"og:description\" content=\"Alan O\u2019Brien has been appointed Managing Director of R\u00f6hlig Ireland and will lead the company alongside his predecessor Garrett O\u2019Brien until the end of April 2026 to promote sustainable growth.\" \/>\n<meta property=\"og:url\" content=\"https:\/\/loginfo24.com\/en\/2026\/01\/27\/alan-obrien-succeeds-garrett-obrien\/\" \/>\n<meta property=\"og:site_name\" content=\"Loginfo24\" \/>\n<meta property=\"article:publisher\" content=\"https:\/\/www.facebook.com\/people\/Loginfo24\/100057360583332\/\" \/>\n<meta property=\"article:published_time\" content=\"2026-01-27T11:50:14+00:00\" \/>\n<meta property=\"article:modified_time\" content=\"2026-01-27T12:06:42+00:00\" \/>\n<meta property=\"og:image\" content=\"https:\/\/loginfo24.com\/wp-content\/uploads\/sites\/7\/2026\/01\/alan-obrien-aspect-ratio-1400-788.jpg\" \/>\n\t<meta property=\"og:image:width\" content=\"850\" \/>\n\t<meta property=\"og:image:height\" content=\"479\" \/>\n\t<meta property=\"og:image:type\" content=\"image\/jpeg\" \/>\n<meta name=\"author\" content=\"Andreas Haug\" \/>\n<meta name=\"twitter:card\" content=\"summary_large_image\" \/>\n<meta name=\"twitter:label1\" content=\"Written by\" \/>\n\t<meta name=\"twitter:data1\" content=\"Andreas Haug\" \/>\n\t<meta name=\"twitter:label2\" content=\"Est. reading time\" \/>\n\t<meta name=\"twitter:data2\" content=\"2 minutes\" \/>\n<script type=\"application\/ld+json\" class=\"yoast-schema-graph\">{\"@context\":\"https:\\\/\\\/schema.org\",\"@graph\":[{\"@type\":\"Article\",\"@id\":\"https:\\\/\\\/loginfo24.com\\\/en\\\/2026\\\/01\\\/27\\\/alan-obrien-succeeds-garrett-obrien\\\/#article\",\"isPartOf\":{\"@id\":\"https:\\\/\\\/loginfo24.com\\\/en\\\/2026\\\/01\\\/27\\\/alan-obrien-succeeds-garrett-obrien\\\/\"},\"author\":{\"name\":\"Andreas Haug\",\"@id\":\"https:\\\/\\\/loginfo24.com\\\/en\\\/#\\\/schema\\\/person\\\/cf538b3157f15afd7589245a4b3dbd25\"},\"headline\":\"Alan O&#8217;Brien succeeds Garrett O&#8217;Brien\",\"datePublished\":\"2026-01-27T11:50:14+00:00\",\"dateModified\":\"2026-01-27T12:06:42+00:00\",\"mainEntityOfPage\":{\"@id\":\"https:\\\/\\\/loginfo24.com\\\/en\\\/2026\\\/01\\\/27\\\/alan-obrien-succeeds-garrett-obrien\\\/\"},\"wordCount\":403,\"commentCount\":0,\"publisher\":{\"@id\":\"https:\\\/\\\/loginfo24.com\\\/en\\\/#organization\"},\"image\":{\"@id\":\"https:\\\/\\\/loginfo24.com\\\/en\\\/2026\\\/01\\\/27\\\/alan-obrien-succeeds-garrett-obrien\\\/#primaryimage\"},\"thumbnailUrl\":\"https:\\\/\\\/loginfo24.com\\\/wp-content\\\/uploads\\\/sites\\\/7\\\/2026\\\/01\\\/alan-obrien-aspect-ratio-1400-788.jpg\",\"keywords\":[\"acquisition d'entreprise\",\"air freight exports\",\"Alan O\u2019Brien\",\"artificial intelligence in logistics\",\"canaux de vente num\u00e9riques\",\"commerce avec l'Extr\u00eame-Orient\",\"company acquisition\",\"croissance durable\",\"customer portfolio Fran\u00e7ais R\u00f6hlig Logistics\",\"customer service tools\",\"Deutsch R\u00f6hlig Logistics\",\"d\u00e9veloppement strat\u00e9gique\",\"digital sales channels\",\"digitale Vertriebskan\u00e4le\",\"directeur g\u00e9n\u00e9ral R\u00f6hlig Irlande\",\"exportations de fret a\u00e9rien\",\"exportations de fret maritime\",\"Fachkr\u00e4ftemangel in der Logistik\",\"Far East trade\",\"Fernost Handel\",\"Garrett O\u2019Brien\",\"Gesch\u00e4ftsf\u00fchrer R\u00f6hlig Irland\",\"gestion de la cha\u00eene d'approvisionnement\",\"intelligence artificielle dans la logistique\",\"international trade routes\",\"internationale Handelsrouten\",\"Kundenportfolio English R\u00f6hlig Logistics\",\"Kundenservicetools\",\"k\u00fcnstliche Intelligenz in der Logistik\",\"logistics service providers Ireland\",\"Logistikdienstleister Irland\",\"Luftfracht Exporte\",\"Managing Director R\u00f6hlig Ireland\",\"multimodal solutions\",\"multimodale L\u00f6sungen\",\"nachhaltiges Wachstum\",\"outils de service client\",\"p\u00e9nurie de main-d'\u0153uvre dans la logistique\",\"portefeuille clients\",\"prestataires de services logistiques Irlande\",\"r\u00e9seau R\u00f6hlig\",\"R\u00f6hlig network\",\"R\u00f6hlig Netzwerk\",\"routes commerciales internationales\",\"sea freight exports\",\"Seefracht Exporte\",\"skills shortage in logistics\",\"solutions multimodales\",\"strategic development\",\"strategische Weiterentwicklung\",\"Supply Chain Management\",\"sustainable growth\",\"Unternehmens\u00fcbernahme\"],\"articleSection\":[\"Europa\",\"Forwarding &amp; Logistics\",\"Germany\",\"People &amp; Companies\"],\"inLanguage\":\"en-US\",\"potentialAction\":[{\"@type\":\"CommentAction\",\"name\":\"Comment\",\"target\":[\"https:\\\/\\\/loginfo24.com\\\/en\\\/2026\\\/01\\\/27\\\/alan-obrien-succeeds-garrett-obrien\\\/#respond\"]}]},{\"@type\":\"WebPage\",\"@id\":\"https:\\\/\\\/loginfo24.com\\\/en\\\/2026\\\/01\\\/27\\\/alan-obrien-succeeds-garrett-obrien\\\/\",\"url\":\"https:\\\/\\\/loginfo24.com\\\/en\\\/2026\\\/01\\\/27\\\/alan-obrien-succeeds-garrett-obrien\\\/\",\"name\":\"Alan O'Brien succeeds Garrett O'Brien - Loginfo24\",\"isPartOf\":{\"@id\":\"https:\\\/\\\/loginfo24.com\\\/en\\\/#website\"},\"primaryImageOfPage\":{\"@id\":\"https:\\\/\\\/loginfo24.com\\\/en\\\/2026\\\/01\\\/27\\\/alan-obrien-succeeds-garrett-obrien\\\/#primaryimage\"},\"image\":{\"@id\":\"https:\\\/\\\/loginfo24.com\\\/en\\\/2026\\\/01\\\/27\\\/alan-obrien-succeeds-garrett-obrien\\\/#primaryimage\"},\"thumbnailUrl\":\"https:\\\/\\\/loginfo24.com\\\/wp-content\\\/uploads\\\/sites\\\/7\\\/2026\\\/01\\\/alan-obrien-aspect-ratio-1400-788.jpg\",\"datePublished\":\"2026-01-27T11:50:14+00:00\",\"dateModified\":\"2026-01-27T12:06:42+00:00\",\"breadcrumb\":{\"@id\":\"https:\\\/\\\/loginfo24.com\\\/en\\\/2026\\\/01\\\/27\\\/alan-obrien-succeeds-garrett-obrien\\\/#breadcrumb\"},\"inLanguage\":\"en-US\",\"potentialAction\":[{\"@type\":\"ReadAction\",\"target\":[\"https:\\\/\\\/loginfo24.com\\\/en\\\/2026\\\/01\\\/27\\\/alan-obrien-succeeds-garrett-obrien\\\/\"]}]},{\"@type\":\"ImageObject\",\"inLanguage\":\"en-US\",\"@id\":\"https:\\\/\\\/loginfo24.com\\\/en\\\/2026\\\/01\\\/27\\\/alan-obrien-succeeds-garrett-obrien\\\/#primaryimage\",\"url\":\"https:\\\/\\\/loginfo24.com\\\/wp-content\\\/uploads\\\/sites\\\/7\\\/2026\\\/01\\\/alan-obrien-aspect-ratio-1400-788.jpg\",\"contentUrl\":\"https:\\\/\\\/loginfo24.com\\\/wp-content\\\/uploads\\\/sites\\\/7\\\/2026\\\/01\\\/alan-obrien-aspect-ratio-1400-788.jpg\",\"width\":850,\"height\":479},{\"@type\":\"BreadcrumbList\",\"@id\":\"https:\\\/\\\/loginfo24.com\\\/en\\\/2026\\\/01\\\/27\\\/alan-obrien-succeeds-garrett-obrien\\\/#breadcrumb\",\"itemListElement\":[{\"@type\":\"ListItem\",\"position\":1,\"name\":\"Startseite\",\"item\":\"https:\\\/\\\/loginfo24.com\\\/en\\\/\"},{\"@type\":\"ListItem\",\"position\":2,\"name\":\"Alan O&#8217;Brien succeeds Garrett O&#8217;Brien\"}]},{\"@type\":\"WebSite\",\"@id\":\"https:\\\/\\\/loginfo24.com\\\/en\\\/#website\",\"url\":\"https:\\\/\\\/loginfo24.com\\\/en\\\/\",\"name\":\"Loginfo24\",\"description\":\"Loginfo24 is the platform for logistics and supply chains, providing information around the clock.\",\"publisher\":{\"@id\":\"https:\\\/\\\/loginfo24.com\\\/en\\\/#organization\"},\"potentialAction\":[{\"@type\":\"SearchAction\",\"target\":{\"@type\":\"EntryPoint\",\"urlTemplate\":\"https:\\\/\\\/loginfo24.com\\\/en\\\/?s={search_term_string}\"},\"query-input\":{\"@type\":\"PropertyValueSpecification\",\"valueRequired\":true,\"valueName\":\"search_term_string\"}}],\"inLanguage\":\"en-US\"},{\"@type\":\"Organization\",\"@id\":\"https:\\\/\\\/loginfo24.com\\\/en\\\/#organization\",\"name\":\"Logismedia Group AG\",\"url\":\"https:\\\/\\\/loginfo24.com\\\/en\\\/\",\"logo\":{\"@type\":\"ImageObject\",\"inLanguage\":\"en-US\",\"@id\":\"https:\\\/\\\/loginfo24.com\\\/en\\\/#\\\/schema\\\/logo\\\/image\\\/\",\"url\":\"https:\\\/\\\/loginfo24.com\\\/wp-content\\\/uploads\\\/sites\\\/7\\\/2026\\\/01\\\/Logo_LogInfo24.png\",\"contentUrl\":\"https:\\\/\\\/loginfo24.com\\\/wp-content\\\/uploads\\\/sites\\\/7\\\/2026\\\/01\\\/Logo_LogInfo24.png\",\"width\":938,\"height\":351,\"caption\":\"Logismedia Group AG\"},\"image\":{\"@id\":\"https:\\\/\\\/loginfo24.com\\\/en\\\/#\\\/schema\\\/logo\\\/image\\\/\"},\"sameAs\":[\"https:\\\/\\\/www.facebook.com\\\/people\\\/Loginfo24\\\/100057360583332\\\/\",\"https:\\\/\\\/www.linkedin.com\\\/company\\\/lofinfo24\\\/\"]},{\"@type\":\"Person\",\"@id\":\"https:\\\/\\\/loginfo24.com\\\/en\\\/#\\\/schema\\\/person\\\/cf538b3157f15afd7589245a4b3dbd25\",\"name\":\"Andreas Haug\",\"url\":\"https:\\\/\\\/loginfo24.com\\\/en\\\/author\\\/andreas\\\/\"}]}<\/script>\n<!-- \/ Yoast SEO plugin. -->","yoast_head_json":{"title":"Alan O'Brien succeeds Garrett O'Brien - Loginfo24","robots":{"index":"index","follow":"follow","max-snippet":"max-snippet:-1","max-image-preview":"max-image-preview:large","max-video-preview":"max-video-preview:-1"},"canonical":"https:\/\/loginfo24.com\/en\/2026\/01\/27\/alan-obrien-succeeds-garrett-obrien\/","og_locale":"en_US","og_type":"article","og_title":"Alan O'Brien succeeds Garrett O'Brien - Loginfo24","og_description":"Alan O\u2019Brien has been appointed Managing Director of R\u00f6hlig Ireland and will lead the company alongside his predecessor Garrett O\u2019Brien until the end of April 2026 to promote sustainable growth.","og_url":"https:\/\/loginfo24.com\/en\/2026\/01\/27\/alan-obrien-succeeds-garrett-obrien\/","og_site_name":"Loginfo24","article_publisher":"https:\/\/www.facebook.com\/people\/Loginfo24\/100057360583332\/","article_published_time":"2026-01-27T11:50:14+00:00","article_modified_time":"2026-01-27T12:06:42+00:00","og_image":[{"width":850,"height":479,"url":"https:\/\/loginfo24.com\/wp-content\/uploads\/sites\/7\/2026\/01\/alan-obrien-aspect-ratio-1400-788.jpg","type":"image\/jpeg"}],"author":"Andreas Haug","twitter_card":"summary_large_image","twitter_misc":{"Written by":"Andreas Haug","Est. reading time":"2 minutes"},"schema":{"@context":"https:\/\/schema.org","@graph":[{"@type":"Article","@id":"https:\/\/loginfo24.com\/en\/2026\/01\/27\/alan-obrien-succeeds-garrett-obrien\/#article","isPartOf":{"@id":"https:\/\/loginfo24.com\/en\/2026\/01\/27\/alan-obrien-succeeds-garrett-obrien\/"},"author":{"name":"Andreas Haug","@id":"https:\/\/loginfo24.com\/en\/#\/schema\/person\/cf538b3157f15afd7589245a4b3dbd25"},"headline":"Alan O&#8217;Brien succeeds Garrett O&#8217;Brien","datePublished":"2026-01-27T11:50:14+00:00","dateModified":"2026-01-27T12:06:42+00:00","mainEntityOfPage":{"@id":"https:\/\/loginfo24.com\/en\/2026\/01\/27\/alan-obrien-succeeds-garrett-obrien\/"},"wordCount":403,"commentCount":0,"publisher":{"@id":"https:\/\/loginfo24.com\/en\/#organization"},"image":{"@id":"https:\/\/loginfo24.com\/en\/2026\/01\/27\/alan-obrien-succeeds-garrett-obrien\/#primaryimage"},"thumbnailUrl":"https:\/\/loginfo24.com\/wp-content\/uploads\/sites\/7\/2026\/01\/alan-obrien-aspect-ratio-1400-788.jpg","keywords":["acquisition d'entreprise","air freight exports","Alan O\u2019Brien","artificial intelligence in logistics","canaux de vente num\u00e9riques","commerce avec l'Extr\u00eame-Orient","company acquisition","croissance durable","customer portfolio Fran\u00e7ais R\u00f6hlig Logistics","customer service tools","Deutsch R\u00f6hlig Logistics","d\u00e9veloppement strat\u00e9gique","digital sales channels","digitale Vertriebskan\u00e4le","directeur g\u00e9n\u00e9ral R\u00f6hlig Irlande","exportations de fret a\u00e9rien","exportations de fret maritime","Fachkr\u00e4ftemangel in der Logistik","Far East trade","Fernost Handel","Garrett O\u2019Brien","Gesch\u00e4ftsf\u00fchrer R\u00f6hlig Irland","gestion de la cha\u00eene d'approvisionnement","intelligence artificielle dans la logistique","international trade routes","internationale Handelsrouten","Kundenportfolio English R\u00f6hlig Logistics","Kundenservicetools","k\u00fcnstliche Intelligenz in der Logistik","logistics service providers Ireland","Logistikdienstleister Irland","Luftfracht Exporte","Managing Director R\u00f6hlig Ireland","multimodal solutions","multimodale L\u00f6sungen","nachhaltiges Wachstum","outils de service client","p\u00e9nurie de main-d'\u0153uvre dans la logistique","portefeuille clients","prestataires de services logistiques Irlande","r\u00e9seau R\u00f6hlig","R\u00f6hlig network","R\u00f6hlig Netzwerk","routes commerciales internationales","sea freight exports","Seefracht Exporte","skills shortage in logistics","solutions multimodales","strategic development","strategische Weiterentwicklung","Supply Chain Management","sustainable growth","Unternehmens\u00fcbernahme"],"articleSection":["Europa","Forwarding &amp; Logistics","Germany","People &amp; Companies"],"inLanguage":"en-US","potentialAction":[{"@type":"CommentAction","name":"Comment","target":["https:\/\/loginfo24.com\/en\/2026\/01\/27\/alan-obrien-succeeds-garrett-obrien\/#respond"]}]},{"@type":"WebPage","@id":"https:\/\/loginfo24.com\/en\/2026\/01\/27\/alan-obrien-succeeds-garrett-obrien\/","url":"https:\/\/loginfo24.com\/en\/2026\/01\/27\/alan-obrien-succeeds-garrett-obrien\/","name":"Alan O'Brien succeeds Garrett O'Brien - Loginfo24","isPartOf":{"@id":"https:\/\/loginfo24.com\/en\/#website"},"primaryImageOfPage":{"@id":"https:\/\/loginfo24.com\/en\/2026\/01\/27\/alan-obrien-succeeds-garrett-obrien\/#primaryimage"},"image":{"@id":"https:\/\/loginfo24.com\/en\/2026\/01\/27\/alan-obrien-succeeds-garrett-obrien\/#primaryimage"},"thumbnailUrl":"https:\/\/loginfo24.com\/wp-content\/uploads\/sites\/7\/2026\/01\/alan-obrien-aspect-ratio-1400-788.jpg","datePublished":"2026-01-27T11:50:14+00:00","dateModified":"2026-01-27T12:06:42+00:00","breadcrumb":{"@id":"https:\/\/loginfo24.com\/en\/2026\/01\/27\/alan-obrien-succeeds-garrett-obrien\/#breadcrumb"},"inLanguage":"en-US","potentialAction":[{"@type":"ReadAction","target":["https:\/\/loginfo24.com\/en\/2026\/01\/27\/alan-obrien-succeeds-garrett-obrien\/"]}]},{"@type":"ImageObject","inLanguage":"en-US","@id":"https:\/\/loginfo24.com\/en\/2026\/01\/27\/alan-obrien-succeeds-garrett-obrien\/#primaryimage","url":"https:\/\/loginfo24.com\/wp-content\/uploads\/sites\/7\/2026\/01\/alan-obrien-aspect-ratio-1400-788.jpg","contentUrl":"https:\/\/loginfo24.com\/wp-content\/uploads\/sites\/7\/2026\/01\/alan-obrien-aspect-ratio-1400-788.jpg","width":850,"height":479},{"@type":"BreadcrumbList","@id":"https:\/\/loginfo24.com\/en\/2026\/01\/27\/alan-obrien-succeeds-garrett-obrien\/#breadcrumb","itemListElement":[{"@type":"ListItem","position":1,"name":"Startseite","item":"https:\/\/loginfo24.com\/en\/"},{"@type":"ListItem","position":2,"name":"Alan O&#8217;Brien succeeds Garrett O&#8217;Brien"}]},{"@type":"WebSite","@id":"https:\/\/loginfo24.com\/en\/#website","url":"https:\/\/loginfo24.com\/en\/","name":"Loginfo24","description":"Loginfo24 is the platform for logistics and supply chains, providing information around the clock.","publisher":{"@id":"https:\/\/loginfo24.com\/en\/#organization"},"potentialAction":[{"@type":"SearchAction","target":{"@type":"EntryPoint","urlTemplate":"https:\/\/loginfo24.com\/en\/?s={search_term_string}"},"query-input":{"@type":"PropertyValueSpecification","valueRequired":true,"valueName":"search_term_string"}}],"inLanguage":"en-US"},{"@type":"Organization","@id":"https:\/\/loginfo24.com\/en\/#organization","name":"Logismedia Group AG","url":"https:\/\/loginfo24.com\/en\/","logo":{"@type":"ImageObject","inLanguage":"en-US","@id":"https:\/\/loginfo24.com\/en\/#\/schema\/logo\/image\/","url":"https:\/\/loginfo24.com\/wp-content\/uploads\/sites\/7\/2026\/01\/Logo_LogInfo24.png","contentUrl":"https:\/\/loginfo24.com\/wp-content\/uploads\/sites\/7\/2026\/01\/Logo_LogInfo24.png","width":938,"height":351,"caption":"Logismedia Group AG"},"image":{"@id":"https:\/\/loginfo24.com\/en\/#\/schema\/logo\/image\/"},"sameAs":["https:\/\/www.facebook.com\/people\/Loginfo24\/100057360583332\/","https:\/\/www.linkedin.com\/company\/lofinfo24\/"]},{"@type":"Person","@id":"https:\/\/loginfo24.com\/en\/#\/schema\/person\/cf538b3157f15afd7589245a4b3dbd25","name":"Andreas Haug","url":"https:\/\/loginfo24.com\/en\/author\/andreas\/"}]}},"_links":{"self":[{"href":"https:\/\/loginfo24.com\/en\/wp-json\/wp\/v2\/posts\/73846","targetHints":{"allow":["GET"]}}],"collection":[{"href":"https:\/\/loginfo24.com\/en\/wp-json\/wp\/v2\/posts"}],"about":[{"href":"https:\/\/loginfo24.com\/en\/wp-json\/wp\/v2\/types\/post"}],"author":[{"embeddable":true,"href":"https:\/\/loginfo24.com\/en\/wp-json\/wp\/v2\/users\/12"}],"replies":[{"embeddable":true,"href":"https:\/\/loginfo24.com\/en\/wp-json\/wp\/v2\/comments?post=73846"}],"version-history":[{"count":1,"href":"https:\/\/loginfo24.com\/en\/wp-json\/wp\/v2\/posts\/73846\/revisions"}],"predecessor-version":[{"id":73854,"href":"https:\/\/loginfo24.com\/en\/wp-json\/wp\/v2\/posts\/73846\/revisions\/73854"}],"wp:featuredmedia":[{"embeddable":true,"href":"https:\/\/loginfo24.com\/en\/wp-json\/wp\/v2\/media\/73855"}],"wp:attachment":[{"href":"https:\/\/loginfo24.com\/en\/wp-json\/wp\/v2\/media?parent=73846"}],"wp:term":[{"taxonomy":"category","embeddable":true,"href":"https:\/\/loginfo24.com\/en\/wp-json\/wp\/v2\/categories?post=73846"},{"taxonomy":"post_tag","embeddable":true,"href":"https:\/\/loginfo24.com\/en\/wp-json\/wp\/v2\/tags?post=73846"}],"curies":[{"name":"wp","href":"https:\/\/api.w.org\/{rel}","templated":true}]}}