{"id":72779,"date":"2026-01-12T15:13:58","date_gmt":"2026-01-12T15:13:58","guid":{"rendered":"https:\/\/loginfo24.dashboard.brand-architecture.at\/2026\/01\/12\/raes-celebrates-160-years-of-aviation\/"},"modified":"2026-01-12T15:13:58","modified_gmt":"2026-01-12T15:13:58","slug":"raes-celebrates-160-years-of-aviation","status":"publish","type":"post","link":"https:\/\/loginfo24.com\/en\/2026\/01\/12\/raes-celebrates-160-years-of-aviation\/","title":{"rendered":"RAeS celebrates 160 years of aviation"},"content":{"rendered":"<p>In 2026, the Royal Aeronautical Society (RAeS) will celebrate its 160th anniversary. Since its founding in 1866, the Society has been dedicated to promoting global knowledge in the field of aerospace, supporting professional excellence, and shaping the future of flight.<\/p>\n<p>Over the decades, the RAeS has produced numerous generations of innovators, engineers, pilots, researchers, and industry leaders who have contributed to the development of the Society. This anniversary also acknowledges the significant role that organizations in the aerospace sector play in driving progress.<\/p>\n<h3>A Look at 160 Years of Innovation<\/h3>\n<p>The Royal Aeronautical Society has established itself as a pioneer in various fields over the past 160 years. This includes promoting research and technical excellence, supporting education and lifelong learning, and establishing professional standards and accreditations. Additionally, the Society has connected a global community through events, publications, and knowledge exchange, facilitating important discussions on topics such as safety, sustainability, and the future of flight.<\/p>\n<p>The anniversary will be used as an opportunity to celebrate the people and organizations that continue to push the boundaries of what is possible in the aerospace sector.<\/p>\n<h3>160 Icons of Aerospace<\/h3>\n<p>Throughout the anniversary year, the Royal Aeronautical Society invites the public to follow its social media to learn about 160 icons of aerospace. This special series highlights individuals, platforms, technologies, future innovations, and milestones that have shaped the global aerospace sector. The icons will be associated with thematic weeks that take place throughout the year and are supported by an event program. These weeks will focus on key themes such as civil aviation, defense, sustainability, space exploration, and the people who shape aerospace.<\/p>\n<p>The Royal Aeronautical Society is the only professional organization dedicated to the entire aerospace community. It promotes the highest professional standards across all disciplines of aerospace and serves as a central platform for the exchange of ideas. More information is available on the Society&#8217;s website.<\/p>\n<p>&nbsp;<\/p>\n<p><a href=\"https:\/\/www.aerosociety.com\/\" target=\"_blank\" rel=\"noopener noreferrer\">www.aerosociety.com<\/a><\/p>\n","protected":false},"excerpt":{"rendered":"<p>In 2026, the Royal Aeronautical Society will celebrate its 160th anniversary and honor the significant contributions to aerospace.<\/p>\n","protected":false},"author":12,"featured_media":72780,"comment_status":"open","ping_status":"open","sticky":false,"template":"","format":"standard","meta":{"_acf_changed":false,"footnotes":""},"categories":[1558,1555],"tags":[4353,4354,4355,4356,4357,4358,4359,4360,4361,4362,4363,4364,4365,4366,4367,4368,4369,3397,4370,4371,4372,4373,4374,4375,4376,4377,4378,4379,4380,4381,3418,4382,4383,4384,4385,4386,4387,4388,4389,3423,4390,4391,4392,4393,4394,4395,4396,4397,4398,4399,4400,4401,4402,4403,2448,4404],"class_list":["post-72779","post","type-post","status-publish","format-standard","has-post-thumbnail","hentry","category-air-freight","category-people-companies","tag-160-ans-daviation","tag-160-jahre-luftfahrt","tag-160-years-of-aviation","tag-academie-aeronautique","tag-aerospace","tag-aerospatial","tag-avenir-de-laviation","tag-aviation-academy","tag-aviation-career-francais-aviation","tag-aviation-civile","tag-aviation-community","tag-aviation-durable","tag-aviation-education","tag-aviation-events","tag-aviation-future","tag-aviation-history","tag-aviation-icons","tag-aviation-industry","tag-aviation-innovation","tag-aviation-research","tag-aviation-sector","tag-aviation-technology","tag-carriere-aeronautique","tag-civil-aviation","tag-communaute-aeronautique","tag-deutsch-luftfahrt","tag-education-aeronautique","tag-evenements-aeronautiques","tag-histoire-de-laviation","tag-icones-de-laviation","tag-industrie-aeronautique","tag-innovation-aeronautique","tag-luft-und-raumfahrtsektor","tag-luftfahrtakademie","tag-luftfahrtbildung","tag-luftfahrtforschung","tag-luftfahrtgemeinschaft","tag-luftfahrtgeschichte","tag-luftfahrtikonen","tag-luftfahrtindustrie","tag-luftfahrtinnovation","tag-luftfahrtkarriere-english-aviation","tag-luftfahrttechnik","tag-luftfahrtveranstaltungen","tag-luftfahrtzukunft","tag-nachhaltige-luftfahrt","tag-normes-professionnelles-aeronautiques","tag-professional-standards-aviation","tag-professionelle-standards-luftfahrt","tag-raumfahrt","tag-recherche-aeronautique","tag-royal-aeronautical-society","tag-secteur-aeronautique","tag-sustainable-aviation","tag-technologie-aeronautique","tag-zivile-luftfahrt"],"acf":[],"yoast_head":"<!-- This site is optimized with the Yoast SEO plugin v27.3 - https:\/\/yoast.com\/product\/yoast-seo-wordpress\/ -->\n<title>RAeS celebrates 160 years of aviation - Loginfo24<\/title>\n<meta name=\"robots\" content=\"index, follow, max-snippet:-1, max-image-preview:large, max-video-preview:-1\" \/>\n<link rel=\"canonical\" href=\"https:\/\/loginfo24.com\/en\/2026\/01\/12\/raes-celebrates-160-years-of-aviation\/\" \/>\n<meta property=\"og:locale\" content=\"en_US\" \/>\n<meta property=\"og:type\" content=\"article\" \/>\n<meta property=\"og:title\" content=\"RAeS celebrates 160 years of aviation - Loginfo24\" \/>\n<meta property=\"og:description\" content=\"In 2026, the Royal Aeronautical Society will celebrate its 160th anniversary and honor the significant contributions to aerospace.\" \/>\n<meta property=\"og:url\" content=\"https:\/\/loginfo24.com\/en\/2026\/01\/12\/raes-celebrates-160-years-of-aviation\/\" \/>\n<meta property=\"og:site_name\" content=\"Loginfo24\" \/>\n<meta property=\"article:publisher\" content=\"https:\/\/www.facebook.com\/people\/Loginfo24\/100057360583332\/\" \/>\n<meta property=\"article:published_time\" content=\"2026-01-12T15:13:58+00:00\" \/>\n<meta property=\"og:image\" content=\"https:\/\/loginfo24.com\/wp-content\/uploads\/sites\/7\/2026\/01\/RAeS-607712428_1320865866750626_4903301381137192552_n-aspect-ratio-1400-788.jpg\" \/>\n\t<meta property=\"og:image:width\" content=\"1200\" \/>\n\t<meta property=\"og:image:height\" content=\"675\" \/>\n\t<meta property=\"og:image:type\" content=\"image\/jpeg\" \/>\n<meta name=\"author\" content=\"Andreas Haug\" \/>\n<meta name=\"twitter:card\" content=\"summary_large_image\" \/>\n<meta name=\"twitter:label1\" content=\"Written by\" \/>\n\t<meta name=\"twitter:data1\" content=\"Andreas Haug\" \/>\n\t<meta name=\"twitter:label2\" content=\"Est. reading time\" \/>\n\t<meta name=\"twitter:data2\" content=\"2 minutes\" \/>\n<script type=\"application\/ld+json\" class=\"yoast-schema-graph\">{\"@context\":\"https:\\\/\\\/schema.org\",\"@graph\":[{\"@type\":\"Article\",\"@id\":\"https:\\\/\\\/loginfo24.com\\\/en\\\/2026\\\/01\\\/12\\\/raes-celebrates-160-years-of-aviation\\\/#article\",\"isPartOf\":{\"@id\":\"https:\\\/\\\/loginfo24.com\\\/en\\\/2026\\\/01\\\/12\\\/raes-celebrates-160-years-of-aviation\\\/\"},\"author\":{\"name\":\"Andreas Haug\",\"@id\":\"https:\\\/\\\/loginfo24.com\\\/en\\\/#\\\/schema\\\/person\\\/cf538b3157f15afd7589245a4b3dbd25\"},\"headline\":\"RAeS celebrates 160 years of aviation\",\"datePublished\":\"2026-01-12T15:13:58+00:00\",\"mainEntityOfPage\":{\"@id\":\"https:\\\/\\\/loginfo24.com\\\/en\\\/2026\\\/01\\\/12\\\/raes-celebrates-160-years-of-aviation\\\/\"},\"wordCount\":318,\"commentCount\":0,\"publisher\":{\"@id\":\"https:\\\/\\\/loginfo24.com\\\/en\\\/#organization\"},\"image\":{\"@id\":\"https:\\\/\\\/loginfo24.com\\\/en\\\/2026\\\/01\\\/12\\\/raes-celebrates-160-years-of-aviation\\\/#primaryimage\"},\"thumbnailUrl\":\"https:\\\/\\\/loginfo24.com\\\/wp-content\\\/uploads\\\/sites\\\/7\\\/2026\\\/01\\\/RAeS-607712428_1320865866750626_4903301381137192552_n-aspect-ratio-1400-788.jpg\",\"keywords\":[\"160 ans d'aviation\",\"160 Jahre Luftfahrt\",\"160 years of aviation\",\"acad\u00e9mie a\u00e9ronautique\",\"aerospace\",\"a\u00e9rospatial\",\"avenir de l'aviation\",\"aviation academy\",\"aviation career Fran\u00e7ais aviation\",\"aviation civile\",\"aviation community\",\"aviation durable\",\"aviation education\",\"aviation events\",\"aviation future\",\"aviation history\",\"aviation icons\",\"aviation industry\",\"aviation innovation\",\"aviation research\",\"aviation sector\",\"aviation technology\",\"carri\u00e8re a\u00e9ronautique\",\"civil aviation\",\"communaut\u00e9 a\u00e9ronautique\",\"Deutsch Luftfahrt\",\"\u00e9ducation a\u00e9ronautique\",\"\u00e9v\u00e9nements a\u00e9ronautiques\",\"histoire de l'aviation\",\"ic\u00f4nes de l'aviation\",\"industrie a\u00e9ronautique\",\"innovation a\u00e9ronautique\",\"Luft- und Raumfahrtsektor\",\"Luftfahrtakademie\",\"Luftfahrtbildung\",\"Luftfahrtforschung\",\"Luftfahrtgemeinschaft\",\"Luftfahrtgeschichte\",\"Luftfahrtikonen\",\"Luftfahrtindustrie\",\"Luftfahrtinnovation\",\"Luftfahrtkarriere English aviation\",\"Luftfahrttechnik\",\"Luftfahrtveranstaltungen\",\"Luftfahrtzukunft\",\"nachhaltige Luftfahrt\",\"normes professionnelles a\u00e9ronautiques\",\"professional standards aviation\",\"professionelle Standards Luftfahrt\",\"Raumfahrt\",\"recherche a\u00e9ronautique\",\"Royal Aeronautical Society\",\"secteur a\u00e9ronautique\",\"sustainable aviation\",\"technologie a\u00e9ronautique\",\"zivile Luftfahrt\"],\"articleSection\":[\"Air Freight\",\"People &amp; Companies\"],\"inLanguage\":\"en-US\",\"potentialAction\":[{\"@type\":\"CommentAction\",\"name\":\"Comment\",\"target\":[\"https:\\\/\\\/loginfo24.com\\\/en\\\/2026\\\/01\\\/12\\\/raes-celebrates-160-years-of-aviation\\\/#respond\"]}]},{\"@type\":\"WebPage\",\"@id\":\"https:\\\/\\\/loginfo24.com\\\/en\\\/2026\\\/01\\\/12\\\/raes-celebrates-160-years-of-aviation\\\/\",\"url\":\"https:\\\/\\\/loginfo24.com\\\/en\\\/2026\\\/01\\\/12\\\/raes-celebrates-160-years-of-aviation\\\/\",\"name\":\"RAeS celebrates 160 years of aviation - Loginfo24\",\"isPartOf\":{\"@id\":\"https:\\\/\\\/loginfo24.com\\\/en\\\/#website\"},\"primaryImageOfPage\":{\"@id\":\"https:\\\/\\\/loginfo24.com\\\/en\\\/2026\\\/01\\\/12\\\/raes-celebrates-160-years-of-aviation\\\/#primaryimage\"},\"image\":{\"@id\":\"https:\\\/\\\/loginfo24.com\\\/en\\\/2026\\\/01\\\/12\\\/raes-celebrates-160-years-of-aviation\\\/#primaryimage\"},\"thumbnailUrl\":\"https:\\\/\\\/loginfo24.com\\\/wp-content\\\/uploads\\\/sites\\\/7\\\/2026\\\/01\\\/RAeS-607712428_1320865866750626_4903301381137192552_n-aspect-ratio-1400-788.jpg\",\"datePublished\":\"2026-01-12T15:13:58+00:00\",\"breadcrumb\":{\"@id\":\"https:\\\/\\\/loginfo24.com\\\/en\\\/2026\\\/01\\\/12\\\/raes-celebrates-160-years-of-aviation\\\/#breadcrumb\"},\"inLanguage\":\"en-US\",\"potentialAction\":[{\"@type\":\"ReadAction\",\"target\":[\"https:\\\/\\\/loginfo24.com\\\/en\\\/2026\\\/01\\\/12\\\/raes-celebrates-160-years-of-aviation\\\/\"]}]},{\"@type\":\"ImageObject\",\"inLanguage\":\"en-US\",\"@id\":\"https:\\\/\\\/loginfo24.com\\\/en\\\/2026\\\/01\\\/12\\\/raes-celebrates-160-years-of-aviation\\\/#primaryimage\",\"url\":\"https:\\\/\\\/loginfo24.com\\\/wp-content\\\/uploads\\\/sites\\\/7\\\/2026\\\/01\\\/RAeS-607712428_1320865866750626_4903301381137192552_n-aspect-ratio-1400-788.jpg\",\"contentUrl\":\"https:\\\/\\\/loginfo24.com\\\/wp-content\\\/uploads\\\/sites\\\/7\\\/2026\\\/01\\\/RAeS-607712428_1320865866750626_4903301381137192552_n-aspect-ratio-1400-788.jpg\",\"width\":1200,\"height\":675},{\"@type\":\"BreadcrumbList\",\"@id\":\"https:\\\/\\\/loginfo24.com\\\/en\\\/2026\\\/01\\\/12\\\/raes-celebrates-160-years-of-aviation\\\/#breadcrumb\",\"itemListElement\":[{\"@type\":\"ListItem\",\"position\":1,\"name\":\"Startseite\",\"item\":\"https:\\\/\\\/loginfo24.com\\\/en\\\/\"},{\"@type\":\"ListItem\",\"position\":2,\"name\":\"RAeS celebrates 160 years of aviation\"}]},{\"@type\":\"WebSite\",\"@id\":\"https:\\\/\\\/loginfo24.com\\\/en\\\/#website\",\"url\":\"https:\\\/\\\/loginfo24.com\\\/en\\\/\",\"name\":\"Loginfo24\",\"description\":\"Loginfo24 is the platform for logistics and supply chains, providing information around the clock.\",\"publisher\":{\"@id\":\"https:\\\/\\\/loginfo24.com\\\/en\\\/#organization\"},\"potentialAction\":[{\"@type\":\"SearchAction\",\"target\":{\"@type\":\"EntryPoint\",\"urlTemplate\":\"https:\\\/\\\/loginfo24.com\\\/en\\\/?s={search_term_string}\"},\"query-input\":{\"@type\":\"PropertyValueSpecification\",\"valueRequired\":true,\"valueName\":\"search_term_string\"}}],\"inLanguage\":\"en-US\"},{\"@type\":\"Organization\",\"@id\":\"https:\\\/\\\/loginfo24.com\\\/en\\\/#organization\",\"name\":\"Logismedia Group AG\",\"url\":\"https:\\\/\\\/loginfo24.com\\\/en\\\/\",\"logo\":{\"@type\":\"ImageObject\",\"inLanguage\":\"en-US\",\"@id\":\"https:\\\/\\\/loginfo24.com\\\/en\\\/#\\\/schema\\\/logo\\\/image\\\/\",\"url\":\"https:\\\/\\\/loginfo24.com\\\/wp-content\\\/uploads\\\/sites\\\/7\\\/2026\\\/01\\\/Logo_LogInfo24.png\",\"contentUrl\":\"https:\\\/\\\/loginfo24.com\\\/wp-content\\\/uploads\\\/sites\\\/7\\\/2026\\\/01\\\/Logo_LogInfo24.png\",\"width\":938,\"height\":351,\"caption\":\"Logismedia Group AG\"},\"image\":{\"@id\":\"https:\\\/\\\/loginfo24.com\\\/en\\\/#\\\/schema\\\/logo\\\/image\\\/\"},\"sameAs\":[\"https:\\\/\\\/www.facebook.com\\\/people\\\/Loginfo24\\\/100057360583332\\\/\",\"https:\\\/\\\/www.linkedin.com\\\/company\\\/lofinfo24\\\/\"]},{\"@type\":\"Person\",\"@id\":\"https:\\\/\\\/loginfo24.com\\\/en\\\/#\\\/schema\\\/person\\\/cf538b3157f15afd7589245a4b3dbd25\",\"name\":\"Andreas Haug\",\"url\":\"https:\\\/\\\/loginfo24.com\\\/en\\\/author\\\/andreas\\\/\"}]}<\/script>\n<!-- \/ Yoast SEO plugin. -->","yoast_head_json":{"title":"RAeS celebrates 160 years of aviation - Loginfo24","robots":{"index":"index","follow":"follow","max-snippet":"max-snippet:-1","max-image-preview":"max-image-preview:large","max-video-preview":"max-video-preview:-1"},"canonical":"https:\/\/loginfo24.com\/en\/2026\/01\/12\/raes-celebrates-160-years-of-aviation\/","og_locale":"en_US","og_type":"article","og_title":"RAeS celebrates 160 years of aviation - Loginfo24","og_description":"In 2026, the Royal Aeronautical Society will celebrate its 160th anniversary and honor the significant contributions to aerospace.","og_url":"https:\/\/loginfo24.com\/en\/2026\/01\/12\/raes-celebrates-160-years-of-aviation\/","og_site_name":"Loginfo24","article_publisher":"https:\/\/www.facebook.com\/people\/Loginfo24\/100057360583332\/","article_published_time":"2026-01-12T15:13:58+00:00","og_image":[{"width":1200,"height":675,"url":"https:\/\/loginfo24.com\/wp-content\/uploads\/sites\/7\/2026\/01\/RAeS-607712428_1320865866750626_4903301381137192552_n-aspect-ratio-1400-788.jpg","type":"image\/jpeg"}],"author":"Andreas Haug","twitter_card":"summary_large_image","twitter_misc":{"Written by":"Andreas Haug","Est. reading time":"2 minutes"},"schema":{"@context":"https:\/\/schema.org","@graph":[{"@type":"Article","@id":"https:\/\/loginfo24.com\/en\/2026\/01\/12\/raes-celebrates-160-years-of-aviation\/#article","isPartOf":{"@id":"https:\/\/loginfo24.com\/en\/2026\/01\/12\/raes-celebrates-160-years-of-aviation\/"},"author":{"name":"Andreas Haug","@id":"https:\/\/loginfo24.com\/en\/#\/schema\/person\/cf538b3157f15afd7589245a4b3dbd25"},"headline":"RAeS celebrates 160 years of aviation","datePublished":"2026-01-12T15:13:58+00:00","mainEntityOfPage":{"@id":"https:\/\/loginfo24.com\/en\/2026\/01\/12\/raes-celebrates-160-years-of-aviation\/"},"wordCount":318,"commentCount":0,"publisher":{"@id":"https:\/\/loginfo24.com\/en\/#organization"},"image":{"@id":"https:\/\/loginfo24.com\/en\/2026\/01\/12\/raes-celebrates-160-years-of-aviation\/#primaryimage"},"thumbnailUrl":"https:\/\/loginfo24.com\/wp-content\/uploads\/sites\/7\/2026\/01\/RAeS-607712428_1320865866750626_4903301381137192552_n-aspect-ratio-1400-788.jpg","keywords":["160 ans d'aviation","160 Jahre Luftfahrt","160 years of aviation","acad\u00e9mie a\u00e9ronautique","aerospace","a\u00e9rospatial","avenir de l'aviation","aviation academy","aviation career Fran\u00e7ais aviation","aviation civile","aviation community","aviation durable","aviation education","aviation events","aviation future","aviation history","aviation icons","aviation industry","aviation innovation","aviation research","aviation sector","aviation technology","carri\u00e8re a\u00e9ronautique","civil aviation","communaut\u00e9 a\u00e9ronautique","Deutsch Luftfahrt","\u00e9ducation a\u00e9ronautique","\u00e9v\u00e9nements a\u00e9ronautiques","histoire de l'aviation","ic\u00f4nes de l'aviation","industrie a\u00e9ronautique","innovation a\u00e9ronautique","Luft- und Raumfahrtsektor","Luftfahrtakademie","Luftfahrtbildung","Luftfahrtforschung","Luftfahrtgemeinschaft","Luftfahrtgeschichte","Luftfahrtikonen","Luftfahrtindustrie","Luftfahrtinnovation","Luftfahrtkarriere English aviation","Luftfahrttechnik","Luftfahrtveranstaltungen","Luftfahrtzukunft","nachhaltige Luftfahrt","normes professionnelles a\u00e9ronautiques","professional standards aviation","professionelle Standards Luftfahrt","Raumfahrt","recherche a\u00e9ronautique","Royal Aeronautical Society","secteur a\u00e9ronautique","sustainable aviation","technologie a\u00e9ronautique","zivile Luftfahrt"],"articleSection":["Air Freight","People &amp; Companies"],"inLanguage":"en-US","potentialAction":[{"@type":"CommentAction","name":"Comment","target":["https:\/\/loginfo24.com\/en\/2026\/01\/12\/raes-celebrates-160-years-of-aviation\/#respond"]}]},{"@type":"WebPage","@id":"https:\/\/loginfo24.com\/en\/2026\/01\/12\/raes-celebrates-160-years-of-aviation\/","url":"https:\/\/loginfo24.com\/en\/2026\/01\/12\/raes-celebrates-160-years-of-aviation\/","name":"RAeS celebrates 160 years of aviation - Loginfo24","isPartOf":{"@id":"https:\/\/loginfo24.com\/en\/#website"},"primaryImageOfPage":{"@id":"https:\/\/loginfo24.com\/en\/2026\/01\/12\/raes-celebrates-160-years-of-aviation\/#primaryimage"},"image":{"@id":"https:\/\/loginfo24.com\/en\/2026\/01\/12\/raes-celebrates-160-years-of-aviation\/#primaryimage"},"thumbnailUrl":"https:\/\/loginfo24.com\/wp-content\/uploads\/sites\/7\/2026\/01\/RAeS-607712428_1320865866750626_4903301381137192552_n-aspect-ratio-1400-788.jpg","datePublished":"2026-01-12T15:13:58+00:00","breadcrumb":{"@id":"https:\/\/loginfo24.com\/en\/2026\/01\/12\/raes-celebrates-160-years-of-aviation\/#breadcrumb"},"inLanguage":"en-US","potentialAction":[{"@type":"ReadAction","target":["https:\/\/loginfo24.com\/en\/2026\/01\/12\/raes-celebrates-160-years-of-aviation\/"]}]},{"@type":"ImageObject","inLanguage":"en-US","@id":"https:\/\/loginfo24.com\/en\/2026\/01\/12\/raes-celebrates-160-years-of-aviation\/#primaryimage","url":"https:\/\/loginfo24.com\/wp-content\/uploads\/sites\/7\/2026\/01\/RAeS-607712428_1320865866750626_4903301381137192552_n-aspect-ratio-1400-788.jpg","contentUrl":"https:\/\/loginfo24.com\/wp-content\/uploads\/sites\/7\/2026\/01\/RAeS-607712428_1320865866750626_4903301381137192552_n-aspect-ratio-1400-788.jpg","width":1200,"height":675},{"@type":"BreadcrumbList","@id":"https:\/\/loginfo24.com\/en\/2026\/01\/12\/raes-celebrates-160-years-of-aviation\/#breadcrumb","itemListElement":[{"@type":"ListItem","position":1,"name":"Startseite","item":"https:\/\/loginfo24.com\/en\/"},{"@type":"ListItem","position":2,"name":"RAeS celebrates 160 years of aviation"}]},{"@type":"WebSite","@id":"https:\/\/loginfo24.com\/en\/#website","url":"https:\/\/loginfo24.com\/en\/","name":"Loginfo24","description":"Loginfo24 is the platform for logistics and supply chains, providing information around the clock.","publisher":{"@id":"https:\/\/loginfo24.com\/en\/#organization"},"potentialAction":[{"@type":"SearchAction","target":{"@type":"EntryPoint","urlTemplate":"https:\/\/loginfo24.com\/en\/?s={search_term_string}"},"query-input":{"@type":"PropertyValueSpecification","valueRequired":true,"valueName":"search_term_string"}}],"inLanguage":"en-US"},{"@type":"Organization","@id":"https:\/\/loginfo24.com\/en\/#organization","name":"Logismedia Group AG","url":"https:\/\/loginfo24.com\/en\/","logo":{"@type":"ImageObject","inLanguage":"en-US","@id":"https:\/\/loginfo24.com\/en\/#\/schema\/logo\/image\/","url":"https:\/\/loginfo24.com\/wp-content\/uploads\/sites\/7\/2026\/01\/Logo_LogInfo24.png","contentUrl":"https:\/\/loginfo24.com\/wp-content\/uploads\/sites\/7\/2026\/01\/Logo_LogInfo24.png","width":938,"height":351,"caption":"Logismedia Group AG"},"image":{"@id":"https:\/\/loginfo24.com\/en\/#\/schema\/logo\/image\/"},"sameAs":["https:\/\/www.facebook.com\/people\/Loginfo24\/100057360583332\/","https:\/\/www.linkedin.com\/company\/lofinfo24\/"]},{"@type":"Person","@id":"https:\/\/loginfo24.com\/en\/#\/schema\/person\/cf538b3157f15afd7589245a4b3dbd25","name":"Andreas Haug","url":"https:\/\/loginfo24.com\/en\/author\/andreas\/"}]}},"_links":{"self":[{"href":"https:\/\/loginfo24.com\/en\/wp-json\/wp\/v2\/posts\/72779","targetHints":{"allow":["GET"]}}],"collection":[{"href":"https:\/\/loginfo24.com\/en\/wp-json\/wp\/v2\/posts"}],"about":[{"href":"https:\/\/loginfo24.com\/en\/wp-json\/wp\/v2\/types\/post"}],"author":[{"embeddable":true,"href":"https:\/\/loginfo24.com\/en\/wp-json\/wp\/v2\/users\/12"}],"replies":[{"embeddable":true,"href":"https:\/\/loginfo24.com\/en\/wp-json\/wp\/v2\/comments?post=72779"}],"version-history":[{"count":0,"href":"https:\/\/loginfo24.com\/en\/wp-json\/wp\/v2\/posts\/72779\/revisions"}],"wp:featuredmedia":[{"embeddable":true,"href":"https:\/\/loginfo24.com\/en\/wp-json\/wp\/v2\/media\/72780"}],"wp:attachment":[{"href":"https:\/\/loginfo24.com\/en\/wp-json\/wp\/v2\/media?parent=72779"}],"wp:term":[{"taxonomy":"category","embeddable":true,"href":"https:\/\/loginfo24.com\/en\/wp-json\/wp\/v2\/categories?post=72779"},{"taxonomy":"post_tag","embeddable":true,"href":"https:\/\/loginfo24.com\/en\/wp-json\/wp\/v2\/tags?post=72779"}],"curies":[{"name":"wp","href":"https:\/\/api.w.org\/{rel}","templated":true}]}}