{"id":72679,"date":"2026-01-12T09:48:49","date_gmt":"2026-01-12T09:48:49","guid":{"rendered":"https:\/\/loginfo24.dashboard.brand-architecture.at\/2026\/01\/12\/guillaume-sauzedde-new-regional-director-europe\/"},"modified":"2026-01-12T09:48:49","modified_gmt":"2026-01-12T09:48:49","slug":"guillaume-sauzedde-new-regional-director-europe","status":"publish","type":"post","link":"https:\/\/loginfo24.com\/en\/2026\/01\/12\/guillaume-sauzedde-new-regional-director-europe\/","title":{"rendered":"Guillaume Sauzedde new Regional Director Europe"},"content":{"rendered":"<p>Guillaume Sauzedde has taken on the position of Regional Managing Director for the Europe region at the beginning of the new year. The Frenchman brings more than 25 years of experience in the logistics industry and is already known to employees and customers in Maersk&#8217;s largest region. Sauzedde joined the company in 2024 and previously served as Head of Logistics &amp; Services for the Europe region. Prior to that, he held leadership positions at CEVA Logistics, where he was Managing Director for the Central and Eastern Europe region as well as for the Middle East and Africa. He also worked at K\u00fchne + Nagel as Country Managing Director for Poland and Senior Vice President for Contract Logistics in Central and Eastern Europe.<\/p>\n<h3>Expectations for the New Role<\/h3>\n<p>\u201cI look forward to continuing to serve our customers together with the great Maersk teams I have gotten to know over the past 16 months,\u201d says Sauzedde. He emphasizes that Maersk has built a comprehensive logistics network in Europe over the past few years, which includes control over critical assets and expertise across all areas of the supply chain. \u201cIt is exciting to have such a strong and differentiating offering for our customers in these disruptive times and to provide them with resilient, value-adding end-to-end solutions,\u201d he adds.<\/p>\n<p>Sauzedde succeeds Aymeric Chandavoine, who left Maersk at the end of the year to take on a new position outside the industry. The new Regional Managing Director lives in Warsaw and will work at Maersk&#8217;s main office in the Polish capital while regularly commuting to Copenhagen.<\/p>\n<p>&nbsp;<\/p>\n<p><a href=\"https:\/\/www.maersk.com\" target=\"_blank\" rel=\"noopener noreferrer\">www.maersk.com<\/a><\/p>\n","protected":false},"excerpt":{"rendered":"<p>Guillaume Sauzedde takes over as Regional Managing Director for Europe and will operate from Warsaw, following Aymeric Chandavoine&#8217;s departure from the company.<\/p>\n","protected":false},"author":12,"featured_media":72680,"comment_status":"open","ping_status":"open","sticky":false,"template":"","format":"standard","meta":{"_acf_changed":false,"footnotes":""},"categories":[1555],"tags":[4017,1784,4018,4019,2115,2116,4020,4021,4022,4023,2122,2123,4024,2909,2858,4025,4026,4027,2659,2469,4028,1831,1855,3750,2622,4029,4030,1800,3157,2925,3756,3757,2479,2929,4031,2193,4032,4033,1916,4034,2339,4035,2106,2641,3125,2889,2890,4036,4037],"class_list":["post-72679","post","type-post","status-publish","format-standard","has-post-thumbnail","hentry","category-people-companies","tag-a-p-moller-maersk","tag-ceva-logistics","tag-chaine-de-valeur","tag-deutsch-maersk","tag-digitalisierung-in-der-logistik","tag-digitalization-in-logistics","tag-directeur-regional-europe","tag-eaux-europeennes","tag-europaeische-gewaesser","tag-european-waters","tag-fachkraeftemangel-logistik","tag-gestion-de-la-chaine-dapprovisionnement","tag-guillaume-sauzedde","tag-hafenbetrieb","tag-industrie-du-transport-europe","tag-infrastructure-en-europe","tag-infrastructure-in-europe","tag-infrastruktur-in-europa","tag-kuehne-nagel","tag-logistics-service-provider","tag-logistics-solutions","tag-logistikdienstleister","tag-logistikloesungen","tag-logistique-de-colis","tag-logistique-durable","tag-maersk-hauptsitz-kopenhagen","tag-maersk-headquarters-copenhagen","tag-nachhaltige-logistik","tag-numerisation-dans-la-logistique","tag-operations-portuaires","tag-paketlogistik","tag-parcel-logistics","tag-penurie-de-competences-logistique","tag-port-operations","tag-prestataire-de-services-logistiques","tag-rail-freight-transport","tag-regional-managing-director-europe","tag-regionaldirektor-europa","tag-schienengueterverkehr","tag-siege-de-maersk-copenhague","tag-skills-shortage-logistics","tag-solutions-logistiques","tag-supply-chain-management","tag-sustainable-logistics","tag-transport-ferroviaire-de-marchandises","tag-transport-industry-europe","tag-transportwirtschaft-europa","tag-value-chain-francais-maersk","tag-wertschoepfungskette-english-maersk"],"acf":[],"yoast_head":"<!-- This site is optimized with the Yoast SEO plugin v27.3 - https:\/\/yoast.com\/product\/yoast-seo-wordpress\/ -->\n<title>Guillaume Sauzedde new Regional Director Europe - Loginfo24<\/title>\n<meta name=\"robots\" content=\"index, follow, max-snippet:-1, max-image-preview:large, max-video-preview:-1\" \/>\n<link rel=\"canonical\" href=\"https:\/\/loginfo24.com\/en\/2026\/01\/12\/guillaume-sauzedde-new-regional-director-europe\/\" \/>\n<meta property=\"og:locale\" content=\"en_US\" \/>\n<meta property=\"og:type\" content=\"article\" \/>\n<meta property=\"og:title\" content=\"Guillaume Sauzedde new Regional Director Europe - Loginfo24\" \/>\n<meta property=\"og:description\" content=\"Guillaume Sauzedde takes over as Regional Managing Director for Europe and will operate from Warsaw, following Aymeric Chandavoine&#039;s departure from the company.\" \/>\n<meta property=\"og:url\" content=\"https:\/\/loginfo24.com\/en\/2026\/01\/12\/guillaume-sauzedde-new-regional-director-europe\/\" \/>\n<meta property=\"og:site_name\" content=\"Loginfo24\" \/>\n<meta property=\"article:publisher\" content=\"https:\/\/www.facebook.com\/people\/Loginfo24\/100057360583332\/\" \/>\n<meta property=\"article:published_time\" content=\"2026-01-12T09:48:49+00:00\" \/>\n<meta property=\"og:image\" content=\"https:\/\/loginfo24.com\/wp-content\/uploads\/sites\/7\/2026\/01\/Guillaume-Sauzedde-Maersk-Regional-Managing-Director-Europe_4.jpeg-scaled-aspect-ratio-1400-788.jpg\" \/>\n\t<meta property=\"og:image:width\" content=\"1920\" \/>\n\t<meta property=\"og:image:height\" content=\"1081\" \/>\n\t<meta property=\"og:image:type\" content=\"image\/jpeg\" \/>\n<meta name=\"author\" content=\"Andreas Haug\" \/>\n<meta name=\"twitter:card\" content=\"summary_large_image\" \/>\n<meta name=\"twitter:label1\" content=\"Written by\" \/>\n\t<meta name=\"twitter:data1\" content=\"Andreas Haug\" \/>\n\t<meta name=\"twitter:label2\" content=\"Est. reading time\" \/>\n\t<meta name=\"twitter:data2\" content=\"1 minute\" \/>\n<script type=\"application\/ld+json\" class=\"yoast-schema-graph\">{\"@context\":\"https:\\\/\\\/schema.org\",\"@graph\":[{\"@type\":\"Article\",\"@id\":\"https:\\\/\\\/loginfo24.com\\\/en\\\/2026\\\/01\\\/12\\\/guillaume-sauzedde-new-regional-director-europe\\\/#article\",\"isPartOf\":{\"@id\":\"https:\\\/\\\/loginfo24.com\\\/en\\\/2026\\\/01\\\/12\\\/guillaume-sauzedde-new-regional-director-europe\\\/\"},\"author\":{\"name\":\"Andreas Haug\",\"@id\":\"https:\\\/\\\/loginfo24.com\\\/en\\\/#\\\/schema\\\/person\\\/cf538b3157f15afd7589245a4b3dbd25\"},\"headline\":\"Guillaume Sauzedde new Regional Director Europe\",\"datePublished\":\"2026-01-12T09:48:49+00:00\",\"mainEntityOfPage\":{\"@id\":\"https:\\\/\\\/loginfo24.com\\\/en\\\/2026\\\/01\\\/12\\\/guillaume-sauzedde-new-regional-director-europe\\\/\"},\"wordCount\":270,\"commentCount\":0,\"publisher\":{\"@id\":\"https:\\\/\\\/loginfo24.com\\\/en\\\/#organization\"},\"image\":{\"@id\":\"https:\\\/\\\/loginfo24.com\\\/en\\\/2026\\\/01\\\/12\\\/guillaume-sauzedde-new-regional-director-europe\\\/#primaryimage\"},\"thumbnailUrl\":\"https:\\\/\\\/loginfo24.com\\\/wp-content\\\/uploads\\\/sites\\\/7\\\/2026\\\/01\\\/Guillaume-Sauzedde-Maersk-Regional-Managing-Director-Europe_4.jpeg-scaled-aspect-ratio-1400-788.jpg\",\"keywords\":[\"A.P. Moller - Maersk\",\"CEVA Logistics\",\"cha\u00eene de valeur\",\"Deutsch Maersk\",\"Digitalisierung in der Logistik\",\"digitalization in logistics\",\"Directeur R\u00e9gional Europe\",\"eaux europ\u00e9ennes\",\"europ\u00e4ische Gew\u00e4sser\",\"European waters\",\"Fachkr\u00e4ftemangel Logistik\",\"gestion de la cha\u00eene d'approvisionnement\",\"Guillaume Sauzedde\",\"Hafenbetrieb\",\"industrie du transport Europe\",\"infrastructure en Europe\",\"infrastructure in Europe\",\"Infrastruktur in Europa\",\"Kuehne + Nagel\",\"logistics service provider\",\"logistics solutions\",\"Logistikdienstleister\",\"Logistikl\u00f6sungen\",\"logistique de colis\",\"logistique durable\",\"Maersk Hauptsitz Kopenhagen\",\"Maersk headquarters Copenhagen\",\"nachhaltige Logistik\",\"num\u00e9risation dans la logistique\",\"op\u00e9rations portuaires\",\"Paketlogistik\",\"parcel logistics\",\"p\u00e9nurie de comp\u00e9tences logistique\",\"port operations\",\"prestataire de services logistiques\",\"rail freight transport\",\"Regional Managing Director Europe\",\"Regionaldirektor Europa\",\"Schieneng\u00fcterverkehr\",\"si\u00e8ge de Maersk Copenhague\",\"skills shortage logistics\",\"solutions logistiques\",\"Supply Chain Management\",\"sustainable logistics\",\"transport ferroviaire de marchandises\",\"transport industry Europe\",\"Transportwirtschaft Europa\",\"value chain Fran\u00e7ais Maersk\",\"Wertsch\u00f6pfungskette English Maersk\"],\"articleSection\":[\"People &amp; Companies\"],\"inLanguage\":\"en-US\",\"potentialAction\":[{\"@type\":\"CommentAction\",\"name\":\"Comment\",\"target\":[\"https:\\\/\\\/loginfo24.com\\\/en\\\/2026\\\/01\\\/12\\\/guillaume-sauzedde-new-regional-director-europe\\\/#respond\"]}]},{\"@type\":\"WebPage\",\"@id\":\"https:\\\/\\\/loginfo24.com\\\/en\\\/2026\\\/01\\\/12\\\/guillaume-sauzedde-new-regional-director-europe\\\/\",\"url\":\"https:\\\/\\\/loginfo24.com\\\/en\\\/2026\\\/01\\\/12\\\/guillaume-sauzedde-new-regional-director-europe\\\/\",\"name\":\"Guillaume Sauzedde new Regional Director Europe - Loginfo24\",\"isPartOf\":{\"@id\":\"https:\\\/\\\/loginfo24.com\\\/en\\\/#website\"},\"primaryImageOfPage\":{\"@id\":\"https:\\\/\\\/loginfo24.com\\\/en\\\/2026\\\/01\\\/12\\\/guillaume-sauzedde-new-regional-director-europe\\\/#primaryimage\"},\"image\":{\"@id\":\"https:\\\/\\\/loginfo24.com\\\/en\\\/2026\\\/01\\\/12\\\/guillaume-sauzedde-new-regional-director-europe\\\/#primaryimage\"},\"thumbnailUrl\":\"https:\\\/\\\/loginfo24.com\\\/wp-content\\\/uploads\\\/sites\\\/7\\\/2026\\\/01\\\/Guillaume-Sauzedde-Maersk-Regional-Managing-Director-Europe_4.jpeg-scaled-aspect-ratio-1400-788.jpg\",\"datePublished\":\"2026-01-12T09:48:49+00:00\",\"breadcrumb\":{\"@id\":\"https:\\\/\\\/loginfo24.com\\\/en\\\/2026\\\/01\\\/12\\\/guillaume-sauzedde-new-regional-director-europe\\\/#breadcrumb\"},\"inLanguage\":\"en-US\",\"potentialAction\":[{\"@type\":\"ReadAction\",\"target\":[\"https:\\\/\\\/loginfo24.com\\\/en\\\/2026\\\/01\\\/12\\\/guillaume-sauzedde-new-regional-director-europe\\\/\"]}]},{\"@type\":\"ImageObject\",\"inLanguage\":\"en-US\",\"@id\":\"https:\\\/\\\/loginfo24.com\\\/en\\\/2026\\\/01\\\/12\\\/guillaume-sauzedde-new-regional-director-europe\\\/#primaryimage\",\"url\":\"https:\\\/\\\/loginfo24.com\\\/wp-content\\\/uploads\\\/sites\\\/7\\\/2026\\\/01\\\/Guillaume-Sauzedde-Maersk-Regional-Managing-Director-Europe_4.jpeg-scaled-aspect-ratio-1400-788.jpg\",\"contentUrl\":\"https:\\\/\\\/loginfo24.com\\\/wp-content\\\/uploads\\\/sites\\\/7\\\/2026\\\/01\\\/Guillaume-Sauzedde-Maersk-Regional-Managing-Director-Europe_4.jpeg-scaled-aspect-ratio-1400-788.jpg\",\"width\":1920,\"height\":1081},{\"@type\":\"BreadcrumbList\",\"@id\":\"https:\\\/\\\/loginfo24.com\\\/en\\\/2026\\\/01\\\/12\\\/guillaume-sauzedde-new-regional-director-europe\\\/#breadcrumb\",\"itemListElement\":[{\"@type\":\"ListItem\",\"position\":1,\"name\":\"Startseite\",\"item\":\"https:\\\/\\\/loginfo24.com\\\/en\\\/\"},{\"@type\":\"ListItem\",\"position\":2,\"name\":\"Guillaume Sauzedde new Regional Director Europe\"}]},{\"@type\":\"WebSite\",\"@id\":\"https:\\\/\\\/loginfo24.com\\\/en\\\/#website\",\"url\":\"https:\\\/\\\/loginfo24.com\\\/en\\\/\",\"name\":\"Loginfo24\",\"description\":\"Loginfo24 is the platform for logistics and supply chains, providing information around the clock.\",\"publisher\":{\"@id\":\"https:\\\/\\\/loginfo24.com\\\/en\\\/#organization\"},\"potentialAction\":[{\"@type\":\"SearchAction\",\"target\":{\"@type\":\"EntryPoint\",\"urlTemplate\":\"https:\\\/\\\/loginfo24.com\\\/en\\\/?s={search_term_string}\"},\"query-input\":{\"@type\":\"PropertyValueSpecification\",\"valueRequired\":true,\"valueName\":\"search_term_string\"}}],\"inLanguage\":\"en-US\"},{\"@type\":\"Organization\",\"@id\":\"https:\\\/\\\/loginfo24.com\\\/en\\\/#organization\",\"name\":\"Logismedia Group AG\",\"url\":\"https:\\\/\\\/loginfo24.com\\\/en\\\/\",\"logo\":{\"@type\":\"ImageObject\",\"inLanguage\":\"en-US\",\"@id\":\"https:\\\/\\\/loginfo24.com\\\/en\\\/#\\\/schema\\\/logo\\\/image\\\/\",\"url\":\"https:\\\/\\\/loginfo24.com\\\/wp-content\\\/uploads\\\/sites\\\/7\\\/2026\\\/01\\\/Logo_LogInfo24.png\",\"contentUrl\":\"https:\\\/\\\/loginfo24.com\\\/wp-content\\\/uploads\\\/sites\\\/7\\\/2026\\\/01\\\/Logo_LogInfo24.png\",\"width\":938,\"height\":351,\"caption\":\"Logismedia Group AG\"},\"image\":{\"@id\":\"https:\\\/\\\/loginfo24.com\\\/en\\\/#\\\/schema\\\/logo\\\/image\\\/\"},\"sameAs\":[\"https:\\\/\\\/www.facebook.com\\\/people\\\/Loginfo24\\\/100057360583332\\\/\",\"https:\\\/\\\/www.linkedin.com\\\/company\\\/lofinfo24\\\/\"]},{\"@type\":\"Person\",\"@id\":\"https:\\\/\\\/loginfo24.com\\\/en\\\/#\\\/schema\\\/person\\\/cf538b3157f15afd7589245a4b3dbd25\",\"name\":\"Andreas Haug\",\"url\":\"https:\\\/\\\/loginfo24.com\\\/en\\\/author\\\/andreas\\\/\"}]}<\/script>\n<!-- \/ Yoast SEO plugin. -->","yoast_head_json":{"title":"Guillaume Sauzedde new Regional Director Europe - Loginfo24","robots":{"index":"index","follow":"follow","max-snippet":"max-snippet:-1","max-image-preview":"max-image-preview:large","max-video-preview":"max-video-preview:-1"},"canonical":"https:\/\/loginfo24.com\/en\/2026\/01\/12\/guillaume-sauzedde-new-regional-director-europe\/","og_locale":"en_US","og_type":"article","og_title":"Guillaume Sauzedde new Regional Director Europe - Loginfo24","og_description":"Guillaume Sauzedde takes over as Regional Managing Director for Europe and will operate from Warsaw, following Aymeric Chandavoine's departure from the company.","og_url":"https:\/\/loginfo24.com\/en\/2026\/01\/12\/guillaume-sauzedde-new-regional-director-europe\/","og_site_name":"Loginfo24","article_publisher":"https:\/\/www.facebook.com\/people\/Loginfo24\/100057360583332\/","article_published_time":"2026-01-12T09:48:49+00:00","og_image":[{"width":1920,"height":1081,"url":"https:\/\/loginfo24.com\/wp-content\/uploads\/sites\/7\/2026\/01\/Guillaume-Sauzedde-Maersk-Regional-Managing-Director-Europe_4.jpeg-scaled-aspect-ratio-1400-788.jpg","type":"image\/jpeg"}],"author":"Andreas Haug","twitter_card":"summary_large_image","twitter_misc":{"Written by":"Andreas Haug","Est. reading time":"1 minute"},"schema":{"@context":"https:\/\/schema.org","@graph":[{"@type":"Article","@id":"https:\/\/loginfo24.com\/en\/2026\/01\/12\/guillaume-sauzedde-new-regional-director-europe\/#article","isPartOf":{"@id":"https:\/\/loginfo24.com\/en\/2026\/01\/12\/guillaume-sauzedde-new-regional-director-europe\/"},"author":{"name":"Andreas Haug","@id":"https:\/\/loginfo24.com\/en\/#\/schema\/person\/cf538b3157f15afd7589245a4b3dbd25"},"headline":"Guillaume Sauzedde new Regional Director Europe","datePublished":"2026-01-12T09:48:49+00:00","mainEntityOfPage":{"@id":"https:\/\/loginfo24.com\/en\/2026\/01\/12\/guillaume-sauzedde-new-regional-director-europe\/"},"wordCount":270,"commentCount":0,"publisher":{"@id":"https:\/\/loginfo24.com\/en\/#organization"},"image":{"@id":"https:\/\/loginfo24.com\/en\/2026\/01\/12\/guillaume-sauzedde-new-regional-director-europe\/#primaryimage"},"thumbnailUrl":"https:\/\/loginfo24.com\/wp-content\/uploads\/sites\/7\/2026\/01\/Guillaume-Sauzedde-Maersk-Regional-Managing-Director-Europe_4.jpeg-scaled-aspect-ratio-1400-788.jpg","keywords":["A.P. Moller - Maersk","CEVA Logistics","cha\u00eene de valeur","Deutsch Maersk","Digitalisierung in der Logistik","digitalization in logistics","Directeur R\u00e9gional Europe","eaux europ\u00e9ennes","europ\u00e4ische Gew\u00e4sser","European waters","Fachkr\u00e4ftemangel Logistik","gestion de la cha\u00eene d'approvisionnement","Guillaume Sauzedde","Hafenbetrieb","industrie du transport Europe","infrastructure en Europe","infrastructure in Europe","Infrastruktur in Europa","Kuehne + Nagel","logistics service provider","logistics solutions","Logistikdienstleister","Logistikl\u00f6sungen","logistique de colis","logistique durable","Maersk Hauptsitz Kopenhagen","Maersk headquarters Copenhagen","nachhaltige Logistik","num\u00e9risation dans la logistique","op\u00e9rations portuaires","Paketlogistik","parcel logistics","p\u00e9nurie de comp\u00e9tences logistique","port operations","prestataire de services logistiques","rail freight transport","Regional Managing Director Europe","Regionaldirektor Europa","Schieneng\u00fcterverkehr","si\u00e8ge de Maersk Copenhague","skills shortage logistics","solutions logistiques","Supply Chain Management","sustainable logistics","transport ferroviaire de marchandises","transport industry Europe","Transportwirtschaft Europa","value chain Fran\u00e7ais Maersk","Wertsch\u00f6pfungskette English Maersk"],"articleSection":["People &amp; Companies"],"inLanguage":"en-US","potentialAction":[{"@type":"CommentAction","name":"Comment","target":["https:\/\/loginfo24.com\/en\/2026\/01\/12\/guillaume-sauzedde-new-regional-director-europe\/#respond"]}]},{"@type":"WebPage","@id":"https:\/\/loginfo24.com\/en\/2026\/01\/12\/guillaume-sauzedde-new-regional-director-europe\/","url":"https:\/\/loginfo24.com\/en\/2026\/01\/12\/guillaume-sauzedde-new-regional-director-europe\/","name":"Guillaume Sauzedde new Regional Director Europe - Loginfo24","isPartOf":{"@id":"https:\/\/loginfo24.com\/en\/#website"},"primaryImageOfPage":{"@id":"https:\/\/loginfo24.com\/en\/2026\/01\/12\/guillaume-sauzedde-new-regional-director-europe\/#primaryimage"},"image":{"@id":"https:\/\/loginfo24.com\/en\/2026\/01\/12\/guillaume-sauzedde-new-regional-director-europe\/#primaryimage"},"thumbnailUrl":"https:\/\/loginfo24.com\/wp-content\/uploads\/sites\/7\/2026\/01\/Guillaume-Sauzedde-Maersk-Regional-Managing-Director-Europe_4.jpeg-scaled-aspect-ratio-1400-788.jpg","datePublished":"2026-01-12T09:48:49+00:00","breadcrumb":{"@id":"https:\/\/loginfo24.com\/en\/2026\/01\/12\/guillaume-sauzedde-new-regional-director-europe\/#breadcrumb"},"inLanguage":"en-US","potentialAction":[{"@type":"ReadAction","target":["https:\/\/loginfo24.com\/en\/2026\/01\/12\/guillaume-sauzedde-new-regional-director-europe\/"]}]},{"@type":"ImageObject","inLanguage":"en-US","@id":"https:\/\/loginfo24.com\/en\/2026\/01\/12\/guillaume-sauzedde-new-regional-director-europe\/#primaryimage","url":"https:\/\/loginfo24.com\/wp-content\/uploads\/sites\/7\/2026\/01\/Guillaume-Sauzedde-Maersk-Regional-Managing-Director-Europe_4.jpeg-scaled-aspect-ratio-1400-788.jpg","contentUrl":"https:\/\/loginfo24.com\/wp-content\/uploads\/sites\/7\/2026\/01\/Guillaume-Sauzedde-Maersk-Regional-Managing-Director-Europe_4.jpeg-scaled-aspect-ratio-1400-788.jpg","width":1920,"height":1081},{"@type":"BreadcrumbList","@id":"https:\/\/loginfo24.com\/en\/2026\/01\/12\/guillaume-sauzedde-new-regional-director-europe\/#breadcrumb","itemListElement":[{"@type":"ListItem","position":1,"name":"Startseite","item":"https:\/\/loginfo24.com\/en\/"},{"@type":"ListItem","position":2,"name":"Guillaume Sauzedde new Regional Director Europe"}]},{"@type":"WebSite","@id":"https:\/\/loginfo24.com\/en\/#website","url":"https:\/\/loginfo24.com\/en\/","name":"Loginfo24","description":"Loginfo24 is the platform for logistics and supply chains, providing information around the clock.","publisher":{"@id":"https:\/\/loginfo24.com\/en\/#organization"},"potentialAction":[{"@type":"SearchAction","target":{"@type":"EntryPoint","urlTemplate":"https:\/\/loginfo24.com\/en\/?s={search_term_string}"},"query-input":{"@type":"PropertyValueSpecification","valueRequired":true,"valueName":"search_term_string"}}],"inLanguage":"en-US"},{"@type":"Organization","@id":"https:\/\/loginfo24.com\/en\/#organization","name":"Logismedia Group AG","url":"https:\/\/loginfo24.com\/en\/","logo":{"@type":"ImageObject","inLanguage":"en-US","@id":"https:\/\/loginfo24.com\/en\/#\/schema\/logo\/image\/","url":"https:\/\/loginfo24.com\/wp-content\/uploads\/sites\/7\/2026\/01\/Logo_LogInfo24.png","contentUrl":"https:\/\/loginfo24.com\/wp-content\/uploads\/sites\/7\/2026\/01\/Logo_LogInfo24.png","width":938,"height":351,"caption":"Logismedia Group AG"},"image":{"@id":"https:\/\/loginfo24.com\/en\/#\/schema\/logo\/image\/"},"sameAs":["https:\/\/www.facebook.com\/people\/Loginfo24\/100057360583332\/","https:\/\/www.linkedin.com\/company\/lofinfo24\/"]},{"@type":"Person","@id":"https:\/\/loginfo24.com\/en\/#\/schema\/person\/cf538b3157f15afd7589245a4b3dbd25","name":"Andreas Haug","url":"https:\/\/loginfo24.com\/en\/author\/andreas\/"}]}},"_links":{"self":[{"href":"https:\/\/loginfo24.com\/en\/wp-json\/wp\/v2\/posts\/72679","targetHints":{"allow":["GET"]}}],"collection":[{"href":"https:\/\/loginfo24.com\/en\/wp-json\/wp\/v2\/posts"}],"about":[{"href":"https:\/\/loginfo24.com\/en\/wp-json\/wp\/v2\/types\/post"}],"author":[{"embeddable":true,"href":"https:\/\/loginfo24.com\/en\/wp-json\/wp\/v2\/users\/12"}],"replies":[{"embeddable":true,"href":"https:\/\/loginfo24.com\/en\/wp-json\/wp\/v2\/comments?post=72679"}],"version-history":[{"count":0,"href":"https:\/\/loginfo24.com\/en\/wp-json\/wp\/v2\/posts\/72679\/revisions"}],"wp:featuredmedia":[{"embeddable":true,"href":"https:\/\/loginfo24.com\/en\/wp-json\/wp\/v2\/media\/72680"}],"wp:attachment":[{"href":"https:\/\/loginfo24.com\/en\/wp-json\/wp\/v2\/media?parent=72679"}],"wp:term":[{"taxonomy":"category","embeddable":true,"href":"https:\/\/loginfo24.com\/en\/wp-json\/wp\/v2\/categories?post=72679"},{"taxonomy":"post_tag","embeddable":true,"href":"https:\/\/loginfo24.com\/en\/wp-json\/wp\/v2\/tags?post=72679"}],"curies":[{"name":"wp","href":"https:\/\/api.w.org\/{rel}","templated":true}]}}