{"id":72559,"date":"2026-01-09T12:10:18","date_gmt":"2026-01-09T12:10:18","guid":{"rendered":"https:\/\/loginfo24.dashboard.brand-architecture.at\/2026\/01\/09\/geis-group-opens-location-in-moenchengladbach\/"},"modified":"2026-01-09T12:10:18","modified_gmt":"2026-01-09T12:10:18","slug":"geis-group-opens-location-in-moenchengladbach","status":"publish","type":"post","link":"https:\/\/loginfo24.com\/en\/2026\/01\/09\/geis-group-opens-location-in-moenchengladbach\/","title":{"rendered":"Geis Group opens location in M\u00f6nchengladbach"},"content":{"rendered":"<p>The Geis Group opened a new location for its subsidiary Geis Air + Sea GmbH in M\u00f6nchengladbach on January 1, 2026. With this branch, the company aims to expand its presence in North Rhine-Westphalia and enhance its international capacities.<\/p>\n<h3>Experience at the New Location<\/h3>\n<p>The branch is managed by a four-member team led by Marek Wetjen. Wetjen brings experience from the logistics industry, which he gained, among other positions, as branch manager and authorized signatory at Logwin, and most recently as managing director of Gate41 Logistics GmbH &amp; Co. KG. \u201cTogether with our dedicated team on-site and in close coordination with management, we will establish and consistently develop the M\u00f6nchengladbach location,\u201d Wetjen explains. He emphasizes that the close collaboration within Geis Air + Sea will help leverage synergies and create sustainable growth.<\/p>\n<p><a href=\"https:\/\/geis-group.eu\/\" target=\"_blank\" rel=\"noopener noreferrer\">www.geis-group.com<\/a><\/p>\n","protected":false},"excerpt":{"rendered":"<p>The Geis Group opened a location in M\u00f6nchengladbach on January 1, 2026, to expand its presence in North Rhine-Westphalia and international transport solutions.<\/p>\n","protected":false},"author":10,"featured_media":72560,"comment_status":"open","ping_status":"open","sticky":false,"template":"","format":"standard","meta":{"_acf_changed":false,"footnotes":""},"categories":[1557],"tags":[3737,2995,3738,3739,2115,2116,2213,1889,3740,3741,3742,3743,3744,2909,3745,2075,3746,3747,3748,3749,2918,2133,2135,1831,3750,3751,3752,3015,3753,3754,3157,2925,3755,3756,3757,2232,2929,2148,2193,3758,1916,2153,2237,3759,3029,3760,3761,2297,3125,1837],"class_list":["post-72559","post","type-post","status-publish","format-standard","has-post-thumbnail","hentry","category-forwarding-logistics","tag-capacites-internationales","tag-croissance-durable","tag-deutsch-geis-gruppe","tag-developpement-des-infrastructures","tag-digitalisierung-in-der-logistik","tag-digitalization-in-logistics","tag-economie-du-transport","tag-fachkraeftemangel","tag-gate41-logistics","tag-gate41-logistics-english-geis-group","tag-gate41-logistics-francais-groupe-geis","tag-geis-air-sea","tag-geis-air-sea-gmbh","tag-hafenbetrieb","tag-infrastructure-development","tag-infrastrukturentwicklung","tag-international-capacities","tag-internationale-kapazitaeten","tag-leveraging-synergies","tag-location-opening-moenchengladbach","tag-logistics-industry","tag-logistics-service-providers","tag-logistikbranche","tag-logistikdienstleister","tag-logistique-de-colis","tag-marek-wetjen","tag-moenchengladbach","tag-nachhaltiges-wachstum","tag-nordrhein-westfalen","tag-north-rhine-westphalia","tag-numerisation-dans-la-logistique","tag-operations-portuaires","tag-ouverture-de-site-moenchengladbach","tag-paketlogistik","tag-parcel-logistics","tag-penurie-de-main-doeuvre","tag-port-operations","tag-prestataires-de-services-logistiques","tag-rail-freight-transport","tag-rhenanie-du-nord-westphalie","tag-schienengueterverkehr","tag-secteur-logistique","tag-skills-shortage","tag-standorteroeffnung-moenchengladbach","tag-sustainable-growth","tag-synergien-nutzen","tag-synergies-a-exploiter","tag-transport-economy","tag-transport-ferroviaire-de-marchandises","tag-transportwirtschaft"],"acf":[],"yoast_head":"<!-- This site is optimized with the Yoast SEO plugin v27.3 - https:\/\/yoast.com\/product\/yoast-seo-wordpress\/ -->\n<title>Geis Group opens location in M\u00f6nchengladbach - Loginfo24<\/title>\n<meta name=\"robots\" content=\"index, follow, max-snippet:-1, max-image-preview:large, max-video-preview:-1\" \/>\n<link rel=\"canonical\" href=\"https:\/\/loginfo24.com\/en\/2026\/01\/09\/geis-group-opens-location-in-moenchengladbach\/\" \/>\n<meta property=\"og:locale\" content=\"en_US\" \/>\n<meta property=\"og:type\" content=\"article\" \/>\n<meta property=\"og:title\" content=\"Geis Group opens location in M\u00f6nchengladbach - Loginfo24\" \/>\n<meta property=\"og:description\" content=\"The Geis Group opened a location in M\u00f6nchengladbach on January 1, 2026, to expand its presence in North Rhine-Westphalia and international transport solutions.\" \/>\n<meta property=\"og:url\" content=\"https:\/\/loginfo24.com\/en\/2026\/01\/09\/geis-group-opens-location-in-moenchengladbach\/\" \/>\n<meta property=\"og:site_name\" content=\"Loginfo24\" \/>\n<meta property=\"article:publisher\" content=\"https:\/\/www.facebook.com\/people\/Loginfo24\/100057360583332\/\" \/>\n<meta property=\"article:published_time\" content=\"2026-01-09T12:10:18+00:00\" \/>\n<meta property=\"og:image\" content=\"https:\/\/loginfo24.com\/wp-content\/uploads\/sites\/7\/2026\/01\/Geis_AirSea_Moenchengladbach-scaled-aspect-ratio-1400-788-scaled-1.jpg\" \/>\n\t<meta property=\"og:image:width\" content=\"2560\" \/>\n\t<meta property=\"og:image:height\" content=\"1441\" \/>\n\t<meta property=\"og:image:type\" content=\"image\/jpeg\" \/>\n<meta name=\"author\" content=\"Jeremy Soland\" \/>\n<meta name=\"twitter:card\" content=\"summary_large_image\" \/>\n<meta name=\"twitter:label1\" content=\"Written by\" \/>\n\t<meta name=\"twitter:data1\" content=\"Jeremy Soland\" \/>\n\t<meta name=\"twitter:label2\" content=\"Est. reading time\" \/>\n\t<meta name=\"twitter:data2\" content=\"1 minute\" \/>\n<script type=\"application\/ld+json\" class=\"yoast-schema-graph\">{\"@context\":\"https:\\\/\\\/schema.org\",\"@graph\":[{\"@type\":\"Article\",\"@id\":\"https:\\\/\\\/loginfo24.com\\\/en\\\/2026\\\/01\\\/09\\\/geis-group-opens-location-in-moenchengladbach\\\/#article\",\"isPartOf\":{\"@id\":\"https:\\\/\\\/loginfo24.com\\\/en\\\/2026\\\/01\\\/09\\\/geis-group-opens-location-in-moenchengladbach\\\/\"},\"author\":{\"name\":\"Jeremy Soland\",\"@id\":\"https:\\\/\\\/loginfo24.com\\\/en\\\/#\\\/schema\\\/person\\\/41d36b5474b623392fa613e97e2363fa\"},\"headline\":\"Geis Group opens location in M\u00f6nchengladbach\",\"datePublished\":\"2026-01-09T12:10:18+00:00\",\"mainEntityOfPage\":{\"@id\":\"https:\\\/\\\/loginfo24.com\\\/en\\\/2026\\\/01\\\/09\\\/geis-group-opens-location-in-moenchengladbach\\\/\"},\"wordCount\":140,\"commentCount\":0,\"publisher\":{\"@id\":\"https:\\\/\\\/loginfo24.com\\\/en\\\/#organization\"},\"image\":{\"@id\":\"https:\\\/\\\/loginfo24.com\\\/en\\\/2026\\\/01\\\/09\\\/geis-group-opens-location-in-moenchengladbach\\\/#primaryimage\"},\"thumbnailUrl\":\"https:\\\/\\\/loginfo24.com\\\/wp-content\\\/uploads\\\/sites\\\/7\\\/2026\\\/01\\\/Geis_AirSea_Moenchengladbach-scaled-aspect-ratio-1400-788-scaled-1.jpg\",\"keywords\":[\"capacit\u00e9s internationales\",\"croissance durable\",\"Deutsch Geis Gruppe\",\"d\u00e9veloppement des infrastructures\",\"Digitalisierung in der Logistik\",\"digitalization in logistics\",\"\u00e9conomie du transport\",\"Fachkr\u00e4ftemangel\",\"Gate41 Logistics\",\"Gate41 Logistics English Geis Group\",\"Gate41 Logistics Fran\u00e7ais Groupe Geis\",\"Geis Air + Sea\",\"Geis Air + Sea GmbH\",\"Hafenbetrieb\",\"infrastructure development\",\"Infrastrukturentwicklung\",\"international capacities\",\"internationale Kapazit\u00e4ten\",\"leveraging synergies\",\"location opening M\u00f6nchengladbach\",\"logistics industry\",\"logistics service providers\",\"Logistikbranche\",\"Logistikdienstleister\",\"logistique de colis\",\"Marek Wetjen\",\"M\u00f6nchengladbach\",\"nachhaltiges Wachstum\",\"Nordrhein-Westfalen\",\"North Rhine-Westphalia\",\"num\u00e9risation dans la logistique\",\"op\u00e9rations portuaires\",\"ouverture de site M\u00f6nchengladbach\",\"Paketlogistik\",\"parcel logistics\",\"p\u00e9nurie de main-d'\u0153uvre\",\"port operations\",\"prestataires de services logistiques\",\"rail freight transport\",\"Rh\u00e9nanie-du-Nord-Westphalie\",\"Schieneng\u00fcterverkehr\",\"secteur logistique\",\"skills shortage\",\"Standorter\u00f6ffnung M\u00f6nchengladbach\",\"sustainable growth\",\"Synergien nutzen\",\"synergies \u00e0 exploiter\",\"transport economy\",\"transport ferroviaire de marchandises\",\"Transportwirtschaft\"],\"articleSection\":[\"Forwarding &amp; Logistics\"],\"inLanguage\":\"en-US\",\"potentialAction\":[{\"@type\":\"CommentAction\",\"name\":\"Comment\",\"target\":[\"https:\\\/\\\/loginfo24.com\\\/en\\\/2026\\\/01\\\/09\\\/geis-group-opens-location-in-moenchengladbach\\\/#respond\"]}]},{\"@type\":\"WebPage\",\"@id\":\"https:\\\/\\\/loginfo24.com\\\/en\\\/2026\\\/01\\\/09\\\/geis-group-opens-location-in-moenchengladbach\\\/\",\"url\":\"https:\\\/\\\/loginfo24.com\\\/en\\\/2026\\\/01\\\/09\\\/geis-group-opens-location-in-moenchengladbach\\\/\",\"name\":\"Geis Group opens location in M\u00f6nchengladbach - Loginfo24\",\"isPartOf\":{\"@id\":\"https:\\\/\\\/loginfo24.com\\\/en\\\/#website\"},\"primaryImageOfPage\":{\"@id\":\"https:\\\/\\\/loginfo24.com\\\/en\\\/2026\\\/01\\\/09\\\/geis-group-opens-location-in-moenchengladbach\\\/#primaryimage\"},\"image\":{\"@id\":\"https:\\\/\\\/loginfo24.com\\\/en\\\/2026\\\/01\\\/09\\\/geis-group-opens-location-in-moenchengladbach\\\/#primaryimage\"},\"thumbnailUrl\":\"https:\\\/\\\/loginfo24.com\\\/wp-content\\\/uploads\\\/sites\\\/7\\\/2026\\\/01\\\/Geis_AirSea_Moenchengladbach-scaled-aspect-ratio-1400-788-scaled-1.jpg\",\"datePublished\":\"2026-01-09T12:10:18+00:00\",\"breadcrumb\":{\"@id\":\"https:\\\/\\\/loginfo24.com\\\/en\\\/2026\\\/01\\\/09\\\/geis-group-opens-location-in-moenchengladbach\\\/#breadcrumb\"},\"inLanguage\":\"en-US\",\"potentialAction\":[{\"@type\":\"ReadAction\",\"target\":[\"https:\\\/\\\/loginfo24.com\\\/en\\\/2026\\\/01\\\/09\\\/geis-group-opens-location-in-moenchengladbach\\\/\"]}]},{\"@type\":\"ImageObject\",\"inLanguage\":\"en-US\",\"@id\":\"https:\\\/\\\/loginfo24.com\\\/en\\\/2026\\\/01\\\/09\\\/geis-group-opens-location-in-moenchengladbach\\\/#primaryimage\",\"url\":\"https:\\\/\\\/loginfo24.com\\\/wp-content\\\/uploads\\\/sites\\\/7\\\/2026\\\/01\\\/Geis_AirSea_Moenchengladbach-scaled-aspect-ratio-1400-788-scaled-1.jpg\",\"contentUrl\":\"https:\\\/\\\/loginfo24.com\\\/wp-content\\\/uploads\\\/sites\\\/7\\\/2026\\\/01\\\/Geis_AirSea_Moenchengladbach-scaled-aspect-ratio-1400-788-scaled-1.jpg\",\"width\":2560,\"height\":1441},{\"@type\":\"BreadcrumbList\",\"@id\":\"https:\\\/\\\/loginfo24.com\\\/en\\\/2026\\\/01\\\/09\\\/geis-group-opens-location-in-moenchengladbach\\\/#breadcrumb\",\"itemListElement\":[{\"@type\":\"ListItem\",\"position\":1,\"name\":\"Startseite\",\"item\":\"https:\\\/\\\/loginfo24.com\\\/en\\\/\"},{\"@type\":\"ListItem\",\"position\":2,\"name\":\"Geis Group opens location in M\u00f6nchengladbach\"}]},{\"@type\":\"WebSite\",\"@id\":\"https:\\\/\\\/loginfo24.com\\\/en\\\/#website\",\"url\":\"https:\\\/\\\/loginfo24.com\\\/en\\\/\",\"name\":\"Loginfo24\",\"description\":\"Loginfo24 is the platform for logistics and supply chains, providing information around the clock.\",\"publisher\":{\"@id\":\"https:\\\/\\\/loginfo24.com\\\/en\\\/#organization\"},\"potentialAction\":[{\"@type\":\"SearchAction\",\"target\":{\"@type\":\"EntryPoint\",\"urlTemplate\":\"https:\\\/\\\/loginfo24.com\\\/en\\\/?s={search_term_string}\"},\"query-input\":{\"@type\":\"PropertyValueSpecification\",\"valueRequired\":true,\"valueName\":\"search_term_string\"}}],\"inLanguage\":\"en-US\"},{\"@type\":\"Organization\",\"@id\":\"https:\\\/\\\/loginfo24.com\\\/en\\\/#organization\",\"name\":\"Logismedia Group AG\",\"url\":\"https:\\\/\\\/loginfo24.com\\\/en\\\/\",\"logo\":{\"@type\":\"ImageObject\",\"inLanguage\":\"en-US\",\"@id\":\"https:\\\/\\\/loginfo24.com\\\/en\\\/#\\\/schema\\\/logo\\\/image\\\/\",\"url\":\"https:\\\/\\\/loginfo24.com\\\/wp-content\\\/uploads\\\/sites\\\/7\\\/2026\\\/01\\\/Logo_LogInfo24.png\",\"contentUrl\":\"https:\\\/\\\/loginfo24.com\\\/wp-content\\\/uploads\\\/sites\\\/7\\\/2026\\\/01\\\/Logo_LogInfo24.png\",\"width\":938,\"height\":351,\"caption\":\"Logismedia Group AG\"},\"image\":{\"@id\":\"https:\\\/\\\/loginfo24.com\\\/en\\\/#\\\/schema\\\/logo\\\/image\\\/\"},\"sameAs\":[\"https:\\\/\\\/www.facebook.com\\\/people\\\/Loginfo24\\\/100057360583332\\\/\",\"https:\\\/\\\/www.linkedin.com\\\/company\\\/lofinfo24\\\/\"]},{\"@type\":\"Person\",\"@id\":\"https:\\\/\\\/loginfo24.com\\\/en\\\/#\\\/schema\\\/person\\\/41d36b5474b623392fa613e97e2363fa\",\"name\":\"Jeremy Soland\",\"url\":\"https:\\\/\\\/loginfo24.com\\\/en\\\/author\\\/jeremy\\\/\"}]}<\/script>\n<!-- \/ Yoast SEO plugin. -->","yoast_head_json":{"title":"Geis Group opens location in M\u00f6nchengladbach - Loginfo24","robots":{"index":"index","follow":"follow","max-snippet":"max-snippet:-1","max-image-preview":"max-image-preview:large","max-video-preview":"max-video-preview:-1"},"canonical":"https:\/\/loginfo24.com\/en\/2026\/01\/09\/geis-group-opens-location-in-moenchengladbach\/","og_locale":"en_US","og_type":"article","og_title":"Geis Group opens location in M\u00f6nchengladbach - Loginfo24","og_description":"The Geis Group opened a location in M\u00f6nchengladbach on January 1, 2026, to expand its presence in North Rhine-Westphalia and international transport solutions.","og_url":"https:\/\/loginfo24.com\/en\/2026\/01\/09\/geis-group-opens-location-in-moenchengladbach\/","og_site_name":"Loginfo24","article_publisher":"https:\/\/www.facebook.com\/people\/Loginfo24\/100057360583332\/","article_published_time":"2026-01-09T12:10:18+00:00","og_image":[{"width":2560,"height":1441,"url":"https:\/\/loginfo24.com\/wp-content\/uploads\/sites\/7\/2026\/01\/Geis_AirSea_Moenchengladbach-scaled-aspect-ratio-1400-788-scaled-1.jpg","type":"image\/jpeg"}],"author":"Jeremy Soland","twitter_card":"summary_large_image","twitter_misc":{"Written by":"Jeremy Soland","Est. reading time":"1 minute"},"schema":{"@context":"https:\/\/schema.org","@graph":[{"@type":"Article","@id":"https:\/\/loginfo24.com\/en\/2026\/01\/09\/geis-group-opens-location-in-moenchengladbach\/#article","isPartOf":{"@id":"https:\/\/loginfo24.com\/en\/2026\/01\/09\/geis-group-opens-location-in-moenchengladbach\/"},"author":{"name":"Jeremy Soland","@id":"https:\/\/loginfo24.com\/en\/#\/schema\/person\/41d36b5474b623392fa613e97e2363fa"},"headline":"Geis Group opens location in M\u00f6nchengladbach","datePublished":"2026-01-09T12:10:18+00:00","mainEntityOfPage":{"@id":"https:\/\/loginfo24.com\/en\/2026\/01\/09\/geis-group-opens-location-in-moenchengladbach\/"},"wordCount":140,"commentCount":0,"publisher":{"@id":"https:\/\/loginfo24.com\/en\/#organization"},"image":{"@id":"https:\/\/loginfo24.com\/en\/2026\/01\/09\/geis-group-opens-location-in-moenchengladbach\/#primaryimage"},"thumbnailUrl":"https:\/\/loginfo24.com\/wp-content\/uploads\/sites\/7\/2026\/01\/Geis_AirSea_Moenchengladbach-scaled-aspect-ratio-1400-788-scaled-1.jpg","keywords":["capacit\u00e9s internationales","croissance durable","Deutsch Geis Gruppe","d\u00e9veloppement des infrastructures","Digitalisierung in der Logistik","digitalization in logistics","\u00e9conomie du transport","Fachkr\u00e4ftemangel","Gate41 Logistics","Gate41 Logistics English Geis Group","Gate41 Logistics Fran\u00e7ais Groupe Geis","Geis Air + Sea","Geis Air + Sea GmbH","Hafenbetrieb","infrastructure development","Infrastrukturentwicklung","international capacities","internationale Kapazit\u00e4ten","leveraging synergies","location opening M\u00f6nchengladbach","logistics industry","logistics service providers","Logistikbranche","Logistikdienstleister","logistique de colis","Marek Wetjen","M\u00f6nchengladbach","nachhaltiges Wachstum","Nordrhein-Westfalen","North Rhine-Westphalia","num\u00e9risation dans la logistique","op\u00e9rations portuaires","ouverture de site M\u00f6nchengladbach","Paketlogistik","parcel logistics","p\u00e9nurie de main-d'\u0153uvre","port operations","prestataires de services logistiques","rail freight transport","Rh\u00e9nanie-du-Nord-Westphalie","Schieneng\u00fcterverkehr","secteur logistique","skills shortage","Standorter\u00f6ffnung M\u00f6nchengladbach","sustainable growth","Synergien nutzen","synergies \u00e0 exploiter","transport economy","transport ferroviaire de marchandises","Transportwirtschaft"],"articleSection":["Forwarding &amp; Logistics"],"inLanguage":"en-US","potentialAction":[{"@type":"CommentAction","name":"Comment","target":["https:\/\/loginfo24.com\/en\/2026\/01\/09\/geis-group-opens-location-in-moenchengladbach\/#respond"]}]},{"@type":"WebPage","@id":"https:\/\/loginfo24.com\/en\/2026\/01\/09\/geis-group-opens-location-in-moenchengladbach\/","url":"https:\/\/loginfo24.com\/en\/2026\/01\/09\/geis-group-opens-location-in-moenchengladbach\/","name":"Geis Group opens location in M\u00f6nchengladbach - Loginfo24","isPartOf":{"@id":"https:\/\/loginfo24.com\/en\/#website"},"primaryImageOfPage":{"@id":"https:\/\/loginfo24.com\/en\/2026\/01\/09\/geis-group-opens-location-in-moenchengladbach\/#primaryimage"},"image":{"@id":"https:\/\/loginfo24.com\/en\/2026\/01\/09\/geis-group-opens-location-in-moenchengladbach\/#primaryimage"},"thumbnailUrl":"https:\/\/loginfo24.com\/wp-content\/uploads\/sites\/7\/2026\/01\/Geis_AirSea_Moenchengladbach-scaled-aspect-ratio-1400-788-scaled-1.jpg","datePublished":"2026-01-09T12:10:18+00:00","breadcrumb":{"@id":"https:\/\/loginfo24.com\/en\/2026\/01\/09\/geis-group-opens-location-in-moenchengladbach\/#breadcrumb"},"inLanguage":"en-US","potentialAction":[{"@type":"ReadAction","target":["https:\/\/loginfo24.com\/en\/2026\/01\/09\/geis-group-opens-location-in-moenchengladbach\/"]}]},{"@type":"ImageObject","inLanguage":"en-US","@id":"https:\/\/loginfo24.com\/en\/2026\/01\/09\/geis-group-opens-location-in-moenchengladbach\/#primaryimage","url":"https:\/\/loginfo24.com\/wp-content\/uploads\/sites\/7\/2026\/01\/Geis_AirSea_Moenchengladbach-scaled-aspect-ratio-1400-788-scaled-1.jpg","contentUrl":"https:\/\/loginfo24.com\/wp-content\/uploads\/sites\/7\/2026\/01\/Geis_AirSea_Moenchengladbach-scaled-aspect-ratio-1400-788-scaled-1.jpg","width":2560,"height":1441},{"@type":"BreadcrumbList","@id":"https:\/\/loginfo24.com\/en\/2026\/01\/09\/geis-group-opens-location-in-moenchengladbach\/#breadcrumb","itemListElement":[{"@type":"ListItem","position":1,"name":"Startseite","item":"https:\/\/loginfo24.com\/en\/"},{"@type":"ListItem","position":2,"name":"Geis Group opens location in M\u00f6nchengladbach"}]},{"@type":"WebSite","@id":"https:\/\/loginfo24.com\/en\/#website","url":"https:\/\/loginfo24.com\/en\/","name":"Loginfo24","description":"Loginfo24 is the platform for logistics and supply chains, providing information around the clock.","publisher":{"@id":"https:\/\/loginfo24.com\/en\/#organization"},"potentialAction":[{"@type":"SearchAction","target":{"@type":"EntryPoint","urlTemplate":"https:\/\/loginfo24.com\/en\/?s={search_term_string}"},"query-input":{"@type":"PropertyValueSpecification","valueRequired":true,"valueName":"search_term_string"}}],"inLanguage":"en-US"},{"@type":"Organization","@id":"https:\/\/loginfo24.com\/en\/#organization","name":"Logismedia Group AG","url":"https:\/\/loginfo24.com\/en\/","logo":{"@type":"ImageObject","inLanguage":"en-US","@id":"https:\/\/loginfo24.com\/en\/#\/schema\/logo\/image\/","url":"https:\/\/loginfo24.com\/wp-content\/uploads\/sites\/7\/2026\/01\/Logo_LogInfo24.png","contentUrl":"https:\/\/loginfo24.com\/wp-content\/uploads\/sites\/7\/2026\/01\/Logo_LogInfo24.png","width":938,"height":351,"caption":"Logismedia Group AG"},"image":{"@id":"https:\/\/loginfo24.com\/en\/#\/schema\/logo\/image\/"},"sameAs":["https:\/\/www.facebook.com\/people\/Loginfo24\/100057360583332\/","https:\/\/www.linkedin.com\/company\/lofinfo24\/"]},{"@type":"Person","@id":"https:\/\/loginfo24.com\/en\/#\/schema\/person\/41d36b5474b623392fa613e97e2363fa","name":"Jeremy Soland","url":"https:\/\/loginfo24.com\/en\/author\/jeremy\/"}]}},"_links":{"self":[{"href":"https:\/\/loginfo24.com\/en\/wp-json\/wp\/v2\/posts\/72559","targetHints":{"allow":["GET"]}}],"collection":[{"href":"https:\/\/loginfo24.com\/en\/wp-json\/wp\/v2\/posts"}],"about":[{"href":"https:\/\/loginfo24.com\/en\/wp-json\/wp\/v2\/types\/post"}],"author":[{"embeddable":true,"href":"https:\/\/loginfo24.com\/en\/wp-json\/wp\/v2\/users\/10"}],"replies":[{"embeddable":true,"href":"https:\/\/loginfo24.com\/en\/wp-json\/wp\/v2\/comments?post=72559"}],"version-history":[{"count":0,"href":"https:\/\/loginfo24.com\/en\/wp-json\/wp\/v2\/posts\/72559\/revisions"}],"wp:featuredmedia":[{"embeddable":true,"href":"https:\/\/loginfo24.com\/en\/wp-json\/wp\/v2\/media\/72560"}],"wp:attachment":[{"href":"https:\/\/loginfo24.com\/en\/wp-json\/wp\/v2\/media?parent=72559"}],"wp:term":[{"taxonomy":"category","embeddable":true,"href":"https:\/\/loginfo24.com\/en\/wp-json\/wp\/v2\/categories?post=72559"},{"taxonomy":"post_tag","embeddable":true,"href":"https:\/\/loginfo24.com\/en\/wp-json\/wp\/v2\/tags?post=72559"}],"curies":[{"name":"wp","href":"https:\/\/api.w.org\/{rel}","templated":true}]}}