{"id":72529,"date":"2026-01-09T11:22:42","date_gmt":"2026-01-09T11:22:42","guid":{"rendered":"https:\/\/loginfo24.dashboard.brand-architecture.at\/2026\/01\/09\/new-managing-directors-appointed-at-allivate\/"},"modified":"2026-01-09T11:22:42","modified_gmt":"2026-01-09T11:22:42","slug":"new-managing-directors-appointed-at-allivate","status":"publish","type":"post","link":"https:\/\/loginfo24.com\/en\/2026\/01\/09\/new-managing-directors-appointed-at-allivate\/","title":{"rendered":"New Managing Directors Appointed at allivate"},"content":{"rendered":"<p>The Frankfurt-based IT company allivate, which specializes in solutions for air freight, has a new management team as of the beginning of 2026. Since January 1, Matthias Hupka (left) and Niklas Petri have been managing directors of the company. Both previously worked as senior consultants at allivate.<\/p>\n<h3>New Management Structure and Responsibilities<\/h3>\n<p>Matthias Hupka will focus on IT, project management, and product management within the company structure. His responsibilities include the technical and strategic further development of the FAIR@Link platform as well as the integration of new modules and services. Hupka, who is a computer scientist, began his career at Fraport and subsequently worked at cimt and the consulting firm WSP, where he held various IT consulting roles. He brings extensive experience in air freight, consulting, and IT development.<\/p>\n<p>Niklas Petri is responsible for sales and the operational design of digitized and automated air freight processes at allivate. He will lead market expansion, strategic development, and the creation of new services and business models. Petri, an economist with a focus on logistics and a trained freight forwarding agent, has the ability to understand processes from different perspectives. At DB Schenker, his focus was on air freight, while at DB Cargo he took on project management and strategic development roles.<\/p>\n<h3>Shared Priorities and Strategic Direction<\/h3>\n<p>In their new roles, Hupka and Petri have identified process consulting and strategic expansion as shared priorities. The two new managing directors emphasize: \u201cOur unique selling point is the close collaboration with the community in digital transformation to achieve the best possible outcome for the air freight industry. We want to apply the successful concept of an established and shared Cargo Community System developed at Frankfurt Airport to other airports.\u201d<\/p>\n<p>The management team will work closely with its joint venture partners DAKOSY and Fraport, who will serve as a stable foundation in the background. Hupka will collaborate closely with DAKOSY, which is responsible for the development and operation of the FAIR@Link platform. Petri acts as a liaison to Fraport, which brings its air freight network as well as its unique community and process strengths into the joint venture \u2013 an ideal foundation for growth beyond Frankfurt.<\/p>\n<p>In January 2024, allivate began operations with Martina Schikorr and Dirk Gladiator as joint managing directors, successfully positioning the company in the market. In June 2025, Denis de Farias Duarte temporarily took over the role of Ms. Schikorr. Starting in January 2026, Hupka and Petri will jointly lead the new management team. Gladiator will remain in an advisory role at allivate until March 31, 2026.<\/p>\n<p>&nbsp;<\/p>\n<p><a href=\"https:\/\/allivate.aero\/\" target=\"_blank\" rel=\"noopener noreferrer\">www.allivate.aero<\/a><\/p>\n<p>&nbsp;<\/p>\n","protected":false},"excerpt":{"rendered":"<p>The Frankfurt IT company allivate has appointed Matthias Hupka and Niklas Petri as new managing directors at the beginning of 2026 to strategically further develop the company.<\/p>\n","protected":false},"author":12,"featured_media":72530,"comment_status":"open","ping_status":"open","sticky":false,"template":"","format":"standard","meta":{"_acf_changed":false,"footnotes":""},"categories":[1555,1561],"tags":[2648,3667,3668,3669,3670,3671,3672,3673,3674,3675,2459,2211,2212,3676,3677,3678,1889,3679,3680,3681,2655,1876,2751,3682,3683,3684,3685,3686,2133,1831,1962,3687,3688,3689,3690,3691,3692,3693,3602,2148,3694,3695,2779,2780,3696,2237,2486,3697,3698,2242],"class_list":["post-72529","post","type-post","status-publish","format-standard","has-post-thumbnail","hentry","category-people-companies","category-regions","tag-air-freight","tag-air-freight-processes","tag-automation","tag-automatisation","tag-automatisierung","tag-cargo-community-systems","tag-conseil-en-informatique","tag-conseil-en-processus","tag-dakosy","tag-deutsch-allivate","tag-developpement-strategique","tag-digital-transformation","tag-digitale-transformation","tag-direction","tag-entreprise-informatique","tag-expansion-du-marche","tag-fachkraeftemangel","tag-francfort","tag-frankfurt","tag-fraport","tag-fret-aerien","tag-geschaeftsfuehrung","tag-gestion-de-projet","tag-infrastructure","tag-infrastruktur","tag-it-company","tag-it-consulting","tag-it-firma","tag-logistics-service-providers","tag-logistikdienstleister","tag-luftfracht","tag-luftfrachtprozesse","tag-management","tag-market-expansion","tag-marktexpansion","tag-neue-dienstleistungen-english-allivate","tag-new-services-francais-allivate","tag-nouveaux-services","tag-penurie-de-competences","tag-prestataires-de-services-logistiques","tag-process-consulting","tag-processus-de-fret-aerien","tag-project-management","tag-projektmanagement","tag-prozessberatung","tag-skills-shortage","tag-strategic-development","tag-strategische-entwicklung","tag-systemes-communautaires-de-fret","tag-transformation-numerique"],"acf":[],"yoast_head":"<!-- This site is optimized with the Yoast SEO plugin v27.3 - https:\/\/yoast.com\/product\/yoast-seo-wordpress\/ -->\n<title>New Managing Directors Appointed at allivate - Loginfo24<\/title>\n<meta name=\"robots\" content=\"index, follow, max-snippet:-1, max-image-preview:large, max-video-preview:-1\" \/>\n<link rel=\"canonical\" href=\"https:\/\/loginfo24.com\/en\/2026\/01\/09\/new-managing-directors-appointed-at-allivate\/\" \/>\n<meta property=\"og:locale\" content=\"en_US\" \/>\n<meta property=\"og:type\" content=\"article\" \/>\n<meta property=\"og:title\" content=\"New Managing Directors Appointed at allivate - Loginfo24\" \/>\n<meta property=\"og:description\" content=\"The Frankfurt IT company allivate has appointed Matthias Hupka and Niklas Petri as new managing directors at the beginning of 2026 to strategically further develop the company.\" \/>\n<meta property=\"og:url\" content=\"https:\/\/loginfo24.com\/en\/2026\/01\/09\/new-managing-directors-appointed-at-allivate\/\" \/>\n<meta property=\"og:site_name\" content=\"Loginfo24\" \/>\n<meta property=\"article:publisher\" content=\"https:\/\/www.facebook.com\/people\/Loginfo24\/100057360583332\/\" \/>\n<meta property=\"article:published_time\" content=\"2026-01-09T11:22:42+00:00\" \/>\n<meta property=\"og:image\" content=\"https:\/\/loginfo24.com\/wp-content\/uploads\/sites\/7\/2026\/01\/Pressemitteilung_GF_allivate_GF-scaled-aspect-ratio-1400-788.jpg\" \/>\n\t<meta property=\"og:image:width\" content=\"1964\" \/>\n\t<meta property=\"og:image:height\" content=\"1106\" \/>\n\t<meta property=\"og:image:type\" content=\"image\/jpeg\" \/>\n<meta name=\"author\" content=\"Andreas Haug\" \/>\n<meta name=\"twitter:card\" content=\"summary_large_image\" \/>\n<meta name=\"twitter:label1\" content=\"Written by\" \/>\n\t<meta name=\"twitter:data1\" content=\"Andreas Haug\" \/>\n\t<meta name=\"twitter:label2\" content=\"Est. reading time\" \/>\n\t<meta name=\"twitter:data2\" content=\"2 minutes\" \/>\n<script type=\"application\/ld+json\" class=\"yoast-schema-graph\">{\"@context\":\"https:\\\/\\\/schema.org\",\"@graph\":[{\"@type\":\"Article\",\"@id\":\"https:\\\/\\\/loginfo24.com\\\/en\\\/2026\\\/01\\\/09\\\/new-managing-directors-appointed-at-allivate\\\/#article\",\"isPartOf\":{\"@id\":\"https:\\\/\\\/loginfo24.com\\\/en\\\/2026\\\/01\\\/09\\\/new-managing-directors-appointed-at-allivate\\\/\"},\"author\":{\"name\":\"Andreas Haug\",\"@id\":\"https:\\\/\\\/loginfo24.com\\\/en\\\/#\\\/schema\\\/person\\\/cf538b3157f15afd7589245a4b3dbd25\"},\"headline\":\"New Managing Directors Appointed at allivate\",\"datePublished\":\"2026-01-09T11:22:42+00:00\",\"mainEntityOfPage\":{\"@id\":\"https:\\\/\\\/loginfo24.com\\\/en\\\/2026\\\/01\\\/09\\\/new-managing-directors-appointed-at-allivate\\\/\"},\"wordCount\":430,\"commentCount\":0,\"publisher\":{\"@id\":\"https:\\\/\\\/loginfo24.com\\\/en\\\/#organization\"},\"image\":{\"@id\":\"https:\\\/\\\/loginfo24.com\\\/en\\\/2026\\\/01\\\/09\\\/new-managing-directors-appointed-at-allivate\\\/#primaryimage\"},\"thumbnailUrl\":\"https:\\\/\\\/loginfo24.com\\\/wp-content\\\/uploads\\\/sites\\\/7\\\/2026\\\/01\\\/Pressemitteilung_GF_allivate_GF-scaled-aspect-ratio-1400-788.jpg\",\"keywords\":[\"air freight\",\"air freight processes\",\"automation\",\"automatisation\",\"Automatisierung\",\"Cargo Community Systems\",\"conseil en informatique\",\"conseil en processus\",\"DAKOSY\",\"Deutsch allivate\",\"d\u00e9veloppement strat\u00e9gique\",\"digital transformation\",\"digitale Transformation\",\"direction\",\"entreprise informatique\",\"expansion du march\u00e9\",\"Fachkr\u00e4ftemangel\",\"Francfort\",\"Frankfurt\",\"Fraport\",\"fret a\u00e9rien\",\"Gesch\u00e4ftsf\u00fchrung\",\"gestion de projet\",\"infrastructure\",\"Infrastruktur\",\"IT company\",\"IT-Consulting\",\"IT-Firma\",\"logistics service providers\",\"Logistikdienstleister\",\"Luftfracht\",\"Luftfrachtprozesse\",\"management\",\"market expansion\",\"Marktexpansion\",\"neue Dienstleistungen English allivate\",\"new services Fran\u00e7ais allivate\",\"nouveaux services\",\"p\u00e9nurie de comp\u00e9tences\",\"prestataires de services logistiques\",\"process consulting\",\"processus de fret a\u00e9rien\",\"project management\",\"Projektmanagement\",\"Prozessberatung\",\"skills shortage\",\"strategic development\",\"strategische Entwicklung\",\"syst\u00e8mes communautaires de fret\",\"transformation num\u00e9rique\"],\"articleSection\":[\"People &amp; Companies\",\"Regions\"],\"inLanguage\":\"en-US\",\"potentialAction\":[{\"@type\":\"CommentAction\",\"name\":\"Comment\",\"target\":[\"https:\\\/\\\/loginfo24.com\\\/en\\\/2026\\\/01\\\/09\\\/new-managing-directors-appointed-at-allivate\\\/#respond\"]}]},{\"@type\":\"WebPage\",\"@id\":\"https:\\\/\\\/loginfo24.com\\\/en\\\/2026\\\/01\\\/09\\\/new-managing-directors-appointed-at-allivate\\\/\",\"url\":\"https:\\\/\\\/loginfo24.com\\\/en\\\/2026\\\/01\\\/09\\\/new-managing-directors-appointed-at-allivate\\\/\",\"name\":\"New Managing Directors Appointed at allivate - Loginfo24\",\"isPartOf\":{\"@id\":\"https:\\\/\\\/loginfo24.com\\\/en\\\/#website\"},\"primaryImageOfPage\":{\"@id\":\"https:\\\/\\\/loginfo24.com\\\/en\\\/2026\\\/01\\\/09\\\/new-managing-directors-appointed-at-allivate\\\/#primaryimage\"},\"image\":{\"@id\":\"https:\\\/\\\/loginfo24.com\\\/en\\\/2026\\\/01\\\/09\\\/new-managing-directors-appointed-at-allivate\\\/#primaryimage\"},\"thumbnailUrl\":\"https:\\\/\\\/loginfo24.com\\\/wp-content\\\/uploads\\\/sites\\\/7\\\/2026\\\/01\\\/Pressemitteilung_GF_allivate_GF-scaled-aspect-ratio-1400-788.jpg\",\"datePublished\":\"2026-01-09T11:22:42+00:00\",\"breadcrumb\":{\"@id\":\"https:\\\/\\\/loginfo24.com\\\/en\\\/2026\\\/01\\\/09\\\/new-managing-directors-appointed-at-allivate\\\/#breadcrumb\"},\"inLanguage\":\"en-US\",\"potentialAction\":[{\"@type\":\"ReadAction\",\"target\":[\"https:\\\/\\\/loginfo24.com\\\/en\\\/2026\\\/01\\\/09\\\/new-managing-directors-appointed-at-allivate\\\/\"]}]},{\"@type\":\"ImageObject\",\"inLanguage\":\"en-US\",\"@id\":\"https:\\\/\\\/loginfo24.com\\\/en\\\/2026\\\/01\\\/09\\\/new-managing-directors-appointed-at-allivate\\\/#primaryimage\",\"url\":\"https:\\\/\\\/loginfo24.com\\\/wp-content\\\/uploads\\\/sites\\\/7\\\/2026\\\/01\\\/Pressemitteilung_GF_allivate_GF-scaled-aspect-ratio-1400-788.jpg\",\"contentUrl\":\"https:\\\/\\\/loginfo24.com\\\/wp-content\\\/uploads\\\/sites\\\/7\\\/2026\\\/01\\\/Pressemitteilung_GF_allivate_GF-scaled-aspect-ratio-1400-788.jpg\",\"width\":1964,\"height\":1106},{\"@type\":\"BreadcrumbList\",\"@id\":\"https:\\\/\\\/loginfo24.com\\\/en\\\/2026\\\/01\\\/09\\\/new-managing-directors-appointed-at-allivate\\\/#breadcrumb\",\"itemListElement\":[{\"@type\":\"ListItem\",\"position\":1,\"name\":\"Startseite\",\"item\":\"https:\\\/\\\/loginfo24.com\\\/en\\\/\"},{\"@type\":\"ListItem\",\"position\":2,\"name\":\"New Managing Directors Appointed at allivate\"}]},{\"@type\":\"WebSite\",\"@id\":\"https:\\\/\\\/loginfo24.com\\\/en\\\/#website\",\"url\":\"https:\\\/\\\/loginfo24.com\\\/en\\\/\",\"name\":\"Loginfo24\",\"description\":\"Loginfo24 is the platform for logistics and supply chains, providing information around the clock.\",\"publisher\":{\"@id\":\"https:\\\/\\\/loginfo24.com\\\/en\\\/#organization\"},\"potentialAction\":[{\"@type\":\"SearchAction\",\"target\":{\"@type\":\"EntryPoint\",\"urlTemplate\":\"https:\\\/\\\/loginfo24.com\\\/en\\\/?s={search_term_string}\"},\"query-input\":{\"@type\":\"PropertyValueSpecification\",\"valueRequired\":true,\"valueName\":\"search_term_string\"}}],\"inLanguage\":\"en-US\"},{\"@type\":\"Organization\",\"@id\":\"https:\\\/\\\/loginfo24.com\\\/en\\\/#organization\",\"name\":\"Logismedia Group AG\",\"url\":\"https:\\\/\\\/loginfo24.com\\\/en\\\/\",\"logo\":{\"@type\":\"ImageObject\",\"inLanguage\":\"en-US\",\"@id\":\"https:\\\/\\\/loginfo24.com\\\/en\\\/#\\\/schema\\\/logo\\\/image\\\/\",\"url\":\"https:\\\/\\\/loginfo24.com\\\/wp-content\\\/uploads\\\/sites\\\/7\\\/2026\\\/01\\\/Logo_LogInfo24.png\",\"contentUrl\":\"https:\\\/\\\/loginfo24.com\\\/wp-content\\\/uploads\\\/sites\\\/7\\\/2026\\\/01\\\/Logo_LogInfo24.png\",\"width\":938,\"height\":351,\"caption\":\"Logismedia Group AG\"},\"image\":{\"@id\":\"https:\\\/\\\/loginfo24.com\\\/en\\\/#\\\/schema\\\/logo\\\/image\\\/\"},\"sameAs\":[\"https:\\\/\\\/www.facebook.com\\\/people\\\/Loginfo24\\\/100057360583332\\\/\",\"https:\\\/\\\/www.linkedin.com\\\/company\\\/lofinfo24\\\/\"]},{\"@type\":\"Person\",\"@id\":\"https:\\\/\\\/loginfo24.com\\\/en\\\/#\\\/schema\\\/person\\\/cf538b3157f15afd7589245a4b3dbd25\",\"name\":\"Andreas Haug\",\"url\":\"https:\\\/\\\/loginfo24.com\\\/en\\\/author\\\/andreas\\\/\"}]}<\/script>\n<!-- \/ Yoast SEO plugin. -->","yoast_head_json":{"title":"New Managing Directors Appointed at allivate - Loginfo24","robots":{"index":"index","follow":"follow","max-snippet":"max-snippet:-1","max-image-preview":"max-image-preview:large","max-video-preview":"max-video-preview:-1"},"canonical":"https:\/\/loginfo24.com\/en\/2026\/01\/09\/new-managing-directors-appointed-at-allivate\/","og_locale":"en_US","og_type":"article","og_title":"New Managing Directors Appointed at allivate - Loginfo24","og_description":"The Frankfurt IT company allivate has appointed Matthias Hupka and Niklas Petri as new managing directors at the beginning of 2026 to strategically further develop the company.","og_url":"https:\/\/loginfo24.com\/en\/2026\/01\/09\/new-managing-directors-appointed-at-allivate\/","og_site_name":"Loginfo24","article_publisher":"https:\/\/www.facebook.com\/people\/Loginfo24\/100057360583332\/","article_published_time":"2026-01-09T11:22:42+00:00","og_image":[{"width":1964,"height":1106,"url":"https:\/\/loginfo24.com\/wp-content\/uploads\/sites\/7\/2026\/01\/Pressemitteilung_GF_allivate_GF-scaled-aspect-ratio-1400-788.jpg","type":"image\/jpeg"}],"author":"Andreas Haug","twitter_card":"summary_large_image","twitter_misc":{"Written by":"Andreas Haug","Est. reading time":"2 minutes"},"schema":{"@context":"https:\/\/schema.org","@graph":[{"@type":"Article","@id":"https:\/\/loginfo24.com\/en\/2026\/01\/09\/new-managing-directors-appointed-at-allivate\/#article","isPartOf":{"@id":"https:\/\/loginfo24.com\/en\/2026\/01\/09\/new-managing-directors-appointed-at-allivate\/"},"author":{"name":"Andreas Haug","@id":"https:\/\/loginfo24.com\/en\/#\/schema\/person\/cf538b3157f15afd7589245a4b3dbd25"},"headline":"New Managing Directors Appointed at allivate","datePublished":"2026-01-09T11:22:42+00:00","mainEntityOfPage":{"@id":"https:\/\/loginfo24.com\/en\/2026\/01\/09\/new-managing-directors-appointed-at-allivate\/"},"wordCount":430,"commentCount":0,"publisher":{"@id":"https:\/\/loginfo24.com\/en\/#organization"},"image":{"@id":"https:\/\/loginfo24.com\/en\/2026\/01\/09\/new-managing-directors-appointed-at-allivate\/#primaryimage"},"thumbnailUrl":"https:\/\/loginfo24.com\/wp-content\/uploads\/sites\/7\/2026\/01\/Pressemitteilung_GF_allivate_GF-scaled-aspect-ratio-1400-788.jpg","keywords":["air freight","air freight processes","automation","automatisation","Automatisierung","Cargo Community Systems","conseil en informatique","conseil en processus","DAKOSY","Deutsch allivate","d\u00e9veloppement strat\u00e9gique","digital transformation","digitale Transformation","direction","entreprise informatique","expansion du march\u00e9","Fachkr\u00e4ftemangel","Francfort","Frankfurt","Fraport","fret a\u00e9rien","Gesch\u00e4ftsf\u00fchrung","gestion de projet","infrastructure","Infrastruktur","IT company","IT-Consulting","IT-Firma","logistics service providers","Logistikdienstleister","Luftfracht","Luftfrachtprozesse","management","market expansion","Marktexpansion","neue Dienstleistungen English allivate","new services Fran\u00e7ais allivate","nouveaux services","p\u00e9nurie de comp\u00e9tences","prestataires de services logistiques","process consulting","processus de fret a\u00e9rien","project management","Projektmanagement","Prozessberatung","skills shortage","strategic development","strategische Entwicklung","syst\u00e8mes communautaires de fret","transformation num\u00e9rique"],"articleSection":["People &amp; Companies","Regions"],"inLanguage":"en-US","potentialAction":[{"@type":"CommentAction","name":"Comment","target":["https:\/\/loginfo24.com\/en\/2026\/01\/09\/new-managing-directors-appointed-at-allivate\/#respond"]}]},{"@type":"WebPage","@id":"https:\/\/loginfo24.com\/en\/2026\/01\/09\/new-managing-directors-appointed-at-allivate\/","url":"https:\/\/loginfo24.com\/en\/2026\/01\/09\/new-managing-directors-appointed-at-allivate\/","name":"New Managing Directors Appointed at allivate - Loginfo24","isPartOf":{"@id":"https:\/\/loginfo24.com\/en\/#website"},"primaryImageOfPage":{"@id":"https:\/\/loginfo24.com\/en\/2026\/01\/09\/new-managing-directors-appointed-at-allivate\/#primaryimage"},"image":{"@id":"https:\/\/loginfo24.com\/en\/2026\/01\/09\/new-managing-directors-appointed-at-allivate\/#primaryimage"},"thumbnailUrl":"https:\/\/loginfo24.com\/wp-content\/uploads\/sites\/7\/2026\/01\/Pressemitteilung_GF_allivate_GF-scaled-aspect-ratio-1400-788.jpg","datePublished":"2026-01-09T11:22:42+00:00","breadcrumb":{"@id":"https:\/\/loginfo24.com\/en\/2026\/01\/09\/new-managing-directors-appointed-at-allivate\/#breadcrumb"},"inLanguage":"en-US","potentialAction":[{"@type":"ReadAction","target":["https:\/\/loginfo24.com\/en\/2026\/01\/09\/new-managing-directors-appointed-at-allivate\/"]}]},{"@type":"ImageObject","inLanguage":"en-US","@id":"https:\/\/loginfo24.com\/en\/2026\/01\/09\/new-managing-directors-appointed-at-allivate\/#primaryimage","url":"https:\/\/loginfo24.com\/wp-content\/uploads\/sites\/7\/2026\/01\/Pressemitteilung_GF_allivate_GF-scaled-aspect-ratio-1400-788.jpg","contentUrl":"https:\/\/loginfo24.com\/wp-content\/uploads\/sites\/7\/2026\/01\/Pressemitteilung_GF_allivate_GF-scaled-aspect-ratio-1400-788.jpg","width":1964,"height":1106},{"@type":"BreadcrumbList","@id":"https:\/\/loginfo24.com\/en\/2026\/01\/09\/new-managing-directors-appointed-at-allivate\/#breadcrumb","itemListElement":[{"@type":"ListItem","position":1,"name":"Startseite","item":"https:\/\/loginfo24.com\/en\/"},{"@type":"ListItem","position":2,"name":"New Managing Directors Appointed at allivate"}]},{"@type":"WebSite","@id":"https:\/\/loginfo24.com\/en\/#website","url":"https:\/\/loginfo24.com\/en\/","name":"Loginfo24","description":"Loginfo24 is the platform for logistics and supply chains, providing information around the clock.","publisher":{"@id":"https:\/\/loginfo24.com\/en\/#organization"},"potentialAction":[{"@type":"SearchAction","target":{"@type":"EntryPoint","urlTemplate":"https:\/\/loginfo24.com\/en\/?s={search_term_string}"},"query-input":{"@type":"PropertyValueSpecification","valueRequired":true,"valueName":"search_term_string"}}],"inLanguage":"en-US"},{"@type":"Organization","@id":"https:\/\/loginfo24.com\/en\/#organization","name":"Logismedia Group AG","url":"https:\/\/loginfo24.com\/en\/","logo":{"@type":"ImageObject","inLanguage":"en-US","@id":"https:\/\/loginfo24.com\/en\/#\/schema\/logo\/image\/","url":"https:\/\/loginfo24.com\/wp-content\/uploads\/sites\/7\/2026\/01\/Logo_LogInfo24.png","contentUrl":"https:\/\/loginfo24.com\/wp-content\/uploads\/sites\/7\/2026\/01\/Logo_LogInfo24.png","width":938,"height":351,"caption":"Logismedia Group AG"},"image":{"@id":"https:\/\/loginfo24.com\/en\/#\/schema\/logo\/image\/"},"sameAs":["https:\/\/www.facebook.com\/people\/Loginfo24\/100057360583332\/","https:\/\/www.linkedin.com\/company\/lofinfo24\/"]},{"@type":"Person","@id":"https:\/\/loginfo24.com\/en\/#\/schema\/person\/cf538b3157f15afd7589245a4b3dbd25","name":"Andreas Haug","url":"https:\/\/loginfo24.com\/en\/author\/andreas\/"}]}},"_links":{"self":[{"href":"https:\/\/loginfo24.com\/en\/wp-json\/wp\/v2\/posts\/72529","targetHints":{"allow":["GET"]}}],"collection":[{"href":"https:\/\/loginfo24.com\/en\/wp-json\/wp\/v2\/posts"}],"about":[{"href":"https:\/\/loginfo24.com\/en\/wp-json\/wp\/v2\/types\/post"}],"author":[{"embeddable":true,"href":"https:\/\/loginfo24.com\/en\/wp-json\/wp\/v2\/users\/12"}],"replies":[{"embeddable":true,"href":"https:\/\/loginfo24.com\/en\/wp-json\/wp\/v2\/comments?post=72529"}],"version-history":[{"count":0,"href":"https:\/\/loginfo24.com\/en\/wp-json\/wp\/v2\/posts\/72529\/revisions"}],"wp:featuredmedia":[{"embeddable":true,"href":"https:\/\/loginfo24.com\/en\/wp-json\/wp\/v2\/media\/72530"}],"wp:attachment":[{"href":"https:\/\/loginfo24.com\/en\/wp-json\/wp\/v2\/media?parent=72529"}],"wp:term":[{"taxonomy":"category","embeddable":true,"href":"https:\/\/loginfo24.com\/en\/wp-json\/wp\/v2\/categories?post=72529"},{"taxonomy":"post_tag","embeddable":true,"href":"https:\/\/loginfo24.com\/en\/wp-json\/wp\/v2\/tags?post=72529"}],"curies":[{"name":"wp","href":"https:\/\/api.w.org\/{rel}","templated":true}]}}