{"id":72240,"date":"2026-01-08T09:10:02","date_gmt":"2026-01-08T09:10:02","guid":{"rendered":"https:\/\/loginfo24.dashboard.brand-architecture.at\/2026\/01\/08\/ad-ports-group-strengthens-logistics-leadership\/"},"modified":"2026-01-08T09:10:02","modified_gmt":"2026-01-08T09:10:02","slug":"ad-ports-group-strengthens-logistics-leadership","status":"publish","type":"post","link":"https:\/\/loginfo24.com\/en\/2026\/01\/08\/ad-ports-group-strengthens-logistics-leadership\/","title":{"rendered":"AD Ports Group strengthens logistics leadership"},"content":{"rendered":"<p>AD Ports Group has strengthened its leadership structure in the logistics sector by appointing several senior executives. Under the leadership of Jochen Thewes, who was recently appointed CEO of the logistics cluster, the company aims to expand its position as a provider of logistics services on a global level. These appointments are part of a comprehensive strategy to enhance the competitiveness of the logistics cluster and build on the existing foundations of Noatum Logistics.<\/p>\n<h3>Global Appointments<\/h3>\n<p>To drive growth in the global product area, Thorsten Meincke has been appointed Executive Vice President for Ocean Freight and Air Freight at Noatum Logistics. With over 20 years of international leadership experience, Meincke was previously COO and a member of the management board at DB Schenker, where he led global air and ocean freight operations. Prior to that, he held various senior positions at Kuehne + Nagel, including Senior Vice President for Global Ocean Freight.<\/p>\n<p>In addition to Meincke, two other executives have been appointed: Bj\u00f6rn Eckbauer takes on the role of Senior Vice President for Development and Procurement in the air freight sector. Eckbauer brings over 30 years of experience in the air freight industry and was most recently Senior Vice President for Global Operations and Procurement at DB Schenker. Boris Kuehn has been appointed Senior Vice President for Mergers and Acquisitions and brings extensive knowledge in the areas of M&amp;A and corporate development.<\/p>\n<h3>Regional Leadership Positions<\/h3>\n<p>To strengthen the regional operations of Noatum Logistics, three experienced executives have been appointed. Thorsten Pook will serve as Managing Director for the Middle East region and brings over 30 years of experience in international logistics, including as COO and Managing Director at CEVA Logistics. Samad Osman takes on the role of Managing Director for the Africa region and has over 20 years of industry experience, including at Hapag-Lloyd and Kuehne + Nagel. Roberto Moreno will be Managing Director for the Latin America region and has extensive experience in leading companies in the area, most recently as CEO for Canada and Latin America at DB Schenker.<\/p>\n<p>Jochen Thewes, CEO of the logistics cluster, emphasizes the importance of the newly formed team: \u201cWe have built a team of experts with extensive knowledge in multimodal freight logistics and in M&amp;A. By bringing in leaders from the top of our industry, we strengthen our capabilities and position ourselves as a provider of logistics services on a global level.\u201d<\/p>\n<p>The appointments underscore AD Ports Group&#8217;s commitment to building a strong team of industry experts to ensure sustainable growth and operational excellence in the company&#8217;s global network.<\/p>\n<p><a href=\"https:\/\/www.adportsgroup.com\/\" target=\"_blank\" rel=\"noopener noreferrer\">www.adportsgroup.com<\/a><\/p>\n","protected":false},"excerpt":{"rendered":"<p>AD Ports Group has strengthened its leadership structure in the logistics sector by appointing several experienced executives to promote global growth and operational excellence.<\/p>\n","protected":false},"author":12,"featured_media":72241,"comment_status":"open","ping_status":"open","sticky":false,"template":"","format":"standard","meta":{"_acf_changed":false,"footnotes":""},"categories":[1555,1645],"tags":[2646,2647,2648,2649,2650,2651,2652,2653,1887,2654,2122,2655,2656,2657,2658,2279,2280,2659,2660,2661,2662,2663,2664,2665,2666,1847,2667,2668,2669,2622,2282,2670,2671,1962,2672,2673,2674,2675,2676,1800,2677,2678,2679,2479,2680,2681,2682,2339,2683,2641,2684,2685],"class_list":["post-72240","post","type-post","status-publish","format-standard","has-post-thumbnail","hentry","category-people-companies","category-uncategorized","tag-africa-logistics","tag-afrika-logistik","tag-air-freight","tag-cluster-logistique","tag-competitivite-logistique","tag-db-schenker","tag-deutsch-ad-ports-group","tag-digital-transformation-logistics","tag-digitale-transformation-logistik","tag-executive-appointments","tag-fachkraeftemangel-logistik","tag-fret-aerien","tag-fret-maritime","tag-fuehrungskraefte-ernennungen","tag-fusions-et-acquisitions-logistique","tag-international-logistics","tag-internationale-logistik","tag-kuehne-nagel","tag-lateinamerika-logistik","tag-latin-america-logistics","tag-logistics-cluster","tag-logistics-competitiveness","tag-logistics-services","tag-logistics-strategy-francais-ad-ports-group","tag-logistikcluster","tag-logistikdienstleistungen","tag-logistikstrategie-english-ad-ports-group","tag-logistique-afrique","tag-logistique-amerique-latine","tag-logistique-durable","tag-logistique-internationale","tag-logistique-moyen-orient","tag-logistique-multimodale","tag-luftfracht","tag-ma-in-der-logistik","tag-ma-in-logistics","tag-middle-east-logistics","tag-multimodal-freight-logistics","tag-multimodale-frachtlogistik","tag-nachhaltige-logistik","tag-naher-osten-logistik","tag-noatum-logistics","tag-nominations-executives","tag-penurie-de-competences-logistique","tag-sea-freight","tag-seefracht","tag-services-logistiques","tag-skills-shortage-logistics","tag-strategie-logistique","tag-sustainable-logistics","tag-transformation-numerique-logistique","tag-wettbewerbsfaehigkeit-logistik"],"acf":[],"yoast_head":"<!-- This site is optimized with the Yoast SEO plugin v27.3 - https:\/\/yoast.com\/product\/yoast-seo-wordpress\/ -->\n<title>AD Ports Group strengthens logistics leadership - Loginfo24<\/title>\n<meta name=\"robots\" content=\"index, follow, max-snippet:-1, max-image-preview:large, max-video-preview:-1\" \/>\n<link rel=\"canonical\" href=\"https:\/\/loginfo24.com\/en\/2026\/01\/08\/ad-ports-group-strengthens-logistics-leadership\/\" \/>\n<meta property=\"og:locale\" content=\"en_US\" \/>\n<meta property=\"og:type\" content=\"article\" \/>\n<meta property=\"og:title\" content=\"AD Ports Group strengthens logistics leadership - Loginfo24\" \/>\n<meta property=\"og:description\" content=\"AD Ports Group has strengthened its leadership structure in the logistics sector by appointing several experienced executives to promote global growth and operational excellence.\" \/>\n<meta property=\"og:url\" content=\"https:\/\/loginfo24.com\/en\/2026\/01\/08\/ad-ports-group-strengthens-logistics-leadership\/\" \/>\n<meta property=\"og:site_name\" content=\"Loginfo24\" \/>\n<meta property=\"article:publisher\" content=\"https:\/\/www.facebook.com\/people\/Loginfo24\/100057360583332\/\" \/>\n<meta property=\"article:published_time\" content=\"2026-01-08T09:10:02+00:00\" \/>\n<meta property=\"og:image\" content=\"https:\/\/loginfo24.com\/wp-content\/uploads\/sites\/7\/2026\/01\/Noatum-Logistics-aspect-ratio-1400-788.jpg\" \/>\n\t<meta property=\"og:image:width\" content=\"1600\" \/>\n\t<meta property=\"og:image:height\" content=\"901\" \/>\n\t<meta property=\"og:image:type\" content=\"image\/jpeg\" \/>\n<meta name=\"author\" content=\"Andreas Haug\" \/>\n<meta name=\"twitter:card\" content=\"summary_large_image\" \/>\n<meta name=\"twitter:label1\" content=\"Written by\" \/>\n\t<meta name=\"twitter:data1\" content=\"Andreas Haug\" \/>\n\t<meta name=\"twitter:label2\" content=\"Est. reading time\" \/>\n\t<meta name=\"twitter:data2\" content=\"2 minutes\" \/>\n<script type=\"application\/ld+json\" class=\"yoast-schema-graph\">{\"@context\":\"https:\\\/\\\/schema.org\",\"@graph\":[{\"@type\":\"Article\",\"@id\":\"https:\\\/\\\/loginfo24.com\\\/en\\\/2026\\\/01\\\/08\\\/ad-ports-group-strengthens-logistics-leadership\\\/#article\",\"isPartOf\":{\"@id\":\"https:\\\/\\\/loginfo24.com\\\/en\\\/2026\\\/01\\\/08\\\/ad-ports-group-strengthens-logistics-leadership\\\/\"},\"author\":{\"name\":\"Andreas Haug\",\"@id\":\"https:\\\/\\\/loginfo24.com\\\/en\\\/#\\\/schema\\\/person\\\/cf538b3157f15afd7589245a4b3dbd25\"},\"headline\":\"AD Ports Group strengthens logistics leadership\",\"datePublished\":\"2026-01-08T09:10:02+00:00\",\"mainEntityOfPage\":{\"@id\":\"https:\\\/\\\/loginfo24.com\\\/en\\\/2026\\\/01\\\/08\\\/ad-ports-group-strengthens-logistics-leadership\\\/\"},\"wordCount\":437,\"commentCount\":0,\"publisher\":{\"@id\":\"https:\\\/\\\/loginfo24.com\\\/en\\\/#organization\"},\"image\":{\"@id\":\"https:\\\/\\\/loginfo24.com\\\/en\\\/2026\\\/01\\\/08\\\/ad-ports-group-strengthens-logistics-leadership\\\/#primaryimage\"},\"thumbnailUrl\":\"https:\\\/\\\/loginfo24.com\\\/wp-content\\\/uploads\\\/sites\\\/7\\\/2026\\\/01\\\/Noatum-Logistics-aspect-ratio-1400-788.jpg\",\"keywords\":[\"Africa logistics\",\"Afrika Logistik\",\"air freight\",\"cluster logistique\",\"comp\u00e9titivit\u00e9 logistique\",\"DB Schenker\",\"Deutsch AD Ports Group\",\"digital transformation logistics\",\"digitale Transformation Logistik\",\"executive appointments\",\"Fachkr\u00e4ftemangel Logistik\",\"fret a\u00e9rien\",\"fret maritime\",\"F\u00fchrungskr\u00e4fte Ernennungen\",\"fusions et acquisitions logistique\",\"international logistics\",\"internationale Logistik\",\"Kuehne + Nagel\",\"Lateinamerika Logistik\",\"Latin America logistics\",\"logistics cluster\",\"logistics competitiveness\",\"logistics services\",\"logistics strategy Fran\u00e7ais AD Ports Group\",\"Logistikcluster\",\"Logistikdienstleistungen\",\"Logistikstrategie English AD Ports Group\",\"logistique Afrique\",\"logistique Am\u00e9rique Latine\",\"logistique durable\",\"logistique internationale\",\"logistique Moyen-Orient\",\"logistique multimodale\",\"Luftfracht\",\"M&amp;A in der Logistik\",\"M&amp;A in logistics\",\"Middle East logistics\",\"multimodal freight logistics\",\"multimodale Frachtlogistik\",\"nachhaltige Logistik\",\"Naher Osten Logistik\",\"Noatum Logistics\",\"nominations ex\u00e9cutives\",\"p\u00e9nurie de comp\u00e9tences logistique\",\"sea freight\",\"Seefracht\",\"services logistiques\",\"skills shortage logistics\",\"strat\u00e9gie logistique\",\"sustainable logistics\",\"transformation num\u00e9rique logistique\",\"Wettbewerbsf\u00e4higkeit Logistik\"],\"articleSection\":[\"People &amp; Companies\"],\"inLanguage\":\"en-US\",\"potentialAction\":[{\"@type\":\"CommentAction\",\"name\":\"Comment\",\"target\":[\"https:\\\/\\\/loginfo24.com\\\/en\\\/2026\\\/01\\\/08\\\/ad-ports-group-strengthens-logistics-leadership\\\/#respond\"]}]},{\"@type\":\"WebPage\",\"@id\":\"https:\\\/\\\/loginfo24.com\\\/en\\\/2026\\\/01\\\/08\\\/ad-ports-group-strengthens-logistics-leadership\\\/\",\"url\":\"https:\\\/\\\/loginfo24.com\\\/en\\\/2026\\\/01\\\/08\\\/ad-ports-group-strengthens-logistics-leadership\\\/\",\"name\":\"AD Ports Group strengthens logistics leadership - Loginfo24\",\"isPartOf\":{\"@id\":\"https:\\\/\\\/loginfo24.com\\\/en\\\/#website\"},\"primaryImageOfPage\":{\"@id\":\"https:\\\/\\\/loginfo24.com\\\/en\\\/2026\\\/01\\\/08\\\/ad-ports-group-strengthens-logistics-leadership\\\/#primaryimage\"},\"image\":{\"@id\":\"https:\\\/\\\/loginfo24.com\\\/en\\\/2026\\\/01\\\/08\\\/ad-ports-group-strengthens-logistics-leadership\\\/#primaryimage\"},\"thumbnailUrl\":\"https:\\\/\\\/loginfo24.com\\\/wp-content\\\/uploads\\\/sites\\\/7\\\/2026\\\/01\\\/Noatum-Logistics-aspect-ratio-1400-788.jpg\",\"datePublished\":\"2026-01-08T09:10:02+00:00\",\"breadcrumb\":{\"@id\":\"https:\\\/\\\/loginfo24.com\\\/en\\\/2026\\\/01\\\/08\\\/ad-ports-group-strengthens-logistics-leadership\\\/#breadcrumb\"},\"inLanguage\":\"en-US\",\"potentialAction\":[{\"@type\":\"ReadAction\",\"target\":[\"https:\\\/\\\/loginfo24.com\\\/en\\\/2026\\\/01\\\/08\\\/ad-ports-group-strengthens-logistics-leadership\\\/\"]}]},{\"@type\":\"ImageObject\",\"inLanguage\":\"en-US\",\"@id\":\"https:\\\/\\\/loginfo24.com\\\/en\\\/2026\\\/01\\\/08\\\/ad-ports-group-strengthens-logistics-leadership\\\/#primaryimage\",\"url\":\"https:\\\/\\\/loginfo24.com\\\/wp-content\\\/uploads\\\/sites\\\/7\\\/2026\\\/01\\\/Noatum-Logistics-aspect-ratio-1400-788.jpg\",\"contentUrl\":\"https:\\\/\\\/loginfo24.com\\\/wp-content\\\/uploads\\\/sites\\\/7\\\/2026\\\/01\\\/Noatum-Logistics-aspect-ratio-1400-788.jpg\",\"width\":1600,\"height\":901},{\"@type\":\"BreadcrumbList\",\"@id\":\"https:\\\/\\\/loginfo24.com\\\/en\\\/2026\\\/01\\\/08\\\/ad-ports-group-strengthens-logistics-leadership\\\/#breadcrumb\",\"itemListElement\":[{\"@type\":\"ListItem\",\"position\":1,\"name\":\"Startseite\",\"item\":\"https:\\\/\\\/loginfo24.com\\\/en\\\/\"},{\"@type\":\"ListItem\",\"position\":2,\"name\":\"AD Ports Group strengthens logistics leadership\"}]},{\"@type\":\"WebSite\",\"@id\":\"https:\\\/\\\/loginfo24.com\\\/en\\\/#website\",\"url\":\"https:\\\/\\\/loginfo24.com\\\/en\\\/\",\"name\":\"Loginfo24\",\"description\":\"Loginfo24 is the platform for logistics and supply chains, providing information around the clock.\",\"publisher\":{\"@id\":\"https:\\\/\\\/loginfo24.com\\\/en\\\/#organization\"},\"potentialAction\":[{\"@type\":\"SearchAction\",\"target\":{\"@type\":\"EntryPoint\",\"urlTemplate\":\"https:\\\/\\\/loginfo24.com\\\/en\\\/?s={search_term_string}\"},\"query-input\":{\"@type\":\"PropertyValueSpecification\",\"valueRequired\":true,\"valueName\":\"search_term_string\"}}],\"inLanguage\":\"en-US\"},{\"@type\":\"Organization\",\"@id\":\"https:\\\/\\\/loginfo24.com\\\/en\\\/#organization\",\"name\":\"Logismedia Group AG\",\"url\":\"https:\\\/\\\/loginfo24.com\\\/en\\\/\",\"logo\":{\"@type\":\"ImageObject\",\"inLanguage\":\"en-US\",\"@id\":\"https:\\\/\\\/loginfo24.com\\\/en\\\/#\\\/schema\\\/logo\\\/image\\\/\",\"url\":\"https:\\\/\\\/loginfo24.com\\\/wp-content\\\/uploads\\\/sites\\\/7\\\/2026\\\/01\\\/Logo_LogInfo24.png\",\"contentUrl\":\"https:\\\/\\\/loginfo24.com\\\/wp-content\\\/uploads\\\/sites\\\/7\\\/2026\\\/01\\\/Logo_LogInfo24.png\",\"width\":938,\"height\":351,\"caption\":\"Logismedia Group AG\"},\"image\":{\"@id\":\"https:\\\/\\\/loginfo24.com\\\/en\\\/#\\\/schema\\\/logo\\\/image\\\/\"},\"sameAs\":[\"https:\\\/\\\/www.facebook.com\\\/people\\\/Loginfo24\\\/100057360583332\\\/\",\"https:\\\/\\\/www.linkedin.com\\\/company\\\/lofinfo24\\\/\"]},{\"@type\":\"Person\",\"@id\":\"https:\\\/\\\/loginfo24.com\\\/en\\\/#\\\/schema\\\/person\\\/cf538b3157f15afd7589245a4b3dbd25\",\"name\":\"Andreas Haug\",\"url\":\"https:\\\/\\\/loginfo24.com\\\/en\\\/author\\\/andreas\\\/\"}]}<\/script>\n<!-- \/ Yoast SEO plugin. -->","yoast_head_json":{"title":"AD Ports Group strengthens logistics leadership - Loginfo24","robots":{"index":"index","follow":"follow","max-snippet":"max-snippet:-1","max-image-preview":"max-image-preview:large","max-video-preview":"max-video-preview:-1"},"canonical":"https:\/\/loginfo24.com\/en\/2026\/01\/08\/ad-ports-group-strengthens-logistics-leadership\/","og_locale":"en_US","og_type":"article","og_title":"AD Ports Group strengthens logistics leadership - Loginfo24","og_description":"AD Ports Group has strengthened its leadership structure in the logistics sector by appointing several experienced executives to promote global growth and operational excellence.","og_url":"https:\/\/loginfo24.com\/en\/2026\/01\/08\/ad-ports-group-strengthens-logistics-leadership\/","og_site_name":"Loginfo24","article_publisher":"https:\/\/www.facebook.com\/people\/Loginfo24\/100057360583332\/","article_published_time":"2026-01-08T09:10:02+00:00","og_image":[{"width":1600,"height":901,"url":"https:\/\/loginfo24.com\/wp-content\/uploads\/sites\/7\/2026\/01\/Noatum-Logistics-aspect-ratio-1400-788.jpg","type":"image\/jpeg"}],"author":"Andreas Haug","twitter_card":"summary_large_image","twitter_misc":{"Written by":"Andreas Haug","Est. reading time":"2 minutes"},"schema":{"@context":"https:\/\/schema.org","@graph":[{"@type":"Article","@id":"https:\/\/loginfo24.com\/en\/2026\/01\/08\/ad-ports-group-strengthens-logistics-leadership\/#article","isPartOf":{"@id":"https:\/\/loginfo24.com\/en\/2026\/01\/08\/ad-ports-group-strengthens-logistics-leadership\/"},"author":{"name":"Andreas Haug","@id":"https:\/\/loginfo24.com\/en\/#\/schema\/person\/cf538b3157f15afd7589245a4b3dbd25"},"headline":"AD Ports Group strengthens logistics leadership","datePublished":"2026-01-08T09:10:02+00:00","mainEntityOfPage":{"@id":"https:\/\/loginfo24.com\/en\/2026\/01\/08\/ad-ports-group-strengthens-logistics-leadership\/"},"wordCount":437,"commentCount":0,"publisher":{"@id":"https:\/\/loginfo24.com\/en\/#organization"},"image":{"@id":"https:\/\/loginfo24.com\/en\/2026\/01\/08\/ad-ports-group-strengthens-logistics-leadership\/#primaryimage"},"thumbnailUrl":"https:\/\/loginfo24.com\/wp-content\/uploads\/sites\/7\/2026\/01\/Noatum-Logistics-aspect-ratio-1400-788.jpg","keywords":["Africa logistics","Afrika Logistik","air freight","cluster logistique","comp\u00e9titivit\u00e9 logistique","DB Schenker","Deutsch AD Ports Group","digital transformation logistics","digitale Transformation Logistik","executive appointments","Fachkr\u00e4ftemangel Logistik","fret a\u00e9rien","fret maritime","F\u00fchrungskr\u00e4fte Ernennungen","fusions et acquisitions logistique","international logistics","internationale Logistik","Kuehne + Nagel","Lateinamerika Logistik","Latin America logistics","logistics cluster","logistics competitiveness","logistics services","logistics strategy Fran\u00e7ais AD Ports Group","Logistikcluster","Logistikdienstleistungen","Logistikstrategie English AD Ports Group","logistique Afrique","logistique Am\u00e9rique Latine","logistique durable","logistique internationale","logistique Moyen-Orient","logistique multimodale","Luftfracht","M&amp;A in der Logistik","M&amp;A in logistics","Middle East logistics","multimodal freight logistics","multimodale Frachtlogistik","nachhaltige Logistik","Naher Osten Logistik","Noatum Logistics","nominations ex\u00e9cutives","p\u00e9nurie de comp\u00e9tences logistique","sea freight","Seefracht","services logistiques","skills shortage logistics","strat\u00e9gie logistique","sustainable logistics","transformation num\u00e9rique logistique","Wettbewerbsf\u00e4higkeit Logistik"],"articleSection":["People &amp; Companies"],"inLanguage":"en-US","potentialAction":[{"@type":"CommentAction","name":"Comment","target":["https:\/\/loginfo24.com\/en\/2026\/01\/08\/ad-ports-group-strengthens-logistics-leadership\/#respond"]}]},{"@type":"WebPage","@id":"https:\/\/loginfo24.com\/en\/2026\/01\/08\/ad-ports-group-strengthens-logistics-leadership\/","url":"https:\/\/loginfo24.com\/en\/2026\/01\/08\/ad-ports-group-strengthens-logistics-leadership\/","name":"AD Ports Group strengthens logistics leadership - Loginfo24","isPartOf":{"@id":"https:\/\/loginfo24.com\/en\/#website"},"primaryImageOfPage":{"@id":"https:\/\/loginfo24.com\/en\/2026\/01\/08\/ad-ports-group-strengthens-logistics-leadership\/#primaryimage"},"image":{"@id":"https:\/\/loginfo24.com\/en\/2026\/01\/08\/ad-ports-group-strengthens-logistics-leadership\/#primaryimage"},"thumbnailUrl":"https:\/\/loginfo24.com\/wp-content\/uploads\/sites\/7\/2026\/01\/Noatum-Logistics-aspect-ratio-1400-788.jpg","datePublished":"2026-01-08T09:10:02+00:00","breadcrumb":{"@id":"https:\/\/loginfo24.com\/en\/2026\/01\/08\/ad-ports-group-strengthens-logistics-leadership\/#breadcrumb"},"inLanguage":"en-US","potentialAction":[{"@type":"ReadAction","target":["https:\/\/loginfo24.com\/en\/2026\/01\/08\/ad-ports-group-strengthens-logistics-leadership\/"]}]},{"@type":"ImageObject","inLanguage":"en-US","@id":"https:\/\/loginfo24.com\/en\/2026\/01\/08\/ad-ports-group-strengthens-logistics-leadership\/#primaryimage","url":"https:\/\/loginfo24.com\/wp-content\/uploads\/sites\/7\/2026\/01\/Noatum-Logistics-aspect-ratio-1400-788.jpg","contentUrl":"https:\/\/loginfo24.com\/wp-content\/uploads\/sites\/7\/2026\/01\/Noatum-Logistics-aspect-ratio-1400-788.jpg","width":1600,"height":901},{"@type":"BreadcrumbList","@id":"https:\/\/loginfo24.com\/en\/2026\/01\/08\/ad-ports-group-strengthens-logistics-leadership\/#breadcrumb","itemListElement":[{"@type":"ListItem","position":1,"name":"Startseite","item":"https:\/\/loginfo24.com\/en\/"},{"@type":"ListItem","position":2,"name":"AD Ports Group strengthens logistics leadership"}]},{"@type":"WebSite","@id":"https:\/\/loginfo24.com\/en\/#website","url":"https:\/\/loginfo24.com\/en\/","name":"Loginfo24","description":"Loginfo24 is the platform for logistics and supply chains, providing information around the clock.","publisher":{"@id":"https:\/\/loginfo24.com\/en\/#organization"},"potentialAction":[{"@type":"SearchAction","target":{"@type":"EntryPoint","urlTemplate":"https:\/\/loginfo24.com\/en\/?s={search_term_string}"},"query-input":{"@type":"PropertyValueSpecification","valueRequired":true,"valueName":"search_term_string"}}],"inLanguage":"en-US"},{"@type":"Organization","@id":"https:\/\/loginfo24.com\/en\/#organization","name":"Logismedia Group AG","url":"https:\/\/loginfo24.com\/en\/","logo":{"@type":"ImageObject","inLanguage":"en-US","@id":"https:\/\/loginfo24.com\/en\/#\/schema\/logo\/image\/","url":"https:\/\/loginfo24.com\/wp-content\/uploads\/sites\/7\/2026\/01\/Logo_LogInfo24.png","contentUrl":"https:\/\/loginfo24.com\/wp-content\/uploads\/sites\/7\/2026\/01\/Logo_LogInfo24.png","width":938,"height":351,"caption":"Logismedia Group AG"},"image":{"@id":"https:\/\/loginfo24.com\/en\/#\/schema\/logo\/image\/"},"sameAs":["https:\/\/www.facebook.com\/people\/Loginfo24\/100057360583332\/","https:\/\/www.linkedin.com\/company\/lofinfo24\/"]},{"@type":"Person","@id":"https:\/\/loginfo24.com\/en\/#\/schema\/person\/cf538b3157f15afd7589245a4b3dbd25","name":"Andreas Haug","url":"https:\/\/loginfo24.com\/en\/author\/andreas\/"}]}},"_links":{"self":[{"href":"https:\/\/loginfo24.com\/en\/wp-json\/wp\/v2\/posts\/72240","targetHints":{"allow":["GET"]}}],"collection":[{"href":"https:\/\/loginfo24.com\/en\/wp-json\/wp\/v2\/posts"}],"about":[{"href":"https:\/\/loginfo24.com\/en\/wp-json\/wp\/v2\/types\/post"}],"author":[{"embeddable":true,"href":"https:\/\/loginfo24.com\/en\/wp-json\/wp\/v2\/users\/12"}],"replies":[{"embeddable":true,"href":"https:\/\/loginfo24.com\/en\/wp-json\/wp\/v2\/comments?post=72240"}],"version-history":[{"count":0,"href":"https:\/\/loginfo24.com\/en\/wp-json\/wp\/v2\/posts\/72240\/revisions"}],"wp:featuredmedia":[{"embeddable":true,"href":"https:\/\/loginfo24.com\/en\/wp-json\/wp\/v2\/media\/72241"}],"wp:attachment":[{"href":"https:\/\/loginfo24.com\/en\/wp-json\/wp\/v2\/media?parent=72240"}],"wp:term":[{"taxonomy":"category","embeddable":true,"href":"https:\/\/loginfo24.com\/en\/wp-json\/wp\/v2\/categories?post=72240"},{"taxonomy":"post_tag","embeddable":true,"href":"https:\/\/loginfo24.com\/en\/wp-json\/wp\/v2\/tags?post=72240"}],"curies":[{"name":"wp","href":"https:\/\/api.w.org\/{rel}","templated":true}]}}