{"id":70365,"date":"2025-09-04T16:31:05","date_gmt":"2025-09-04T14:31:05","guid":{"rendered":"https:\/\/blog.brand-architecture.at\/2025\/09\/04\/two-new-executive-board-members-at-kuhnenagel\/"},"modified":"2025-09-04T16:31:05","modified_gmt":"2025-09-04T14:31:05","slug":"two-new-executive-board-members-at-kuhnenagel","status":"publish","type":"post","link":"https:\/\/loginfo24.com\/en\/2025\/09\/04\/two-new-executive-board-members-at-kuhnenagel\/","title":{"rendered":"Two New Executive Board Members at K\u00fchne+Nagel"},"content":{"rendered":"<h5>The Board of Directors of K\u00fchne+Nagel International AG appoints two new members to the Executive Board. Eduardo Razuck will take over the management of the Contract Logistics division from Gianfranco Sgro on October 1, 2025. Additionally, S\u00f8ren Schmidt will succeed Dr. Hansj\u00f6rg Rodi and will be responsible for the Land Transport division starting May 1, 2026.<\/h5>\n<p>(Schindellegi) With S\u00f8ren Schmidt (Danish citizen, born in 1972), K\u00fchne+Nagel gains a recognized expert for the management of global land transport activities. After three decades of successful work at DSV A\/S, including about ten years as CEO of the Land Transport division, Schmidt is one of the most prominent leaders in this field worldwide. Dr. Hansj\u00f6rg Rodi has decided to retire in the summer of 2026 as part of his personal planning.<\/p>\n<p>Eduardo Razuck (Italian and Brazilian citizen, born in 1979) has many years of international leadership experience. He has been with K\u00fchne+Nagel in various executive positions since 2003. In the past three years, he was responsible for the contract logistics business in North and South America and was a member of the global leadership team of Contract Logistics. This will ensure continuity in the management of the division. Previously, Eduardo Razuck led the Brazilian subsidiary from 2015 to 2022. Gianfranco Sgro has decided to take on a new professional challenge as CEO of a company in the mobility sector after more than a decade at K\u00fchne+Nagel.<\/p>\n<h5>Comprehensive Expertise and Many Years of Experience<\/h5>\n<p>Dr. J\u00f6rg Wolle, Chairman of the Board of Directors of K\u00fchne+Nagel International AG: &#8220;With the appointment of S\u00f8ren Schmidt, K\u00fchne+Nagel gains an outstanding personality in the logistics industry. At the same time, the appointment of Eduardo Razuck represents the successful development of convincing leaders within K\u00fchne+Nagel. S\u00f8ren Schmidt and Eduardo Razuck bring comprehensive expertise and many years of experience to the Executive Board of K\u00fchne+Nagel. We are confident that they will continue to drive the positive development of the company. Today, on behalf of the Board of Directors, I would like to express my heartfelt thanks to Dr. Hansj\u00f6rg Rodi and Gianfranco Sgro for their many years of successful work on the Executive Board of K\u00fchne+Nagel.&#8221;<\/p>\n<p>Photo: \u00a9 K\u00fchne + Nagel<\/p>\n","protected":false},"excerpt":{"rendered":"<p>The Board of Directors of K\u00fchne+Nagel International AG appoints two new members to the Executive Board. Eduardo Razuck will take over the management of the Contract<span class=\"excerpt-hellip\"> [\u2026]<\/span><\/p>\n","protected":false},"author":0,"featured_media":4530,"comment_status":"open","ping_status":"open","sticky":false,"template":"","format":"standard","meta":{"_acf_changed":false,"footnotes":""},"categories":[1557,1561],"tags":[],"class_list":["post-70365","post","type-post","status-publish","format-standard","has-post-thumbnail","hentry","category-forwarding-logistics","category-regions"],"acf":[],"yoast_head":"<!-- This site is optimized with the Yoast SEO plugin v27.3 - https:\/\/yoast.com\/product\/yoast-seo-wordpress\/ -->\n<title>Two New Executive Board Members at K\u00fchne+Nagel - Loginfo24<\/title>\n<meta name=\"robots\" content=\"index, follow, max-snippet:-1, max-image-preview:large, max-video-preview:-1\" \/>\n<link rel=\"canonical\" href=\"https:\/\/loginfo24.com\/en\/2025\/09\/04\/two-new-executive-board-members-at-kuhnenagel\/\" \/>\n<meta property=\"og:locale\" content=\"en_US\" \/>\n<meta property=\"og:type\" content=\"article\" \/>\n<meta property=\"og:title\" content=\"Two New Executive Board Members at K\u00fchne+Nagel - Loginfo24\" \/>\n<meta property=\"og:description\" content=\"The Board of Directors of K\u00fchne+Nagel International AG appoints two new members to the Executive Board. Eduardo Razuck will take over the management of the Contract [\u2026]\" \/>\n<meta property=\"og:url\" content=\"https:\/\/loginfo24.com\/en\/2025\/09\/04\/two-new-executive-board-members-at-kuhnenagel\/\" \/>\n<meta property=\"og:site_name\" content=\"Loginfo24\" \/>\n<meta property=\"article:publisher\" content=\"https:\/\/www.facebook.com\/people\/Loginfo24\/100057360583332\/\" \/>\n<meta property=\"article:published_time\" content=\"2025-09-04T14:31:05+00:00\" \/>\n<meta property=\"og:image\" content=\"https:\/\/loginfo24.com\/wp-content\/uploads\/sites\/7\/2025\/12\/KN_4.9.25_2.jpg\" \/>\n\t<meta property=\"og:image:width\" content=\"1283\" \/>\n\t<meta property=\"og:image:height\" content=\"721\" \/>\n\t<meta property=\"og:image:type\" content=\"image\/jpeg\" \/>\n<meta name=\"twitter:card\" content=\"summary_large_image\" \/>\n<meta name=\"twitter:label1\" content=\"Est. reading time\" \/>\n\t<meta name=\"twitter:data1\" content=\"2 minutes\" \/>\n<script type=\"application\/ld+json\" class=\"yoast-schema-graph\">{\"@context\":\"https:\\\/\\\/schema.org\",\"@graph\":[{\"@type\":\"Article\",\"@id\":\"https:\\\/\\\/loginfo24.com\\\/en\\\/2025\\\/09\\\/04\\\/two-new-executive-board-members-at-kuhnenagel\\\/#article\",\"isPartOf\":{\"@id\":\"https:\\\/\\\/loginfo24.com\\\/en\\\/2025\\\/09\\\/04\\\/two-new-executive-board-members-at-kuhnenagel\\\/\"},\"author\":{\"name\":\"\",\"@id\":\"\"},\"headline\":\"Two New Executive Board Members at K\u00fchne+Nagel\",\"datePublished\":\"2025-09-04T14:31:05+00:00\",\"mainEntityOfPage\":{\"@id\":\"https:\\\/\\\/loginfo24.com\\\/en\\\/2025\\\/09\\\/04\\\/two-new-executive-board-members-at-kuhnenagel\\\/\"},\"wordCount\":386,\"commentCount\":0,\"publisher\":{\"@id\":\"https:\\\/\\\/loginfo24.com\\\/en\\\/#organization\"},\"image\":{\"@id\":\"https:\\\/\\\/loginfo24.com\\\/en\\\/2025\\\/09\\\/04\\\/two-new-executive-board-members-at-kuhnenagel\\\/#primaryimage\"},\"thumbnailUrl\":\"https:\\\/\\\/loginfo24.com\\\/wp-content\\\/uploads\\\/sites\\\/7\\\/2025\\\/12\\\/KN_4.9.25_2.jpg\",\"articleSection\":[\"Forwarding &amp; Logistics\",\"Regions\"],\"inLanguage\":\"en-US\",\"potentialAction\":[{\"@type\":\"CommentAction\",\"name\":\"Comment\",\"target\":[\"https:\\\/\\\/loginfo24.com\\\/en\\\/2025\\\/09\\\/04\\\/two-new-executive-board-members-at-kuhnenagel\\\/#respond\"]}]},{\"@type\":\"WebPage\",\"@id\":\"https:\\\/\\\/loginfo24.com\\\/en\\\/2025\\\/09\\\/04\\\/two-new-executive-board-members-at-kuhnenagel\\\/\",\"url\":\"https:\\\/\\\/loginfo24.com\\\/en\\\/2025\\\/09\\\/04\\\/two-new-executive-board-members-at-kuhnenagel\\\/\",\"name\":\"Two New Executive Board Members at K\u00fchne+Nagel - Loginfo24\",\"isPartOf\":{\"@id\":\"https:\\\/\\\/loginfo24.com\\\/en\\\/#website\"},\"primaryImageOfPage\":{\"@id\":\"https:\\\/\\\/loginfo24.com\\\/en\\\/2025\\\/09\\\/04\\\/two-new-executive-board-members-at-kuhnenagel\\\/#primaryimage\"},\"image\":{\"@id\":\"https:\\\/\\\/loginfo24.com\\\/en\\\/2025\\\/09\\\/04\\\/two-new-executive-board-members-at-kuhnenagel\\\/#primaryimage\"},\"thumbnailUrl\":\"https:\\\/\\\/loginfo24.com\\\/wp-content\\\/uploads\\\/sites\\\/7\\\/2025\\\/12\\\/KN_4.9.25_2.jpg\",\"datePublished\":\"2025-09-04T14:31:05+00:00\",\"breadcrumb\":{\"@id\":\"https:\\\/\\\/loginfo24.com\\\/en\\\/2025\\\/09\\\/04\\\/two-new-executive-board-members-at-kuhnenagel\\\/#breadcrumb\"},\"inLanguage\":\"en-US\",\"potentialAction\":[{\"@type\":\"ReadAction\",\"target\":[\"https:\\\/\\\/loginfo24.com\\\/en\\\/2025\\\/09\\\/04\\\/two-new-executive-board-members-at-kuhnenagel\\\/\"]}]},{\"@type\":\"ImageObject\",\"inLanguage\":\"en-US\",\"@id\":\"https:\\\/\\\/loginfo24.com\\\/en\\\/2025\\\/09\\\/04\\\/two-new-executive-board-members-at-kuhnenagel\\\/#primaryimage\",\"url\":\"https:\\\/\\\/loginfo24.com\\\/wp-content\\\/uploads\\\/sites\\\/7\\\/2025\\\/12\\\/KN_4.9.25_2.jpg\",\"contentUrl\":\"https:\\\/\\\/loginfo24.com\\\/wp-content\\\/uploads\\\/sites\\\/7\\\/2025\\\/12\\\/KN_4.9.25_2.jpg\",\"width\":1283,\"height\":721},{\"@type\":\"BreadcrumbList\",\"@id\":\"https:\\\/\\\/loginfo24.com\\\/en\\\/2025\\\/09\\\/04\\\/two-new-executive-board-members-at-kuhnenagel\\\/#breadcrumb\",\"itemListElement\":[{\"@type\":\"ListItem\",\"position\":1,\"name\":\"Startseite\",\"item\":\"https:\\\/\\\/loginfo24.com\\\/en\\\/\"},{\"@type\":\"ListItem\",\"position\":2,\"name\":\"Two New Executive Board Members at K\u00fchne+Nagel\"}]},{\"@type\":\"WebSite\",\"@id\":\"https:\\\/\\\/loginfo24.com\\\/en\\\/#website\",\"url\":\"https:\\\/\\\/loginfo24.com\\\/en\\\/\",\"name\":\"Loginfo24\",\"description\":\"Loginfo24 is the platform for logistics and supply chains, providing information around the clock.\",\"publisher\":{\"@id\":\"https:\\\/\\\/loginfo24.com\\\/en\\\/#organization\"},\"potentialAction\":[{\"@type\":\"SearchAction\",\"target\":{\"@type\":\"EntryPoint\",\"urlTemplate\":\"https:\\\/\\\/loginfo24.com\\\/en\\\/?s={search_term_string}\"},\"query-input\":{\"@type\":\"PropertyValueSpecification\",\"valueRequired\":true,\"valueName\":\"search_term_string\"}}],\"inLanguage\":\"en-US\"},{\"@type\":\"Organization\",\"@id\":\"https:\\\/\\\/loginfo24.com\\\/en\\\/#organization\",\"name\":\"Logismedia Group AG\",\"url\":\"https:\\\/\\\/loginfo24.com\\\/en\\\/\",\"logo\":{\"@type\":\"ImageObject\",\"inLanguage\":\"en-US\",\"@id\":\"https:\\\/\\\/loginfo24.com\\\/en\\\/#\\\/schema\\\/logo\\\/image\\\/\",\"url\":\"https:\\\/\\\/loginfo24.com\\\/wp-content\\\/uploads\\\/sites\\\/7\\\/2026\\\/01\\\/Logo_LogInfo24.png\",\"contentUrl\":\"https:\\\/\\\/loginfo24.com\\\/wp-content\\\/uploads\\\/sites\\\/7\\\/2026\\\/01\\\/Logo_LogInfo24.png\",\"width\":938,\"height\":351,\"caption\":\"Logismedia Group AG\"},\"image\":{\"@id\":\"https:\\\/\\\/loginfo24.com\\\/en\\\/#\\\/schema\\\/logo\\\/image\\\/\"},\"sameAs\":[\"https:\\\/\\\/www.facebook.com\\\/people\\\/Loginfo24\\\/100057360583332\\\/\",\"https:\\\/\\\/www.linkedin.com\\\/company\\\/lofinfo24\\\/\"]}]}<\/script>\n<!-- \/ Yoast SEO plugin. -->","yoast_head_json":{"title":"Two New Executive Board Members at K\u00fchne+Nagel - Loginfo24","robots":{"index":"index","follow":"follow","max-snippet":"max-snippet:-1","max-image-preview":"max-image-preview:large","max-video-preview":"max-video-preview:-1"},"canonical":"https:\/\/loginfo24.com\/en\/2025\/09\/04\/two-new-executive-board-members-at-kuhnenagel\/","og_locale":"en_US","og_type":"article","og_title":"Two New Executive Board Members at K\u00fchne+Nagel - Loginfo24","og_description":"The Board of Directors of K\u00fchne+Nagel International AG appoints two new members to the Executive Board. Eduardo Razuck will take over the management of the Contract [\u2026]","og_url":"https:\/\/loginfo24.com\/en\/2025\/09\/04\/two-new-executive-board-members-at-kuhnenagel\/","og_site_name":"Loginfo24","article_publisher":"https:\/\/www.facebook.com\/people\/Loginfo24\/100057360583332\/","article_published_time":"2025-09-04T14:31:05+00:00","og_image":[{"width":1283,"height":721,"url":"https:\/\/loginfo24.com\/wp-content\/uploads\/sites\/7\/2025\/12\/KN_4.9.25_2.jpg","type":"image\/jpeg"}],"twitter_card":"summary_large_image","twitter_misc":{"Est. reading time":"2 minutes"},"schema":{"@context":"https:\/\/schema.org","@graph":[{"@type":"Article","@id":"https:\/\/loginfo24.com\/en\/2025\/09\/04\/two-new-executive-board-members-at-kuhnenagel\/#article","isPartOf":{"@id":"https:\/\/loginfo24.com\/en\/2025\/09\/04\/two-new-executive-board-members-at-kuhnenagel\/"},"author":{"name":"","@id":""},"headline":"Two New Executive Board Members at K\u00fchne+Nagel","datePublished":"2025-09-04T14:31:05+00:00","mainEntityOfPage":{"@id":"https:\/\/loginfo24.com\/en\/2025\/09\/04\/two-new-executive-board-members-at-kuhnenagel\/"},"wordCount":386,"commentCount":0,"publisher":{"@id":"https:\/\/loginfo24.com\/en\/#organization"},"image":{"@id":"https:\/\/loginfo24.com\/en\/2025\/09\/04\/two-new-executive-board-members-at-kuhnenagel\/#primaryimage"},"thumbnailUrl":"https:\/\/loginfo24.com\/wp-content\/uploads\/sites\/7\/2025\/12\/KN_4.9.25_2.jpg","articleSection":["Forwarding &amp; Logistics","Regions"],"inLanguage":"en-US","potentialAction":[{"@type":"CommentAction","name":"Comment","target":["https:\/\/loginfo24.com\/en\/2025\/09\/04\/two-new-executive-board-members-at-kuhnenagel\/#respond"]}]},{"@type":"WebPage","@id":"https:\/\/loginfo24.com\/en\/2025\/09\/04\/two-new-executive-board-members-at-kuhnenagel\/","url":"https:\/\/loginfo24.com\/en\/2025\/09\/04\/two-new-executive-board-members-at-kuhnenagel\/","name":"Two New Executive Board Members at K\u00fchne+Nagel - Loginfo24","isPartOf":{"@id":"https:\/\/loginfo24.com\/en\/#website"},"primaryImageOfPage":{"@id":"https:\/\/loginfo24.com\/en\/2025\/09\/04\/two-new-executive-board-members-at-kuhnenagel\/#primaryimage"},"image":{"@id":"https:\/\/loginfo24.com\/en\/2025\/09\/04\/two-new-executive-board-members-at-kuhnenagel\/#primaryimage"},"thumbnailUrl":"https:\/\/loginfo24.com\/wp-content\/uploads\/sites\/7\/2025\/12\/KN_4.9.25_2.jpg","datePublished":"2025-09-04T14:31:05+00:00","breadcrumb":{"@id":"https:\/\/loginfo24.com\/en\/2025\/09\/04\/two-new-executive-board-members-at-kuhnenagel\/#breadcrumb"},"inLanguage":"en-US","potentialAction":[{"@type":"ReadAction","target":["https:\/\/loginfo24.com\/en\/2025\/09\/04\/two-new-executive-board-members-at-kuhnenagel\/"]}]},{"@type":"ImageObject","inLanguage":"en-US","@id":"https:\/\/loginfo24.com\/en\/2025\/09\/04\/two-new-executive-board-members-at-kuhnenagel\/#primaryimage","url":"https:\/\/loginfo24.com\/wp-content\/uploads\/sites\/7\/2025\/12\/KN_4.9.25_2.jpg","contentUrl":"https:\/\/loginfo24.com\/wp-content\/uploads\/sites\/7\/2025\/12\/KN_4.9.25_2.jpg","width":1283,"height":721},{"@type":"BreadcrumbList","@id":"https:\/\/loginfo24.com\/en\/2025\/09\/04\/two-new-executive-board-members-at-kuhnenagel\/#breadcrumb","itemListElement":[{"@type":"ListItem","position":1,"name":"Startseite","item":"https:\/\/loginfo24.com\/en\/"},{"@type":"ListItem","position":2,"name":"Two New Executive Board Members at K\u00fchne+Nagel"}]},{"@type":"WebSite","@id":"https:\/\/loginfo24.com\/en\/#website","url":"https:\/\/loginfo24.com\/en\/","name":"Loginfo24","description":"Loginfo24 is the platform for logistics and supply chains, providing information around the clock.","publisher":{"@id":"https:\/\/loginfo24.com\/en\/#organization"},"potentialAction":[{"@type":"SearchAction","target":{"@type":"EntryPoint","urlTemplate":"https:\/\/loginfo24.com\/en\/?s={search_term_string}"},"query-input":{"@type":"PropertyValueSpecification","valueRequired":true,"valueName":"search_term_string"}}],"inLanguage":"en-US"},{"@type":"Organization","@id":"https:\/\/loginfo24.com\/en\/#organization","name":"Logismedia Group AG","url":"https:\/\/loginfo24.com\/en\/","logo":{"@type":"ImageObject","inLanguage":"en-US","@id":"https:\/\/loginfo24.com\/en\/#\/schema\/logo\/image\/","url":"https:\/\/loginfo24.com\/wp-content\/uploads\/sites\/7\/2026\/01\/Logo_LogInfo24.png","contentUrl":"https:\/\/loginfo24.com\/wp-content\/uploads\/sites\/7\/2026\/01\/Logo_LogInfo24.png","width":938,"height":351,"caption":"Logismedia Group AG"},"image":{"@id":"https:\/\/loginfo24.com\/en\/#\/schema\/logo\/image\/"},"sameAs":["https:\/\/www.facebook.com\/people\/Loginfo24\/100057360583332\/","https:\/\/www.linkedin.com\/company\/lofinfo24\/"]}]}},"_links":{"self":[{"href":"https:\/\/loginfo24.com\/en\/wp-json\/wp\/v2\/posts\/70365","targetHints":{"allow":["GET"]}}],"collection":[{"href":"https:\/\/loginfo24.com\/en\/wp-json\/wp\/v2\/posts"}],"about":[{"href":"https:\/\/loginfo24.com\/en\/wp-json\/wp\/v2\/types\/post"}],"replies":[{"embeddable":true,"href":"https:\/\/loginfo24.com\/en\/wp-json\/wp\/v2\/comments?post=70365"}],"version-history":[{"count":0,"href":"https:\/\/loginfo24.com\/en\/wp-json\/wp\/v2\/posts\/70365\/revisions"}],"wp:featuredmedia":[{"embeddable":true,"href":"https:\/\/loginfo24.com\/en\/wp-json\/wp\/v2\/media\/4530"}],"wp:attachment":[{"href":"https:\/\/loginfo24.com\/en\/wp-json\/wp\/v2\/media?parent=70365"}],"wp:term":[{"taxonomy":"category","embeddable":true,"href":"https:\/\/loginfo24.com\/en\/wp-json\/wp\/v2\/categories?post=70365"},{"taxonomy":"post_tag","embeddable":true,"href":"https:\/\/loginfo24.com\/en\/wp-json\/wp\/v2\/tags?post=70365"}],"curies":[{"name":"wp","href":"https:\/\/api.w.org\/{rel}","templated":true}]}}