{"id":68373,"date":"2025-12-19T10:35:35","date_gmt":"2025-12-19T10:35:35","guid":{"rendered":"https:\/\/blog.brand-architecture.at\/2025\/12\/19\/jan-willem-venhuizen-appointed-managing-director\/"},"modified":"2025-12-29T14:19:55","modified_gmt":"2025-12-29T13:19:55","slug":"jan-willem-venhuizen-appointed-managing-director","status":"publish","type":"post","link":"https:\/\/loginfo24.com\/en\/2025\/12\/19\/jan-willem-venhuizen-appointed-managing-director\/","title":{"rendered":"Jan-Willem Venhuizen appointed Managing Director"},"content":{"rendered":"<p>At the turn of the year, Jan-Willem Venhuizen will take over the management of Oudkerk B.V. in Rotterdam. The 48-year-old has been serving as the deputy managing director of the company, which is part of the HGK Group, since 2019. Together with Huib ten Cate, the spokesperson for the management, Venhuizen will now lead the logistics service provider.<\/p>\n<h2>Realignment of Corporate Management<\/h2>\n<p>With the appointment of Venhuizen as managing director, Oudkerk B.V. is undergoing a comprehensive realignment in its corporate management. At the same time, the company bids farewell to Kees Potters, who has served as managing director for many years and is now retiring. Markus Kr\u00e4mer, CEO of HGK Logistics and Intermodal GmbH, the shareholder of Oudkerk B.V., expressed positive sentiments about the succession plan: \u201cI am very pleased that we have found such a viable solution. Jan-Willem Venhuizen is a recognized expert in the market and a valued partner for our customers.\u201d<\/p>\n<p>Oudkerk B.V. has been active in the ports of the Netherlands and Belgium for over 60 years and has established itself as a long-term partner of the offshore industry. The company plays an important role in the realization of wind farms in the North Sea, contributing to the achievement of European climate goals. Venhuizen&#8217;s expertise and experience are expected to further strengthen Oudkerk B.V.&#8217;s position in this important sector.<\/p>\n","protected":false},"excerpt":{"rendered":"<p>Jan-Willem Venhuizen will become the managing director of Oudkerk B.V. at the turn of the year and will jointly lead the logistics service provider with Huib ten Cate.<\/p>\n","protected":false},"author":10,"featured_media":68374,"comment_status":"open","ping_status":"open","sticky":false,"template":"","format":"standard","meta":{"_acf_changed":false,"footnotes":""},"categories":[1555],"tags":[1874,1875,1876,1877,1878,1879,1880,1881,1882,1883,1884,1885],"class_list":["post-68373","post","type-post","status-publish","format-standard","has-post-thumbnail","hentry","category-people-companies","tag-1-deutsch-jan-willem-venhuizen","tag-europaeische-klimaziele","tag-geschaeftsfuehrung","tag-hgk-gruppe","tag-logistik-dienstleister","tag-marktkenner","tag-nachfolgeregelung","tag-neuausrichtung-unternehmensfuehrung","tag-offshore-industrie","tag-oudkerk-b-v","tag-rotterdam-hafen","tag-windparks-nordsee"],"acf":[],"yoast_head":"<!-- This site is optimized with the Yoast SEO plugin v27.3 - https:\/\/yoast.com\/product\/yoast-seo-wordpress\/ -->\n<title>Jan-Willem Venhuizen appointed Managing Director - Loginfo24<\/title>\n<meta name=\"robots\" content=\"index, follow, max-snippet:-1, max-image-preview:large, max-video-preview:-1\" \/>\n<link rel=\"canonical\" href=\"https:\/\/loginfo24.com\/en\/2025\/12\/19\/jan-willem-venhuizen-appointed-managing-director\/\" \/>\n<meta property=\"og:locale\" content=\"en_US\" \/>\n<meta property=\"og:type\" content=\"article\" \/>\n<meta property=\"og:title\" content=\"Jan-Willem Venhuizen appointed Managing Director - Loginfo24\" \/>\n<meta property=\"og:description\" content=\"Jan-Willem Venhuizen will become the managing director of Oudkerk B.V. at the turn of the year and will jointly lead the logistics service provider with Huib ten Cate.\" \/>\n<meta property=\"og:url\" content=\"https:\/\/loginfo24.com\/en\/2025\/12\/19\/jan-willem-venhuizen-appointed-managing-director\/\" \/>\n<meta property=\"og:site_name\" content=\"Loginfo24\" \/>\n<meta property=\"article:publisher\" content=\"https:\/\/www.facebook.com\/people\/Loginfo24\/100057360583332\/\" \/>\n<meta property=\"article:published_time\" content=\"2025-12-19T10:35:35+00:00\" \/>\n<meta property=\"article:modified_time\" content=\"2025-12-29T13:19:55+00:00\" \/>\n<meta property=\"og:image\" content=\"https:\/\/loginfo24.com\/wp-content\/uploads\/sites\/7\/2025\/12\/Jan-Willem-Venhuizen-aspect-ratio-1400-788.jpg\" \/>\n\t<meta property=\"og:image:width\" content=\"1920\" \/>\n\t<meta property=\"og:image:height\" content=\"1081\" \/>\n\t<meta property=\"og:image:type\" content=\"image\/jpeg\" \/>\n<meta name=\"author\" content=\"Jeremy Soland\" \/>\n<meta name=\"twitter:card\" content=\"summary_large_image\" \/>\n<meta name=\"twitter:label1\" content=\"Written by\" \/>\n\t<meta name=\"twitter:data1\" content=\"Jeremy Soland\" \/>\n\t<meta name=\"twitter:label2\" content=\"Est. reading time\" \/>\n\t<meta name=\"twitter:data2\" content=\"1 minute\" \/>\n<script type=\"application\/ld+json\" class=\"yoast-schema-graph\">{\"@context\":\"https:\\\/\\\/schema.org\",\"@graph\":[{\"@type\":\"Article\",\"@id\":\"https:\\\/\\\/loginfo24.com\\\/en\\\/2025\\\/12\\\/19\\\/jan-willem-venhuizen-appointed-managing-director\\\/#article\",\"isPartOf\":{\"@id\":\"https:\\\/\\\/loginfo24.com\\\/en\\\/2025\\\/12\\\/19\\\/jan-willem-venhuizen-appointed-managing-director\\\/\"},\"author\":{\"name\":\"Jeremy Soland\",\"@id\":\"https:\\\/\\\/loginfo24.com\\\/en\\\/#\\\/schema\\\/person\\\/41d36b5474b623392fa613e97e2363fa\"},\"headline\":\"Jan-Willem Venhuizen appointed Managing Director\",\"datePublished\":\"2025-12-19T10:35:35+00:00\",\"dateModified\":\"2025-12-29T13:19:55+00:00\",\"mainEntityOfPage\":{\"@id\":\"https:\\\/\\\/loginfo24.com\\\/en\\\/2025\\\/12\\\/19\\\/jan-willem-venhuizen-appointed-managing-director\\\/\"},\"wordCount\":234,\"commentCount\":0,\"publisher\":{\"@id\":\"https:\\\/\\\/loginfo24.com\\\/en\\\/#organization\"},\"image\":{\"@id\":\"https:\\\/\\\/loginfo24.com\\\/en\\\/2025\\\/12\\\/19\\\/jan-willem-venhuizen-appointed-managing-director\\\/#primaryimage\"},\"thumbnailUrl\":\"https:\\\/\\\/loginfo24.com\\\/wp-content\\\/uploads\\\/sites\\\/7\\\/2025\\\/12\\\/Jan-Willem-Venhuizen-aspect-ratio-1400-788.jpg\",\"keywords\":[\"1. Deutsch: Jan-Willem Venhuizen\",\"europ\u00e4ische Klimaziele\",\"Gesch\u00e4ftsf\u00fchrung\",\"HGK-Gruppe\",\"Logistik-Dienstleister\",\"Marktkenner\",\"Nachfolgeregelung\",\"Neuausrichtung Unternehmensf\u00fchrung\",\"Offshore-Industrie\",\"Oudkerk B.V.\",\"Rotterdam Hafen\",\"Windparks Nordsee\"],\"articleSection\":[\"People &amp; Companies\"],\"inLanguage\":\"en-US\",\"potentialAction\":[{\"@type\":\"CommentAction\",\"name\":\"Comment\",\"target\":[\"https:\\\/\\\/loginfo24.com\\\/en\\\/2025\\\/12\\\/19\\\/jan-willem-venhuizen-appointed-managing-director\\\/#respond\"]}]},{\"@type\":\"WebPage\",\"@id\":\"https:\\\/\\\/loginfo24.com\\\/en\\\/2025\\\/12\\\/19\\\/jan-willem-venhuizen-appointed-managing-director\\\/\",\"url\":\"https:\\\/\\\/loginfo24.com\\\/en\\\/2025\\\/12\\\/19\\\/jan-willem-venhuizen-appointed-managing-director\\\/\",\"name\":\"Jan-Willem Venhuizen appointed Managing Director - Loginfo24\",\"isPartOf\":{\"@id\":\"https:\\\/\\\/loginfo24.com\\\/en\\\/#website\"},\"primaryImageOfPage\":{\"@id\":\"https:\\\/\\\/loginfo24.com\\\/en\\\/2025\\\/12\\\/19\\\/jan-willem-venhuizen-appointed-managing-director\\\/#primaryimage\"},\"image\":{\"@id\":\"https:\\\/\\\/loginfo24.com\\\/en\\\/2025\\\/12\\\/19\\\/jan-willem-venhuizen-appointed-managing-director\\\/#primaryimage\"},\"thumbnailUrl\":\"https:\\\/\\\/loginfo24.com\\\/wp-content\\\/uploads\\\/sites\\\/7\\\/2025\\\/12\\\/Jan-Willem-Venhuizen-aspect-ratio-1400-788.jpg\",\"datePublished\":\"2025-12-19T10:35:35+00:00\",\"dateModified\":\"2025-12-29T13:19:55+00:00\",\"breadcrumb\":{\"@id\":\"https:\\\/\\\/loginfo24.com\\\/en\\\/2025\\\/12\\\/19\\\/jan-willem-venhuizen-appointed-managing-director\\\/#breadcrumb\"},\"inLanguage\":\"en-US\",\"potentialAction\":[{\"@type\":\"ReadAction\",\"target\":[\"https:\\\/\\\/loginfo24.com\\\/en\\\/2025\\\/12\\\/19\\\/jan-willem-venhuizen-appointed-managing-director\\\/\"]}]},{\"@type\":\"ImageObject\",\"inLanguage\":\"en-US\",\"@id\":\"https:\\\/\\\/loginfo24.com\\\/en\\\/2025\\\/12\\\/19\\\/jan-willem-venhuizen-appointed-managing-director\\\/#primaryimage\",\"url\":\"https:\\\/\\\/loginfo24.com\\\/wp-content\\\/uploads\\\/sites\\\/7\\\/2025\\\/12\\\/Jan-Willem-Venhuizen-aspect-ratio-1400-788.jpg\",\"contentUrl\":\"https:\\\/\\\/loginfo24.com\\\/wp-content\\\/uploads\\\/sites\\\/7\\\/2025\\\/12\\\/Jan-Willem-Venhuizen-aspect-ratio-1400-788.jpg\",\"width\":1920,\"height\":1081},{\"@type\":\"BreadcrumbList\",\"@id\":\"https:\\\/\\\/loginfo24.com\\\/en\\\/2025\\\/12\\\/19\\\/jan-willem-venhuizen-appointed-managing-director\\\/#breadcrumb\",\"itemListElement\":[{\"@type\":\"ListItem\",\"position\":1,\"name\":\"Startseite\",\"item\":\"https:\\\/\\\/loginfo24.com\\\/en\\\/\"},{\"@type\":\"ListItem\",\"position\":2,\"name\":\"Jan-Willem Venhuizen appointed Managing Director\"}]},{\"@type\":\"WebSite\",\"@id\":\"https:\\\/\\\/loginfo24.com\\\/en\\\/#website\",\"url\":\"https:\\\/\\\/loginfo24.com\\\/en\\\/\",\"name\":\"Loginfo24\",\"description\":\"Loginfo24 is the platform for logistics and supply chains, providing information around the clock.\",\"publisher\":{\"@id\":\"https:\\\/\\\/loginfo24.com\\\/en\\\/#organization\"},\"potentialAction\":[{\"@type\":\"SearchAction\",\"target\":{\"@type\":\"EntryPoint\",\"urlTemplate\":\"https:\\\/\\\/loginfo24.com\\\/en\\\/?s={search_term_string}\"},\"query-input\":{\"@type\":\"PropertyValueSpecification\",\"valueRequired\":true,\"valueName\":\"search_term_string\"}}],\"inLanguage\":\"en-US\"},{\"@type\":\"Organization\",\"@id\":\"https:\\\/\\\/loginfo24.com\\\/en\\\/#organization\",\"name\":\"Logismedia Group AG\",\"url\":\"https:\\\/\\\/loginfo24.com\\\/en\\\/\",\"logo\":{\"@type\":\"ImageObject\",\"inLanguage\":\"en-US\",\"@id\":\"https:\\\/\\\/loginfo24.com\\\/en\\\/#\\\/schema\\\/logo\\\/image\\\/\",\"url\":\"https:\\\/\\\/loginfo24.com\\\/wp-content\\\/uploads\\\/sites\\\/7\\\/2026\\\/01\\\/Logo_LogInfo24.png\",\"contentUrl\":\"https:\\\/\\\/loginfo24.com\\\/wp-content\\\/uploads\\\/sites\\\/7\\\/2026\\\/01\\\/Logo_LogInfo24.png\",\"width\":938,\"height\":351,\"caption\":\"Logismedia Group AG\"},\"image\":{\"@id\":\"https:\\\/\\\/loginfo24.com\\\/en\\\/#\\\/schema\\\/logo\\\/image\\\/\"},\"sameAs\":[\"https:\\\/\\\/www.facebook.com\\\/people\\\/Loginfo24\\\/100057360583332\\\/\",\"https:\\\/\\\/www.linkedin.com\\\/company\\\/lofinfo24\\\/\"]},{\"@type\":\"Person\",\"@id\":\"https:\\\/\\\/loginfo24.com\\\/en\\\/#\\\/schema\\\/person\\\/41d36b5474b623392fa613e97e2363fa\",\"name\":\"Jeremy Soland\",\"url\":\"https:\\\/\\\/loginfo24.com\\\/en\\\/author\\\/jeremy\\\/\"}]}<\/script>\n<!-- \/ Yoast SEO plugin. -->","yoast_head_json":{"title":"Jan-Willem Venhuizen appointed Managing Director - Loginfo24","robots":{"index":"index","follow":"follow","max-snippet":"max-snippet:-1","max-image-preview":"max-image-preview:large","max-video-preview":"max-video-preview:-1"},"canonical":"https:\/\/loginfo24.com\/en\/2025\/12\/19\/jan-willem-venhuizen-appointed-managing-director\/","og_locale":"en_US","og_type":"article","og_title":"Jan-Willem Venhuizen appointed Managing Director - Loginfo24","og_description":"Jan-Willem Venhuizen will become the managing director of Oudkerk B.V. at the turn of the year and will jointly lead the logistics service provider with Huib ten Cate.","og_url":"https:\/\/loginfo24.com\/en\/2025\/12\/19\/jan-willem-venhuizen-appointed-managing-director\/","og_site_name":"Loginfo24","article_publisher":"https:\/\/www.facebook.com\/people\/Loginfo24\/100057360583332\/","article_published_time":"2025-12-19T10:35:35+00:00","article_modified_time":"2025-12-29T13:19:55+00:00","og_image":[{"width":1920,"height":1081,"url":"https:\/\/loginfo24.com\/wp-content\/uploads\/sites\/7\/2025\/12\/Jan-Willem-Venhuizen-aspect-ratio-1400-788.jpg","type":"image\/jpeg"}],"author":"Jeremy Soland","twitter_card":"summary_large_image","twitter_misc":{"Written by":"Jeremy Soland","Est. reading time":"1 minute"},"schema":{"@context":"https:\/\/schema.org","@graph":[{"@type":"Article","@id":"https:\/\/loginfo24.com\/en\/2025\/12\/19\/jan-willem-venhuizen-appointed-managing-director\/#article","isPartOf":{"@id":"https:\/\/loginfo24.com\/en\/2025\/12\/19\/jan-willem-venhuizen-appointed-managing-director\/"},"author":{"name":"Jeremy Soland","@id":"https:\/\/loginfo24.com\/en\/#\/schema\/person\/41d36b5474b623392fa613e97e2363fa"},"headline":"Jan-Willem Venhuizen appointed Managing Director","datePublished":"2025-12-19T10:35:35+00:00","dateModified":"2025-12-29T13:19:55+00:00","mainEntityOfPage":{"@id":"https:\/\/loginfo24.com\/en\/2025\/12\/19\/jan-willem-venhuizen-appointed-managing-director\/"},"wordCount":234,"commentCount":0,"publisher":{"@id":"https:\/\/loginfo24.com\/en\/#organization"},"image":{"@id":"https:\/\/loginfo24.com\/en\/2025\/12\/19\/jan-willem-venhuizen-appointed-managing-director\/#primaryimage"},"thumbnailUrl":"https:\/\/loginfo24.com\/wp-content\/uploads\/sites\/7\/2025\/12\/Jan-Willem-Venhuizen-aspect-ratio-1400-788.jpg","keywords":["1. Deutsch: Jan-Willem Venhuizen","europ\u00e4ische Klimaziele","Gesch\u00e4ftsf\u00fchrung","HGK-Gruppe","Logistik-Dienstleister","Marktkenner","Nachfolgeregelung","Neuausrichtung Unternehmensf\u00fchrung","Offshore-Industrie","Oudkerk B.V.","Rotterdam Hafen","Windparks Nordsee"],"articleSection":["People &amp; Companies"],"inLanguage":"en-US","potentialAction":[{"@type":"CommentAction","name":"Comment","target":["https:\/\/loginfo24.com\/en\/2025\/12\/19\/jan-willem-venhuizen-appointed-managing-director\/#respond"]}]},{"@type":"WebPage","@id":"https:\/\/loginfo24.com\/en\/2025\/12\/19\/jan-willem-venhuizen-appointed-managing-director\/","url":"https:\/\/loginfo24.com\/en\/2025\/12\/19\/jan-willem-venhuizen-appointed-managing-director\/","name":"Jan-Willem Venhuizen appointed Managing Director - Loginfo24","isPartOf":{"@id":"https:\/\/loginfo24.com\/en\/#website"},"primaryImageOfPage":{"@id":"https:\/\/loginfo24.com\/en\/2025\/12\/19\/jan-willem-venhuizen-appointed-managing-director\/#primaryimage"},"image":{"@id":"https:\/\/loginfo24.com\/en\/2025\/12\/19\/jan-willem-venhuizen-appointed-managing-director\/#primaryimage"},"thumbnailUrl":"https:\/\/loginfo24.com\/wp-content\/uploads\/sites\/7\/2025\/12\/Jan-Willem-Venhuizen-aspect-ratio-1400-788.jpg","datePublished":"2025-12-19T10:35:35+00:00","dateModified":"2025-12-29T13:19:55+00:00","breadcrumb":{"@id":"https:\/\/loginfo24.com\/en\/2025\/12\/19\/jan-willem-venhuizen-appointed-managing-director\/#breadcrumb"},"inLanguage":"en-US","potentialAction":[{"@type":"ReadAction","target":["https:\/\/loginfo24.com\/en\/2025\/12\/19\/jan-willem-venhuizen-appointed-managing-director\/"]}]},{"@type":"ImageObject","inLanguage":"en-US","@id":"https:\/\/loginfo24.com\/en\/2025\/12\/19\/jan-willem-venhuizen-appointed-managing-director\/#primaryimage","url":"https:\/\/loginfo24.com\/wp-content\/uploads\/sites\/7\/2025\/12\/Jan-Willem-Venhuizen-aspect-ratio-1400-788.jpg","contentUrl":"https:\/\/loginfo24.com\/wp-content\/uploads\/sites\/7\/2025\/12\/Jan-Willem-Venhuizen-aspect-ratio-1400-788.jpg","width":1920,"height":1081},{"@type":"BreadcrumbList","@id":"https:\/\/loginfo24.com\/en\/2025\/12\/19\/jan-willem-venhuizen-appointed-managing-director\/#breadcrumb","itemListElement":[{"@type":"ListItem","position":1,"name":"Startseite","item":"https:\/\/loginfo24.com\/en\/"},{"@type":"ListItem","position":2,"name":"Jan-Willem Venhuizen appointed Managing Director"}]},{"@type":"WebSite","@id":"https:\/\/loginfo24.com\/en\/#website","url":"https:\/\/loginfo24.com\/en\/","name":"Loginfo24","description":"Loginfo24 is the platform for logistics and supply chains, providing information around the clock.","publisher":{"@id":"https:\/\/loginfo24.com\/en\/#organization"},"potentialAction":[{"@type":"SearchAction","target":{"@type":"EntryPoint","urlTemplate":"https:\/\/loginfo24.com\/en\/?s={search_term_string}"},"query-input":{"@type":"PropertyValueSpecification","valueRequired":true,"valueName":"search_term_string"}}],"inLanguage":"en-US"},{"@type":"Organization","@id":"https:\/\/loginfo24.com\/en\/#organization","name":"Logismedia Group AG","url":"https:\/\/loginfo24.com\/en\/","logo":{"@type":"ImageObject","inLanguage":"en-US","@id":"https:\/\/loginfo24.com\/en\/#\/schema\/logo\/image\/","url":"https:\/\/loginfo24.com\/wp-content\/uploads\/sites\/7\/2026\/01\/Logo_LogInfo24.png","contentUrl":"https:\/\/loginfo24.com\/wp-content\/uploads\/sites\/7\/2026\/01\/Logo_LogInfo24.png","width":938,"height":351,"caption":"Logismedia Group AG"},"image":{"@id":"https:\/\/loginfo24.com\/en\/#\/schema\/logo\/image\/"},"sameAs":["https:\/\/www.facebook.com\/people\/Loginfo24\/100057360583332\/","https:\/\/www.linkedin.com\/company\/lofinfo24\/"]},{"@type":"Person","@id":"https:\/\/loginfo24.com\/en\/#\/schema\/person\/41d36b5474b623392fa613e97e2363fa","name":"Jeremy Soland","url":"https:\/\/loginfo24.com\/en\/author\/jeremy\/"}]}},"_links":{"self":[{"href":"https:\/\/loginfo24.com\/en\/wp-json\/wp\/v2\/posts\/68373","targetHints":{"allow":["GET"]}}],"collection":[{"href":"https:\/\/loginfo24.com\/en\/wp-json\/wp\/v2\/posts"}],"about":[{"href":"https:\/\/loginfo24.com\/en\/wp-json\/wp\/v2\/types\/post"}],"author":[{"embeddable":true,"href":"https:\/\/loginfo24.com\/en\/wp-json\/wp\/v2\/users\/10"}],"replies":[{"embeddable":true,"href":"https:\/\/loginfo24.com\/en\/wp-json\/wp\/v2\/comments?post=68373"}],"version-history":[{"count":2,"href":"https:\/\/loginfo24.com\/en\/wp-json\/wp\/v2\/posts\/68373\/revisions"}],"predecessor-version":[{"id":71490,"href":"https:\/\/loginfo24.com\/en\/wp-json\/wp\/v2\/posts\/68373\/revisions\/71490"}],"wp:featuredmedia":[{"embeddable":true,"href":"https:\/\/loginfo24.com\/en\/wp-json\/wp\/v2\/media\/68374"}],"wp:attachment":[{"href":"https:\/\/loginfo24.com\/en\/wp-json\/wp\/v2\/media?parent=68373"}],"wp:term":[{"taxonomy":"category","embeddable":true,"href":"https:\/\/loginfo24.com\/en\/wp-json\/wp\/v2\/categories?post=68373"},{"taxonomy":"post_tag","embeddable":true,"href":"https:\/\/loginfo24.com\/en\/wp-json\/wp\/v2\/tags?post=68373"}],"curies":[{"name":"wp","href":"https:\/\/api.w.org\/{rel}","templated":true}]}}