{"id":64686,"date":"2024-03-26T16:39:35","date_gmt":"2024-03-26T15:39:35","guid":{"rendered":"https:\/\/blog.brand-architecture.at\/2024\/03\/26\/sievert-logistics-hires-first-paraplegic-driver\/"},"modified":"2024-03-26T16:39:35","modified_gmt":"2024-03-26T15:39:35","slug":"sievert-logistics-hires-first-paraplegic-driver","status":"publish","type":"post","link":"https:\/\/loginfo24.com\/en\/2024\/03\/26\/sievert-logistics-hires-first-paraplegic-driver\/","title":{"rendered":"Sievert Logistics hires first paraplegic driver"},"content":{"rendered":"<h5><strong>Sievert Logistics SE welcomes Holger Sch\u00f6nenberg as the first paraplegic professional driver in the team. The 48-year-old will be deployed in the area of planned transports from the Lengerich location. To make this possible, the transport and logistics service provider had a brand new MAN tractor unit specially modified to meet Sch\u00f6nenberg&#8217;s needs by the vehicle and body manufacturer Greshake.<\/strong><\/h5>\n<p>(Lengerich) &#8220;Holger convinced me from the very beginning. Despite his handicap, he is pursuing his dream of becoming a professional driver. His enthusiasm for mobility and logistics is something truly special. Therefore, I am very pleased that we can help him achieve this dream. I am proud to have won Holger for our team,&#8221; says Karsten Bley, Managing Director of Sievert Logistics SE.<\/p>\n<p>Sch\u00f6nenberg (48) will be deployed after his training by Sievert driver trainer Ronny Cornelsen on the MAN tractor unit number 404, which has previously been modified to allow for operation in manual mode. Outside of the 48-year-old&#8217;s working hours, the vehicle can be dispatched normally. The customized truck adaptation was implemented by the vehicle and body manufacturer Greshake from M\u00fcnster, which has been carrying out modifications for people with disabilities for 30 years. In addition to a hand control for gas and brake, a lockable box was installed in Sch\u00f6nenberg&#8217;s new work vehicle, where he can store his wheelchair during the drive. Since the native of L\u00fcdenscheid must also sit during this process, a pull-out folding seat was also installed. Sch\u00f6nenberg accesses the driver&#8217;s cabin using additional steps, bars, and handholds.<\/p>\n<h5>Impressive career<\/h5>\n<p>New Sievert member Holger Sch\u00f6nenberg explains his motivation to become a professional driver: &#8220;I have a passion for large technical devices.&#8221; For this reason, he contacted the commercial vehicle manufacturer MAN, which put him in touch with the Lengerich logistics service provider. &#8220;Sievert Logistics was not only willing to work with me but also to create the necessary conditions for it,&#8221; the 48-year-old is pleased to say.<\/p>\n<p>&#8220;We have come to know our new colleague as an inspiring personality,&#8221; says Bley. Sch\u00f6nenberg has impressed his new team not least with his career. Since the age of 15, Sch\u00f6nenberg has been paraplegic due to a spinal cord operation. Despite the challenges, he has achieved remarkable successes since then: he won a vice world championship title in para-sailing, completed training as a commercial pilot, and flew passenger planes. Because the workflows did not allow him to practice the profession of a pilot permanently, he is now transitioning to truck driving.<\/p>\n<h5>Medical reports and certifications<\/h5>\n<p>Before the professional driver could start his service, he had to obtain medical reports and certifications and acquire the necessary driving license at the only truck driving school for paraplegics in Germany. At Sievert Logistics, Sch\u00f6nenberg will initially receive a technical introduction and be paired with an experienced onboarding partner, Ronny Cornelsen \u2013 just like all new employees at the logistics specialist. Sch\u00f6nenberg will initially be deployed mainly with pre-loaded planned transports in the Osnabr\u00fcck area. However, the new Sievert member is also expected to take over container transports in the future. Sch\u00f6nenberg: &#8220;My goal is to be independently on the road for Sievert Logistics.&#8221;<\/p>\n<p>Photo: \u00a9 Sievert<\/p>\n","protected":false},"excerpt":{"rendered":"<p>Sievert Logistics SE welcomes Holger Sch\u00f6nenberg as the first paraplegic professional driver in the team. The 48-year-old will be deployed in the area of planned transports<span class=\"excerpt-hellip\"> [\u2026]<\/span><\/p>\n","protected":false},"author":0,"featured_media":6751,"comment_status":"open","ping_status":"open","sticky":false,"template":"","format":"standard","meta":{"_acf_changed":false,"footnotes":""},"categories":[1665,1557,1556,1561],"tags":[],"class_list":["post-64686","post","type-post","status-publish","format-standard","has-post-thumbnail","hentry","category-categories","category-forwarding-logistics","category-intermodal-road","category-regions"],"acf":[],"yoast_head":"<!-- This site is optimized with the Yoast SEO plugin v27.3 - https:\/\/yoast.com\/product\/yoast-seo-wordpress\/ -->\n<title>Sievert Logistics hires first paraplegic driver - Loginfo24<\/title>\n<meta name=\"robots\" content=\"index, follow, max-snippet:-1, max-image-preview:large, max-video-preview:-1\" \/>\n<link rel=\"canonical\" href=\"https:\/\/loginfo24.com\/en\/2024\/03\/26\/sievert-logistics-hires-first-paraplegic-driver\/\" \/>\n<meta property=\"og:locale\" content=\"en_US\" \/>\n<meta property=\"og:type\" content=\"article\" \/>\n<meta property=\"og:title\" content=\"Sievert Logistics hires first paraplegic driver - Loginfo24\" \/>\n<meta property=\"og:description\" content=\"Sievert Logistics SE welcomes Holger Sch\u00f6nenberg as the first paraplegic professional driver in the team. The 48-year-old will be deployed in the area of planned transports [\u2026]\" \/>\n<meta property=\"og:url\" content=\"https:\/\/loginfo24.com\/en\/2024\/03\/26\/sievert-logistics-hires-first-paraplegic-driver\/\" \/>\n<meta property=\"og:site_name\" content=\"Loginfo24\" \/>\n<meta property=\"article:publisher\" content=\"https:\/\/www.facebook.com\/people\/Loginfo24\/100057360583332\/\" \/>\n<meta property=\"article:published_time\" content=\"2024-03-26T15:39:35+00:00\" \/>\n<meta property=\"og:image\" content=\"https:\/\/loginfo24.com\/wp-content\/uploads\/sites\/7\/2025\/12\/Sievert_26.3.24.jpg\" \/>\n\t<meta property=\"og:image:width\" content=\"1286\" \/>\n\t<meta property=\"og:image:height\" content=\"807\" \/>\n\t<meta property=\"og:image:type\" content=\"image\/jpeg\" \/>\n<meta name=\"twitter:card\" content=\"summary_large_image\" \/>\n<meta name=\"twitter:label1\" content=\"Est. reading time\" \/>\n\t<meta name=\"twitter:data1\" content=\"3 minutes\" \/>\n<script type=\"application\/ld+json\" class=\"yoast-schema-graph\">{\"@context\":\"https:\\\/\\\/schema.org\",\"@graph\":[{\"@type\":\"Article\",\"@id\":\"https:\\\/\\\/loginfo24.com\\\/en\\\/2024\\\/03\\\/26\\\/sievert-logistics-hires-first-paraplegic-driver\\\/#article\",\"isPartOf\":{\"@id\":\"https:\\\/\\\/loginfo24.com\\\/en\\\/2024\\\/03\\\/26\\\/sievert-logistics-hires-first-paraplegic-driver\\\/\"},\"author\":{\"name\":\"\",\"@id\":\"\"},\"headline\":\"Sievert Logistics hires first paraplegic driver\",\"datePublished\":\"2024-03-26T15:39:35+00:00\",\"mainEntityOfPage\":{\"@id\":\"https:\\\/\\\/loginfo24.com\\\/en\\\/2024\\\/03\\\/26\\\/sievert-logistics-hires-first-paraplegic-driver\\\/\"},\"wordCount\":544,\"commentCount\":0,\"publisher\":{\"@id\":\"https:\\\/\\\/loginfo24.com\\\/en\\\/#organization\"},\"image\":{\"@id\":\"https:\\\/\\\/loginfo24.com\\\/en\\\/2024\\\/03\\\/26\\\/sievert-logistics-hires-first-paraplegic-driver\\\/#primaryimage\"},\"thumbnailUrl\":\"https:\\\/\\\/loginfo24.com\\\/wp-content\\\/uploads\\\/sites\\\/7\\\/2025\\\/12\\\/Sievert_26.3.24.jpg\",\"articleSection\":[\"Categories\",\"Forwarding &amp; Logistics\",\"Intermodal \\\/ Road\",\"Regions\"],\"inLanguage\":\"en-US\",\"potentialAction\":[{\"@type\":\"CommentAction\",\"name\":\"Comment\",\"target\":[\"https:\\\/\\\/loginfo24.com\\\/en\\\/2024\\\/03\\\/26\\\/sievert-logistics-hires-first-paraplegic-driver\\\/#respond\"]}]},{\"@type\":\"WebPage\",\"@id\":\"https:\\\/\\\/loginfo24.com\\\/en\\\/2024\\\/03\\\/26\\\/sievert-logistics-hires-first-paraplegic-driver\\\/\",\"url\":\"https:\\\/\\\/loginfo24.com\\\/en\\\/2024\\\/03\\\/26\\\/sievert-logistics-hires-first-paraplegic-driver\\\/\",\"name\":\"Sievert Logistics hires first paraplegic driver - Loginfo24\",\"isPartOf\":{\"@id\":\"https:\\\/\\\/loginfo24.com\\\/en\\\/#website\"},\"primaryImageOfPage\":{\"@id\":\"https:\\\/\\\/loginfo24.com\\\/en\\\/2024\\\/03\\\/26\\\/sievert-logistics-hires-first-paraplegic-driver\\\/#primaryimage\"},\"image\":{\"@id\":\"https:\\\/\\\/loginfo24.com\\\/en\\\/2024\\\/03\\\/26\\\/sievert-logistics-hires-first-paraplegic-driver\\\/#primaryimage\"},\"thumbnailUrl\":\"https:\\\/\\\/loginfo24.com\\\/wp-content\\\/uploads\\\/sites\\\/7\\\/2025\\\/12\\\/Sievert_26.3.24.jpg\",\"datePublished\":\"2024-03-26T15:39:35+00:00\",\"breadcrumb\":{\"@id\":\"https:\\\/\\\/loginfo24.com\\\/en\\\/2024\\\/03\\\/26\\\/sievert-logistics-hires-first-paraplegic-driver\\\/#breadcrumb\"},\"inLanguage\":\"en-US\",\"potentialAction\":[{\"@type\":\"ReadAction\",\"target\":[\"https:\\\/\\\/loginfo24.com\\\/en\\\/2024\\\/03\\\/26\\\/sievert-logistics-hires-first-paraplegic-driver\\\/\"]}]},{\"@type\":\"ImageObject\",\"inLanguage\":\"en-US\",\"@id\":\"https:\\\/\\\/loginfo24.com\\\/en\\\/2024\\\/03\\\/26\\\/sievert-logistics-hires-first-paraplegic-driver\\\/#primaryimage\",\"url\":\"https:\\\/\\\/loginfo24.com\\\/wp-content\\\/uploads\\\/sites\\\/7\\\/2025\\\/12\\\/Sievert_26.3.24.jpg\",\"contentUrl\":\"https:\\\/\\\/loginfo24.com\\\/wp-content\\\/uploads\\\/sites\\\/7\\\/2025\\\/12\\\/Sievert_26.3.24.jpg\",\"width\":1286,\"height\":807},{\"@type\":\"BreadcrumbList\",\"@id\":\"https:\\\/\\\/loginfo24.com\\\/en\\\/2024\\\/03\\\/26\\\/sievert-logistics-hires-first-paraplegic-driver\\\/#breadcrumb\",\"itemListElement\":[{\"@type\":\"ListItem\",\"position\":1,\"name\":\"Startseite\",\"item\":\"https:\\\/\\\/loginfo24.com\\\/en\\\/\"},{\"@type\":\"ListItem\",\"position\":2,\"name\":\"Sievert Logistics hires first paraplegic driver\"}]},{\"@type\":\"WebSite\",\"@id\":\"https:\\\/\\\/loginfo24.com\\\/en\\\/#website\",\"url\":\"https:\\\/\\\/loginfo24.com\\\/en\\\/\",\"name\":\"Loginfo24\",\"description\":\"Loginfo24 is the platform for logistics and supply chains, providing information around the clock.\",\"publisher\":{\"@id\":\"https:\\\/\\\/loginfo24.com\\\/en\\\/#organization\"},\"potentialAction\":[{\"@type\":\"SearchAction\",\"target\":{\"@type\":\"EntryPoint\",\"urlTemplate\":\"https:\\\/\\\/loginfo24.com\\\/en\\\/?s={search_term_string}\"},\"query-input\":{\"@type\":\"PropertyValueSpecification\",\"valueRequired\":true,\"valueName\":\"search_term_string\"}}],\"inLanguage\":\"en-US\"},{\"@type\":\"Organization\",\"@id\":\"https:\\\/\\\/loginfo24.com\\\/en\\\/#organization\",\"name\":\"Logismedia Group AG\",\"url\":\"https:\\\/\\\/loginfo24.com\\\/en\\\/\",\"logo\":{\"@type\":\"ImageObject\",\"inLanguage\":\"en-US\",\"@id\":\"https:\\\/\\\/loginfo24.com\\\/en\\\/#\\\/schema\\\/logo\\\/image\\\/\",\"url\":\"https:\\\/\\\/loginfo24.com\\\/wp-content\\\/uploads\\\/sites\\\/7\\\/2026\\\/01\\\/Logo_LogInfo24.png\",\"contentUrl\":\"https:\\\/\\\/loginfo24.com\\\/wp-content\\\/uploads\\\/sites\\\/7\\\/2026\\\/01\\\/Logo_LogInfo24.png\",\"width\":938,\"height\":351,\"caption\":\"Logismedia Group AG\"},\"image\":{\"@id\":\"https:\\\/\\\/loginfo24.com\\\/en\\\/#\\\/schema\\\/logo\\\/image\\\/\"},\"sameAs\":[\"https:\\\/\\\/www.facebook.com\\\/people\\\/Loginfo24\\\/100057360583332\\\/\",\"https:\\\/\\\/www.linkedin.com\\\/company\\\/lofinfo24\\\/\"]}]}<\/script>\n<!-- \/ Yoast SEO plugin. -->","yoast_head_json":{"title":"Sievert Logistics hires first paraplegic driver - Loginfo24","robots":{"index":"index","follow":"follow","max-snippet":"max-snippet:-1","max-image-preview":"max-image-preview:large","max-video-preview":"max-video-preview:-1"},"canonical":"https:\/\/loginfo24.com\/en\/2024\/03\/26\/sievert-logistics-hires-first-paraplegic-driver\/","og_locale":"en_US","og_type":"article","og_title":"Sievert Logistics hires first paraplegic driver - Loginfo24","og_description":"Sievert Logistics SE welcomes Holger Sch\u00f6nenberg as the first paraplegic professional driver in the team. The 48-year-old will be deployed in the area of planned transports [\u2026]","og_url":"https:\/\/loginfo24.com\/en\/2024\/03\/26\/sievert-logistics-hires-first-paraplegic-driver\/","og_site_name":"Loginfo24","article_publisher":"https:\/\/www.facebook.com\/people\/Loginfo24\/100057360583332\/","article_published_time":"2024-03-26T15:39:35+00:00","og_image":[{"width":1286,"height":807,"url":"https:\/\/loginfo24.com\/wp-content\/uploads\/sites\/7\/2025\/12\/Sievert_26.3.24.jpg","type":"image\/jpeg"}],"twitter_card":"summary_large_image","twitter_misc":{"Est. reading time":"3 minutes"},"schema":{"@context":"https:\/\/schema.org","@graph":[{"@type":"Article","@id":"https:\/\/loginfo24.com\/en\/2024\/03\/26\/sievert-logistics-hires-first-paraplegic-driver\/#article","isPartOf":{"@id":"https:\/\/loginfo24.com\/en\/2024\/03\/26\/sievert-logistics-hires-first-paraplegic-driver\/"},"author":{"name":"","@id":""},"headline":"Sievert Logistics hires first paraplegic driver","datePublished":"2024-03-26T15:39:35+00:00","mainEntityOfPage":{"@id":"https:\/\/loginfo24.com\/en\/2024\/03\/26\/sievert-logistics-hires-first-paraplegic-driver\/"},"wordCount":544,"commentCount":0,"publisher":{"@id":"https:\/\/loginfo24.com\/en\/#organization"},"image":{"@id":"https:\/\/loginfo24.com\/en\/2024\/03\/26\/sievert-logistics-hires-first-paraplegic-driver\/#primaryimage"},"thumbnailUrl":"https:\/\/loginfo24.com\/wp-content\/uploads\/sites\/7\/2025\/12\/Sievert_26.3.24.jpg","articleSection":["Categories","Forwarding &amp; Logistics","Intermodal \/ Road","Regions"],"inLanguage":"en-US","potentialAction":[{"@type":"CommentAction","name":"Comment","target":["https:\/\/loginfo24.com\/en\/2024\/03\/26\/sievert-logistics-hires-first-paraplegic-driver\/#respond"]}]},{"@type":"WebPage","@id":"https:\/\/loginfo24.com\/en\/2024\/03\/26\/sievert-logistics-hires-first-paraplegic-driver\/","url":"https:\/\/loginfo24.com\/en\/2024\/03\/26\/sievert-logistics-hires-first-paraplegic-driver\/","name":"Sievert Logistics hires first paraplegic driver - Loginfo24","isPartOf":{"@id":"https:\/\/loginfo24.com\/en\/#website"},"primaryImageOfPage":{"@id":"https:\/\/loginfo24.com\/en\/2024\/03\/26\/sievert-logistics-hires-first-paraplegic-driver\/#primaryimage"},"image":{"@id":"https:\/\/loginfo24.com\/en\/2024\/03\/26\/sievert-logistics-hires-first-paraplegic-driver\/#primaryimage"},"thumbnailUrl":"https:\/\/loginfo24.com\/wp-content\/uploads\/sites\/7\/2025\/12\/Sievert_26.3.24.jpg","datePublished":"2024-03-26T15:39:35+00:00","breadcrumb":{"@id":"https:\/\/loginfo24.com\/en\/2024\/03\/26\/sievert-logistics-hires-first-paraplegic-driver\/#breadcrumb"},"inLanguage":"en-US","potentialAction":[{"@type":"ReadAction","target":["https:\/\/loginfo24.com\/en\/2024\/03\/26\/sievert-logistics-hires-first-paraplegic-driver\/"]}]},{"@type":"ImageObject","inLanguage":"en-US","@id":"https:\/\/loginfo24.com\/en\/2024\/03\/26\/sievert-logistics-hires-first-paraplegic-driver\/#primaryimage","url":"https:\/\/loginfo24.com\/wp-content\/uploads\/sites\/7\/2025\/12\/Sievert_26.3.24.jpg","contentUrl":"https:\/\/loginfo24.com\/wp-content\/uploads\/sites\/7\/2025\/12\/Sievert_26.3.24.jpg","width":1286,"height":807},{"@type":"BreadcrumbList","@id":"https:\/\/loginfo24.com\/en\/2024\/03\/26\/sievert-logistics-hires-first-paraplegic-driver\/#breadcrumb","itemListElement":[{"@type":"ListItem","position":1,"name":"Startseite","item":"https:\/\/loginfo24.com\/en\/"},{"@type":"ListItem","position":2,"name":"Sievert Logistics hires first paraplegic driver"}]},{"@type":"WebSite","@id":"https:\/\/loginfo24.com\/en\/#website","url":"https:\/\/loginfo24.com\/en\/","name":"Loginfo24","description":"Loginfo24 is the platform for logistics and supply chains, providing information around the clock.","publisher":{"@id":"https:\/\/loginfo24.com\/en\/#organization"},"potentialAction":[{"@type":"SearchAction","target":{"@type":"EntryPoint","urlTemplate":"https:\/\/loginfo24.com\/en\/?s={search_term_string}"},"query-input":{"@type":"PropertyValueSpecification","valueRequired":true,"valueName":"search_term_string"}}],"inLanguage":"en-US"},{"@type":"Organization","@id":"https:\/\/loginfo24.com\/en\/#organization","name":"Logismedia Group AG","url":"https:\/\/loginfo24.com\/en\/","logo":{"@type":"ImageObject","inLanguage":"en-US","@id":"https:\/\/loginfo24.com\/en\/#\/schema\/logo\/image\/","url":"https:\/\/loginfo24.com\/wp-content\/uploads\/sites\/7\/2026\/01\/Logo_LogInfo24.png","contentUrl":"https:\/\/loginfo24.com\/wp-content\/uploads\/sites\/7\/2026\/01\/Logo_LogInfo24.png","width":938,"height":351,"caption":"Logismedia Group AG"},"image":{"@id":"https:\/\/loginfo24.com\/en\/#\/schema\/logo\/image\/"},"sameAs":["https:\/\/www.facebook.com\/people\/Loginfo24\/100057360583332\/","https:\/\/www.linkedin.com\/company\/lofinfo24\/"]}]}},"_links":{"self":[{"href":"https:\/\/loginfo24.com\/en\/wp-json\/wp\/v2\/posts\/64686","targetHints":{"allow":["GET"]}}],"collection":[{"href":"https:\/\/loginfo24.com\/en\/wp-json\/wp\/v2\/posts"}],"about":[{"href":"https:\/\/loginfo24.com\/en\/wp-json\/wp\/v2\/types\/post"}],"replies":[{"embeddable":true,"href":"https:\/\/loginfo24.com\/en\/wp-json\/wp\/v2\/comments?post=64686"}],"version-history":[{"count":0,"href":"https:\/\/loginfo24.com\/en\/wp-json\/wp\/v2\/posts\/64686\/revisions"}],"wp:featuredmedia":[{"embeddable":true,"href":"https:\/\/loginfo24.com\/en\/wp-json\/wp\/v2\/media\/6751"}],"wp:attachment":[{"href":"https:\/\/loginfo24.com\/en\/wp-json\/wp\/v2\/media?parent=64686"}],"wp:term":[{"taxonomy":"category","embeddable":true,"href":"https:\/\/loginfo24.com\/en\/wp-json\/wp\/v2\/categories?post=64686"},{"taxonomy":"post_tag","embeddable":true,"href":"https:\/\/loginfo24.com\/en\/wp-json\/wp\/v2\/tags?post=64686"}],"curies":[{"name":"wp","href":"https:\/\/api.w.org\/{rel}","templated":true}]}}