{"id":62329,"date":"2023-08-17T14:44:13","date_gmt":"2023-08-17T12:44:13","guid":{"rendered":"https:\/\/blog.brand-architecture.at\/2023\/08\/17\/gebruder-weiss-becomes-a-sponsor-of-spvgg-bayreuth\/"},"modified":"2023-08-17T14:44:13","modified_gmt":"2023-08-17T12:44:13","slug":"gebruder-weiss-becomes-a-sponsor-of-spvgg-bayreuth","status":"publish","type":"post","link":"https:\/\/loginfo24.com\/en\/2023\/08\/17\/gebruder-weiss-becomes-a-sponsor-of-spvgg-bayreuth\/","title":{"rendered":"Gebr\u00fcder Weiss becomes a sponsor of SpVgg Bayreuth"},"content":{"rendered":"<h5>Fans and spectators of the SpVgg Bayreuth will soon find a new color on the yellow-black jerseys of the &#8216;Altstadt&#8217;: orange with the letters GW. Behind GW is the international transport and logistics company Gebr\u00fcder Weiss. The company, which has recently established a presence in Bayreuth, is now the gold sponsor of the traditional club. The new partnership was sealed on August 1 between SpVgg Managing Director J\u00f6rg Schmalfu\u00df and Werner Dettenthaler, Managing Director of Land Transport Germany at Gebr\u00fcder Weiss.<\/h5>\n<p>(Lauterach\/Bayreuth) Recently, the logistics company acquired the Bayreuth forwarding agency Wedlich, thereby taking on the important role of logistical partner for the Upper Franconian economy. &#8220;Therefore, it was no question that we would also engage with the SpVgg. We have a lot in common with the &#8216;Oldschdod&#8217;: teamwork, speed, precision, and above all, joy in movement. We are excited to support all teams and wish for a successful season,&#8221; Dettenthaler explained during the contract signing in Bayreuth. In addition to the men&#8217;s first football team, the logistics provider also supports the youth and women&#8217;s teams of SpVgg Bayreuth.<\/p>\n<p>&#8220;The SpVgg is a football club with over a hundred years of history, similar to our new supporter Gebr\u00fcder Weiss. Passionate commitment and skillful teamwork by professionals for top performance \u2013 this fits together, whether on the football field or on transport routes,&#8221; added J\u00f6rg Schmalfu\u00df during the contract signing.<\/p>\n<h5>Also present on the boards at the Hans-Walter Stadium<\/h5>\n<p>In the future, the orange GW logo will not only appear on the jerseys of the Altst\u00e4dter but also on the boards and the spectator stands of the Hans-Walter-Wild-Stadium. Gebr\u00fcder Weiss is represented at nine locations in southern Germany and is involved not only in professional football but also in cycling, running sports, and volleyball.<\/p>\n<p>Photo: \u00a9 Gebr\u00fcder Weiss\/Meier \/ <em><strong>Image caption<\/strong> Where tradition meets (l.r.n.): J\u00f6rg Schmalfu\u00df, Managing Director of SpVgg Bayreuth, and Werner Dettenthaler, Managing Director of Land Transport Germany at Gebr\u00fcder Weiss, with Edwin Schwarz, captain of the SpVgg<\/em><\/p>\n","protected":false},"excerpt":{"rendered":"<p>Fans and spectators of the SpVgg Bayreuth will soon find a new color on the yellow-black jerseys of the &#8216;Altstadt&#8217;: orange with the letters GW. Behind<span class=\"excerpt-hellip\"> [\u2026]<\/span><\/p>\n","protected":false},"author":0,"featured_media":7740,"comment_status":"open","ping_status":"open","sticky":false,"template":"","format":"standard","meta":{"_acf_changed":false,"footnotes":""},"categories":[1557,1561],"tags":[],"class_list":["post-62329","post","type-post","status-publish","format-standard","has-post-thumbnail","hentry","category-forwarding-logistics","category-regions"],"acf":[],"yoast_head":"<!-- This site is optimized with the Yoast SEO plugin v27.3 - https:\/\/yoast.com\/product\/yoast-seo-wordpress\/ -->\n<title>Gebr\u00fcder Weiss becomes a sponsor of SpVgg Bayreuth - Loginfo24<\/title>\n<meta name=\"robots\" content=\"index, follow, max-snippet:-1, max-image-preview:large, max-video-preview:-1\" \/>\n<link rel=\"canonical\" href=\"https:\/\/loginfo24.com\/en\/2023\/08\/17\/gebruder-weiss-becomes-a-sponsor-of-spvgg-bayreuth\/\" \/>\n<meta property=\"og:locale\" content=\"en_US\" \/>\n<meta property=\"og:type\" content=\"article\" \/>\n<meta property=\"og:title\" content=\"Gebr\u00fcder Weiss becomes a sponsor of SpVgg Bayreuth - Loginfo24\" \/>\n<meta property=\"og:description\" content=\"Fans and spectators of the SpVgg Bayreuth will soon find a new color on the yellow-black jerseys of the &#8216;Altstadt&#8217;: orange with the letters GW. Behind [\u2026]\" \/>\n<meta property=\"og:url\" content=\"https:\/\/loginfo24.com\/en\/2023\/08\/17\/gebruder-weiss-becomes-a-sponsor-of-spvgg-bayreuth\/\" \/>\n<meta property=\"og:site_name\" content=\"Loginfo24\" \/>\n<meta property=\"article:publisher\" content=\"https:\/\/www.facebook.com\/people\/Loginfo24\/100057360583332\/\" \/>\n<meta property=\"article:published_time\" content=\"2023-08-17T12:44:13+00:00\" \/>\n<meta property=\"og:image\" content=\"https:\/\/loginfo24.com\/wp-content\/uploads\/sites\/7\/2025\/12\/Gebr_Weiss_17.8.23.jpg\" \/>\n\t<meta property=\"og:image:width\" content=\"1250\" \/>\n\t<meta property=\"og:image:height\" content=\"783\" \/>\n\t<meta property=\"og:image:type\" content=\"image\/jpeg\" \/>\n<meta name=\"twitter:card\" content=\"summary_large_image\" \/>\n<meta name=\"twitter:label1\" content=\"Est. reading time\" \/>\n\t<meta name=\"twitter:data1\" content=\"2 minutes\" \/>\n<script type=\"application\/ld+json\" class=\"yoast-schema-graph\">{\"@context\":\"https:\\\/\\\/schema.org\",\"@graph\":[{\"@type\":\"Article\",\"@id\":\"https:\\\/\\\/loginfo24.com\\\/en\\\/2023\\\/08\\\/17\\\/gebruder-weiss-becomes-a-sponsor-of-spvgg-bayreuth\\\/#article\",\"isPartOf\":{\"@id\":\"https:\\\/\\\/loginfo24.com\\\/en\\\/2023\\\/08\\\/17\\\/gebruder-weiss-becomes-a-sponsor-of-spvgg-bayreuth\\\/\"},\"author\":{\"name\":\"\",\"@id\":\"\"},\"headline\":\"Gebr\u00fcder Weiss becomes a sponsor of SpVgg Bayreuth\",\"datePublished\":\"2023-08-17T12:44:13+00:00\",\"mainEntityOfPage\":{\"@id\":\"https:\\\/\\\/loginfo24.com\\\/en\\\/2023\\\/08\\\/17\\\/gebruder-weiss-becomes-a-sponsor-of-spvgg-bayreuth\\\/\"},\"wordCount\":351,\"commentCount\":0,\"publisher\":{\"@id\":\"https:\\\/\\\/loginfo24.com\\\/en\\\/#organization\"},\"image\":{\"@id\":\"https:\\\/\\\/loginfo24.com\\\/en\\\/2023\\\/08\\\/17\\\/gebruder-weiss-becomes-a-sponsor-of-spvgg-bayreuth\\\/#primaryimage\"},\"thumbnailUrl\":\"https:\\\/\\\/loginfo24.com\\\/wp-content\\\/uploads\\\/sites\\\/7\\\/2025\\\/12\\\/Gebr_Weiss_17.8.23.jpg\",\"articleSection\":[\"Forwarding &amp; Logistics\",\"Regions\"],\"inLanguage\":\"en-US\",\"potentialAction\":[{\"@type\":\"CommentAction\",\"name\":\"Comment\",\"target\":[\"https:\\\/\\\/loginfo24.com\\\/en\\\/2023\\\/08\\\/17\\\/gebruder-weiss-becomes-a-sponsor-of-spvgg-bayreuth\\\/#respond\"]}]},{\"@type\":\"WebPage\",\"@id\":\"https:\\\/\\\/loginfo24.com\\\/en\\\/2023\\\/08\\\/17\\\/gebruder-weiss-becomes-a-sponsor-of-spvgg-bayreuth\\\/\",\"url\":\"https:\\\/\\\/loginfo24.com\\\/en\\\/2023\\\/08\\\/17\\\/gebruder-weiss-becomes-a-sponsor-of-spvgg-bayreuth\\\/\",\"name\":\"Gebr\u00fcder Weiss becomes a sponsor of SpVgg Bayreuth - Loginfo24\",\"isPartOf\":{\"@id\":\"https:\\\/\\\/loginfo24.com\\\/en\\\/#website\"},\"primaryImageOfPage\":{\"@id\":\"https:\\\/\\\/loginfo24.com\\\/en\\\/2023\\\/08\\\/17\\\/gebruder-weiss-becomes-a-sponsor-of-spvgg-bayreuth\\\/#primaryimage\"},\"image\":{\"@id\":\"https:\\\/\\\/loginfo24.com\\\/en\\\/2023\\\/08\\\/17\\\/gebruder-weiss-becomes-a-sponsor-of-spvgg-bayreuth\\\/#primaryimage\"},\"thumbnailUrl\":\"https:\\\/\\\/loginfo24.com\\\/wp-content\\\/uploads\\\/sites\\\/7\\\/2025\\\/12\\\/Gebr_Weiss_17.8.23.jpg\",\"datePublished\":\"2023-08-17T12:44:13+00:00\",\"breadcrumb\":{\"@id\":\"https:\\\/\\\/loginfo24.com\\\/en\\\/2023\\\/08\\\/17\\\/gebruder-weiss-becomes-a-sponsor-of-spvgg-bayreuth\\\/#breadcrumb\"},\"inLanguage\":\"en-US\",\"potentialAction\":[{\"@type\":\"ReadAction\",\"target\":[\"https:\\\/\\\/loginfo24.com\\\/en\\\/2023\\\/08\\\/17\\\/gebruder-weiss-becomes-a-sponsor-of-spvgg-bayreuth\\\/\"]}]},{\"@type\":\"ImageObject\",\"inLanguage\":\"en-US\",\"@id\":\"https:\\\/\\\/loginfo24.com\\\/en\\\/2023\\\/08\\\/17\\\/gebruder-weiss-becomes-a-sponsor-of-spvgg-bayreuth\\\/#primaryimage\",\"url\":\"https:\\\/\\\/loginfo24.com\\\/wp-content\\\/uploads\\\/sites\\\/7\\\/2025\\\/12\\\/Gebr_Weiss_17.8.23.jpg\",\"contentUrl\":\"https:\\\/\\\/loginfo24.com\\\/wp-content\\\/uploads\\\/sites\\\/7\\\/2025\\\/12\\\/Gebr_Weiss_17.8.23.jpg\",\"width\":1250,\"height\":783},{\"@type\":\"BreadcrumbList\",\"@id\":\"https:\\\/\\\/loginfo24.com\\\/en\\\/2023\\\/08\\\/17\\\/gebruder-weiss-becomes-a-sponsor-of-spvgg-bayreuth\\\/#breadcrumb\",\"itemListElement\":[{\"@type\":\"ListItem\",\"position\":1,\"name\":\"Startseite\",\"item\":\"https:\\\/\\\/loginfo24.com\\\/en\\\/\"},{\"@type\":\"ListItem\",\"position\":2,\"name\":\"Gebr\u00fcder Weiss becomes a sponsor of SpVgg Bayreuth\"}]},{\"@type\":\"WebSite\",\"@id\":\"https:\\\/\\\/loginfo24.com\\\/en\\\/#website\",\"url\":\"https:\\\/\\\/loginfo24.com\\\/en\\\/\",\"name\":\"Loginfo24\",\"description\":\"Loginfo24 is the platform for logistics and supply chains, providing information around the clock.\",\"publisher\":{\"@id\":\"https:\\\/\\\/loginfo24.com\\\/en\\\/#organization\"},\"potentialAction\":[{\"@type\":\"SearchAction\",\"target\":{\"@type\":\"EntryPoint\",\"urlTemplate\":\"https:\\\/\\\/loginfo24.com\\\/en\\\/?s={search_term_string}\"},\"query-input\":{\"@type\":\"PropertyValueSpecification\",\"valueRequired\":true,\"valueName\":\"search_term_string\"}}],\"inLanguage\":\"en-US\"},{\"@type\":\"Organization\",\"@id\":\"https:\\\/\\\/loginfo24.com\\\/en\\\/#organization\",\"name\":\"Logismedia Group AG\",\"url\":\"https:\\\/\\\/loginfo24.com\\\/en\\\/\",\"logo\":{\"@type\":\"ImageObject\",\"inLanguage\":\"en-US\",\"@id\":\"https:\\\/\\\/loginfo24.com\\\/en\\\/#\\\/schema\\\/logo\\\/image\\\/\",\"url\":\"https:\\\/\\\/loginfo24.com\\\/wp-content\\\/uploads\\\/sites\\\/7\\\/2026\\\/01\\\/Logo_LogInfo24.png\",\"contentUrl\":\"https:\\\/\\\/loginfo24.com\\\/wp-content\\\/uploads\\\/sites\\\/7\\\/2026\\\/01\\\/Logo_LogInfo24.png\",\"width\":938,\"height\":351,\"caption\":\"Logismedia Group AG\"},\"image\":{\"@id\":\"https:\\\/\\\/loginfo24.com\\\/en\\\/#\\\/schema\\\/logo\\\/image\\\/\"},\"sameAs\":[\"https:\\\/\\\/www.facebook.com\\\/people\\\/Loginfo24\\\/100057360583332\\\/\",\"https:\\\/\\\/www.linkedin.com\\\/company\\\/lofinfo24\\\/\"]}]}<\/script>\n<!-- \/ Yoast SEO plugin. -->","yoast_head_json":{"title":"Gebr\u00fcder Weiss becomes a sponsor of SpVgg Bayreuth - Loginfo24","robots":{"index":"index","follow":"follow","max-snippet":"max-snippet:-1","max-image-preview":"max-image-preview:large","max-video-preview":"max-video-preview:-1"},"canonical":"https:\/\/loginfo24.com\/en\/2023\/08\/17\/gebruder-weiss-becomes-a-sponsor-of-spvgg-bayreuth\/","og_locale":"en_US","og_type":"article","og_title":"Gebr\u00fcder Weiss becomes a sponsor of SpVgg Bayreuth - Loginfo24","og_description":"Fans and spectators of the SpVgg Bayreuth will soon find a new color on the yellow-black jerseys of the &#8216;Altstadt&#8217;: orange with the letters GW. Behind [\u2026]","og_url":"https:\/\/loginfo24.com\/en\/2023\/08\/17\/gebruder-weiss-becomes-a-sponsor-of-spvgg-bayreuth\/","og_site_name":"Loginfo24","article_publisher":"https:\/\/www.facebook.com\/people\/Loginfo24\/100057360583332\/","article_published_time":"2023-08-17T12:44:13+00:00","og_image":[{"width":1250,"height":783,"url":"https:\/\/loginfo24.com\/wp-content\/uploads\/sites\/7\/2025\/12\/Gebr_Weiss_17.8.23.jpg","type":"image\/jpeg"}],"twitter_card":"summary_large_image","twitter_misc":{"Est. reading time":"2 minutes"},"schema":{"@context":"https:\/\/schema.org","@graph":[{"@type":"Article","@id":"https:\/\/loginfo24.com\/en\/2023\/08\/17\/gebruder-weiss-becomes-a-sponsor-of-spvgg-bayreuth\/#article","isPartOf":{"@id":"https:\/\/loginfo24.com\/en\/2023\/08\/17\/gebruder-weiss-becomes-a-sponsor-of-spvgg-bayreuth\/"},"author":{"name":"","@id":""},"headline":"Gebr\u00fcder Weiss becomes a sponsor of SpVgg Bayreuth","datePublished":"2023-08-17T12:44:13+00:00","mainEntityOfPage":{"@id":"https:\/\/loginfo24.com\/en\/2023\/08\/17\/gebruder-weiss-becomes-a-sponsor-of-spvgg-bayreuth\/"},"wordCount":351,"commentCount":0,"publisher":{"@id":"https:\/\/loginfo24.com\/en\/#organization"},"image":{"@id":"https:\/\/loginfo24.com\/en\/2023\/08\/17\/gebruder-weiss-becomes-a-sponsor-of-spvgg-bayreuth\/#primaryimage"},"thumbnailUrl":"https:\/\/loginfo24.com\/wp-content\/uploads\/sites\/7\/2025\/12\/Gebr_Weiss_17.8.23.jpg","articleSection":["Forwarding &amp; Logistics","Regions"],"inLanguage":"en-US","potentialAction":[{"@type":"CommentAction","name":"Comment","target":["https:\/\/loginfo24.com\/en\/2023\/08\/17\/gebruder-weiss-becomes-a-sponsor-of-spvgg-bayreuth\/#respond"]}]},{"@type":"WebPage","@id":"https:\/\/loginfo24.com\/en\/2023\/08\/17\/gebruder-weiss-becomes-a-sponsor-of-spvgg-bayreuth\/","url":"https:\/\/loginfo24.com\/en\/2023\/08\/17\/gebruder-weiss-becomes-a-sponsor-of-spvgg-bayreuth\/","name":"Gebr\u00fcder Weiss becomes a sponsor of SpVgg Bayreuth - Loginfo24","isPartOf":{"@id":"https:\/\/loginfo24.com\/en\/#website"},"primaryImageOfPage":{"@id":"https:\/\/loginfo24.com\/en\/2023\/08\/17\/gebruder-weiss-becomes-a-sponsor-of-spvgg-bayreuth\/#primaryimage"},"image":{"@id":"https:\/\/loginfo24.com\/en\/2023\/08\/17\/gebruder-weiss-becomes-a-sponsor-of-spvgg-bayreuth\/#primaryimage"},"thumbnailUrl":"https:\/\/loginfo24.com\/wp-content\/uploads\/sites\/7\/2025\/12\/Gebr_Weiss_17.8.23.jpg","datePublished":"2023-08-17T12:44:13+00:00","breadcrumb":{"@id":"https:\/\/loginfo24.com\/en\/2023\/08\/17\/gebruder-weiss-becomes-a-sponsor-of-spvgg-bayreuth\/#breadcrumb"},"inLanguage":"en-US","potentialAction":[{"@type":"ReadAction","target":["https:\/\/loginfo24.com\/en\/2023\/08\/17\/gebruder-weiss-becomes-a-sponsor-of-spvgg-bayreuth\/"]}]},{"@type":"ImageObject","inLanguage":"en-US","@id":"https:\/\/loginfo24.com\/en\/2023\/08\/17\/gebruder-weiss-becomes-a-sponsor-of-spvgg-bayreuth\/#primaryimage","url":"https:\/\/loginfo24.com\/wp-content\/uploads\/sites\/7\/2025\/12\/Gebr_Weiss_17.8.23.jpg","contentUrl":"https:\/\/loginfo24.com\/wp-content\/uploads\/sites\/7\/2025\/12\/Gebr_Weiss_17.8.23.jpg","width":1250,"height":783},{"@type":"BreadcrumbList","@id":"https:\/\/loginfo24.com\/en\/2023\/08\/17\/gebruder-weiss-becomes-a-sponsor-of-spvgg-bayreuth\/#breadcrumb","itemListElement":[{"@type":"ListItem","position":1,"name":"Startseite","item":"https:\/\/loginfo24.com\/en\/"},{"@type":"ListItem","position":2,"name":"Gebr\u00fcder Weiss becomes a sponsor of SpVgg Bayreuth"}]},{"@type":"WebSite","@id":"https:\/\/loginfo24.com\/en\/#website","url":"https:\/\/loginfo24.com\/en\/","name":"Loginfo24","description":"Loginfo24 is the platform for logistics and supply chains, providing information around the clock.","publisher":{"@id":"https:\/\/loginfo24.com\/en\/#organization"},"potentialAction":[{"@type":"SearchAction","target":{"@type":"EntryPoint","urlTemplate":"https:\/\/loginfo24.com\/en\/?s={search_term_string}"},"query-input":{"@type":"PropertyValueSpecification","valueRequired":true,"valueName":"search_term_string"}}],"inLanguage":"en-US"},{"@type":"Organization","@id":"https:\/\/loginfo24.com\/en\/#organization","name":"Logismedia Group AG","url":"https:\/\/loginfo24.com\/en\/","logo":{"@type":"ImageObject","inLanguage":"en-US","@id":"https:\/\/loginfo24.com\/en\/#\/schema\/logo\/image\/","url":"https:\/\/loginfo24.com\/wp-content\/uploads\/sites\/7\/2026\/01\/Logo_LogInfo24.png","contentUrl":"https:\/\/loginfo24.com\/wp-content\/uploads\/sites\/7\/2026\/01\/Logo_LogInfo24.png","width":938,"height":351,"caption":"Logismedia Group AG"},"image":{"@id":"https:\/\/loginfo24.com\/en\/#\/schema\/logo\/image\/"},"sameAs":["https:\/\/www.facebook.com\/people\/Loginfo24\/100057360583332\/","https:\/\/www.linkedin.com\/company\/lofinfo24\/"]}]}},"_links":{"self":[{"href":"https:\/\/loginfo24.com\/en\/wp-json\/wp\/v2\/posts\/62329","targetHints":{"allow":["GET"]}}],"collection":[{"href":"https:\/\/loginfo24.com\/en\/wp-json\/wp\/v2\/posts"}],"about":[{"href":"https:\/\/loginfo24.com\/en\/wp-json\/wp\/v2\/types\/post"}],"replies":[{"embeddable":true,"href":"https:\/\/loginfo24.com\/en\/wp-json\/wp\/v2\/comments?post=62329"}],"version-history":[{"count":0,"href":"https:\/\/loginfo24.com\/en\/wp-json\/wp\/v2\/posts\/62329\/revisions"}],"wp:featuredmedia":[{"embeddable":true,"href":"https:\/\/loginfo24.com\/en\/wp-json\/wp\/v2\/media\/7740"}],"wp:attachment":[{"href":"https:\/\/loginfo24.com\/en\/wp-json\/wp\/v2\/media?parent=62329"}],"wp:term":[{"taxonomy":"category","embeddable":true,"href":"https:\/\/loginfo24.com\/en\/wp-json\/wp\/v2\/categories?post=62329"},{"taxonomy":"post_tag","embeddable":true,"href":"https:\/\/loginfo24.com\/en\/wp-json\/wp\/v2\/tags?post=62329"}],"curies":[{"name":"wp","href":"https:\/\/api.w.org\/{rel}","templated":true}]}}