{"id":59279,"date":"2022-11-06T10:43:58","date_gmt":"2022-11-06T09:43:58","guid":{"rendered":"https:\/\/blog.brand-architecture.at\/2022\/11\/06\/gebruder-weiss-becomes-a-funding-partner-of-the-dav-in-bremen\/"},"modified":"2022-11-06T10:43:58","modified_gmt":"2022-11-06T09:43:58","slug":"gebruder-weiss-becomes-a-funding-partner-of-the-dav-in-bremen","status":"publish","type":"post","link":"https:\/\/loginfo24.com\/en\/2022\/11\/06\/gebruder-weiss-becomes-a-funding-partner-of-the-dav-in-bremen\/","title":{"rendered":"Gebr\u00fcder Weiss becomes a funding partner of the DAV in Bremen"},"content":{"rendered":"<h5>The international transport and logistics service provider Gebr\u00fcder Weiss is the new official sponsor of the German Academy of Foreign Trade and Transport (DAV) in Bremen. The partnership, initially set for three years, was sealed on November 2 at the DAV campus. As an active funding partner, Gebr\u00fcder Weiss will participate in the DAV&#8217;s teaching program with practical topics and support students with their semester and final theses.<\/h5>\n<p>(Lauterach\/Bremen) As part of the partnership, experts from Gebr\u00fcder Weiss will come into contact with young people who have already gained work experience before starting their studies and wish to deepen their logistics knowledge. &#8220;We want to inspire these individuals to join our company by showing them through practical tasks how versatile the logistics business is,&#8221; explains Lothar Thoma, Managing Director Air &amp; Sea at Gebr\u00fcder Weiss. He mentioned core topics of the company such as supply chain management, digitalization of supply chains, and sustainability in logistics as examples.<\/p>\n<p>&#8220;We warmly welcome Gebr\u00fcder Weiss to the DAV&#8217;s funding circle. Thanks to our partner companies, our teaching content remains up-to-date, and our students can ideally prepare for their further professional careers,&#8221; says Thomas Zink, program director of the DAV.<\/p>\n<h5>Kick-off event on the topic of &#8216;Mobility of the Future&#8217;<\/h5>\n<p>For the kick-off event in a seminar room designed by Gebr\u00fcder Weiss on the topic of &#8216;Mobility of the Future&#8217;, high-ranking company representatives traveled to Bremen. Among them were Lothar Thoma, Johannes Trautmann, Country Manager Air &amp; Sea Germany, and Werner Dettenthaler, Managing Director Land Transport Germany. For Gebr\u00fcder Weiss, the funding partnership is also a home game. The Bremen location, with 68 employees, plays an important role in the global Air &amp; Sea network.<\/p>\n<p>Photo: \u00a9 DAV\/Jan Meier \/ <em><strong>Image caption: <\/strong> At the start of the funding partnership, representatives of the DAV and Gebr\u00fcder Weiss meet in a newly designed classroom at the DAV campus (from l. to r.): Werner Dettenthaler, Managing Director Land Transport Germany at Gebr\u00fcder Weiss, DAV program director Thomas Zink, Lothar Thoma, Managing Director Air &amp; Sea at Gebr\u00fcder Weiss, and Johannes Trautmann, Country Manager Air &amp; Sea Germany at Gebr\u00fcder Weiss<\/em><\/p>\n","protected":false},"excerpt":{"rendered":"<p>The international transport and logistics service provider Gebr\u00fcder Weiss is the new official sponsor of the German Academy of Foreign Trade and Transport (DAV) in Bremen.<span class=\"excerpt-hellip\"> [\u2026]<\/span><\/p>\n","protected":false},"author":0,"featured_media":9046,"comment_status":"open","ping_status":"open","sticky":false,"template":"","format":"standard","meta":{"_acf_changed":false,"footnotes":""},"categories":[1557,1561],"tags":[],"class_list":["post-59279","post","type-post","status-publish","format-standard","has-post-thumbnail","hentry","category-forwarding-logistics","category-regions"],"acf":[],"yoast_head":"<!-- This site is optimized with the Yoast SEO plugin v27.3 - https:\/\/yoast.com\/product\/yoast-seo-wordpress\/ -->\n<title>Gebr\u00fcder Weiss becomes a funding partner of the DAV in Bremen - Loginfo24<\/title>\n<meta name=\"robots\" content=\"index, follow, max-snippet:-1, max-image-preview:large, max-video-preview:-1\" \/>\n<link rel=\"canonical\" href=\"https:\/\/loginfo24.com\/en\/2022\/11\/06\/gebruder-weiss-becomes-a-funding-partner-of-the-dav-in-bremen\/\" \/>\n<meta property=\"og:locale\" content=\"en_US\" \/>\n<meta property=\"og:type\" content=\"article\" \/>\n<meta property=\"og:title\" content=\"Gebr\u00fcder Weiss becomes a funding partner of the DAV in Bremen - Loginfo24\" \/>\n<meta property=\"og:description\" content=\"The international transport and logistics service provider Gebr\u00fcder Weiss is the new official sponsor of the German Academy of Foreign Trade and Transport (DAV) in Bremen. [\u2026]\" \/>\n<meta property=\"og:url\" content=\"https:\/\/loginfo24.com\/en\/2022\/11\/06\/gebruder-weiss-becomes-a-funding-partner-of-the-dav-in-bremen\/\" \/>\n<meta property=\"og:site_name\" content=\"Loginfo24\" \/>\n<meta property=\"article:publisher\" content=\"https:\/\/www.facebook.com\/people\/Loginfo24\/100057360583332\/\" \/>\n<meta property=\"article:published_time\" content=\"2022-11-06T09:43:58+00:00\" \/>\n<meta property=\"og:image\" content=\"https:\/\/loginfo24.com\/wp-content\/uploads\/sites\/7\/2025\/12\/Gebr_Weiss_6.11.22.jpg\" \/>\n\t<meta property=\"og:image:width\" content=\"1281\" \/>\n\t<meta property=\"og:image:height\" content=\"766\" \/>\n\t<meta property=\"og:image:type\" content=\"image\/jpeg\" \/>\n<meta name=\"twitter:card\" content=\"summary_large_image\" \/>\n<meta name=\"twitter:label1\" content=\"Est. reading time\" \/>\n\t<meta name=\"twitter:data1\" content=\"2 minutes\" \/>\n<script type=\"application\/ld+json\" class=\"yoast-schema-graph\">{\"@context\":\"https:\\\/\\\/schema.org\",\"@graph\":[{\"@type\":\"Article\",\"@id\":\"https:\\\/\\\/loginfo24.com\\\/en\\\/2022\\\/11\\\/06\\\/gebruder-weiss-becomes-a-funding-partner-of-the-dav-in-bremen\\\/#article\",\"isPartOf\":{\"@id\":\"https:\\\/\\\/loginfo24.com\\\/en\\\/2022\\\/11\\\/06\\\/gebruder-weiss-becomes-a-funding-partner-of-the-dav-in-bremen\\\/\"},\"author\":{\"name\":\"\",\"@id\":\"\"},\"headline\":\"Gebr\u00fcder Weiss becomes a funding partner of the DAV in Bremen\",\"datePublished\":\"2022-11-06T09:43:58+00:00\",\"mainEntityOfPage\":{\"@id\":\"https:\\\/\\\/loginfo24.com\\\/en\\\/2022\\\/11\\\/06\\\/gebruder-weiss-becomes-a-funding-partner-of-the-dav-in-bremen\\\/\"},\"wordCount\":376,\"commentCount\":0,\"publisher\":{\"@id\":\"https:\\\/\\\/loginfo24.com\\\/en\\\/#organization\"},\"image\":{\"@id\":\"https:\\\/\\\/loginfo24.com\\\/en\\\/2022\\\/11\\\/06\\\/gebruder-weiss-becomes-a-funding-partner-of-the-dav-in-bremen\\\/#primaryimage\"},\"thumbnailUrl\":\"https:\\\/\\\/loginfo24.com\\\/wp-content\\\/uploads\\\/sites\\\/7\\\/2025\\\/12\\\/Gebr_Weiss_6.11.22.jpg\",\"articleSection\":[\"Forwarding &amp; Logistics\",\"Regions\"],\"inLanguage\":\"en-US\",\"potentialAction\":[{\"@type\":\"CommentAction\",\"name\":\"Comment\",\"target\":[\"https:\\\/\\\/loginfo24.com\\\/en\\\/2022\\\/11\\\/06\\\/gebruder-weiss-becomes-a-funding-partner-of-the-dav-in-bremen\\\/#respond\"]}]},{\"@type\":\"WebPage\",\"@id\":\"https:\\\/\\\/loginfo24.com\\\/en\\\/2022\\\/11\\\/06\\\/gebruder-weiss-becomes-a-funding-partner-of-the-dav-in-bremen\\\/\",\"url\":\"https:\\\/\\\/loginfo24.com\\\/en\\\/2022\\\/11\\\/06\\\/gebruder-weiss-becomes-a-funding-partner-of-the-dav-in-bremen\\\/\",\"name\":\"Gebr\u00fcder Weiss becomes a funding partner of the DAV in Bremen - Loginfo24\",\"isPartOf\":{\"@id\":\"https:\\\/\\\/loginfo24.com\\\/en\\\/#website\"},\"primaryImageOfPage\":{\"@id\":\"https:\\\/\\\/loginfo24.com\\\/en\\\/2022\\\/11\\\/06\\\/gebruder-weiss-becomes-a-funding-partner-of-the-dav-in-bremen\\\/#primaryimage\"},\"image\":{\"@id\":\"https:\\\/\\\/loginfo24.com\\\/en\\\/2022\\\/11\\\/06\\\/gebruder-weiss-becomes-a-funding-partner-of-the-dav-in-bremen\\\/#primaryimage\"},\"thumbnailUrl\":\"https:\\\/\\\/loginfo24.com\\\/wp-content\\\/uploads\\\/sites\\\/7\\\/2025\\\/12\\\/Gebr_Weiss_6.11.22.jpg\",\"datePublished\":\"2022-11-06T09:43:58+00:00\",\"breadcrumb\":{\"@id\":\"https:\\\/\\\/loginfo24.com\\\/en\\\/2022\\\/11\\\/06\\\/gebruder-weiss-becomes-a-funding-partner-of-the-dav-in-bremen\\\/#breadcrumb\"},\"inLanguage\":\"en-US\",\"potentialAction\":[{\"@type\":\"ReadAction\",\"target\":[\"https:\\\/\\\/loginfo24.com\\\/en\\\/2022\\\/11\\\/06\\\/gebruder-weiss-becomes-a-funding-partner-of-the-dav-in-bremen\\\/\"]}]},{\"@type\":\"ImageObject\",\"inLanguage\":\"en-US\",\"@id\":\"https:\\\/\\\/loginfo24.com\\\/en\\\/2022\\\/11\\\/06\\\/gebruder-weiss-becomes-a-funding-partner-of-the-dav-in-bremen\\\/#primaryimage\",\"url\":\"https:\\\/\\\/loginfo24.com\\\/wp-content\\\/uploads\\\/sites\\\/7\\\/2025\\\/12\\\/Gebr_Weiss_6.11.22.jpg\",\"contentUrl\":\"https:\\\/\\\/loginfo24.com\\\/wp-content\\\/uploads\\\/sites\\\/7\\\/2025\\\/12\\\/Gebr_Weiss_6.11.22.jpg\",\"width\":1281,\"height\":766},{\"@type\":\"BreadcrumbList\",\"@id\":\"https:\\\/\\\/loginfo24.com\\\/en\\\/2022\\\/11\\\/06\\\/gebruder-weiss-becomes-a-funding-partner-of-the-dav-in-bremen\\\/#breadcrumb\",\"itemListElement\":[{\"@type\":\"ListItem\",\"position\":1,\"name\":\"Startseite\",\"item\":\"https:\\\/\\\/loginfo24.com\\\/en\\\/\"},{\"@type\":\"ListItem\",\"position\":2,\"name\":\"Gebr\u00fcder Weiss becomes a funding partner of the DAV in Bremen\"}]},{\"@type\":\"WebSite\",\"@id\":\"https:\\\/\\\/loginfo24.com\\\/en\\\/#website\",\"url\":\"https:\\\/\\\/loginfo24.com\\\/en\\\/\",\"name\":\"Loginfo24\",\"description\":\"Loginfo24 is the platform for logistics and supply chains, providing information around the clock.\",\"publisher\":{\"@id\":\"https:\\\/\\\/loginfo24.com\\\/en\\\/#organization\"},\"potentialAction\":[{\"@type\":\"SearchAction\",\"target\":{\"@type\":\"EntryPoint\",\"urlTemplate\":\"https:\\\/\\\/loginfo24.com\\\/en\\\/?s={search_term_string}\"},\"query-input\":{\"@type\":\"PropertyValueSpecification\",\"valueRequired\":true,\"valueName\":\"search_term_string\"}}],\"inLanguage\":\"en-US\"},{\"@type\":\"Organization\",\"@id\":\"https:\\\/\\\/loginfo24.com\\\/en\\\/#organization\",\"name\":\"Logismedia Group AG\",\"url\":\"https:\\\/\\\/loginfo24.com\\\/en\\\/\",\"logo\":{\"@type\":\"ImageObject\",\"inLanguage\":\"en-US\",\"@id\":\"https:\\\/\\\/loginfo24.com\\\/en\\\/#\\\/schema\\\/logo\\\/image\\\/\",\"url\":\"https:\\\/\\\/loginfo24.com\\\/wp-content\\\/uploads\\\/sites\\\/7\\\/2026\\\/01\\\/Logo_LogInfo24.png\",\"contentUrl\":\"https:\\\/\\\/loginfo24.com\\\/wp-content\\\/uploads\\\/sites\\\/7\\\/2026\\\/01\\\/Logo_LogInfo24.png\",\"width\":938,\"height\":351,\"caption\":\"Logismedia Group AG\"},\"image\":{\"@id\":\"https:\\\/\\\/loginfo24.com\\\/en\\\/#\\\/schema\\\/logo\\\/image\\\/\"},\"sameAs\":[\"https:\\\/\\\/www.facebook.com\\\/people\\\/Loginfo24\\\/100057360583332\\\/\",\"https:\\\/\\\/www.linkedin.com\\\/company\\\/lofinfo24\\\/\"]}]}<\/script>\n<!-- \/ Yoast SEO plugin. -->","yoast_head_json":{"title":"Gebr\u00fcder Weiss becomes a funding partner of the DAV in Bremen - Loginfo24","robots":{"index":"index","follow":"follow","max-snippet":"max-snippet:-1","max-image-preview":"max-image-preview:large","max-video-preview":"max-video-preview:-1"},"canonical":"https:\/\/loginfo24.com\/en\/2022\/11\/06\/gebruder-weiss-becomes-a-funding-partner-of-the-dav-in-bremen\/","og_locale":"en_US","og_type":"article","og_title":"Gebr\u00fcder Weiss becomes a funding partner of the DAV in Bremen - Loginfo24","og_description":"The international transport and logistics service provider Gebr\u00fcder Weiss is the new official sponsor of the German Academy of Foreign Trade and Transport (DAV) in Bremen. [\u2026]","og_url":"https:\/\/loginfo24.com\/en\/2022\/11\/06\/gebruder-weiss-becomes-a-funding-partner-of-the-dav-in-bremen\/","og_site_name":"Loginfo24","article_publisher":"https:\/\/www.facebook.com\/people\/Loginfo24\/100057360583332\/","article_published_time":"2022-11-06T09:43:58+00:00","og_image":[{"width":1281,"height":766,"url":"https:\/\/loginfo24.com\/wp-content\/uploads\/sites\/7\/2025\/12\/Gebr_Weiss_6.11.22.jpg","type":"image\/jpeg"}],"twitter_card":"summary_large_image","twitter_misc":{"Est. reading time":"2 minutes"},"schema":{"@context":"https:\/\/schema.org","@graph":[{"@type":"Article","@id":"https:\/\/loginfo24.com\/en\/2022\/11\/06\/gebruder-weiss-becomes-a-funding-partner-of-the-dav-in-bremen\/#article","isPartOf":{"@id":"https:\/\/loginfo24.com\/en\/2022\/11\/06\/gebruder-weiss-becomes-a-funding-partner-of-the-dav-in-bremen\/"},"author":{"name":"","@id":""},"headline":"Gebr\u00fcder Weiss becomes a funding partner of the DAV in Bremen","datePublished":"2022-11-06T09:43:58+00:00","mainEntityOfPage":{"@id":"https:\/\/loginfo24.com\/en\/2022\/11\/06\/gebruder-weiss-becomes-a-funding-partner-of-the-dav-in-bremen\/"},"wordCount":376,"commentCount":0,"publisher":{"@id":"https:\/\/loginfo24.com\/en\/#organization"},"image":{"@id":"https:\/\/loginfo24.com\/en\/2022\/11\/06\/gebruder-weiss-becomes-a-funding-partner-of-the-dav-in-bremen\/#primaryimage"},"thumbnailUrl":"https:\/\/loginfo24.com\/wp-content\/uploads\/sites\/7\/2025\/12\/Gebr_Weiss_6.11.22.jpg","articleSection":["Forwarding &amp; Logistics","Regions"],"inLanguage":"en-US","potentialAction":[{"@type":"CommentAction","name":"Comment","target":["https:\/\/loginfo24.com\/en\/2022\/11\/06\/gebruder-weiss-becomes-a-funding-partner-of-the-dav-in-bremen\/#respond"]}]},{"@type":"WebPage","@id":"https:\/\/loginfo24.com\/en\/2022\/11\/06\/gebruder-weiss-becomes-a-funding-partner-of-the-dav-in-bremen\/","url":"https:\/\/loginfo24.com\/en\/2022\/11\/06\/gebruder-weiss-becomes-a-funding-partner-of-the-dav-in-bremen\/","name":"Gebr\u00fcder Weiss becomes a funding partner of the DAV in Bremen - Loginfo24","isPartOf":{"@id":"https:\/\/loginfo24.com\/en\/#website"},"primaryImageOfPage":{"@id":"https:\/\/loginfo24.com\/en\/2022\/11\/06\/gebruder-weiss-becomes-a-funding-partner-of-the-dav-in-bremen\/#primaryimage"},"image":{"@id":"https:\/\/loginfo24.com\/en\/2022\/11\/06\/gebruder-weiss-becomes-a-funding-partner-of-the-dav-in-bremen\/#primaryimage"},"thumbnailUrl":"https:\/\/loginfo24.com\/wp-content\/uploads\/sites\/7\/2025\/12\/Gebr_Weiss_6.11.22.jpg","datePublished":"2022-11-06T09:43:58+00:00","breadcrumb":{"@id":"https:\/\/loginfo24.com\/en\/2022\/11\/06\/gebruder-weiss-becomes-a-funding-partner-of-the-dav-in-bremen\/#breadcrumb"},"inLanguage":"en-US","potentialAction":[{"@type":"ReadAction","target":["https:\/\/loginfo24.com\/en\/2022\/11\/06\/gebruder-weiss-becomes-a-funding-partner-of-the-dav-in-bremen\/"]}]},{"@type":"ImageObject","inLanguage":"en-US","@id":"https:\/\/loginfo24.com\/en\/2022\/11\/06\/gebruder-weiss-becomes-a-funding-partner-of-the-dav-in-bremen\/#primaryimage","url":"https:\/\/loginfo24.com\/wp-content\/uploads\/sites\/7\/2025\/12\/Gebr_Weiss_6.11.22.jpg","contentUrl":"https:\/\/loginfo24.com\/wp-content\/uploads\/sites\/7\/2025\/12\/Gebr_Weiss_6.11.22.jpg","width":1281,"height":766},{"@type":"BreadcrumbList","@id":"https:\/\/loginfo24.com\/en\/2022\/11\/06\/gebruder-weiss-becomes-a-funding-partner-of-the-dav-in-bremen\/#breadcrumb","itemListElement":[{"@type":"ListItem","position":1,"name":"Startseite","item":"https:\/\/loginfo24.com\/en\/"},{"@type":"ListItem","position":2,"name":"Gebr\u00fcder Weiss becomes a funding partner of the DAV in Bremen"}]},{"@type":"WebSite","@id":"https:\/\/loginfo24.com\/en\/#website","url":"https:\/\/loginfo24.com\/en\/","name":"Loginfo24","description":"Loginfo24 is the platform for logistics and supply chains, providing information around the clock.","publisher":{"@id":"https:\/\/loginfo24.com\/en\/#organization"},"potentialAction":[{"@type":"SearchAction","target":{"@type":"EntryPoint","urlTemplate":"https:\/\/loginfo24.com\/en\/?s={search_term_string}"},"query-input":{"@type":"PropertyValueSpecification","valueRequired":true,"valueName":"search_term_string"}}],"inLanguage":"en-US"},{"@type":"Organization","@id":"https:\/\/loginfo24.com\/en\/#organization","name":"Logismedia Group AG","url":"https:\/\/loginfo24.com\/en\/","logo":{"@type":"ImageObject","inLanguage":"en-US","@id":"https:\/\/loginfo24.com\/en\/#\/schema\/logo\/image\/","url":"https:\/\/loginfo24.com\/wp-content\/uploads\/sites\/7\/2026\/01\/Logo_LogInfo24.png","contentUrl":"https:\/\/loginfo24.com\/wp-content\/uploads\/sites\/7\/2026\/01\/Logo_LogInfo24.png","width":938,"height":351,"caption":"Logismedia Group AG"},"image":{"@id":"https:\/\/loginfo24.com\/en\/#\/schema\/logo\/image\/"},"sameAs":["https:\/\/www.facebook.com\/people\/Loginfo24\/100057360583332\/","https:\/\/www.linkedin.com\/company\/lofinfo24\/"]}]}},"_links":{"self":[{"href":"https:\/\/loginfo24.com\/en\/wp-json\/wp\/v2\/posts\/59279","targetHints":{"allow":["GET"]}}],"collection":[{"href":"https:\/\/loginfo24.com\/en\/wp-json\/wp\/v2\/posts"}],"about":[{"href":"https:\/\/loginfo24.com\/en\/wp-json\/wp\/v2\/types\/post"}],"replies":[{"embeddable":true,"href":"https:\/\/loginfo24.com\/en\/wp-json\/wp\/v2\/comments?post=59279"}],"version-history":[{"count":0,"href":"https:\/\/loginfo24.com\/en\/wp-json\/wp\/v2\/posts\/59279\/revisions"}],"wp:featuredmedia":[{"embeddable":true,"href":"https:\/\/loginfo24.com\/en\/wp-json\/wp\/v2\/media\/9046"}],"wp:attachment":[{"href":"https:\/\/loginfo24.com\/en\/wp-json\/wp\/v2\/media?parent=59279"}],"wp:term":[{"taxonomy":"category","embeddable":true,"href":"https:\/\/loginfo24.com\/en\/wp-json\/wp\/v2\/categories?post=59279"},{"taxonomy":"post_tag","embeddable":true,"href":"https:\/\/loginfo24.com\/en\/wp-json\/wp\/v2\/tags?post=59279"}],"curies":[{"name":"wp","href":"https:\/\/api.w.org\/{rel}","templated":true}]}}