{"id":58644,"date":"2022-09-22T19:02:28","date_gmt":"2022-09-22T17:02:28","guid":{"rendered":"https:\/\/blog.brand-architecture.at\/2022\/09\/22\/urs-grutter-and-gustav-thommen-inducted-into-hall-of-fame\/"},"modified":"2022-09-22T19:02:28","modified_gmt":"2022-09-22T17:02:28","slug":"urs-grutter-and-gustav-thommen-inducted-into-hall-of-fame","status":"publish","type":"post","link":"https:\/\/loginfo24.com\/en\/2022\/09\/22\/urs-grutter-and-gustav-thommen-inducted-into-hall-of-fame\/","title":{"rendered":"Urs Gr\u00fctter and Gustav Thommen Inducted into Hall of Fame"},"content":{"rendered":"<h5><strong>On the occasion of the 7th charity gala Swiss Supply Chain Hall of Fame, Urs Gr\u00fctter, owner and CEO of St\u00f6cklin Logistik AG, was ceremoniously inducted as the 16th member into the Swiss Logistics Hall of Fame on September 21, 2022, at the Swiss Transport Museum &#8211; in the presence of 300 invited guests. Jury representative Dr. Peter Ac\u00e9l presented the honorary certificates.<\/strong><\/h5>\n<p>(Lucerne) The presenter, National Councilor and President of the Chamber of Commerce of both Basels, Elisabeth Schneider-Schneiter, honored Urs Gr\u00fctter as a person who has developed St\u00f6cklin Logistik AG into a leading global provider of sophisticated logistics systems. Since 1934, the Swiss St\u00f6cklin Group has been a competent partner worldwide for innovative and customized logistics solutions. As an internationally experienced system integrator of intralogistics systems, St\u00f6cklin supports its customers from planning and project development to the delivery of turnkey complete systems in the field of warehouse logistics &amp; automated warehouse management. With its predominantly self-developed and produced systems and products, the company is able to offer conveying and storage systems for various load carriers as well as industrial trucks, which help to strengthen the competitiveness of its customers in the long term and sustainably. The company is currently successfully operating with various subsidiaries abroad and employs 450 staff, over three hundred of whom are in Switzerland alone.<\/p>\n<p>Patrick Geisselhardt, Managing Director of the Swiss Recycling umbrella organization, posthumously honored Gustav Thommen (1905-1988) as the 15th member. This election was officially announced in the spring. Gustav Thommen is considered a Swiss recycling pioneer. The scrap trading company he opened in Basel in 1936 was the nucleus for the development of a modern and forward-looking business model that placed the recycling of raw materials and the raw material cycle at its center. At the same time, it was the origin of an internationally successful corporate group. The Thommen Group today consists of the brands Thommen, Metallum, and Immark, is active internationally at 25 locations in five countries, and employs around 650 staff worldwide.<\/p>\n<div id=\"attachment_21073\" style=\"width: 669px\" class=\"wp-caption alignnone\"><img loading=\"lazy\" decoding=\"async\" aria-describedby=\"caption-attachment-21073\" class=\"wp-image-21073 size-full\" src=\"https:\/\/loginfo24.com\/wp-content\/uploads\/sites\/7\/2025\/12\/Hall_of_Fame_22.9.22_2.jpg\" alt=\"\" width=\"659\" height=\"822\" \/><p id=\"caption-attachment-21073\" class=\"wp-caption-text\">Gustav Thommen<\/p><\/div>\n<h5><strong>Gala proceeds for two charitable projects<\/strong><\/h5>\n<p>The President of the Logistics Switzerland Foundation, Dr. Beat M. Duerler, invited the honorary members former Federal Councilor Adolf Ogi and Roland Brack to the stage for a lively talk. The foundation supports two charitable projects with this year&#8217;s gala proceeds: On one hand, the project &#8220;Training in Logistics 2.0 and Deliveries&#8221; by the organization &#8220;r\u00e9alise&#8221; in Geneva. For over 35 years, this organization has successfully trained applicants with little or no qualifications in various industries with high labor intensity. It is a pioneer in Switzerland in developing short and tailored training programs for various employment sectors and trains between 50 and 70 people in the logistics sector each year.<\/p>\n<h5><strong>Support from the Swiss Supply umbrella organization<\/strong><\/h5>\n<p>On the other hand, the initiative &#8220;National Image Campaign for Supply Logistics Transport&#8221; of the new support association Swiss Supply is being supported. This aims to improve the awareness and reputation of our supply services in the public eye and especially among young people. Targeted joint measures are being taken against the shortage of skilled workers in our important system-relevant economic sector.<\/p>\n<h5><strong>About the Swiss Supply Chain Hall of Fame<\/strong><\/h5>\n<p>The initiator and organizer of the Swiss Supply Chain Hall of Fame is the Logistics Switzerland Foundation. Its purpose is to support the professional development of individuals in the fields of supply, logistics, purchasing, as well as freight forwarding, transport, and traffic.<\/p>\n<p>Since 2015, the Logistics Switzerland Foundation has been honoring outstanding individuals who have achieved above-average accomplishments in logistics, supply chain, and\/or transport issues in Switzerland with the Swiss Supply Chain Hall of Fame. This hall of fame is virtual and can be accessed online at any time via <a href=\"https:\/\/www.shof.ch\" target=\"_blank\" rel=\"noopener\">www.shof.ch<\/a> and has also been presented as a &#8220;Wall of Fame&#8221; at the Swiss Transport Museum in Lucerne since 2020. The previous members of the Swiss Supply Chain Hall of Fame include: Alfred Escher (1819 \u2013 1882), Hansheinrich Zweifel (1933 &#8211; 2020), Alfred Waldis (1919 \u2013 2013), Hans Bertschi (1929 &#8211; 2016), Rolf Bertschi, Hans-Rudolf Haldimann (1919-1998), former Federal Councilor Adolf Ogi, Louis Danzas (1788 \u2013 1862), Emile Jules Danzas (1836 \u2013 1917), Helene and Peter Galliker Senior, Gottlieb Duttweiler (1888-1962), Walter Mittelholzer (1894-1937), Roland Brack, Gustav Thommen (1905 &#8211; 1988), and Urs Gr\u00fctter.<\/p>\n<p>The nomination committee and the jury decide on the induction into the Swiss Supply Chain Hall of Fame during an annual election cycle.<\/p>\n<h5><strong>For more information visit: <\/strong><\/h5>\n<p><a href=\"https:\/\/www.shof.ch\" target=\"_blank\" rel=\"noopener\">www.shof.ch<\/a> and <a href=\"https:\/\/www.stiftunglogistik.ch\" target=\"_blank\" rel=\"noopener\">www.stiftunglogistik.ch<\/a><\/p>\n<p>Photos: \u00a9 by leistungsfotografie.ch\/mr \/ <strong><em>Image caption<\/em><\/strong><em><strong> Title photo<\/strong> (l.r.n.l.): Presenter and National Councilor Elisabeth Schneider-Schneiter, Urs Gr\u00fctter, Dr. Peter Ac\u00e9l, Swiss Supply Chain Hall of Fame<\/em><\/p>\n","protected":false},"excerpt":{"rendered":"<p>On the occasion of the 7th charity gala Swiss Supply Chain Hall of Fame, Urs Gr\u00fctter, owner and CEO of St\u00f6cklin Logistik AG, was ceremoniously inducted<span class=\"excerpt-hellip\"> [\u2026]<\/span><\/p>\n","protected":false},"author":0,"featured_media":9310,"comment_status":"open","ping_status":"open","sticky":false,"template":"","format":"standard","meta":{"_acf_changed":false,"footnotes":""},"categories":[1557,1561],"tags":[],"class_list":["post-58644","post","type-post","status-publish","format-standard","has-post-thumbnail","hentry","category-forwarding-logistics","category-regions"],"acf":[],"yoast_head":"<!-- This site is optimized with the Yoast SEO plugin v27.3 - https:\/\/yoast.com\/product\/yoast-seo-wordpress\/ -->\n<title>Urs Gr\u00fctter and Gustav Thommen Inducted into Hall of Fame - Loginfo24<\/title>\n<meta name=\"robots\" content=\"index, follow, max-snippet:-1, max-image-preview:large, max-video-preview:-1\" \/>\n<link rel=\"canonical\" href=\"https:\/\/loginfo24.com\/en\/2022\/09\/22\/urs-grutter-and-gustav-thommen-inducted-into-hall-of-fame\/\" \/>\n<meta property=\"og:locale\" content=\"en_US\" \/>\n<meta property=\"og:type\" content=\"article\" \/>\n<meta property=\"og:title\" content=\"Urs Gr\u00fctter and Gustav Thommen Inducted into Hall of Fame - Loginfo24\" \/>\n<meta property=\"og:description\" content=\"On the occasion of the 7th charity gala Swiss Supply Chain Hall of Fame, Urs Gr\u00fctter, owner and CEO of St\u00f6cklin Logistik AG, was ceremoniously inducted [\u2026]\" \/>\n<meta property=\"og:url\" content=\"https:\/\/loginfo24.com\/en\/2022\/09\/22\/urs-grutter-and-gustav-thommen-inducted-into-hall-of-fame\/\" \/>\n<meta property=\"og:site_name\" content=\"Loginfo24\" \/>\n<meta property=\"article:publisher\" content=\"https:\/\/www.facebook.com\/people\/Loginfo24\/100057360583332\/\" \/>\n<meta property=\"article:published_time\" content=\"2022-09-22T17:02:28+00:00\" \/>\n<meta property=\"og:image\" content=\"https:\/\/loginfo24.com\/wp-content\/uploads\/sites\/7\/2025\/12\/Hall_of_Fame_22.9.22.jpg\" \/>\n\t<meta property=\"og:image:width\" content=\"1379\" \/>\n\t<meta property=\"og:image:height\" content=\"952\" \/>\n\t<meta property=\"og:image:type\" content=\"image\/jpeg\" \/>\n<meta name=\"twitter:card\" content=\"summary_large_image\" \/>\n<meta name=\"twitter:label1\" content=\"Est. reading time\" \/>\n\t<meta name=\"twitter:data1\" content=\"4 minutes\" \/>\n<script type=\"application\/ld+json\" class=\"yoast-schema-graph\">{\"@context\":\"https:\\\/\\\/schema.org\",\"@graph\":[{\"@type\":\"Article\",\"@id\":\"https:\\\/\\\/loginfo24.com\\\/en\\\/2022\\\/09\\\/22\\\/urs-grutter-and-gustav-thommen-inducted-into-hall-of-fame\\\/#article\",\"isPartOf\":{\"@id\":\"https:\\\/\\\/loginfo24.com\\\/en\\\/2022\\\/09\\\/22\\\/urs-grutter-and-gustav-thommen-inducted-into-hall-of-fame\\\/\"},\"author\":{\"name\":\"\",\"@id\":\"\"},\"headline\":\"Urs Gr\u00fctter and Gustav Thommen Inducted into Hall of Fame\",\"datePublished\":\"2022-09-22T17:02:28+00:00\",\"mainEntityOfPage\":{\"@id\":\"https:\\\/\\\/loginfo24.com\\\/en\\\/2022\\\/09\\\/22\\\/urs-grutter-and-gustav-thommen-inducted-into-hall-of-fame\\\/\"},\"wordCount\":778,\"commentCount\":0,\"publisher\":{\"@id\":\"https:\\\/\\\/loginfo24.com\\\/en\\\/#organization\"},\"image\":{\"@id\":\"https:\\\/\\\/loginfo24.com\\\/en\\\/2022\\\/09\\\/22\\\/urs-grutter-and-gustav-thommen-inducted-into-hall-of-fame\\\/#primaryimage\"},\"thumbnailUrl\":\"https:\\\/\\\/loginfo24.com\\\/wp-content\\\/uploads\\\/sites\\\/7\\\/2025\\\/12\\\/Hall_of_Fame_22.9.22.jpg\",\"articleSection\":[\"Forwarding &amp; Logistics\",\"Regions\"],\"inLanguage\":\"en-US\",\"potentialAction\":[{\"@type\":\"CommentAction\",\"name\":\"Comment\",\"target\":[\"https:\\\/\\\/loginfo24.com\\\/en\\\/2022\\\/09\\\/22\\\/urs-grutter-and-gustav-thommen-inducted-into-hall-of-fame\\\/#respond\"]}]},{\"@type\":\"WebPage\",\"@id\":\"https:\\\/\\\/loginfo24.com\\\/en\\\/2022\\\/09\\\/22\\\/urs-grutter-and-gustav-thommen-inducted-into-hall-of-fame\\\/\",\"url\":\"https:\\\/\\\/loginfo24.com\\\/en\\\/2022\\\/09\\\/22\\\/urs-grutter-and-gustav-thommen-inducted-into-hall-of-fame\\\/\",\"name\":\"Urs Gr\u00fctter and Gustav Thommen Inducted into Hall of Fame - Loginfo24\",\"isPartOf\":{\"@id\":\"https:\\\/\\\/loginfo24.com\\\/en\\\/#website\"},\"primaryImageOfPage\":{\"@id\":\"https:\\\/\\\/loginfo24.com\\\/en\\\/2022\\\/09\\\/22\\\/urs-grutter-and-gustav-thommen-inducted-into-hall-of-fame\\\/#primaryimage\"},\"image\":{\"@id\":\"https:\\\/\\\/loginfo24.com\\\/en\\\/2022\\\/09\\\/22\\\/urs-grutter-and-gustav-thommen-inducted-into-hall-of-fame\\\/#primaryimage\"},\"thumbnailUrl\":\"https:\\\/\\\/loginfo24.com\\\/wp-content\\\/uploads\\\/sites\\\/7\\\/2025\\\/12\\\/Hall_of_Fame_22.9.22.jpg\",\"datePublished\":\"2022-09-22T17:02:28+00:00\",\"breadcrumb\":{\"@id\":\"https:\\\/\\\/loginfo24.com\\\/en\\\/2022\\\/09\\\/22\\\/urs-grutter-and-gustav-thommen-inducted-into-hall-of-fame\\\/#breadcrumb\"},\"inLanguage\":\"en-US\",\"potentialAction\":[{\"@type\":\"ReadAction\",\"target\":[\"https:\\\/\\\/loginfo24.com\\\/en\\\/2022\\\/09\\\/22\\\/urs-grutter-and-gustav-thommen-inducted-into-hall-of-fame\\\/\"]}]},{\"@type\":\"ImageObject\",\"inLanguage\":\"en-US\",\"@id\":\"https:\\\/\\\/loginfo24.com\\\/en\\\/2022\\\/09\\\/22\\\/urs-grutter-and-gustav-thommen-inducted-into-hall-of-fame\\\/#primaryimage\",\"url\":\"https:\\\/\\\/loginfo24.com\\\/wp-content\\\/uploads\\\/sites\\\/7\\\/2025\\\/12\\\/Hall_of_Fame_22.9.22.jpg\",\"contentUrl\":\"https:\\\/\\\/loginfo24.com\\\/wp-content\\\/uploads\\\/sites\\\/7\\\/2025\\\/12\\\/Hall_of_Fame_22.9.22.jpg\",\"width\":1379,\"height\":952},{\"@type\":\"BreadcrumbList\",\"@id\":\"https:\\\/\\\/loginfo24.com\\\/en\\\/2022\\\/09\\\/22\\\/urs-grutter-and-gustav-thommen-inducted-into-hall-of-fame\\\/#breadcrumb\",\"itemListElement\":[{\"@type\":\"ListItem\",\"position\":1,\"name\":\"Startseite\",\"item\":\"https:\\\/\\\/loginfo24.com\\\/en\\\/\"},{\"@type\":\"ListItem\",\"position\":2,\"name\":\"Urs Gr\u00fctter and Gustav Thommen Inducted into Hall of Fame\"}]},{\"@type\":\"WebSite\",\"@id\":\"https:\\\/\\\/loginfo24.com\\\/en\\\/#website\",\"url\":\"https:\\\/\\\/loginfo24.com\\\/en\\\/\",\"name\":\"Loginfo24\",\"description\":\"Loginfo24 is the platform for logistics and supply chains, providing information around the clock.\",\"publisher\":{\"@id\":\"https:\\\/\\\/loginfo24.com\\\/en\\\/#organization\"},\"potentialAction\":[{\"@type\":\"SearchAction\",\"target\":{\"@type\":\"EntryPoint\",\"urlTemplate\":\"https:\\\/\\\/loginfo24.com\\\/en\\\/?s={search_term_string}\"},\"query-input\":{\"@type\":\"PropertyValueSpecification\",\"valueRequired\":true,\"valueName\":\"search_term_string\"}}],\"inLanguage\":\"en-US\"},{\"@type\":\"Organization\",\"@id\":\"https:\\\/\\\/loginfo24.com\\\/en\\\/#organization\",\"name\":\"Logismedia Group AG\",\"url\":\"https:\\\/\\\/loginfo24.com\\\/en\\\/\",\"logo\":{\"@type\":\"ImageObject\",\"inLanguage\":\"en-US\",\"@id\":\"https:\\\/\\\/loginfo24.com\\\/en\\\/#\\\/schema\\\/logo\\\/image\\\/\",\"url\":\"https:\\\/\\\/loginfo24.com\\\/wp-content\\\/uploads\\\/sites\\\/7\\\/2026\\\/01\\\/Logo_LogInfo24.png\",\"contentUrl\":\"https:\\\/\\\/loginfo24.com\\\/wp-content\\\/uploads\\\/sites\\\/7\\\/2026\\\/01\\\/Logo_LogInfo24.png\",\"width\":938,\"height\":351,\"caption\":\"Logismedia Group AG\"},\"image\":{\"@id\":\"https:\\\/\\\/loginfo24.com\\\/en\\\/#\\\/schema\\\/logo\\\/image\\\/\"},\"sameAs\":[\"https:\\\/\\\/www.facebook.com\\\/people\\\/Loginfo24\\\/100057360583332\\\/\",\"https:\\\/\\\/www.linkedin.com\\\/company\\\/lofinfo24\\\/\"]}]}<\/script>\n<!-- \/ Yoast SEO plugin. -->","yoast_head_json":{"title":"Urs Gr\u00fctter and Gustav Thommen Inducted into Hall of Fame - Loginfo24","robots":{"index":"index","follow":"follow","max-snippet":"max-snippet:-1","max-image-preview":"max-image-preview:large","max-video-preview":"max-video-preview:-1"},"canonical":"https:\/\/loginfo24.com\/en\/2022\/09\/22\/urs-grutter-and-gustav-thommen-inducted-into-hall-of-fame\/","og_locale":"en_US","og_type":"article","og_title":"Urs Gr\u00fctter and Gustav Thommen Inducted into Hall of Fame - Loginfo24","og_description":"On the occasion of the 7th charity gala Swiss Supply Chain Hall of Fame, Urs Gr\u00fctter, owner and CEO of St\u00f6cklin Logistik AG, was ceremoniously inducted [\u2026]","og_url":"https:\/\/loginfo24.com\/en\/2022\/09\/22\/urs-grutter-and-gustav-thommen-inducted-into-hall-of-fame\/","og_site_name":"Loginfo24","article_publisher":"https:\/\/www.facebook.com\/people\/Loginfo24\/100057360583332\/","article_published_time":"2022-09-22T17:02:28+00:00","og_image":[{"width":1379,"height":952,"url":"https:\/\/loginfo24.com\/wp-content\/uploads\/sites\/7\/2025\/12\/Hall_of_Fame_22.9.22.jpg","type":"image\/jpeg"}],"twitter_card":"summary_large_image","twitter_misc":{"Est. reading time":"4 minutes"},"schema":{"@context":"https:\/\/schema.org","@graph":[{"@type":"Article","@id":"https:\/\/loginfo24.com\/en\/2022\/09\/22\/urs-grutter-and-gustav-thommen-inducted-into-hall-of-fame\/#article","isPartOf":{"@id":"https:\/\/loginfo24.com\/en\/2022\/09\/22\/urs-grutter-and-gustav-thommen-inducted-into-hall-of-fame\/"},"author":{"name":"","@id":""},"headline":"Urs Gr\u00fctter and Gustav Thommen Inducted into Hall of Fame","datePublished":"2022-09-22T17:02:28+00:00","mainEntityOfPage":{"@id":"https:\/\/loginfo24.com\/en\/2022\/09\/22\/urs-grutter-and-gustav-thommen-inducted-into-hall-of-fame\/"},"wordCount":778,"commentCount":0,"publisher":{"@id":"https:\/\/loginfo24.com\/en\/#organization"},"image":{"@id":"https:\/\/loginfo24.com\/en\/2022\/09\/22\/urs-grutter-and-gustav-thommen-inducted-into-hall-of-fame\/#primaryimage"},"thumbnailUrl":"https:\/\/loginfo24.com\/wp-content\/uploads\/sites\/7\/2025\/12\/Hall_of_Fame_22.9.22.jpg","articleSection":["Forwarding &amp; Logistics","Regions"],"inLanguage":"en-US","potentialAction":[{"@type":"CommentAction","name":"Comment","target":["https:\/\/loginfo24.com\/en\/2022\/09\/22\/urs-grutter-and-gustav-thommen-inducted-into-hall-of-fame\/#respond"]}]},{"@type":"WebPage","@id":"https:\/\/loginfo24.com\/en\/2022\/09\/22\/urs-grutter-and-gustav-thommen-inducted-into-hall-of-fame\/","url":"https:\/\/loginfo24.com\/en\/2022\/09\/22\/urs-grutter-and-gustav-thommen-inducted-into-hall-of-fame\/","name":"Urs Gr\u00fctter and Gustav Thommen Inducted into Hall of Fame - Loginfo24","isPartOf":{"@id":"https:\/\/loginfo24.com\/en\/#website"},"primaryImageOfPage":{"@id":"https:\/\/loginfo24.com\/en\/2022\/09\/22\/urs-grutter-and-gustav-thommen-inducted-into-hall-of-fame\/#primaryimage"},"image":{"@id":"https:\/\/loginfo24.com\/en\/2022\/09\/22\/urs-grutter-and-gustav-thommen-inducted-into-hall-of-fame\/#primaryimage"},"thumbnailUrl":"https:\/\/loginfo24.com\/wp-content\/uploads\/sites\/7\/2025\/12\/Hall_of_Fame_22.9.22.jpg","datePublished":"2022-09-22T17:02:28+00:00","breadcrumb":{"@id":"https:\/\/loginfo24.com\/en\/2022\/09\/22\/urs-grutter-and-gustav-thommen-inducted-into-hall-of-fame\/#breadcrumb"},"inLanguage":"en-US","potentialAction":[{"@type":"ReadAction","target":["https:\/\/loginfo24.com\/en\/2022\/09\/22\/urs-grutter-and-gustav-thommen-inducted-into-hall-of-fame\/"]}]},{"@type":"ImageObject","inLanguage":"en-US","@id":"https:\/\/loginfo24.com\/en\/2022\/09\/22\/urs-grutter-and-gustav-thommen-inducted-into-hall-of-fame\/#primaryimage","url":"https:\/\/loginfo24.com\/wp-content\/uploads\/sites\/7\/2025\/12\/Hall_of_Fame_22.9.22.jpg","contentUrl":"https:\/\/loginfo24.com\/wp-content\/uploads\/sites\/7\/2025\/12\/Hall_of_Fame_22.9.22.jpg","width":1379,"height":952},{"@type":"BreadcrumbList","@id":"https:\/\/loginfo24.com\/en\/2022\/09\/22\/urs-grutter-and-gustav-thommen-inducted-into-hall-of-fame\/#breadcrumb","itemListElement":[{"@type":"ListItem","position":1,"name":"Startseite","item":"https:\/\/loginfo24.com\/en\/"},{"@type":"ListItem","position":2,"name":"Urs Gr\u00fctter and Gustav Thommen Inducted into Hall of Fame"}]},{"@type":"WebSite","@id":"https:\/\/loginfo24.com\/en\/#website","url":"https:\/\/loginfo24.com\/en\/","name":"Loginfo24","description":"Loginfo24 is the platform for logistics and supply chains, providing information around the clock.","publisher":{"@id":"https:\/\/loginfo24.com\/en\/#organization"},"potentialAction":[{"@type":"SearchAction","target":{"@type":"EntryPoint","urlTemplate":"https:\/\/loginfo24.com\/en\/?s={search_term_string}"},"query-input":{"@type":"PropertyValueSpecification","valueRequired":true,"valueName":"search_term_string"}}],"inLanguage":"en-US"},{"@type":"Organization","@id":"https:\/\/loginfo24.com\/en\/#organization","name":"Logismedia Group AG","url":"https:\/\/loginfo24.com\/en\/","logo":{"@type":"ImageObject","inLanguage":"en-US","@id":"https:\/\/loginfo24.com\/en\/#\/schema\/logo\/image\/","url":"https:\/\/loginfo24.com\/wp-content\/uploads\/sites\/7\/2026\/01\/Logo_LogInfo24.png","contentUrl":"https:\/\/loginfo24.com\/wp-content\/uploads\/sites\/7\/2026\/01\/Logo_LogInfo24.png","width":938,"height":351,"caption":"Logismedia Group AG"},"image":{"@id":"https:\/\/loginfo24.com\/en\/#\/schema\/logo\/image\/"},"sameAs":["https:\/\/www.facebook.com\/people\/Loginfo24\/100057360583332\/","https:\/\/www.linkedin.com\/company\/lofinfo24\/"]}]}},"_links":{"self":[{"href":"https:\/\/loginfo24.com\/en\/wp-json\/wp\/v2\/posts\/58644","targetHints":{"allow":["GET"]}}],"collection":[{"href":"https:\/\/loginfo24.com\/en\/wp-json\/wp\/v2\/posts"}],"about":[{"href":"https:\/\/loginfo24.com\/en\/wp-json\/wp\/v2\/types\/post"}],"replies":[{"embeddable":true,"href":"https:\/\/loginfo24.com\/en\/wp-json\/wp\/v2\/comments?post=58644"}],"version-history":[{"count":0,"href":"https:\/\/loginfo24.com\/en\/wp-json\/wp\/v2\/posts\/58644\/revisions"}],"wp:featuredmedia":[{"embeddable":true,"href":"https:\/\/loginfo24.com\/en\/wp-json\/wp\/v2\/media\/9310"}],"wp:attachment":[{"href":"https:\/\/loginfo24.com\/en\/wp-json\/wp\/v2\/media?parent=58644"}],"wp:term":[{"taxonomy":"category","embeddable":true,"href":"https:\/\/loginfo24.com\/en\/wp-json\/wp\/v2\/categories?post=58644"},{"taxonomy":"post_tag","embeddable":true,"href":"https:\/\/loginfo24.com\/en\/wp-json\/wp\/v2\/tags?post=58644"}],"curies":[{"name":"wp","href":"https:\/\/api.w.org\/{rel}","templated":true}]}}