{"id":52075,"date":"2021-09-17T16:24:48","date_gmt":"2021-09-17T14:24:48","guid":{"rendered":"https:\/\/blog.brand-architecture.at\/2021\/09\/17\/austrian-post-celebrates-expansion-of-the-vorarlberg-logistics-center\/"},"modified":"2021-09-17T16:24:48","modified_gmt":"2021-09-17T14:24:48","slug":"austrian-post-celebrates-expansion-of-the-vorarlberg-logistics-center","status":"publish","type":"post","link":"https:\/\/loginfo24.com\/en\/2021\/09\/17\/austrian-post-celebrates-expansion-of-the-vorarlberg-logistics-center\/","title":{"rendered":"Austrian Post Celebrates Expansion of the Vorarlberg Logistics Center"},"content":{"rendered":"<h5><strong>The Austrian Post has expanded its logistics center in Wolfurt, Vorarlberg, due to the significantly increasing parcel volume. The expansion was initiated in the presence of local politicians. The capacity in Wolfurt is set to be increased to 8,000 parcels per hour. Additionally, 40 new jobs will be created, bringing the total to 160 employees.<\/strong><\/h5>\n<p>(Wien\/Wolfurt) Due to the sharply rising parcel volumes, \u00d6sterreichische Post AG is expanding its logistics infrastructure, with over 500 million euros being invested in the coming years for the expansion of logistics centers and post bases. A significant milestone for western Austria was reached today in Vorarlberg, where the Post ceremoniously opened the expansion of the logistics center in Wolfurt together with Dr. Barbara Sch\u00f6bi-Fink, Deputy Governor of Vorarlberg, Angelika Moosbrugger, Deputy Mayor of Wolfurt, and DI Dr. Georg P\u00f6lzl, General Director of \u00d6sterreichische Post AG.<\/p>\n<p>&#8220;As a highly export-oriented and competitive business location, Vorarlberg is one of the most efficient regions in Europe. This is clearly reflected in the positive economic development. I am pleased that the Post has expanded the logistics center in Vorarlberg into an important location for western Austria and congratulate all those involved. The expansion of the postal logistics center in Wolfurt is a win for the labor market, local businesses, and the population,&#8221; said Vorarlberg Deputy Governor Dr. Barbara Sch\u00f6bi-Fink.<\/p>\n<h5><strong>The Expansion is a Commitment to the Location<\/strong><\/h5>\n<p>&#8220;In the exceptional year of 2020, we recorded a 30 percent increase in parcel volumes, and in the future, we will continue to transport more and more parcels each year. To ensure high quality in our services, we are making significant investments in our infrastructure. The Vorarlberg logistics center is an important expansion stage, with which we have not only increased the sorting capacity at the site to 8,000 parcels per hour but also created 40 new jobs,&#8221; said Post General Director DI Dr. Georg P\u00f6lzl.<\/p>\n<p>&#8220;The new logistics center is a commitment to the entire region and not only ensures reliable parcel service but also creates new jobs. We are pleased that the Post has set high architectural standards for its implementation. An ambitious exterior and green space concept meets the design objectives at this attractive commercial location. I would like to express my gratitude for the commitment and constructive discussions regarding the provision of the necessary areas for future infrastructure measures, which will significantly contribute to improving the traffic situation,&#8221; said Wolfurt Mayor Christian Natter.<\/p>\n<h5><strong>Modern, Compact, and Sustainable<\/strong><\/h5>\n<p>The construction work, which lasted one and a half years, took place during ongoing operations and in very limited space. With the expansion of the logistics center, the sorting capacity was significantly increased from around 5,000 parcels to 8,000 parcels per hour. This has also created 40 new jobs, and in the future, nearly 160 employees will work at the site, including 70 in the parcel delivery base. The investment volume for the expansion amounts to 27 million euros.<\/p>\n<p>Despite the compact conditions in the industrial area, sustainability and environmental protection were also a focus for the Post: The expansion was implemented in a space-saving manner and without further sealing of the ground. By constructing an underground garage with 111 parking spaces for cars and additional parking options for bicycles, these areas could be relocated underground, upon which the expansion was built. A new photovoltaic system with a capacity of 360 kilowatts peak was installed on the roof of the logistics center. The outdoor areas were designed in an environmentally friendly, sustainable, and ecological manner by landscape architects and gardeners. This creates a positive effect for the climate, wildlife, and plants, and not least for the employees.<\/p>\n<h5><strong>In 2022, the facade of the administrative building will be renewed<\/strong><\/h5>\n<p>The Vorarlberg logistics center in Wolfurt is technically state-of-the-art with the expansion and is among the most modern locations of the Austrian Post. Minor construction works will follow in 2022 when the facade of the administrative building will be renewed.<\/p>\n<p>Photo: \u00a9 \u00d6sterreichische Post \/ <strong><em>Image caption:<\/em> <\/strong><em>(l. to r.): Angelika Moosbrugger, Deputy Mayor of Wolfurt, Dr. Barbara Sch\u00f6bi-Fink, Deputy Governor of Vorarlberg, DI Dr. Georg P\u00f6lzl, General Director of \u00d6sterreichische Post AG, and Tobias Nu\u00dfbaumer, Production Manager of the Vorarlberg Logistics Center<\/em><\/p>\n","protected":false},"excerpt":{"rendered":"<p>The Austrian Post has expanded its logistics center in Wolfurt, Vorarlberg, due to the significantly increasing parcel volume. The expansion was initiated in the presence of<span class=\"excerpt-hellip\"> [\u2026]<\/span><\/p>\n","protected":false},"author":0,"featured_media":12338,"comment_status":"open","ping_status":"open","sticky":false,"template":"","format":"standard","meta":{"_acf_changed":false,"footnotes":""},"categories":[1557,1560,1561],"tags":[],"class_list":["post-52075","post","type-post","status-publish","format-standard","has-post-thumbnail","hentry","category-forwarding-logistics","category-intralogistics","category-regions"],"acf":[],"yoast_head":"<!-- This site is optimized with the Yoast SEO plugin v27.3 - https:\/\/yoast.com\/product\/yoast-seo-wordpress\/ -->\n<title>Austrian Post Celebrates Expansion of the Vorarlberg Logistics Center - Loginfo24<\/title>\n<meta name=\"robots\" content=\"index, follow, max-snippet:-1, max-image-preview:large, max-video-preview:-1\" \/>\n<link rel=\"canonical\" href=\"https:\/\/loginfo24.com\/en\/2021\/09\/17\/austrian-post-celebrates-expansion-of-the-vorarlberg-logistics-center\/\" \/>\n<meta property=\"og:locale\" content=\"en_US\" \/>\n<meta property=\"og:type\" content=\"article\" \/>\n<meta property=\"og:title\" content=\"Austrian Post Celebrates Expansion of the Vorarlberg Logistics Center - Loginfo24\" \/>\n<meta property=\"og:description\" content=\"The Austrian Post has expanded its logistics center in Wolfurt, Vorarlberg, due to the significantly increasing parcel volume. The expansion was initiated in the presence of [\u2026]\" \/>\n<meta property=\"og:url\" content=\"https:\/\/loginfo24.com\/en\/2021\/09\/17\/austrian-post-celebrates-expansion-of-the-vorarlberg-logistics-center\/\" \/>\n<meta property=\"og:site_name\" content=\"Loginfo24\" \/>\n<meta property=\"article:publisher\" content=\"https:\/\/www.facebook.com\/people\/Loginfo24\/100057360583332\/\" \/>\n<meta property=\"article:published_time\" content=\"2021-09-17T14:24:48+00:00\" \/>\n<meta property=\"og:image\" content=\"https:\/\/loginfo24.com\/wp-content\/uploads\/sites\/7\/2025\/12\/Post_AT_17.9.21.jpg\" \/>\n\t<meta property=\"og:image:width\" content=\"1230\" \/>\n\t<meta property=\"og:image:height\" content=\"817\" \/>\n\t<meta property=\"og:image:type\" content=\"image\/jpeg\" \/>\n<meta name=\"twitter:card\" content=\"summary_large_image\" \/>\n<meta name=\"twitter:label1\" content=\"Est. reading time\" \/>\n\t<meta name=\"twitter:data1\" content=\"3 minutes\" \/>\n<script type=\"application\/ld+json\" class=\"yoast-schema-graph\">{\"@context\":\"https:\\\/\\\/schema.org\",\"@graph\":[{\"@type\":\"Article\",\"@id\":\"https:\\\/\\\/loginfo24.com\\\/en\\\/2021\\\/09\\\/17\\\/austrian-post-celebrates-expansion-of-the-vorarlberg-logistics-center\\\/#article\",\"isPartOf\":{\"@id\":\"https:\\\/\\\/loginfo24.com\\\/en\\\/2021\\\/09\\\/17\\\/austrian-post-celebrates-expansion-of-the-vorarlberg-logistics-center\\\/\"},\"author\":{\"name\":\"\",\"@id\":\"\"},\"headline\":\"Austrian Post Celebrates Expansion of the Vorarlberg Logistics Center\",\"datePublished\":\"2021-09-17T14:24:48+00:00\",\"mainEntityOfPage\":{\"@id\":\"https:\\\/\\\/loginfo24.com\\\/en\\\/2021\\\/09\\\/17\\\/austrian-post-celebrates-expansion-of-the-vorarlberg-logistics-center\\\/\"},\"wordCount\":698,\"commentCount\":0,\"publisher\":{\"@id\":\"https:\\\/\\\/loginfo24.com\\\/en\\\/#organization\"},\"image\":{\"@id\":\"https:\\\/\\\/loginfo24.com\\\/en\\\/2021\\\/09\\\/17\\\/austrian-post-celebrates-expansion-of-the-vorarlberg-logistics-center\\\/#primaryimage\"},\"thumbnailUrl\":\"https:\\\/\\\/loginfo24.com\\\/wp-content\\\/uploads\\\/sites\\\/7\\\/2025\\\/12\\\/Post_AT_17.9.21.jpg\",\"articleSection\":[\"Forwarding &amp; Logistics\",\"Intralogistics\",\"Regions\"],\"inLanguage\":\"en-US\",\"potentialAction\":[{\"@type\":\"CommentAction\",\"name\":\"Comment\",\"target\":[\"https:\\\/\\\/loginfo24.com\\\/en\\\/2021\\\/09\\\/17\\\/austrian-post-celebrates-expansion-of-the-vorarlberg-logistics-center\\\/#respond\"]}]},{\"@type\":\"WebPage\",\"@id\":\"https:\\\/\\\/loginfo24.com\\\/en\\\/2021\\\/09\\\/17\\\/austrian-post-celebrates-expansion-of-the-vorarlberg-logistics-center\\\/\",\"url\":\"https:\\\/\\\/loginfo24.com\\\/en\\\/2021\\\/09\\\/17\\\/austrian-post-celebrates-expansion-of-the-vorarlberg-logistics-center\\\/\",\"name\":\"Austrian Post Celebrates Expansion of the Vorarlberg Logistics Center - Loginfo24\",\"isPartOf\":{\"@id\":\"https:\\\/\\\/loginfo24.com\\\/en\\\/#website\"},\"primaryImageOfPage\":{\"@id\":\"https:\\\/\\\/loginfo24.com\\\/en\\\/2021\\\/09\\\/17\\\/austrian-post-celebrates-expansion-of-the-vorarlberg-logistics-center\\\/#primaryimage\"},\"image\":{\"@id\":\"https:\\\/\\\/loginfo24.com\\\/en\\\/2021\\\/09\\\/17\\\/austrian-post-celebrates-expansion-of-the-vorarlberg-logistics-center\\\/#primaryimage\"},\"thumbnailUrl\":\"https:\\\/\\\/loginfo24.com\\\/wp-content\\\/uploads\\\/sites\\\/7\\\/2025\\\/12\\\/Post_AT_17.9.21.jpg\",\"datePublished\":\"2021-09-17T14:24:48+00:00\",\"breadcrumb\":{\"@id\":\"https:\\\/\\\/loginfo24.com\\\/en\\\/2021\\\/09\\\/17\\\/austrian-post-celebrates-expansion-of-the-vorarlberg-logistics-center\\\/#breadcrumb\"},\"inLanguage\":\"en-US\",\"potentialAction\":[{\"@type\":\"ReadAction\",\"target\":[\"https:\\\/\\\/loginfo24.com\\\/en\\\/2021\\\/09\\\/17\\\/austrian-post-celebrates-expansion-of-the-vorarlberg-logistics-center\\\/\"]}]},{\"@type\":\"ImageObject\",\"inLanguage\":\"en-US\",\"@id\":\"https:\\\/\\\/loginfo24.com\\\/en\\\/2021\\\/09\\\/17\\\/austrian-post-celebrates-expansion-of-the-vorarlberg-logistics-center\\\/#primaryimage\",\"url\":\"https:\\\/\\\/loginfo24.com\\\/wp-content\\\/uploads\\\/sites\\\/7\\\/2025\\\/12\\\/Post_AT_17.9.21.jpg\",\"contentUrl\":\"https:\\\/\\\/loginfo24.com\\\/wp-content\\\/uploads\\\/sites\\\/7\\\/2025\\\/12\\\/Post_AT_17.9.21.jpg\",\"width\":1230,\"height\":817},{\"@type\":\"BreadcrumbList\",\"@id\":\"https:\\\/\\\/loginfo24.com\\\/en\\\/2021\\\/09\\\/17\\\/austrian-post-celebrates-expansion-of-the-vorarlberg-logistics-center\\\/#breadcrumb\",\"itemListElement\":[{\"@type\":\"ListItem\",\"position\":1,\"name\":\"Startseite\",\"item\":\"https:\\\/\\\/loginfo24.com\\\/en\\\/\"},{\"@type\":\"ListItem\",\"position\":2,\"name\":\"Austrian Post Celebrates Expansion of the Vorarlberg Logistics Center\"}]},{\"@type\":\"WebSite\",\"@id\":\"https:\\\/\\\/loginfo24.com\\\/en\\\/#website\",\"url\":\"https:\\\/\\\/loginfo24.com\\\/en\\\/\",\"name\":\"Loginfo24\",\"description\":\"Loginfo24 is the platform for logistics and supply chains, providing information around the clock.\",\"publisher\":{\"@id\":\"https:\\\/\\\/loginfo24.com\\\/en\\\/#organization\"},\"potentialAction\":[{\"@type\":\"SearchAction\",\"target\":{\"@type\":\"EntryPoint\",\"urlTemplate\":\"https:\\\/\\\/loginfo24.com\\\/en\\\/?s={search_term_string}\"},\"query-input\":{\"@type\":\"PropertyValueSpecification\",\"valueRequired\":true,\"valueName\":\"search_term_string\"}}],\"inLanguage\":\"en-US\"},{\"@type\":\"Organization\",\"@id\":\"https:\\\/\\\/loginfo24.com\\\/en\\\/#organization\",\"name\":\"Logismedia Group AG\",\"url\":\"https:\\\/\\\/loginfo24.com\\\/en\\\/\",\"logo\":{\"@type\":\"ImageObject\",\"inLanguage\":\"en-US\",\"@id\":\"https:\\\/\\\/loginfo24.com\\\/en\\\/#\\\/schema\\\/logo\\\/image\\\/\",\"url\":\"https:\\\/\\\/loginfo24.com\\\/wp-content\\\/uploads\\\/sites\\\/7\\\/2026\\\/01\\\/Logo_LogInfo24.png\",\"contentUrl\":\"https:\\\/\\\/loginfo24.com\\\/wp-content\\\/uploads\\\/sites\\\/7\\\/2026\\\/01\\\/Logo_LogInfo24.png\",\"width\":938,\"height\":351,\"caption\":\"Logismedia Group AG\"},\"image\":{\"@id\":\"https:\\\/\\\/loginfo24.com\\\/en\\\/#\\\/schema\\\/logo\\\/image\\\/\"},\"sameAs\":[\"https:\\\/\\\/www.facebook.com\\\/people\\\/Loginfo24\\\/100057360583332\\\/\",\"https:\\\/\\\/www.linkedin.com\\\/company\\\/lofinfo24\\\/\"]}]}<\/script>\n<!-- \/ Yoast SEO plugin. -->","yoast_head_json":{"title":"Austrian Post Celebrates Expansion of the Vorarlberg Logistics Center - Loginfo24","robots":{"index":"index","follow":"follow","max-snippet":"max-snippet:-1","max-image-preview":"max-image-preview:large","max-video-preview":"max-video-preview:-1"},"canonical":"https:\/\/loginfo24.com\/en\/2021\/09\/17\/austrian-post-celebrates-expansion-of-the-vorarlberg-logistics-center\/","og_locale":"en_US","og_type":"article","og_title":"Austrian Post Celebrates Expansion of the Vorarlberg Logistics Center - Loginfo24","og_description":"The Austrian Post has expanded its logistics center in Wolfurt, Vorarlberg, due to the significantly increasing parcel volume. The expansion was initiated in the presence of [\u2026]","og_url":"https:\/\/loginfo24.com\/en\/2021\/09\/17\/austrian-post-celebrates-expansion-of-the-vorarlberg-logistics-center\/","og_site_name":"Loginfo24","article_publisher":"https:\/\/www.facebook.com\/people\/Loginfo24\/100057360583332\/","article_published_time":"2021-09-17T14:24:48+00:00","og_image":[{"width":1230,"height":817,"url":"https:\/\/loginfo24.com\/wp-content\/uploads\/sites\/7\/2025\/12\/Post_AT_17.9.21.jpg","type":"image\/jpeg"}],"twitter_card":"summary_large_image","twitter_misc":{"Est. reading time":"3 minutes"},"schema":{"@context":"https:\/\/schema.org","@graph":[{"@type":"Article","@id":"https:\/\/loginfo24.com\/en\/2021\/09\/17\/austrian-post-celebrates-expansion-of-the-vorarlberg-logistics-center\/#article","isPartOf":{"@id":"https:\/\/loginfo24.com\/en\/2021\/09\/17\/austrian-post-celebrates-expansion-of-the-vorarlberg-logistics-center\/"},"author":{"name":"","@id":""},"headline":"Austrian Post Celebrates Expansion of the Vorarlberg Logistics Center","datePublished":"2021-09-17T14:24:48+00:00","mainEntityOfPage":{"@id":"https:\/\/loginfo24.com\/en\/2021\/09\/17\/austrian-post-celebrates-expansion-of-the-vorarlberg-logistics-center\/"},"wordCount":698,"commentCount":0,"publisher":{"@id":"https:\/\/loginfo24.com\/en\/#organization"},"image":{"@id":"https:\/\/loginfo24.com\/en\/2021\/09\/17\/austrian-post-celebrates-expansion-of-the-vorarlberg-logistics-center\/#primaryimage"},"thumbnailUrl":"https:\/\/loginfo24.com\/wp-content\/uploads\/sites\/7\/2025\/12\/Post_AT_17.9.21.jpg","articleSection":["Forwarding &amp; Logistics","Intralogistics","Regions"],"inLanguage":"en-US","potentialAction":[{"@type":"CommentAction","name":"Comment","target":["https:\/\/loginfo24.com\/en\/2021\/09\/17\/austrian-post-celebrates-expansion-of-the-vorarlberg-logistics-center\/#respond"]}]},{"@type":"WebPage","@id":"https:\/\/loginfo24.com\/en\/2021\/09\/17\/austrian-post-celebrates-expansion-of-the-vorarlberg-logistics-center\/","url":"https:\/\/loginfo24.com\/en\/2021\/09\/17\/austrian-post-celebrates-expansion-of-the-vorarlberg-logistics-center\/","name":"Austrian Post Celebrates Expansion of the Vorarlberg Logistics Center - Loginfo24","isPartOf":{"@id":"https:\/\/loginfo24.com\/en\/#website"},"primaryImageOfPage":{"@id":"https:\/\/loginfo24.com\/en\/2021\/09\/17\/austrian-post-celebrates-expansion-of-the-vorarlberg-logistics-center\/#primaryimage"},"image":{"@id":"https:\/\/loginfo24.com\/en\/2021\/09\/17\/austrian-post-celebrates-expansion-of-the-vorarlberg-logistics-center\/#primaryimage"},"thumbnailUrl":"https:\/\/loginfo24.com\/wp-content\/uploads\/sites\/7\/2025\/12\/Post_AT_17.9.21.jpg","datePublished":"2021-09-17T14:24:48+00:00","breadcrumb":{"@id":"https:\/\/loginfo24.com\/en\/2021\/09\/17\/austrian-post-celebrates-expansion-of-the-vorarlberg-logistics-center\/#breadcrumb"},"inLanguage":"en-US","potentialAction":[{"@type":"ReadAction","target":["https:\/\/loginfo24.com\/en\/2021\/09\/17\/austrian-post-celebrates-expansion-of-the-vorarlberg-logistics-center\/"]}]},{"@type":"ImageObject","inLanguage":"en-US","@id":"https:\/\/loginfo24.com\/en\/2021\/09\/17\/austrian-post-celebrates-expansion-of-the-vorarlberg-logistics-center\/#primaryimage","url":"https:\/\/loginfo24.com\/wp-content\/uploads\/sites\/7\/2025\/12\/Post_AT_17.9.21.jpg","contentUrl":"https:\/\/loginfo24.com\/wp-content\/uploads\/sites\/7\/2025\/12\/Post_AT_17.9.21.jpg","width":1230,"height":817},{"@type":"BreadcrumbList","@id":"https:\/\/loginfo24.com\/en\/2021\/09\/17\/austrian-post-celebrates-expansion-of-the-vorarlberg-logistics-center\/#breadcrumb","itemListElement":[{"@type":"ListItem","position":1,"name":"Startseite","item":"https:\/\/loginfo24.com\/en\/"},{"@type":"ListItem","position":2,"name":"Austrian Post Celebrates Expansion of the Vorarlberg Logistics Center"}]},{"@type":"WebSite","@id":"https:\/\/loginfo24.com\/en\/#website","url":"https:\/\/loginfo24.com\/en\/","name":"Loginfo24","description":"Loginfo24 is the platform for logistics and supply chains, providing information around the clock.","publisher":{"@id":"https:\/\/loginfo24.com\/en\/#organization"},"potentialAction":[{"@type":"SearchAction","target":{"@type":"EntryPoint","urlTemplate":"https:\/\/loginfo24.com\/en\/?s={search_term_string}"},"query-input":{"@type":"PropertyValueSpecification","valueRequired":true,"valueName":"search_term_string"}}],"inLanguage":"en-US"},{"@type":"Organization","@id":"https:\/\/loginfo24.com\/en\/#organization","name":"Logismedia Group AG","url":"https:\/\/loginfo24.com\/en\/","logo":{"@type":"ImageObject","inLanguage":"en-US","@id":"https:\/\/loginfo24.com\/en\/#\/schema\/logo\/image\/","url":"https:\/\/loginfo24.com\/wp-content\/uploads\/sites\/7\/2026\/01\/Logo_LogInfo24.png","contentUrl":"https:\/\/loginfo24.com\/wp-content\/uploads\/sites\/7\/2026\/01\/Logo_LogInfo24.png","width":938,"height":351,"caption":"Logismedia Group AG"},"image":{"@id":"https:\/\/loginfo24.com\/en\/#\/schema\/logo\/image\/"},"sameAs":["https:\/\/www.facebook.com\/people\/Loginfo24\/100057360583332\/","https:\/\/www.linkedin.com\/company\/lofinfo24\/"]}]}},"_links":{"self":[{"href":"https:\/\/loginfo24.com\/en\/wp-json\/wp\/v2\/posts\/52075","targetHints":{"allow":["GET"]}}],"collection":[{"href":"https:\/\/loginfo24.com\/en\/wp-json\/wp\/v2\/posts"}],"about":[{"href":"https:\/\/loginfo24.com\/en\/wp-json\/wp\/v2\/types\/post"}],"replies":[{"embeddable":true,"href":"https:\/\/loginfo24.com\/en\/wp-json\/wp\/v2\/comments?post=52075"}],"version-history":[{"count":0,"href":"https:\/\/loginfo24.com\/en\/wp-json\/wp\/v2\/posts\/52075\/revisions"}],"wp:featuredmedia":[{"embeddable":true,"href":"https:\/\/loginfo24.com\/en\/wp-json\/wp\/v2\/media\/12338"}],"wp:attachment":[{"href":"https:\/\/loginfo24.com\/en\/wp-json\/wp\/v2\/media?parent=52075"}],"wp:term":[{"taxonomy":"category","embeddable":true,"href":"https:\/\/loginfo24.com\/en\/wp-json\/wp\/v2\/categories?post=52075"},{"taxonomy":"post_tag","embeddable":true,"href":"https:\/\/loginfo24.com\/en\/wp-json\/wp\/v2\/tags?post=52075"}],"curies":[{"name":"wp","href":"https:\/\/api.w.org\/{rel}","templated":true}]}}