{"id":27124,"date":"2021-06-21T19:11:07","date_gmt":"2021-06-21T17:11:07","guid":{"rendered":"https:\/\/blog.brand-architecture.at\/2021\/06\/21\/dr-andreas-bachhofer-appointed-head-of-the-mercedes-benz-plant-in-worth\/"},"modified":"2025-12-15T13:08:25","modified_gmt":"2025-12-15T12:08:25","slug":"dr-andreas-bachhofer-appointed-head-of-the-mercedes-benz-plant-in-worth","status":"publish","type":"post","link":"https:\/\/loginfo24.com\/en\/2021\/06\/21\/dr-andreas-bachhofer-appointed-head-of-the-mercedes-benz-plant-in-worth\/","title":{"rendered":"Dr. Andreas Bachhofer appointed head of the Mercedes-Benz plant in W\u00f6rth"},"content":{"rendered":"<p>Dr. Andreas Bachhofer will become the new head of the truck location and production at the Mercedes-Benz plant in W\u00f6rth on August 1, 2021. He succeeds Dr. Matthias Jurytko, who has been managing director and CEO of the fuel cell joint venture cellcentric since June 1, 2021.<\/p>\n<p>(Stuttgart \/ W\u00f6rth am Rhein) \u2013 Personnel changes at Daimler Trucks at the truck location in W\u00f6rth am Rhein. Dr. Andreas Bachhofer (51) will be the new head of the location and production at the Mercedes-Benz plant in W\u00f6rth. He will take over responsibility for the largest assembly plant of Mercedes-Benz trucks with around 10,000 employees starting August 1, 2021.<\/p>\n<p>&#8220;The commercial vehicle industry is facing an immense technological transformation \u2013 this also means a change for our production sites. The continuous development of the W\u00f6rth site, especially with the preparations for the start of series production of the eActros, has already been consistently advanced under the leadership of his predecessor Matthias Jurytko. With Andreas Bachhofer, we have gained a very experienced colleague with proven production and transformation expertise to lead the site, who will consistently further develop W\u00f6rth. I wish him much success in this important position,&#8221; says Karin R\u00e5dstr\u00f6m, member of the board of Daimler Truck AG, responsible for Mercedes-Benz trucks.<\/p>\n<p>Dr. Andreas Bachhofer was most recently part of the Transformation Office at Mercedes-Benz trucks, where he focused on designing and implementing lean processes and leadership structures. Previously, he was responsible for the production and development site in Aksaray (Turkey) from 2017 to 2020. Throughout his career at Daimler Trucks, he has held various positions at Mercedes-Benz trucks, including head of quality management and head of life-cycle management. He began his career at Daimler in 1995 as a doctoral student at the Sindelfingen plant and has since gained extensive international leadership experience at Mercedes-Benz Cars and Daimler Trucks.<\/p>\n<h5><strong>About the Mercedes-Benz plant in W\u00f6rth<\/strong><\/h5>\n<p>The largest truck assembly plant of Mercedes-Benz Trucks in W\u00f6rth am Rhein was founded in 1963 and produces the Mercedes-Benz trucks Arocs, Atego \u2013 and for more than 20 years the world&#8217;s most successful heavy truck Actros. The Mercedes-Benz Special Trucks Econic, Unimog, and Zetros are also built here. Up to 470 trucks, manufactured exactly according to customer specifications, can leave the W\u00f6rth plant each day. Customers in over 150 countries appreciate the &#8220;Quality made in W\u00f6rth.&#8221; The location on the Rhine is the competence center for Mercedes-Benz trucks in the global production network. In addition, the Mercedes-Benz plant in W\u00f6rth has over 50 years of experience in CKD production (Completely Knocked Down) and supplies vehicle kits to numerous overseas markets for local assembly \u2013 to date more than 750,000 kits. With around 10,000 employees, the Mercedes-Benz plant in W\u00f6rth is the second-largest employer in Rhineland-Palatinate.<\/p>\n<p>Photo: \u00a9 Mercedes-Benz Truck<\/p>\n","protected":false},"excerpt":{"rendered":"<p>Dr. Andreas Bachhofer will become the new head of the truck location and production at the Mercedes-Benz plant in W\u00f6rth on August 1, 2021. He succeeds<span class=\"excerpt-hellip\"> [\u2026]<\/span><\/p>\n","protected":false},"author":0,"featured_media":0,"comment_status":"open","ping_status":"open","sticky":false,"template":"","format":"standard","meta":{"_acf_changed":false,"footnotes":""},"categories":[1557,1556,1561],"tags":[],"class_list":["post-27124","post","type-post","status-publish","format-standard","hentry","category-forwarding-logistics","category-intermodal-road","category-regions"],"acf":[],"yoast_head":"<!-- This site is optimized with the Yoast SEO plugin v27.3 - https:\/\/yoast.com\/product\/yoast-seo-wordpress\/ -->\n<title>Dr. Andreas Bachhofer appointed head of the Mercedes-Benz plant in W\u00f6rth - Loginfo24<\/title>\n<meta name=\"robots\" content=\"index, follow, max-snippet:-1, max-image-preview:large, max-video-preview:-1\" \/>\n<link rel=\"canonical\" href=\"https:\/\/loginfo24.com\/en\/2021\/06\/21\/dr-andreas-bachhofer-appointed-head-of-the-mercedes-benz-plant-in-worth\/\" \/>\n<meta property=\"og:locale\" content=\"en_US\" \/>\n<meta property=\"og:type\" content=\"article\" \/>\n<meta property=\"og:title\" content=\"Dr. Andreas Bachhofer appointed head of the Mercedes-Benz plant in W\u00f6rth - Loginfo24\" \/>\n<meta property=\"og:description\" content=\"Dr. Andreas Bachhofer will become the new head of the truck location and production at the Mercedes-Benz plant in W\u00f6rth on August 1, 2021. He succeeds [\u2026]\" \/>\n<meta property=\"og:url\" content=\"https:\/\/loginfo24.com\/en\/2021\/06\/21\/dr-andreas-bachhofer-appointed-head-of-the-mercedes-benz-plant-in-worth\/\" \/>\n<meta property=\"og:site_name\" content=\"Loginfo24\" \/>\n<meta property=\"article:publisher\" content=\"https:\/\/www.facebook.com\/people\/Loginfo24\/100057360583332\/\" \/>\n<meta property=\"article:published_time\" content=\"2021-06-21T17:11:07+00:00\" \/>\n<meta property=\"article:modified_time\" content=\"2025-12-15T12:08:25+00:00\" \/>\n<meta name=\"twitter:card\" content=\"summary_large_image\" \/>\n<meta name=\"twitter:label1\" content=\"Est. reading time\" \/>\n\t<meta name=\"twitter:data1\" content=\"2 minutes\" \/>\n<script type=\"application\/ld+json\" class=\"yoast-schema-graph\">{\"@context\":\"https:\\\/\\\/schema.org\",\"@graph\":[{\"@type\":\"Article\",\"@id\":\"https:\\\/\\\/loginfo24.com\\\/en\\\/2021\\\/06\\\/21\\\/dr-andreas-bachhofer-appointed-head-of-the-mercedes-benz-plant-in-worth\\\/#article\",\"isPartOf\":{\"@id\":\"https:\\\/\\\/loginfo24.com\\\/en\\\/2021\\\/06\\\/21\\\/dr-andreas-bachhofer-appointed-head-of-the-mercedes-benz-plant-in-worth\\\/\"},\"author\":{\"name\":\"\",\"@id\":\"\"},\"headline\":\"Dr. Andreas Bachhofer appointed head of the Mercedes-Benz plant in W\u00f6rth\",\"datePublished\":\"2021-06-21T17:11:07+00:00\",\"dateModified\":\"2025-12-15T12:08:25+00:00\",\"mainEntityOfPage\":{\"@id\":\"https:\\\/\\\/loginfo24.com\\\/en\\\/2021\\\/06\\\/21\\\/dr-andreas-bachhofer-appointed-head-of-the-mercedes-benz-plant-in-worth\\\/\"},\"wordCount\":466,\"commentCount\":0,\"publisher\":{\"@id\":\"https:\\\/\\\/loginfo24.com\\\/en\\\/#organization\"},\"articleSection\":[\"Forwarding &amp; Logistics\",\"Intermodal \\\/ Road\",\"Regions\"],\"inLanguage\":\"en-US\",\"potentialAction\":[{\"@type\":\"CommentAction\",\"name\":\"Comment\",\"target\":[\"https:\\\/\\\/loginfo24.com\\\/en\\\/2021\\\/06\\\/21\\\/dr-andreas-bachhofer-appointed-head-of-the-mercedes-benz-plant-in-worth\\\/#respond\"]}]},{\"@type\":\"WebPage\",\"@id\":\"https:\\\/\\\/loginfo24.com\\\/en\\\/2021\\\/06\\\/21\\\/dr-andreas-bachhofer-appointed-head-of-the-mercedes-benz-plant-in-worth\\\/\",\"url\":\"https:\\\/\\\/loginfo24.com\\\/en\\\/2021\\\/06\\\/21\\\/dr-andreas-bachhofer-appointed-head-of-the-mercedes-benz-plant-in-worth\\\/\",\"name\":\"Dr. Andreas Bachhofer appointed head of the Mercedes-Benz plant in W\u00f6rth - Loginfo24\",\"isPartOf\":{\"@id\":\"https:\\\/\\\/loginfo24.com\\\/en\\\/#website\"},\"datePublished\":\"2021-06-21T17:11:07+00:00\",\"dateModified\":\"2025-12-15T12:08:25+00:00\",\"breadcrumb\":{\"@id\":\"https:\\\/\\\/loginfo24.com\\\/en\\\/2021\\\/06\\\/21\\\/dr-andreas-bachhofer-appointed-head-of-the-mercedes-benz-plant-in-worth\\\/#breadcrumb\"},\"inLanguage\":\"en-US\",\"potentialAction\":[{\"@type\":\"ReadAction\",\"target\":[\"https:\\\/\\\/loginfo24.com\\\/en\\\/2021\\\/06\\\/21\\\/dr-andreas-bachhofer-appointed-head-of-the-mercedes-benz-plant-in-worth\\\/\"]}]},{\"@type\":\"BreadcrumbList\",\"@id\":\"https:\\\/\\\/loginfo24.com\\\/en\\\/2021\\\/06\\\/21\\\/dr-andreas-bachhofer-appointed-head-of-the-mercedes-benz-plant-in-worth\\\/#breadcrumb\",\"itemListElement\":[{\"@type\":\"ListItem\",\"position\":1,\"name\":\"Startseite\",\"item\":\"https:\\\/\\\/loginfo24.com\\\/en\\\/\"},{\"@type\":\"ListItem\",\"position\":2,\"name\":\"Dr. Andreas Bachhofer appointed head of the Mercedes-Benz plant in W\u00f6rth\"}]},{\"@type\":\"WebSite\",\"@id\":\"https:\\\/\\\/loginfo24.com\\\/en\\\/#website\",\"url\":\"https:\\\/\\\/loginfo24.com\\\/en\\\/\",\"name\":\"Loginfo24\",\"description\":\"Loginfo24 is the platform for logistics and supply chains, providing information around the clock.\",\"publisher\":{\"@id\":\"https:\\\/\\\/loginfo24.com\\\/en\\\/#organization\"},\"potentialAction\":[{\"@type\":\"SearchAction\",\"target\":{\"@type\":\"EntryPoint\",\"urlTemplate\":\"https:\\\/\\\/loginfo24.com\\\/en\\\/?s={search_term_string}\"},\"query-input\":{\"@type\":\"PropertyValueSpecification\",\"valueRequired\":true,\"valueName\":\"search_term_string\"}}],\"inLanguage\":\"en-US\"},{\"@type\":\"Organization\",\"@id\":\"https:\\\/\\\/loginfo24.com\\\/en\\\/#organization\",\"name\":\"Logismedia Group AG\",\"url\":\"https:\\\/\\\/loginfo24.com\\\/en\\\/\",\"logo\":{\"@type\":\"ImageObject\",\"inLanguage\":\"en-US\",\"@id\":\"https:\\\/\\\/loginfo24.com\\\/en\\\/#\\\/schema\\\/logo\\\/image\\\/\",\"url\":\"https:\\\/\\\/loginfo24.com\\\/wp-content\\\/uploads\\\/sites\\\/7\\\/2026\\\/01\\\/Logo_LogInfo24.png\",\"contentUrl\":\"https:\\\/\\\/loginfo24.com\\\/wp-content\\\/uploads\\\/sites\\\/7\\\/2026\\\/01\\\/Logo_LogInfo24.png\",\"width\":938,\"height\":351,\"caption\":\"Logismedia Group AG\"},\"image\":{\"@id\":\"https:\\\/\\\/loginfo24.com\\\/en\\\/#\\\/schema\\\/logo\\\/image\\\/\"},\"sameAs\":[\"https:\\\/\\\/www.facebook.com\\\/people\\\/Loginfo24\\\/100057360583332\\\/\",\"https:\\\/\\\/www.linkedin.com\\\/company\\\/lofinfo24\\\/\"]}]}<\/script>\n<!-- \/ Yoast SEO plugin. -->","yoast_head_json":{"title":"Dr. Andreas Bachhofer appointed head of the Mercedes-Benz plant in W\u00f6rth - Loginfo24","robots":{"index":"index","follow":"follow","max-snippet":"max-snippet:-1","max-image-preview":"max-image-preview:large","max-video-preview":"max-video-preview:-1"},"canonical":"https:\/\/loginfo24.com\/en\/2021\/06\/21\/dr-andreas-bachhofer-appointed-head-of-the-mercedes-benz-plant-in-worth\/","og_locale":"en_US","og_type":"article","og_title":"Dr. Andreas Bachhofer appointed head of the Mercedes-Benz plant in W\u00f6rth - Loginfo24","og_description":"Dr. Andreas Bachhofer will become the new head of the truck location and production at the Mercedes-Benz plant in W\u00f6rth on August 1, 2021. He succeeds [\u2026]","og_url":"https:\/\/loginfo24.com\/en\/2021\/06\/21\/dr-andreas-bachhofer-appointed-head-of-the-mercedes-benz-plant-in-worth\/","og_site_name":"Loginfo24","article_publisher":"https:\/\/www.facebook.com\/people\/Loginfo24\/100057360583332\/","article_published_time":"2021-06-21T17:11:07+00:00","article_modified_time":"2025-12-15T12:08:25+00:00","twitter_card":"summary_large_image","twitter_misc":{"Est. reading time":"2 minutes"},"schema":{"@context":"https:\/\/schema.org","@graph":[{"@type":"Article","@id":"https:\/\/loginfo24.com\/en\/2021\/06\/21\/dr-andreas-bachhofer-appointed-head-of-the-mercedes-benz-plant-in-worth\/#article","isPartOf":{"@id":"https:\/\/loginfo24.com\/en\/2021\/06\/21\/dr-andreas-bachhofer-appointed-head-of-the-mercedes-benz-plant-in-worth\/"},"author":{"name":"","@id":""},"headline":"Dr. Andreas Bachhofer appointed head of the Mercedes-Benz plant in W\u00f6rth","datePublished":"2021-06-21T17:11:07+00:00","dateModified":"2025-12-15T12:08:25+00:00","mainEntityOfPage":{"@id":"https:\/\/loginfo24.com\/en\/2021\/06\/21\/dr-andreas-bachhofer-appointed-head-of-the-mercedes-benz-plant-in-worth\/"},"wordCount":466,"commentCount":0,"publisher":{"@id":"https:\/\/loginfo24.com\/en\/#organization"},"articleSection":["Forwarding &amp; Logistics","Intermodal \/ Road","Regions"],"inLanguage":"en-US","potentialAction":[{"@type":"CommentAction","name":"Comment","target":["https:\/\/loginfo24.com\/en\/2021\/06\/21\/dr-andreas-bachhofer-appointed-head-of-the-mercedes-benz-plant-in-worth\/#respond"]}]},{"@type":"WebPage","@id":"https:\/\/loginfo24.com\/en\/2021\/06\/21\/dr-andreas-bachhofer-appointed-head-of-the-mercedes-benz-plant-in-worth\/","url":"https:\/\/loginfo24.com\/en\/2021\/06\/21\/dr-andreas-bachhofer-appointed-head-of-the-mercedes-benz-plant-in-worth\/","name":"Dr. Andreas Bachhofer appointed head of the Mercedes-Benz plant in W\u00f6rth - Loginfo24","isPartOf":{"@id":"https:\/\/loginfo24.com\/en\/#website"},"datePublished":"2021-06-21T17:11:07+00:00","dateModified":"2025-12-15T12:08:25+00:00","breadcrumb":{"@id":"https:\/\/loginfo24.com\/en\/2021\/06\/21\/dr-andreas-bachhofer-appointed-head-of-the-mercedes-benz-plant-in-worth\/#breadcrumb"},"inLanguage":"en-US","potentialAction":[{"@type":"ReadAction","target":["https:\/\/loginfo24.com\/en\/2021\/06\/21\/dr-andreas-bachhofer-appointed-head-of-the-mercedes-benz-plant-in-worth\/"]}]},{"@type":"BreadcrumbList","@id":"https:\/\/loginfo24.com\/en\/2021\/06\/21\/dr-andreas-bachhofer-appointed-head-of-the-mercedes-benz-plant-in-worth\/#breadcrumb","itemListElement":[{"@type":"ListItem","position":1,"name":"Startseite","item":"https:\/\/loginfo24.com\/en\/"},{"@type":"ListItem","position":2,"name":"Dr. Andreas Bachhofer appointed head of the Mercedes-Benz plant in W\u00f6rth"}]},{"@type":"WebSite","@id":"https:\/\/loginfo24.com\/en\/#website","url":"https:\/\/loginfo24.com\/en\/","name":"Loginfo24","description":"Loginfo24 is the platform for logistics and supply chains, providing information around the clock.","publisher":{"@id":"https:\/\/loginfo24.com\/en\/#organization"},"potentialAction":[{"@type":"SearchAction","target":{"@type":"EntryPoint","urlTemplate":"https:\/\/loginfo24.com\/en\/?s={search_term_string}"},"query-input":{"@type":"PropertyValueSpecification","valueRequired":true,"valueName":"search_term_string"}}],"inLanguage":"en-US"},{"@type":"Organization","@id":"https:\/\/loginfo24.com\/en\/#organization","name":"Logismedia Group AG","url":"https:\/\/loginfo24.com\/en\/","logo":{"@type":"ImageObject","inLanguage":"en-US","@id":"https:\/\/loginfo24.com\/en\/#\/schema\/logo\/image\/","url":"https:\/\/loginfo24.com\/wp-content\/uploads\/sites\/7\/2026\/01\/Logo_LogInfo24.png","contentUrl":"https:\/\/loginfo24.com\/wp-content\/uploads\/sites\/7\/2026\/01\/Logo_LogInfo24.png","width":938,"height":351,"caption":"Logismedia Group AG"},"image":{"@id":"https:\/\/loginfo24.com\/en\/#\/schema\/logo\/image\/"},"sameAs":["https:\/\/www.facebook.com\/people\/Loginfo24\/100057360583332\/","https:\/\/www.linkedin.com\/company\/lofinfo24\/"]}]}},"_links":{"self":[{"href":"https:\/\/loginfo24.com\/en\/wp-json\/wp\/v2\/posts\/27124","targetHints":{"allow":["GET"]}}],"collection":[{"href":"https:\/\/loginfo24.com\/en\/wp-json\/wp\/v2\/posts"}],"about":[{"href":"https:\/\/loginfo24.com\/en\/wp-json\/wp\/v2\/types\/post"}],"replies":[{"embeddable":true,"href":"https:\/\/loginfo24.com\/en\/wp-json\/wp\/v2\/comments?post=27124"}],"version-history":[{"count":1,"href":"https:\/\/loginfo24.com\/en\/wp-json\/wp\/v2\/posts\/27124\/revisions"}],"predecessor-version":[{"id":48516,"href":"https:\/\/loginfo24.com\/en\/wp-json\/wp\/v2\/posts\/27124\/revisions\/48516"}],"wp:attachment":[{"href":"https:\/\/loginfo24.com\/en\/wp-json\/wp\/v2\/media?parent=27124"}],"wp:term":[{"taxonomy":"category","embeddable":true,"href":"https:\/\/loginfo24.com\/en\/wp-json\/wp\/v2\/categories?post=27124"},{"taxonomy":"post_tag","embeddable":true,"href":"https:\/\/loginfo24.com\/en\/wp-json\/wp\/v2\/tags?post=27124"}],"curies":[{"name":"wp","href":"https:\/\/api.w.org\/{rel}","templated":true}]}}