{"id":24770,"date":"2021-04-18T15:16:48","date_gmt":"2021-04-18T13:16:48","guid":{"rendered":"https:\/\/blog.brand-architecture.at\/2021\/04\/18\/changes-in-the-dvf-executive-board-and-the-office\/"},"modified":"2025-12-15T12:59:12","modified_gmt":"2025-12-15T11:59:12","slug":"changes-in-the-dvf-executive-board-and-the-office","status":"publish","type":"post","link":"https:\/\/loginfo24.com\/en\/2021\/04\/18\/changes-in-the-dvf-executive-board-and-the-office\/","title":{"rendered":"Changes in the DVF Executive Board and the Office"},"content":{"rendered":"<p>The DVF Executive Board has elected two new members, Philip Oetker and M\u00fcl\u00fcm Yakisan, to the board. Eight other members were confirmed through re-election as scheduled, and Reiner Sch\u00e4tzlein and Sarah Stark from the office have been appointed to the management team.<\/p>\n<p>(Berlin) Philip Oetker, CMO Hamburg S\u00fcdamerikanische Dampfschifffahrts-Gesellschaft A\/S &amp; Co KG and M\u00fcsl\u00fcm Yakisan, President DACH Region Alstom, were newly elected to the DVF Executive Board on April 1 and were re-elected today at the members&#8217; meeting for the next 3 years. Oetker succeeds Dr. Arnt Vespermann, Managing Director of Hamburg S\u00fcdamerikanische Dampfschifffahrts-Gesellschaft A\/S &amp; Co KG, and Yakisan succeeds Marco Michel, President Region CEI \/ Chairman of the Management Board, Bombardier Transportation GmbH. Both have resigned from their positions.<\/p>\n<h5><strong>Re-elected by the members&#8217; meeting:<\/strong><\/h5>\n<ul>\n<li>Gerhard Hillebrand, Traffic President of the General German Automobile Club e.V. (ADAC), also for the chair of the steering committee for road traffic<\/li>\n<li>Renata Jungo Br\u00fcngger, Board Member Integrity and Law Daimler AG<\/li>\n<li>Stefan K\u00f6lbl, Chairman of the Boards DEKRA e.V. and DEKRA SE<\/li>\n<li>Wolfgang Langhoff, Chairman of the Board BP Europa SE<\/li>\n<li>Holger L\u00f6sch, Deputy Managing Director of the Federation of German Industries e.V. (BDI)<\/li>\n<li>Dr. Richard Lutz, Chairman of the Board Deutsche Bahn AG, also as a member of the working committee of the executive board<\/li>\n<li>Dr. J\u00f6rg Mosolf, Chairman of the Board (CEO) MOSOLF SE &amp; Co. KG, also as a member of the working committee of the executive board and for the chair of the steering committee for freight transport and logistics<\/li>\n<li>Norbert Sch\u00fc\u00dfler, Managing Partner Sch\u00fc\u00dfler-Plan GmbH<\/li>\n<\/ul>\n<h5><strong>Changes in the Office:<\/strong><\/h5>\n<p>The executive board has appointed two long-standing employees, Rainer Sch\u00e4tzlein, Head of Ports\/Shipping, Air Traffic, Road Traffic, and Sarah Stark, Head of European Policy, Rail Technology, Rail Transport, to the management team.<\/p>\n<p>Photo: \u00a9 DVF<\/p>\n","protected":false},"excerpt":{"rendered":"<p>The DVF Executive Board has elected two new members, Philip Oetker and M\u00fcl\u00fcm Yakisan, to the board. Eight other members were confirmed through re-election as scheduled,<span class=\"excerpt-hellip\"> [\u2026]<\/span><\/p>\n","protected":false},"author":0,"featured_media":0,"comment_status":"open","ping_status":"open","sticky":false,"template":"","format":"standard","meta":{"_acf_changed":false,"footnotes":""},"categories":[1557,1561],"tags":[],"class_list":["post-24770","post","type-post","status-publish","format-standard","hentry","category-forwarding-logistics","category-regions"],"acf":[],"yoast_head":"<!-- This site is optimized with the Yoast SEO plugin v27.3 - https:\/\/yoast.com\/product\/yoast-seo-wordpress\/ -->\n<title>Changes in the DVF Executive Board and the Office - Loginfo24<\/title>\n<meta name=\"robots\" content=\"index, follow, max-snippet:-1, max-image-preview:large, max-video-preview:-1\" \/>\n<link rel=\"canonical\" href=\"https:\/\/loginfo24.com\/en\/2021\/04\/18\/changes-in-the-dvf-executive-board-and-the-office\/\" \/>\n<meta property=\"og:locale\" content=\"en_US\" \/>\n<meta property=\"og:type\" content=\"article\" \/>\n<meta property=\"og:title\" content=\"Changes in the DVF Executive Board and the Office - Loginfo24\" \/>\n<meta property=\"og:description\" content=\"The DVF Executive Board has elected two new members, Philip Oetker and M\u00fcl\u00fcm Yakisan, to the board. Eight other members were confirmed through re-election as scheduled, [\u2026]\" \/>\n<meta property=\"og:url\" content=\"https:\/\/loginfo24.com\/en\/2021\/04\/18\/changes-in-the-dvf-executive-board-and-the-office\/\" \/>\n<meta property=\"og:site_name\" content=\"Loginfo24\" \/>\n<meta property=\"article:publisher\" content=\"https:\/\/www.facebook.com\/people\/Loginfo24\/100057360583332\/\" \/>\n<meta property=\"article:published_time\" content=\"2021-04-18T13:16:48+00:00\" \/>\n<meta property=\"article:modified_time\" content=\"2025-12-15T11:59:12+00:00\" \/>\n<meta name=\"twitter:card\" content=\"summary_large_image\" \/>\n<meta name=\"twitter:label1\" content=\"Est. reading time\" \/>\n\t<meta name=\"twitter:data1\" content=\"2 minutes\" \/>\n<script type=\"application\/ld+json\" class=\"yoast-schema-graph\">{\"@context\":\"https:\\\/\\\/schema.org\",\"@graph\":[{\"@type\":\"Article\",\"@id\":\"https:\\\/\\\/loginfo24.com\\\/en\\\/2021\\\/04\\\/18\\\/changes-in-the-dvf-executive-board-and-the-office\\\/#article\",\"isPartOf\":{\"@id\":\"https:\\\/\\\/loginfo24.com\\\/en\\\/2021\\\/04\\\/18\\\/changes-in-the-dvf-executive-board-and-the-office\\\/\"},\"author\":{\"name\":\"\",\"@id\":\"\"},\"headline\":\"Changes in the DVF Executive Board and the Office\",\"datePublished\":\"2021-04-18T13:16:48+00:00\",\"dateModified\":\"2025-12-15T11:59:12+00:00\",\"mainEntityOfPage\":{\"@id\":\"https:\\\/\\\/loginfo24.com\\\/en\\\/2021\\\/04\\\/18\\\/changes-in-the-dvf-executive-board-and-the-office\\\/\"},\"wordCount\":323,\"commentCount\":0,\"publisher\":{\"@id\":\"https:\\\/\\\/loginfo24.com\\\/en\\\/#organization\"},\"articleSection\":[\"Forwarding &amp; Logistics\",\"Regions\"],\"inLanguage\":\"en-US\",\"potentialAction\":[{\"@type\":\"CommentAction\",\"name\":\"Comment\",\"target\":[\"https:\\\/\\\/loginfo24.com\\\/en\\\/2021\\\/04\\\/18\\\/changes-in-the-dvf-executive-board-and-the-office\\\/#respond\"]}]},{\"@type\":\"WebPage\",\"@id\":\"https:\\\/\\\/loginfo24.com\\\/en\\\/2021\\\/04\\\/18\\\/changes-in-the-dvf-executive-board-and-the-office\\\/\",\"url\":\"https:\\\/\\\/loginfo24.com\\\/en\\\/2021\\\/04\\\/18\\\/changes-in-the-dvf-executive-board-and-the-office\\\/\",\"name\":\"Changes in the DVF Executive Board and the Office - Loginfo24\",\"isPartOf\":{\"@id\":\"https:\\\/\\\/loginfo24.com\\\/en\\\/#website\"},\"datePublished\":\"2021-04-18T13:16:48+00:00\",\"dateModified\":\"2025-12-15T11:59:12+00:00\",\"breadcrumb\":{\"@id\":\"https:\\\/\\\/loginfo24.com\\\/en\\\/2021\\\/04\\\/18\\\/changes-in-the-dvf-executive-board-and-the-office\\\/#breadcrumb\"},\"inLanguage\":\"en-US\",\"potentialAction\":[{\"@type\":\"ReadAction\",\"target\":[\"https:\\\/\\\/loginfo24.com\\\/en\\\/2021\\\/04\\\/18\\\/changes-in-the-dvf-executive-board-and-the-office\\\/\"]}]},{\"@type\":\"BreadcrumbList\",\"@id\":\"https:\\\/\\\/loginfo24.com\\\/en\\\/2021\\\/04\\\/18\\\/changes-in-the-dvf-executive-board-and-the-office\\\/#breadcrumb\",\"itemListElement\":[{\"@type\":\"ListItem\",\"position\":1,\"name\":\"Startseite\",\"item\":\"https:\\\/\\\/loginfo24.com\\\/en\\\/\"},{\"@type\":\"ListItem\",\"position\":2,\"name\":\"Changes in the DVF Executive Board and the Office\"}]},{\"@type\":\"WebSite\",\"@id\":\"https:\\\/\\\/loginfo24.com\\\/en\\\/#website\",\"url\":\"https:\\\/\\\/loginfo24.com\\\/en\\\/\",\"name\":\"Loginfo24\",\"description\":\"Loginfo24 is the platform for logistics and supply chains, providing information around the clock.\",\"publisher\":{\"@id\":\"https:\\\/\\\/loginfo24.com\\\/en\\\/#organization\"},\"potentialAction\":[{\"@type\":\"SearchAction\",\"target\":{\"@type\":\"EntryPoint\",\"urlTemplate\":\"https:\\\/\\\/loginfo24.com\\\/en\\\/?s={search_term_string}\"},\"query-input\":{\"@type\":\"PropertyValueSpecification\",\"valueRequired\":true,\"valueName\":\"search_term_string\"}}],\"inLanguage\":\"en-US\"},{\"@type\":\"Organization\",\"@id\":\"https:\\\/\\\/loginfo24.com\\\/en\\\/#organization\",\"name\":\"Logismedia Group AG\",\"url\":\"https:\\\/\\\/loginfo24.com\\\/en\\\/\",\"logo\":{\"@type\":\"ImageObject\",\"inLanguage\":\"en-US\",\"@id\":\"https:\\\/\\\/loginfo24.com\\\/en\\\/#\\\/schema\\\/logo\\\/image\\\/\",\"url\":\"https:\\\/\\\/loginfo24.com\\\/wp-content\\\/uploads\\\/sites\\\/7\\\/2026\\\/01\\\/Logo_LogInfo24.png\",\"contentUrl\":\"https:\\\/\\\/loginfo24.com\\\/wp-content\\\/uploads\\\/sites\\\/7\\\/2026\\\/01\\\/Logo_LogInfo24.png\",\"width\":938,\"height\":351,\"caption\":\"Logismedia Group AG\"},\"image\":{\"@id\":\"https:\\\/\\\/loginfo24.com\\\/en\\\/#\\\/schema\\\/logo\\\/image\\\/\"},\"sameAs\":[\"https:\\\/\\\/www.facebook.com\\\/people\\\/Loginfo24\\\/100057360583332\\\/\",\"https:\\\/\\\/www.linkedin.com\\\/company\\\/lofinfo24\\\/\"]}]}<\/script>\n<!-- \/ Yoast SEO plugin. -->","yoast_head_json":{"title":"Changes in the DVF Executive Board and the Office - Loginfo24","robots":{"index":"index","follow":"follow","max-snippet":"max-snippet:-1","max-image-preview":"max-image-preview:large","max-video-preview":"max-video-preview:-1"},"canonical":"https:\/\/loginfo24.com\/en\/2021\/04\/18\/changes-in-the-dvf-executive-board-and-the-office\/","og_locale":"en_US","og_type":"article","og_title":"Changes in the DVF Executive Board and the Office - Loginfo24","og_description":"The DVF Executive Board has elected two new members, Philip Oetker and M\u00fcl\u00fcm Yakisan, to the board. Eight other members were confirmed through re-election as scheduled, [\u2026]","og_url":"https:\/\/loginfo24.com\/en\/2021\/04\/18\/changes-in-the-dvf-executive-board-and-the-office\/","og_site_name":"Loginfo24","article_publisher":"https:\/\/www.facebook.com\/people\/Loginfo24\/100057360583332\/","article_published_time":"2021-04-18T13:16:48+00:00","article_modified_time":"2025-12-15T11:59:12+00:00","twitter_card":"summary_large_image","twitter_misc":{"Est. reading time":"2 minutes"},"schema":{"@context":"https:\/\/schema.org","@graph":[{"@type":"Article","@id":"https:\/\/loginfo24.com\/en\/2021\/04\/18\/changes-in-the-dvf-executive-board-and-the-office\/#article","isPartOf":{"@id":"https:\/\/loginfo24.com\/en\/2021\/04\/18\/changes-in-the-dvf-executive-board-and-the-office\/"},"author":{"name":"","@id":""},"headline":"Changes in the DVF Executive Board and the Office","datePublished":"2021-04-18T13:16:48+00:00","dateModified":"2025-12-15T11:59:12+00:00","mainEntityOfPage":{"@id":"https:\/\/loginfo24.com\/en\/2021\/04\/18\/changes-in-the-dvf-executive-board-and-the-office\/"},"wordCount":323,"commentCount":0,"publisher":{"@id":"https:\/\/loginfo24.com\/en\/#organization"},"articleSection":["Forwarding &amp; Logistics","Regions"],"inLanguage":"en-US","potentialAction":[{"@type":"CommentAction","name":"Comment","target":["https:\/\/loginfo24.com\/en\/2021\/04\/18\/changes-in-the-dvf-executive-board-and-the-office\/#respond"]}]},{"@type":"WebPage","@id":"https:\/\/loginfo24.com\/en\/2021\/04\/18\/changes-in-the-dvf-executive-board-and-the-office\/","url":"https:\/\/loginfo24.com\/en\/2021\/04\/18\/changes-in-the-dvf-executive-board-and-the-office\/","name":"Changes in the DVF Executive Board and the Office - Loginfo24","isPartOf":{"@id":"https:\/\/loginfo24.com\/en\/#website"},"datePublished":"2021-04-18T13:16:48+00:00","dateModified":"2025-12-15T11:59:12+00:00","breadcrumb":{"@id":"https:\/\/loginfo24.com\/en\/2021\/04\/18\/changes-in-the-dvf-executive-board-and-the-office\/#breadcrumb"},"inLanguage":"en-US","potentialAction":[{"@type":"ReadAction","target":["https:\/\/loginfo24.com\/en\/2021\/04\/18\/changes-in-the-dvf-executive-board-and-the-office\/"]}]},{"@type":"BreadcrumbList","@id":"https:\/\/loginfo24.com\/en\/2021\/04\/18\/changes-in-the-dvf-executive-board-and-the-office\/#breadcrumb","itemListElement":[{"@type":"ListItem","position":1,"name":"Startseite","item":"https:\/\/loginfo24.com\/en\/"},{"@type":"ListItem","position":2,"name":"Changes in the DVF Executive Board and the Office"}]},{"@type":"WebSite","@id":"https:\/\/loginfo24.com\/en\/#website","url":"https:\/\/loginfo24.com\/en\/","name":"Loginfo24","description":"Loginfo24 is the platform for logistics and supply chains, providing information around the clock.","publisher":{"@id":"https:\/\/loginfo24.com\/en\/#organization"},"potentialAction":[{"@type":"SearchAction","target":{"@type":"EntryPoint","urlTemplate":"https:\/\/loginfo24.com\/en\/?s={search_term_string}"},"query-input":{"@type":"PropertyValueSpecification","valueRequired":true,"valueName":"search_term_string"}}],"inLanguage":"en-US"},{"@type":"Organization","@id":"https:\/\/loginfo24.com\/en\/#organization","name":"Logismedia Group AG","url":"https:\/\/loginfo24.com\/en\/","logo":{"@type":"ImageObject","inLanguage":"en-US","@id":"https:\/\/loginfo24.com\/en\/#\/schema\/logo\/image\/","url":"https:\/\/loginfo24.com\/wp-content\/uploads\/sites\/7\/2026\/01\/Logo_LogInfo24.png","contentUrl":"https:\/\/loginfo24.com\/wp-content\/uploads\/sites\/7\/2026\/01\/Logo_LogInfo24.png","width":938,"height":351,"caption":"Logismedia Group AG"},"image":{"@id":"https:\/\/loginfo24.com\/en\/#\/schema\/logo\/image\/"},"sameAs":["https:\/\/www.facebook.com\/people\/Loginfo24\/100057360583332\/","https:\/\/www.linkedin.com\/company\/lofinfo24\/"]}]}},"_links":{"self":[{"href":"https:\/\/loginfo24.com\/en\/wp-json\/wp\/v2\/posts\/24770","targetHints":{"allow":["GET"]}}],"collection":[{"href":"https:\/\/loginfo24.com\/en\/wp-json\/wp\/v2\/posts"}],"about":[{"href":"https:\/\/loginfo24.com\/en\/wp-json\/wp\/v2\/types\/post"}],"replies":[{"embeddable":true,"href":"https:\/\/loginfo24.com\/en\/wp-json\/wp\/v2\/comments?post=24770"}],"version-history":[{"count":1,"href":"https:\/\/loginfo24.com\/en\/wp-json\/wp\/v2\/posts\/24770\/revisions"}],"predecessor-version":[{"id":45252,"href":"https:\/\/loginfo24.com\/en\/wp-json\/wp\/v2\/posts\/24770\/revisions\/45252"}],"wp:attachment":[{"href":"https:\/\/loginfo24.com\/en\/wp-json\/wp\/v2\/media?parent=24770"}],"wp:term":[{"taxonomy":"category","embeddable":true,"href":"https:\/\/loginfo24.com\/en\/wp-json\/wp\/v2\/categories?post=24770"},{"taxonomy":"post_tag","embeddable":true,"href":"https:\/\/loginfo24.com\/en\/wp-json\/wp\/v2\/tags?post=24770"}],"curies":[{"name":"wp","href":"https:\/\/api.w.org\/{rel}","templated":true}]}}